{"id":138342,"date":"2024-08-07T08:20:24","date_gmt":"2024-08-07T08:20:24","guid":{"rendered":"https:\/\/www.nettali.com\/?p=138342"},"modified":"2024-08-07T08:20:24","modified_gmt":"2024-08-07T08:20:24","slug":"sante-dr-abdoulaye-bousso-promu-par-lorganisation-mondiale-de-la-sante","status":"publish","type":"post","link":"https:\/\/www.nettali.com\/2024\/08\/07\/sante-dr-abdoulaye-bousso-promu-par-lorganisation-mondiale-de-la-sante\/","title":{"rendered":"SANT\u00c9 - Dr Abdoulaye Bousso, promu par l\u2019Organisation mondiale de la Sant\u00e9"},"content":{"rendered":"<p><strong>NETTALI.COM - L'expertise m\u00e9dicale s\u00e9n\u00e9galaise \u00e0 nouveau sur la sc\u00e8ne internationale. L\u2019ancien directeur du Centre des Op\u00e9rations d\u2019urgence sanitaire, Dr Abdoulaye Bousso, vient d'\u00eatre recrut\u00e9 par l\u2019Organisation mondiale de la Sant\u00e9 pour l\u2019Afrique (OMS\/AFRO).<\/strong><\/p>\n<p>Charg\u00e9 de coordonner et de superviser les urgences sanitaires \u00e0 travers le continent africain, Dr Bousso prendra ses fonctions cette semaine au si\u00e8ge de l\u2019OMS\/AFRO \u00e0 Brazzaville.<\/p>\n<p>Cette nomination prestigieuse intervient dans un contexte o\u00f9 le S\u00e9n\u00e9gal continue de marquer sa pr\u00e9sence dans le domaine m\u00e9dical international. En parall\u00e8le, Ibrahima Soce Fall, candidat s\u00e9n\u00e9galais au poste de directeur r\u00e9gional de l\u2019OMS pour l\u2019Afrique, repr\u00e9sente une autre illustration de cette tendance.<\/p>\n<p>De plus, l\u2019int\u00e9gration du Professeur Awa Marie Coll Seck, ancienne ministre de la Sant\u00e9 du S\u00e9n\u00e9gal, dans le corps professoral de la renomm\u00e9e universit\u00e9 Harvard aux \u00c9tats-Unis, renforce encore la reconnaissance mondiale de la m\u00e9decine s\u00e9n\u00e9galaise.<\/p>\n<p>Ils sont non seulement une fiert\u00e9 pour le S\u00e9n\u00e9gal, mais \u00e9galement une reconnaissance internationale du talent et de l'engagement des professionnels de la sant\u00e9 du pays, positionnant ainsi le S\u00e9n\u00e9gal comme un acteur cl\u00e9 dans le domaine de la sant\u00e9 publique mondiale.<\/p>\n<div class='share-to-whatsapp-wrapper'><div class='share-on-whsp'>PARTAGER SUR : <\/div><a data-text='SANT\u00c9 - Dr Abdoulaye Bousso, promu par l\u2019Organisation mondiale de la Sant\u00e9' data-link='https:\/\/www.nettali.com\/2024\/08\/07\/sante-dr-abdoulaye-bousso-promu-par-lorganisation-mondiale-de-la-sante\/' class='whatsapp-button whatsapp-share'>WhatsApp<\/a><div class='clear '><\/div><\/div>","protected":false},"excerpt":{"rendered":"<p>NETTALI.COM - L'expertise m\u00e9dicale s\u00e9n\u00e9galaise \u00e0 nouveau sur la sc\u00e8ne internationale. L\u2019ancien directeur du Centre des Op\u00e9rations d\u2019urgence sanitaire, Dr Abdoulaye Bousso, vient d'\u00eatre recrut\u00e9 par l\u2019Organisation mondiale de la Sant\u00e9 pour l\u2019Afrique (OMS\/AFRO). Charg\u00e9 de coordonner et de superviser les urgences sanitaires \u00e0 travers le continent africain, Dr Bousso prendra ses fonctions cette semaine [&hellip;]<\/p>\n","protected":false},"author":6,"featured_media":138343,"comment_status":"open","ping_status":"open","sticky":false,"template":"","format":"standard","meta":{"_et_pb_use_builder":"","_et_pb_old_content":""},"categories":[22],"tags":[],"yoast_head":"<!-- This site is optimized with the Yoast SEO Premium plugin v17.8 (Yoast SEO v17.8) - https:\/\/yoast.com\/wordpress\/plugins\/seo\/ -->\n<title>SANT\u00c9 - Dr Abdoulaye Bousso, promu par l\u2019Organisation mondiale de la Sant\u00e9 | Nettali.com<\/title>\n<meta name=\"robots\" content=\"index, follow, max-snippet:-1, max-image-preview:large, max-video-preview:-1\" \/>\n<link rel=\"canonical\" href=\"https:\/\/www.nettali.com\/2024\/08\/07\/sante-dr-abdoulaye-bousso-promu-par-lorganisation-mondiale-de-la-sante\/\" \/>\n<meta property=\"og:locale\" content=\"fr_FR\" \/>\n<meta property=\"og:type\" content=\"article\" \/>\n<meta property=\"og:title\" content=\"SANT\u00c9 - Dr Abdoulaye Bousso, promu par l\u2019Organisation mondiale de la Sant\u00e9\" \/>\n<meta property=\"og:description\" content=\"NETTALI.COM - L&#039;expertise m\u00e9dicale s\u00e9n\u00e9galaise \u00e0 nouveau sur la sc\u00e8ne internationale. L\u2019ancien directeur du Centre des Op\u00e9rations d\u2019urgence sanitaire, Dr Abdoulaye Bousso, vient d&#039;\u00eatre recrut\u00e9 par l\u2019Organisation mondiale de la Sant\u00e9 pour l\u2019Afrique (OMS\/AFRO). Charg\u00e9 de coordonner et de superviser les urgences sanitaires \u00e0 travers le continent africain, Dr Bousso prendra ses fonctions cette semaine [&hellip;]\" \/>\n<meta property=\"og:url\" content=\"https:\/\/www.nettali.com\/2024\/08\/07\/sante-dr-abdoulaye-bousso-promu-par-lorganisation-mondiale-de-la-sante\/\" \/>\n<meta property=\"og:site_name\" content=\"Nettali.com\" \/>\n<meta property=\"article:publisher\" content=\"https:\/\/www.facebook.com\/nettalicom\" \/>\n<meta property=\"article:published_time\" content=\"2024-08-07T08:20:24+00:00\" \/>\n<meta property=\"og:image\" content=\"https:\/\/www.nettali.com\/wp-content\/uploads\/2024\/08\/Docteur-Bousso-546x385-1.jpg\" \/>\n\t<meta property=\"og:image:width\" content=\"546\" \/>\n\t<meta property=\"og:image:height\" content=\"385\" \/>\n<meta name=\"twitter:card\" content=\"summary_large_image\" \/>\n<meta name=\"twitter:label1\" content=\"\u00c9crit par\" \/>\n\t<meta name=\"twitter:data1\" content=\"Fatou\" \/>\n\t<meta name=\"twitter:label2\" content=\"Dur\u00e9e de lecture estim\u00e9e\" \/>\n\t<meta name=\"twitter:data2\" content=\"1 minute\" \/>\n<script type=\"application\/ld+json\" class=\"yoast-schema-graph\">{\"@context\":\"https:\/\/schema.org\",\"@graph\":[{\"@type\":\"WebSite\",\"@id\":\"https:\/\/www.nettali.com\/#website\",\"url\":\"https:\/\/www.nettali.com\/\",\"name\":\"Nettali.com\",\"description\":\"Le rendez-vous critique du Net\",\"potentialAction\":[{\"@type\":\"SearchAction\",\"target\":{\"@type\":\"EntryPoint\",\"urlTemplate\":\"https:\/\/www.nettali.com\/?s={search_term_string}\"},\"query-input\":\"required name=search_term_string\"}],\"inLanguage\":\"fr-FR\"},{\"@type\":\"ImageObject\",\"@id\":\"https:\/\/www.nettali.com\/2024\/08\/07\/sante-dr-abdoulaye-bousso-promu-par-lorganisation-mondiale-de-la-sante\/#primaryimage\",\"inLanguage\":\"fr-FR\",\"url\":\"https:\/\/www.nettali.com\/wp-content\/uploads\/2024\/08\/Docteur-Bousso-546x385-1.jpg\",\"contentUrl\":\"https:\/\/www.nettali.com\/wp-content\/uploads\/2024\/08\/Docteur-Bousso-546x385-1.jpg\",\"width\":546,\"height\":385},{\"@type\":\"WebPage\",\"@id\":\"https:\/\/www.nettali.com\/2024\/08\/07\/sante-dr-abdoulaye-bousso-promu-par-lorganisation-mondiale-de-la-sante\/#webpage\",\"url\":\"https:\/\/www.nettali.com\/2024\/08\/07\/sante-dr-abdoulaye-bousso-promu-par-lorganisation-mondiale-de-la-sante\/\",\"name\":\"SANT\\u00c9 - Dr Abdoulaye Bousso, promu par l\\u2019Organisation mondiale de la Sant\\u00e9 | Nettali.com\",\"isPartOf\":{\"@id\":\"https:\/\/www.nettali.com\/#website\"},\"primaryImageOfPage\":{\"@id\":\"https:\/\/www.nettali.com\/2024\/08\/07\/sante-dr-abdoulaye-bousso-promu-par-lorganisation-mondiale-de-la-sante\/#primaryimage\"},\"datePublished\":\"2024-08-07T08:20:24+00:00\",\"dateModified\":\"2024-08-07T08:20:24+00:00\",\"author\":{\"@id\":\"https:\/\/www.nettali.com\/#\/schema\/person\/418274a86bdf87caff7a3ef476bd0bbf\"},\"breadcrumb\":{\"@id\":\"https:\/\/www.nettali.com\/2024\/08\/07\/sante-dr-abdoulaye-bousso-promu-par-lorganisation-mondiale-de-la-sante\/#breadcrumb\"},\"inLanguage\":\"fr-FR\",\"potentialAction\":[{\"@type\":\"ReadAction\",\"target\":[\"https:\/\/www.nettali.com\/2024\/08\/07\/sante-dr-abdoulaye-bousso-promu-par-lorganisation-mondiale-de-la-sante\/\"]}]},{\"@type\":\"BreadcrumbList\",\"@id\":\"https:\/\/www.nettali.com\/2024\/08\/07\/sante-dr-abdoulaye-bousso-promu-par-lorganisation-mondiale-de-la-sante\/#breadcrumb\",\"itemListElement\":[{\"@type\":\"ListItem\",\"position\":1,\"name\":\"Accueil\",\"item\":\"https:\/\/www.nettali.com\/\"},{\"@type\":\"ListItem\",\"position\":2,\"name\":\"SANT\\u00c9 - Dr Abdoulaye Bousso, promu par l\\u2019Organisation mondiale de la Sant\\u00e9\"}]},{\"@type\":\"Person\",\"@id\":\"https:\/\/www.nettali.com\/#\/schema\/person\/418274a86bdf87caff7a3ef476bd0bbf\",\"name\":\"Fatou\",\"image\":{\"@type\":\"ImageObject\",\"@id\":\"https:\/\/www.nettali.com\/#personlogo\",\"inLanguage\":\"fr-FR\",\"url\":\"https:\/\/secure.gravatar.com\/avatar\/5a9442a2bee7b4dcf167cab035858e9a?s=96&d=mm&r=g\",\"contentUrl\":\"https:\/\/secure.gravatar.com\/avatar\/5a9442a2bee7b4dcf167cab035858e9a?s=96&d=mm&r=g\",\"caption\":\"Fatou\"},\"sameAs\":[\"https:\/\/www.nettali.com\"]}]}<\/script>\n<!-- \/ Yoast SEO Premium plugin. -->","yoast_head_json":{"title":"SANT\u00c9 - Dr Abdoulaye Bousso, promu par l\u2019Organisation mondiale de la Sant\u00e9 | Nettali.com","robots":{"index":"index","follow":"follow","max-snippet":"max-snippet:-1","max-image-preview":"max-image-preview:large","max-video-preview":"max-video-preview:-1"},"canonical":"https:\/\/www.nettali.com\/2024\/08\/07\/sante-dr-abdoulaye-bousso-promu-par-lorganisation-mondiale-de-la-sante\/","og_locale":"fr_FR","og_type":"article","og_title":"SANT\u00c9 - Dr Abdoulaye Bousso, promu par l\u2019Organisation mondiale de la Sant\u00e9","og_description":"NETTALI.COM - L'expertise m\u00e9dicale s\u00e9n\u00e9galaise \u00e0 nouveau sur la sc\u00e8ne internationale. L\u2019ancien directeur du Centre des Op\u00e9rations d\u2019urgence sanitaire, Dr Abdoulaye Bousso, vient d'\u00eatre recrut\u00e9 par l\u2019Organisation mondiale de la Sant\u00e9 pour l\u2019Afrique (OMS\/AFRO). Charg\u00e9 de coordonner et de superviser les urgences sanitaires \u00e0 travers le continent africain, Dr Bousso prendra ses fonctions cette semaine [&hellip;]","og_url":"https:\/\/www.nettali.com\/2024\/08\/07\/sante-dr-abdoulaye-bousso-promu-par-lorganisation-mondiale-de-la-sante\/","og_site_name":"Nettali.com","article_publisher":"https:\/\/www.facebook.com\/nettalicom","article_published_time":"2024-08-07T08:20:24+00:00","og_image":[{"width":546,"height":385,"url":"https:\/\/www.nettali.com\/wp-content\/uploads\/2024\/08\/Docteur-Bousso-546x385-1.jpg","type":"image\/jpeg"}],"twitter_card":"summary_large_image","twitter_misc":{"\u00c9crit par":"Fatou","Dur\u00e9e de lecture estim\u00e9e":"1 minute"},"schema":{"@context":"https:\/\/schema.org","@graph":[{"@type":"WebSite","@id":"https:\/\/www.nettali.com\/#website","url":"https:\/\/www.nettali.com\/","name":"Nettali.com","description":"Le rendez-vous critique du Net","potentialAction":[{"@type":"SearchAction","target":{"@type":"EntryPoint","urlTemplate":"https:\/\/www.nettali.com\/?s={search_term_string}"},"query-input":"required name=search_term_string"}],"inLanguage":"fr-FR"},{"@type":"ImageObject","@id":"https:\/\/www.nettali.com\/2024\/08\/07\/sante-dr-abdoulaye-bousso-promu-par-lorganisation-mondiale-de-la-sante\/#primaryimage","inLanguage":"fr-FR","url":"https:\/\/www.nettali.com\/wp-content\/uploads\/2024\/08\/Docteur-Bousso-546x385-1.jpg","contentUrl":"https:\/\/www.nettali.com\/wp-content\/uploads\/2024\/08\/Docteur-Bousso-546x385-1.jpg","width":546,"height":385},{"@type":"WebPage","@id":"https:\/\/www.nettali.com\/2024\/08\/07\/sante-dr-abdoulaye-bousso-promu-par-lorganisation-mondiale-de-la-sante\/#webpage","url":"https:\/\/www.nettali.com\/2024\/08\/07\/sante-dr-abdoulaye-bousso-promu-par-lorganisation-mondiale-de-la-sante\/","name":"SANT\u00c9 - Dr Abdoulaye Bousso, promu par l\u2019Organisation mondiale de la Sant\u00e9 | Nettali.com","isPartOf":{"@id":"https:\/\/www.nettali.com\/#website"},"primaryImageOfPage":{"@id":"https:\/\/www.nettali.com\/2024\/08\/07\/sante-dr-abdoulaye-bousso-promu-par-lorganisation-mondiale-de-la-sante\/#primaryimage"},"datePublished":"2024-08-07T08:20:24+00:00","dateModified":"2024-08-07T08:20:24+00:00","author":{"@id":"https:\/\/www.nettali.com\/#\/schema\/person\/418274a86bdf87caff7a3ef476bd0bbf"},"breadcrumb":{"@id":"https:\/\/www.nettali.com\/2024\/08\/07\/sante-dr-abdoulaye-bousso-promu-par-lorganisation-mondiale-de-la-sante\/#breadcrumb"},"inLanguage":"fr-FR","potentialAction":[{"@type":"ReadAction","target":["https:\/\/www.nettali.com\/2024\/08\/07\/sante-dr-abdoulaye-bousso-promu-par-lorganisation-mondiale-de-la-sante\/"]}]},{"@type":"BreadcrumbList","@id":"https:\/\/www.nettali.com\/2024\/08\/07\/sante-dr-abdoulaye-bousso-promu-par-lorganisation-mondiale-de-la-sante\/#breadcrumb","itemListElement":[{"@type":"ListItem","position":1,"name":"Accueil","item":"https:\/\/www.nettali.com\/"},{"@type":"ListItem","position":2,"name":"SANT\u00c9 - Dr Abdoulaye Bousso, promu par l\u2019Organisation mondiale de la Sant\u00e9"}]},{"@type":"Person","@id":"https:\/\/www.nettali.com\/#\/schema\/person\/418274a86bdf87caff7a3ef476bd0bbf","name":"Fatou","image":{"@type":"ImageObject","@id":"https:\/\/www.nettali.com\/#personlogo","inLanguage":"fr-FR","url":"https:\/\/secure.gravatar.com\/avatar\/5a9442a2bee7b4dcf167cab035858e9a?s=96&d=mm&r=g","contentUrl":"https:\/\/secure.gravatar.com\/avatar\/5a9442a2bee7b4dcf167cab035858e9a?s=96&d=mm&r=g","caption":"Fatou"},"sameAs":["https:\/\/www.nettali.com"]}]}},"_links":{"self":[{"href":"https:\/\/www.nettali.com\/rest\/wp\/v2\/posts\/138342"}],"collection":[{"href":"https:\/\/www.nettali.com\/rest\/wp\/v2\/posts"}],"about":[{"href":"https:\/\/www.nettali.com\/rest\/wp\/v2\/types\/post"}],"author":[{"embeddable":true,"href":"https:\/\/www.nettali.com\/rest\/wp\/v2\/users\/6"}],"replies":[{"embeddable":true,"href":"https:\/\/www.nettali.com\/rest\/wp\/v2\/comments?post=138342"}],"version-history":[{"count":2,"href":"https:\/\/www.nettali.com\/rest\/wp\/v2\/posts\/138342\/revisions"}],"predecessor-version":[{"id":138345,"href":"https:\/\/www.nettali.com\/rest\/wp\/v2\/posts\/138342\/revisions\/138345"}],"wp:featuredmedia":[{"embeddable":true,"href":"https:\/\/www.nettali.com\/rest\/wp\/v2\/media\/138343"}],"wp:attachment":[{"href":"https:\/\/www.nettali.com\/rest\/wp\/v2\/media?parent=138342"}],"wp:term":[{"taxonomy":"category","embeddable":true,"href":"https:\/\/www.nettali.com\/rest\/wp\/v2\/categories?post=138342"},{"taxonomy":"post_tag","embeddable":true,"href":"https:\/\/www.nettali.com\/rest\/wp\/v2\/tags?post=138342"}],"curies":[{"name":"wp","href":"https:\/\/api.w.org\/{rel}","templated":true}]}}