{"id":138299,"date":"2024-08-06T11:04:51","date_gmt":"2024-08-06T11:04:51","guid":{"rendered":"https:\/\/www.nettali.com\/?p=138299"},"modified":"2024-08-06T11:04:51","modified_gmt":"2024-08-06T11:04:51","slug":"sortie-sur-le-voile-a-lecole-la-ligue-des-imams-et-predicateurs-du-senegal-salue-le-courage-de-sonko","status":"publish","type":"post","link":"https:\/\/www.nettali.com\/2024\/08\/06\/sortie-sur-le-voile-a-lecole-la-ligue-des-imams-et-predicateurs-du-senegal-salue-le-courage-de-sonko\/","title":{"rendered":"SORTIE SUR LE VOILE \u00c0 L\u2019\u00c9COLE - La Ligue des imams et pr\u00e9dicateurs du S\u00e9n\u00e9gal salue \"le courage\" de Sonko"},"content":{"rendered":"<p><strong>NETTALI.COM - La Ligue des imams et pr\u00e9dicateurs du S\u00e9n\u00e9gal (Lips) s\u2019est prononc\u00e9e sur la pol\u00e9mique autour du port du voile dans les \u00e9tablissements priv\u00e9s catholiques.<\/strong><\/p>\n<p>La Lips a inform\u00e9 suivre \"<em>avec un grand int\u00e9r\u00eat<\/em>\" le d\u00e9bat sur le port du voile islamique et les r\u00e8glements int\u00e9rieurs des \u00e9coles confessionnelles, suscit\u00e9 par la d\u00e9claration du Premier ministre, Ousmane Sonko.Ainsi, d\u00e9clare la Lips dans un communiqu\u00e9 \"<em>dans sa r\u00e9ponse \u00e0 la question sur l'inclusivit\u00e9 de notre syst\u00e8me \u00e9ducatif, nous avons entendu un Premier ministre soucieux de notre vivre ensemble suivant nos propres mod\u00e8les et r\u00e9f\u00e9rences, et attach\u00e9 au respect des droits fondamentaux de chaque individu, y compris le droit \u00e0 la libert\u00e9 religieuse\".<\/em><\/p>\n<p>Aussi ces religieux manifestent-ils \"<em>leur soutien au Premier ministre et souhaitent que toutes les dispositions n\u00e9cessaires soient prises pour permettre \u00e0 notre pays de ne plus revenir sur ce sujet potentiellement divisionniste\".<\/em><\/p>\n<p>La Lips d\u2019ajouter : \"<em>Parmi tous les \u00e9changes sur ce sujet, souvent marqu\u00e9s par la d\u00e9sinvolture, l'immaturit\u00e9 et le manque de respect envers les institutions qui nous repr\u00e9sentent, m\u00eame de la part de certains religieux s'exprimant \u00e0 titre individuel, c'est la d\u00e9claration du Conseil national du la\u00efcat qui a retenu notre attention\".<\/em><\/p>\n<p>Cette structure cofficielle de la communaut\u00e9 catholique du S\u00e9n\u00e9gal, poursuit la Lips, \"<em>a \u00e9voqu\u00e9 son ouverture au dialogue, rappelant l'engagement de l'\u00e9cole priv\u00e9e catholique en faveur de l'\u00e9ducation de tous, et les r\u00e9alisations sociales de celle\u2010ci au profit des S\u00e9n\u00e9galais\".<\/em><\/p>\n<p>A cet effet, l\u2019organisation islamique rappelle que \"<em>les Daaras au S\u00e9n\u00e9gal contribuent \u00e0 cet effort \u00e9ducatif avec un effectif estim\u00e9 entre 600 000 et un million d'enfants, sans avoir b\u00e9n\u00e9fici\u00e9 d'aucun soutien de l'\u00c9tat par le pass\u00e9\".<\/em> De plus, rel\u00e8ve-t-elle, \"<em>les confr\u00e9ries et les organisations caritatives musulmanes, malgr\u00e9 les contraintes diverses affectant leur fonctionnement et leurs ressources, prennent en charge <\/em><em>de nombreuses couches vuln\u00e9rables et soutiennent l'\u00c9tat dans sa volont\u00e9 de les aider\"<\/em><\/p>\n<p>\"<em>En v\u00e9rit\u00e9, si un dixi\u00e8me des fonds allou\u00e9s \u00e0 d'autres congr\u00e9gations leur \u00e9tait attribu\u00e9, les r\u00e9sultats seraient bien meilleurs et de nombreux probl\u00e8mes sociaux, notamment la mendicit\u00e9 des enfants, seraient d\u00e9finitivement r\u00e9solus\"<\/em>, plaide la Lips.<\/p>\n<p>Par ailleurs, elle \"<em>appr\u00e9cie \u00e0 sa juste valeur l'ouverture au dialogue sur les sujets religieux sensibles, ce qui justifie \u00e0 plus d'un titre l'importance d'une Direction charg\u00e9e des affaires religieuses et d'un minist\u00e8re du Culte, qui permettront d'amorcer des discussions sur ces questions d\u00e9licates et d'ajouter une dimension significative \u00e0 la politique de Jub, Jubbal, Jubbant pour notre pays, celle du Juboo\".<\/em><\/p>\n<p>Pour finir, la Lips pr\u00e9conise un dialogue constructif entre toutes les parties prenantes afin de trouver des solutions respectueuses de tous les points de vue.<\/p>\n<div class='share-to-whatsapp-wrapper'><div class='share-on-whsp'>PARTAGER SUR : <\/div><a data-text='SORTIE SUR LE VOILE \u00c0 L\u2019\u00c9COLE - La Ligue des imams et pr\u00e9dicateurs du S\u00e9n\u00e9gal salue \"le courage\" de Sonko' data-link='https:\/\/www.nettali.com\/2024\/08\/06\/sortie-sur-le-voile-a-lecole-la-ligue-des-imams-et-predicateurs-du-senegal-salue-le-courage-de-sonko\/' class='whatsapp-button whatsapp-share'>WhatsApp<\/a><div class='clear '><\/div><\/div>","protected":false},"excerpt":{"rendered":"<p>NETTALI.COM - La Ligue des imams et pr\u00e9dicateurs du S\u00e9n\u00e9gal (Lips) s\u2019est prononc\u00e9e sur la pol\u00e9mique autour du port du voile dans les \u00e9tablissements priv\u00e9s catholiques. La Lips a inform\u00e9 suivre \"avec un grand int\u00e9r\u00eat\" le d\u00e9bat sur le port du voile islamique et les r\u00e8glements int\u00e9rieurs des \u00e9coles confessionnelles, suscit\u00e9 par la d\u00e9claration du [&hellip;]<\/p>\n","protected":false},"author":6,"featured_media":138300,"comment_status":"open","ping_status":"open","sticky":false,"template":"","format":"standard","meta":{"_et_pb_use_builder":"","_et_pb_old_content":""},"categories":[3],"tags":[],"yoast_head":"<!-- This site is optimized with the Yoast SEO Premium plugin v17.8 (Yoast SEO v17.8) - https:\/\/yoast.com\/wordpress\/plugins\/seo\/ -->\n<title>SORTIE SUR LE VOILE \u00c0 L\u2019\u00c9COLE - La Ligue des imams et pr\u00e9dicateurs du S\u00e9n\u00e9gal salue &quot;le courage&quot; de Sonko | Nettali.com<\/title>\n<meta name=\"robots\" content=\"index, follow, max-snippet:-1, max-image-preview:large, max-video-preview:-1\" \/>\n<link rel=\"canonical\" href=\"https:\/\/www.nettali.com\/2024\/08\/06\/sortie-sur-le-voile-a-lecole-la-ligue-des-imams-et-predicateurs-du-senegal-salue-le-courage-de-sonko\/\" \/>\n<meta property=\"og:locale\" content=\"fr_FR\" \/>\n<meta property=\"og:type\" content=\"article\" \/>\n<meta property=\"og:title\" content=\"SORTIE SUR LE VOILE \u00c0 L\u2019\u00c9COLE - La Ligue des imams et pr\u00e9dicateurs du S\u00e9n\u00e9gal salue &quot;le courage&quot; de Sonko\" \/>\n<meta property=\"og:description\" content=\"NETTALI.COM - La Ligue des imams et pr\u00e9dicateurs du S\u00e9n\u00e9gal (Lips) s\u2019est prononc\u00e9e sur la pol\u00e9mique autour du port du voile dans les \u00e9tablissements priv\u00e9s catholiques. La Lips a inform\u00e9 suivre &quot;avec un grand int\u00e9r\u00eat&quot; le d\u00e9bat sur le port du voile islamique et les r\u00e8glements int\u00e9rieurs des \u00e9coles confessionnelles, suscit\u00e9 par la d\u00e9claration du [&hellip;]\" \/>\n<meta property=\"og:url\" content=\"https:\/\/www.nettali.com\/2024\/08\/06\/sortie-sur-le-voile-a-lecole-la-ligue-des-imams-et-predicateurs-du-senegal-salue-le-courage-de-sonko\/\" \/>\n<meta property=\"og:site_name\" content=\"Nettali.com\" \/>\n<meta property=\"article:publisher\" content=\"https:\/\/www.facebook.com\/nettalicom\" \/>\n<meta property=\"article:published_time\" content=\"2024-08-06T11:04:51+00:00\" \/>\n<meta property=\"og:image\" content=\"https:\/\/www.nettali.com\/wp-content\/uploads\/2024\/08\/edu_voile.jpg\" \/>\n\t<meta property=\"og:image:width\" content=\"800\" \/>\n\t<meta property=\"og:image:height\" content=\"559\" \/>\n<meta name=\"twitter:card\" content=\"summary_large_image\" \/>\n<meta name=\"twitter:label1\" content=\"\u00c9crit par\" \/>\n\t<meta name=\"twitter:data1\" content=\"Fatou\" \/>\n\t<meta name=\"twitter:label2\" content=\"Dur\u00e9e de lecture estim\u00e9e\" \/>\n\t<meta name=\"twitter:data2\" content=\"3 minutes\" \/>\n<script type=\"application\/ld+json\" class=\"yoast-schema-graph\">{\"@context\":\"https:\/\/schema.org\",\"@graph\":[{\"@type\":\"WebSite\",\"@id\":\"https:\/\/www.nettali.com\/#website\",\"url\":\"https:\/\/www.nettali.com\/\",\"name\":\"Nettali.com\",\"description\":\"Le rendez-vous critique du Net\",\"potentialAction\":[{\"@type\":\"SearchAction\",\"target\":{\"@type\":\"EntryPoint\",\"urlTemplate\":\"https:\/\/www.nettali.com\/?s={search_term_string}\"},\"query-input\":\"required name=search_term_string\"}],\"inLanguage\":\"fr-FR\"},{\"@type\":\"ImageObject\",\"@id\":\"https:\/\/www.nettali.com\/2024\/08\/06\/sortie-sur-le-voile-a-lecole-la-ligue-des-imams-et-predicateurs-du-senegal-salue-le-courage-de-sonko\/#primaryimage\",\"inLanguage\":\"fr-FR\",\"url\":\"https:\/\/www.nettali.com\/wp-content\/uploads\/2024\/08\/edu_voile.jpg\",\"contentUrl\":\"https:\/\/www.nettali.com\/wp-content\/uploads\/2024\/08\/edu_voile.jpg\",\"width\":800,\"height\":559},{\"@type\":\"WebPage\",\"@id\":\"https:\/\/www.nettali.com\/2024\/08\/06\/sortie-sur-le-voile-a-lecole-la-ligue-des-imams-et-predicateurs-du-senegal-salue-le-courage-de-sonko\/#webpage\",\"url\":\"https:\/\/www.nettali.com\/2024\/08\/06\/sortie-sur-le-voile-a-lecole-la-ligue-des-imams-et-predicateurs-du-senegal-salue-le-courage-de-sonko\/\",\"name\":\"SORTIE SUR LE VOILE \\u00c0 L\\u2019\\u00c9COLE - La Ligue des imams et pr\\u00e9dicateurs du S\\u00e9n\\u00e9gal salue \\\"le courage\\\" de Sonko | Nettali.com\",\"isPartOf\":{\"@id\":\"https:\/\/www.nettali.com\/#website\"},\"primaryImageOfPage\":{\"@id\":\"https:\/\/www.nettali.com\/2024\/08\/06\/sortie-sur-le-voile-a-lecole-la-ligue-des-imams-et-predicateurs-du-senegal-salue-le-courage-de-sonko\/#primaryimage\"},\"datePublished\":\"2024-08-06T11:04:51+00:00\",\"dateModified\":\"2024-08-06T11:04:51+00:00\",\"author\":{\"@id\":\"https:\/\/www.nettali.com\/#\/schema\/person\/418274a86bdf87caff7a3ef476bd0bbf\"},\"breadcrumb\":{\"@id\":\"https:\/\/www.nettali.com\/2024\/08\/06\/sortie-sur-le-voile-a-lecole-la-ligue-des-imams-et-predicateurs-du-senegal-salue-le-courage-de-sonko\/#breadcrumb\"},\"inLanguage\":\"fr-FR\",\"potentialAction\":[{\"@type\":\"ReadAction\",\"target\":[\"https:\/\/www.nettali.com\/2024\/08\/06\/sortie-sur-le-voile-a-lecole-la-ligue-des-imams-et-predicateurs-du-senegal-salue-le-courage-de-sonko\/\"]}]},{\"@type\":\"BreadcrumbList\",\"@id\":\"https:\/\/www.nettali.com\/2024\/08\/06\/sortie-sur-le-voile-a-lecole-la-ligue-des-imams-et-predicateurs-du-senegal-salue-le-courage-de-sonko\/#breadcrumb\",\"itemListElement\":[{\"@type\":\"ListItem\",\"position\":1,\"name\":\"Accueil\",\"item\":\"https:\/\/www.nettali.com\/\"},{\"@type\":\"ListItem\",\"position\":2,\"name\":\"SORTIE SUR LE VOILE \\u00c0 L\\u2019\\u00c9COLE - La Ligue des imams et pr\\u00e9dicateurs du S\\u00e9n\\u00e9gal salue \\\"le courage\\\" de Sonko\"}]},{\"@type\":\"Person\",\"@id\":\"https:\/\/www.nettali.com\/#\/schema\/person\/418274a86bdf87caff7a3ef476bd0bbf\",\"name\":\"Fatou\",\"image\":{\"@type\":\"ImageObject\",\"@id\":\"https:\/\/www.nettali.com\/#personlogo\",\"inLanguage\":\"fr-FR\",\"url\":\"https:\/\/secure.gravatar.com\/avatar\/5a9442a2bee7b4dcf167cab035858e9a?s=96&d=mm&r=g\",\"contentUrl\":\"https:\/\/secure.gravatar.com\/avatar\/5a9442a2bee7b4dcf167cab035858e9a?s=96&d=mm&r=g\",\"caption\":\"Fatou\"},\"sameAs\":[\"https:\/\/www.nettali.com\"]}]}<\/script>\n<!-- \/ Yoast SEO Premium plugin. -->","yoast_head_json":{"title":"SORTIE SUR LE VOILE \u00c0 L\u2019\u00c9COLE - La Ligue des imams et pr\u00e9dicateurs du S\u00e9n\u00e9gal salue \"le courage\" de Sonko | Nettali.com","robots":{"index":"index","follow":"follow","max-snippet":"max-snippet:-1","max-image-preview":"max-image-preview:large","max-video-preview":"max-video-preview:-1"},"canonical":"https:\/\/www.nettali.com\/2024\/08\/06\/sortie-sur-le-voile-a-lecole-la-ligue-des-imams-et-predicateurs-du-senegal-salue-le-courage-de-sonko\/","og_locale":"fr_FR","og_type":"article","og_title":"SORTIE SUR LE VOILE \u00c0 L\u2019\u00c9COLE - La Ligue des imams et pr\u00e9dicateurs du S\u00e9n\u00e9gal salue \"le courage\" de Sonko","og_description":"NETTALI.COM - La Ligue des imams et pr\u00e9dicateurs du S\u00e9n\u00e9gal (Lips) s\u2019est prononc\u00e9e sur la pol\u00e9mique autour du port du voile dans les \u00e9tablissements priv\u00e9s catholiques. La Lips a inform\u00e9 suivre \"avec un grand int\u00e9r\u00eat\" le d\u00e9bat sur le port du voile islamique et les r\u00e8glements int\u00e9rieurs des \u00e9coles confessionnelles, suscit\u00e9 par la d\u00e9claration du [&hellip;]","og_url":"https:\/\/www.nettali.com\/2024\/08\/06\/sortie-sur-le-voile-a-lecole-la-ligue-des-imams-et-predicateurs-du-senegal-salue-le-courage-de-sonko\/","og_site_name":"Nettali.com","article_publisher":"https:\/\/www.facebook.com\/nettalicom","article_published_time":"2024-08-06T11:04:51+00:00","og_image":[{"width":800,"height":559,"url":"https:\/\/www.nettali.com\/wp-content\/uploads\/2024\/08\/edu_voile.jpg","type":"image\/jpeg"}],"twitter_card":"summary_large_image","twitter_misc":{"\u00c9crit par":"Fatou","Dur\u00e9e de lecture estim\u00e9e":"3 minutes"},"schema":{"@context":"https:\/\/schema.org","@graph":[{"@type":"WebSite","@id":"https:\/\/www.nettali.com\/#website","url":"https:\/\/www.nettali.com\/","name":"Nettali.com","description":"Le rendez-vous critique du Net","potentialAction":[{"@type":"SearchAction","target":{"@type":"EntryPoint","urlTemplate":"https:\/\/www.nettali.com\/?s={search_term_string}"},"query-input":"required name=search_term_string"}],"inLanguage":"fr-FR"},{"@type":"ImageObject","@id":"https:\/\/www.nettali.com\/2024\/08\/06\/sortie-sur-le-voile-a-lecole-la-ligue-des-imams-et-predicateurs-du-senegal-salue-le-courage-de-sonko\/#primaryimage","inLanguage":"fr-FR","url":"https:\/\/www.nettali.com\/wp-content\/uploads\/2024\/08\/edu_voile.jpg","contentUrl":"https:\/\/www.nettali.com\/wp-content\/uploads\/2024\/08\/edu_voile.jpg","width":800,"height":559},{"@type":"WebPage","@id":"https:\/\/www.nettali.com\/2024\/08\/06\/sortie-sur-le-voile-a-lecole-la-ligue-des-imams-et-predicateurs-du-senegal-salue-le-courage-de-sonko\/#webpage","url":"https:\/\/www.nettali.com\/2024\/08\/06\/sortie-sur-le-voile-a-lecole-la-ligue-des-imams-et-predicateurs-du-senegal-salue-le-courage-de-sonko\/","name":"SORTIE SUR LE VOILE \u00c0 L\u2019\u00c9COLE - La Ligue des imams et pr\u00e9dicateurs du S\u00e9n\u00e9gal salue \"le courage\" de Sonko | Nettali.com","isPartOf":{"@id":"https:\/\/www.nettali.com\/#website"},"primaryImageOfPage":{"@id":"https:\/\/www.nettali.com\/2024\/08\/06\/sortie-sur-le-voile-a-lecole-la-ligue-des-imams-et-predicateurs-du-senegal-salue-le-courage-de-sonko\/#primaryimage"},"datePublished":"2024-08-06T11:04:51+00:00","dateModified":"2024-08-06T11:04:51+00:00","author":{"@id":"https:\/\/www.nettali.com\/#\/schema\/person\/418274a86bdf87caff7a3ef476bd0bbf"},"breadcrumb":{"@id":"https:\/\/www.nettali.com\/2024\/08\/06\/sortie-sur-le-voile-a-lecole-la-ligue-des-imams-et-predicateurs-du-senegal-salue-le-courage-de-sonko\/#breadcrumb"},"inLanguage":"fr-FR","potentialAction":[{"@type":"ReadAction","target":["https:\/\/www.nettali.com\/2024\/08\/06\/sortie-sur-le-voile-a-lecole-la-ligue-des-imams-et-predicateurs-du-senegal-salue-le-courage-de-sonko\/"]}]},{"@type":"BreadcrumbList","@id":"https:\/\/www.nettali.com\/2024\/08\/06\/sortie-sur-le-voile-a-lecole-la-ligue-des-imams-et-predicateurs-du-senegal-salue-le-courage-de-sonko\/#breadcrumb","itemListElement":[{"@type":"ListItem","position":1,"name":"Accueil","item":"https:\/\/www.nettali.com\/"},{"@type":"ListItem","position":2,"name":"SORTIE SUR LE VOILE \u00c0 L\u2019\u00c9COLE - La Ligue des imams et pr\u00e9dicateurs du S\u00e9n\u00e9gal salue \"le courage\" de Sonko"}]},{"@type":"Person","@id":"https:\/\/www.nettali.com\/#\/schema\/person\/418274a86bdf87caff7a3ef476bd0bbf","name":"Fatou","image":{"@type":"ImageObject","@id":"https:\/\/www.nettali.com\/#personlogo","inLanguage":"fr-FR","url":"https:\/\/secure.gravatar.com\/avatar\/5a9442a2bee7b4dcf167cab035858e9a?s=96&d=mm&r=g","contentUrl":"https:\/\/secure.gravatar.com\/avatar\/5a9442a2bee7b4dcf167cab035858e9a?s=96&d=mm&r=g","caption":"Fatou"},"sameAs":["https:\/\/www.nettali.com"]}]}},"_links":{"self":[{"href":"https:\/\/www.nettali.com\/rest\/wp\/v2\/posts\/138299"}],"collection":[{"href":"https:\/\/www.nettali.com\/rest\/wp\/v2\/posts"}],"about":[{"href":"https:\/\/www.nettali.com\/rest\/wp\/v2\/types\/post"}],"author":[{"embeddable":true,"href":"https:\/\/www.nettali.com\/rest\/wp\/v2\/users\/6"}],"replies":[{"embeddable":true,"href":"https:\/\/www.nettali.com\/rest\/wp\/v2\/comments?post=138299"}],"version-history":[{"count":1,"href":"https:\/\/www.nettali.com\/rest\/wp\/v2\/posts\/138299\/revisions"}],"predecessor-version":[{"id":138301,"href":"https:\/\/www.nettali.com\/rest\/wp\/v2\/posts\/138299\/revisions\/138301"}],"wp:featuredmedia":[{"embeddable":true,"href":"https:\/\/www.nettali.com\/rest\/wp\/v2\/media\/138300"}],"wp:attachment":[{"href":"https:\/\/www.nettali.com\/rest\/wp\/v2\/media?parent=138299"}],"wp:term":[{"taxonomy":"category","embeddable":true,"href":"https:\/\/www.nettali.com\/rest\/wp\/v2\/categories?post=138299"},{"taxonomy":"post_tag","embeddable":true,"href":"https:\/\/www.nettali.com\/rest\/wp\/v2\/tags?post=138299"}],"curies":[{"name":"wp","href":"https:\/\/api.w.org\/{rel}","templated":true}]}}