{"id":138103,"date":"2024-08-02T17:25:42","date_gmt":"2024-08-02T17:25:42","guid":{"rendered":"https:\/\/www.nettali.com\/?p=138103"},"modified":"2024-08-06T07:39:10","modified_gmt":"2024-08-06T07:39:10","slug":"entretien-youssou-ndour-cest-lhomme-qui-a-peur-sinon-il-ny-a-rien","status":"publish","type":"post","link":"https:\/\/www.nettali.com\/2024\/08\/02\/entretien-youssou-ndour-cest-lhomme-qui-a-peur-sinon-il-ny-a-rien\/","title":{"rendered":"ENTRETIEN - YOUSSOU NDOUR - \u00abc\u2019est l\u2019homme qui a peur, sinon il n\u2019y a rien\u00a0!\u00bb"},"content":{"rendered":"<p><strong>NETTALI.COM <em>- Dans un entretien qu\u2019il a accord\u00e9 \u00e0 un journal espagnol, le leader du Super-Etoile Youssou Ndour s\u2019est livr\u00e9 sans d\u00e9tour. Une occasion pour le chanteur d\u2019\u00e9changer longuement sur sa riche carri\u00e8re, ses prix et la musique. Mais aussi d\u2019aborder des questions de l\u2019heure comme l\u2019immigration clandestine, le tourisme, le d\u00e9veloppement de l\u2019Afrique, entre autres\u2026\u00a0\u00a0<\/em><\/strong><\/p>\n<p><strong>Ayant grandi au Nigeria, je sais que l'Afrique est un continent complexe et divis\u00e9. Pourquoi pensez-vous que votre musique touche et connecte autant de personnes \u00e0 travers l'Afrique et le monde ?<\/strong><\/p>\n<p>Merci pour cette question. Comme j\u2019ai eu \u00e0 le chanter dans mon album \u00abEyes Open\u00bb que j\u2019ai sorti en 1992, \u00e0 travers un morceau que j\u2019avais compos\u00e9 \u00ab\u00a0The Same\u00a0\u00bb, dont voici un des couplets\u00a0: \u00abSound is the same for all the world. Everybody has a heart. Everybody gets a feeling. Let's play Rock, Reggae, Jazz, Mbalax. All around the world, the same. Pachanga, Soul music, Rhythm and Blues, the same. Samba, Rumba, Cha-cha-cha, the same.\u00bb, mon inspiration vient de mon d\u00e9sir profond de partager les histoires et \u00e9motions communes. Vous savez, la musique a un pouvoir unique de transcender les fronti\u00e8res et de toucher les \u00e2mes. Quand on est musicien, on parle un langage universel qui surmonte les divisions et qui a la capacit\u00e9 de rassembler les gens<strong>,<\/strong> de leur rappeler notre humanit\u00e9 commune et de promouvoir la compr\u00e9hension et la solidarit\u00e9. La musique, c\u2019est une m\u00e9lodie et une parole qui peut parler d\u2019amour, d\u2019amiti\u00e9, de paix et de sujets qui nous interpellent tous comme, l\u2019environnement, l\u2019immigration. Des sujets que nous vivons tous au quotidien et c\u2019est pourquoi je pense qu\u2019on s\u2019identifie aux rythmes, aux m\u00e9lodies et qu\u2019on aime aussi les paroles. Aussi, tout au long de ma carri\u00e8re, je me suis toujours ouvert aux cultures du monde, tout en y mettant l\u2019empreinte africaine. C\u2019est cette fusion de l\u2019Afrique qui rencontre le monde qui pla\u00eet aussi\u00a0! Maintenant, apr\u00e8s ma tourn\u00e9e mondiale avec Peter Gabriel, mon engagement pour les droits de l\u2019homme avec la tourn\u00e9e d\u2019Amnesty International en 1988 et la sortie de 7 Seconds, beaucoup de gens se sont davantage int\u00e9ress\u00e9s \u00e0 ma carri\u00e8re et mon implication dans la cr\u00e9ation.<\/p>\n<p><strong>Venez-vous d'une famille de musiciens ? Quelle a \u00e9t\u00e9 votre source d'inspiration durant votre enfance ?<\/strong><\/p>\n<p>Je viens plut\u00f4t d\u2019une famille griotte du c\u00f4t\u00e9 de ma m\u00e8re. Et en Afrique, les griots sont les gardiens de nos traditions qui sont fortement orales. Celle qui m\u2019a le plus initi\u00e9 est ma grand-m\u00e8re maternelle Mame Marie S\u00e8ne (\u00e0 qui je rends hommage avec la chanson Yakaar). Elle \u00e9tait une grande cantatrice traditionnelle. Ses performances \u00e9taient tr\u00e8s appr\u00e9ci\u00e9es dans les c\u00e9r\u00e9monies familiales et sociales. Elle m\u2019a beaucoup inspir\u00e9 et donn\u00e9 les bases du chant.<\/p>\n<p><strong>Quelle est votre inspiration en tant qu'auteur-compositeur ?<\/strong><\/p>\n<p>Mon environnement est ma principale source d\u2019inspiration. Tout me parle\u00a0! La soci\u00e9t\u00e9 autour de moi que je regarde et dans laquelle mes pens\u00e9es plongent pour lire son \u00e9volution, ses d\u00e9fis, ses bons c\u00f4t\u00e9s, comme aussi les moins bien. Chaque jour, les gens que je rencontre, les regards que je croise, les histoires que j'entends et les \u00e9v\u00e9nements qui se d\u00e9roulent autour de moi, tout m\u2019inspire. C\u2019est un \u00e9tat naturel qui, comme l\u2019air, est en moi et autour de moi. Les traditions culturelles et les histoires de notre continent, l'influence de ma propre vie, de mes exp\u00e9riences et de mes voyages \u00e0 travers le monde, jouent \u00e9galement un r\u00f4le crucial dans mon processus cr\u00e9atif.<\/p>\n<p><strong>Quel est le musicien qui a le plus influenc\u00e9 votre carri\u00e8re ?<\/strong><\/p>\n<p>Ah \u00e7a, sans h\u00e9siter<strong><em>, <\/em><\/strong>c\u2019est Peter (Gabriel). Non seulement, il m'a invit\u00e9 \u00e0 chanter avec lui sur sc\u00e8ne, mais il m'a \u00e9galement montr\u00e9 un respect et une consid\u00e9ration extraordinaire durant toutes nos collaborations, tant sur sc\u00e8ne qu'en dehors, Peter a toujours eu un int\u00e9r\u00eat profond pour les musiques du monde et lorsqu'il m'a invit\u00e9 \u00e0 participer \u00e0 son album \u00abSo\u00bb en 1986 et \u00e0 la tourn\u00e9e \u00ab\u00a0Human Rights Now\u00a0\u00bb, organis\u00e9e par Amnesty International en 1988, j\u2019\u00e9tais certes c\u00e9l\u00e8bre au S\u00e9n\u00e9gal et en Afrique, mais cela a donn\u00e9 une autre dimension \u00e0 ma carri\u00e8re. Peter Gabriel m'a toujours encourag\u00e9 \u00e0 rester fid\u00e8le \u00e0 mes racines, tout en explorant de nouveaux horizons musicaux. J\u2019en profite pour lui rendre un vibrant hommage car au-del\u00e0 d\u2019\u00eatre mon ami, sa vision artistique et son engagement pour la musique et les droits humains ont profond\u00e9ment influenc\u00e9 la musique.<\/p>\n<p><strong>Qu'esp\u00e9rez-vous transmettre et communiquer avec votre musique ?<\/strong><\/p>\n<p>Comme je l\u2019ai dit, il y a quelques semaines \u00e0 l\u2019universit\u00e9 Berklee de Valence, je chante\u00a0l\u2019amour dans toute sa pl\u00e9nitude. L\u2019amour de soi, l\u2019amour de son prochain dans nos diff\u00e9rences, l\u2019amour de la nature et l\u2019amour envers notre Cr\u00e9ateur.<strong><em>\u00a0<\/em><\/strong><\/p>\n<p><strong>En tant qu'ancien ministre du Tourisme, que pensez-vous du mouvement anti-tourisme en Europe, en particulier \u00e0 Majorque, alors que le tourisme est une source de revenus de plus en plus importante pour l'Afrique ?\u00a0<\/strong><\/p>\n<p>Je ne vois pas forc\u00e9ment les choses sous cet angle. A travers le nom du mouvement Anti Tourisme en Europe, je sens un cri du c\u0153ur. Maintenant, je ne parlerai pas d\u2019id\u00e9ologie, mais j\u2019invite le monde \u00e0 s\u2019int\u00e9resser au pourquoi de ce cri de c\u0153ur, pour interdire le tourisme dans un endroit qui, certainement avant, souhaitait en avoir et qui maintenant n\u2019en veut plus. Le tourisme est certes une activit\u00e9 hautement \u00e9conomique, mais cela doit \u00eatre une occasion de d\u00e9velopper nos territoires et cultiver le brassage culturel dans le respect des patrimoines culturels, sociaux et environnementaux. Pour moi, il ne faut pas lier l\u2019\u00e9ventuel d\u00e9veloppement Africain avec l\u2019abandon du tourisme en Europe. D\u2019ailleurs pourquoi devrons nous accepter ce que d\u2019autres rejettent, si c\u2019est bas\u00e9 sur des arguments plausibles\u00a0?<\/p>\n<p><strong>En tant qu'ancien candidat \u00e0 la pr\u00e9sidence, comment auriez-vous chang\u00e9 le S\u00e9n\u00e9gal ?<\/strong><\/p>\n<p>Je ne crois pas aux hommes providentiels. Pour moi, un leader doit avoir une vision partag\u00e9e et soutenue par la population pour que le d\u00e9veloppement soit atteignable. Sans coh\u00e9sion, point d\u2019am\u00e9lioration. Je le disais dans une de mes chansons, \u00abSama Dom\u00bb (Mon cher Enfant). J\u2019y disais litt\u00e9ralement ceci : \u00ab\u00a0si 10 personnes creusent un puits et que 10 personnes s\u2019emploient \u00e0 le recouvrir, malgr\u00e9 tous les efforts possibles, il ne peut y avoir que de la poussi\u00e8re, mais point de puits\u00bb.<\/p>\n<p><strong>La corruption est-elle le moteur de l'immigration clandestine vers l'ouest ? Existe-t-il une solution ?<\/strong><\/p>\n<p>L\u2019immigration clandestine ne peut se r\u00e9soudre \u00e0 un seul fait de corruption. Et surtout, je r\u00e9fute cette pens\u00e9e car, c\u2019est comme si nous n\u2019avons que des dirigeants corrompus. L\u2019immigration clandestine est aussi le fruit des rapports mondiaux in\u00e9gaux, de l\u2019\u00e9go\u00efsme des pays pollueurs de la plan\u00e8te, de ces pays, multinationales et organismes qui pillent nos ressources pour des miettes en retour. Quand je vois les pays dits occidentaux avoir la possibilit\u00e9 de s\u2019endetter pour se d\u00e9velopper et qu\u2019on le refuse avec des arguments fantaisistes, je me dis que l\u2019immigration clandestine a de beaux jours avec ce genre d\u2019approche dans les relations entre les pays. Maintenant, il faut davantage d\u2019efforts \u00abde ces pays\u00bb et organismes bailleurs de fonds pour inciter, favoriser et encourager la formation, l\u2019enseignement et la cr\u00e9ation d\u2019emplois en Afrique<\/p>\n<p><strong>Que ressentez-vous lorsque vous voyez vos compatriotes et leurs enfants mourir en essayant d'atteindre l'Europe ?<\/strong><\/p>\n<p>Je suis meurtri dans ma chair. Je le dis et le r\u00e9p\u00e8te partout, l\u2019avenir c\u2019est l\u2019Afrique. Et je donne souvent aux jeunes l\u2019exemple de ma vie. Je suis n\u00e9, j\u2019ai grandi, je vis et je me suis fait en Afrique. Je n\u2019ai vraiment pas les mots pour mat\u00e9rialiser assez, tout ce que je ressens en voyant ces images. C\u2019est tr\u00e8s dur.<\/p>\n<p><strong>Pensez-vous que l'Occident continue \u00e0 perturber d\u00e9lib\u00e9r\u00e9ment l'Afrique pour ses propres int\u00e9r\u00eats ?<\/strong><\/p>\n<p>Vous savez, il ne faut pas se leurrer, les Etats d\u00e9fendent leurs int\u00e9r\u00eats et n\u2019ont pas forc\u00e9ment d'amis. C\u2019est \u00e0 nous de d\u00e9fendre aussi les n\u00f4tres pour le bien de nos peuples. Et comme j\u2019ai eu \u00e0 le chanter, il y a une nouvelle Afrique \u00abNew Africa\u00bb, avec des jeunes hommes et femmes qui entendent faire plus que leurs parents et qui n\u2019accepteront plus le diktat de qui que ce soit. La nouvelle Afrique que j\u2019ai tant chant\u00e9e est arriv\u00e9e, et la jeunesse d\u2019Afrique est conqu\u00e9rante.<\/p>\n<p><strong>Est-il temps de pr\u00e9senter des excuses s\u00e9rieuses et appropri\u00e9es pour l'esclavage ?<\/strong><\/p>\n<p>Il ne s\u2019agit pas de pr\u00e9senter des excuses car aucune excuse n\u2019est suffisante pour panser ce crime contre l\u2019humanit\u00e9. On veut nous endormir sur des concepts de pardon. Je vous dis ceci : les noirs du monde ne sont ni revanchards ni rancuniers. Dans notre diversit\u00e9, nous cherchons davantage \u00e0 nous retrouver d\u2019Afrique aux Antilles, des \u00c9tats-Unis \u00e0 Saint-Louis du S\u00e9n\u00e9gal.<\/p>\n<p><strong>Vous avez remport\u00e9 de nombreux prix et chant\u00e9 avec les plus grands artistes internationaux. Vous devez \u00eatre fier<\/strong> <strong>?<\/strong><\/p>\n<p>Je suis extr\u00eamement fier de chaque prix qui m\u2019a \u00e9t\u00e9 d\u00e9di\u00e9 et chaque artiste avec qui j\u2019ai eu \u00e0 partager la sc\u00e8ne, une s\u00e9ance de studio ou m\u00eame faire un featuring. Je ne fais pas de pr\u00e9f\u00e9rences parmi les prix. Tout est important et je profite de cette occasion pour r\u00e9it\u00e9rer mon amour ind\u00e9fectible \u00e0 tous mes fans du monde et mes remerciements \u00e0 chaque organisation, institution, soci\u00e9t\u00e9 et groupe de personnes qui m\u2019ont consacr\u00e9 un prix ou hommage depuis le d\u00e9but de ma carri\u00e8re.<\/p>\n<p><strong>En tant que l'un des artistes africains les plus influents de l'histoire et l'un des plus grands chanteurs de tous les temps, quel est votre message au monde ?<\/strong><\/p>\n<p>L\u2019amour et le respect mutuel pour les uns et les autres. Avoir de la consid\u00e9ration pour l\u2019\u00eatre humain et la nature. Je pense que nos diversit\u00e9s doivent servir comme des richesses et pas comme une arme de division.<\/p>\n<p><strong>Quelle est, selon vous, la plus grande menace qui atteint le monde actuellement ?\u00a0<\/strong><\/p>\n<p>L\u2019\u00e9go\u00efsme des gens est une menace pour l\u2019humanit\u00e9.<\/p>\n<p><strong>Qu'est-ce que le public peut attendre de votre concert \u00e0 Majorque ?<\/strong><\/p>\n<p>La beaut\u00e9 de la musique africaine et un Youssou Ndour et un Super Etoile de feu\u00a0!<\/p>\n<p><strong>Quel est votre plat pr\u00e9f\u00e9r\u00e9 ?<\/strong><\/p>\n<p>Le Thieb (riz au poisson) de ma m\u00e8re.<\/p>\n<p><strong>Film pr\u00e9f\u00e9r\u00e9\u00a0?<\/strong><\/p>\n<p>Amazing Gr\u00e2ce (rires), dans lequel j\u2019ai d\u2019ailleurs jou\u00e9.<\/p>\n<p><strong>Livre pr\u00e9f\u00e9r\u00e9\u00a0?<\/strong><\/p>\n<p>L\u2019Art de la niaque.<\/p>\n<p><strong>Votre boisson pr\u00e9f\u00e9r\u00e9e\u00a0?<\/strong><\/p>\n<p>Le th\u00e9 \u00e0 la menthe. Ce qu\u2019on appelle ici Ataya.<\/p>\n<p><strong>Votre pays pr\u00e9f\u00e9r\u00e9 o\u00f9 vous aimeriez vivre ?<\/strong><\/p>\n<p>Le S\u00e9n\u00e9gal.<\/p>\n<p><strong>Enfant, vous r\u00eaviez de faire carri\u00e8re dans quoi\u00a0?<\/strong><\/p>\n<p>Le football.<\/p>\n<p><strong>Le meilleur conseil que l\u2019on vous a donn\u00e9\u00a0?<\/strong><\/p>\n<p>Toujours pers\u00e9v\u00e9rer.<\/p>\n<p><strong>La premi\u00e8re chose que vous faites le matin\u00a0?<\/strong><\/p>\n<p>Je remercie Dieu de me donner une journ\u00e9e de plus et pour la vie qu\u2019Il m\u2019a donn\u00e9e.<\/p>\n<p><strong>De quoi avez-vous peur ?\u00a0<\/strong><\/p>\n<p>Pourquoi avoir peur\u00a0? Un adage de la C\u00f4te d\u2019Ivoire dit que, \u00abc\u2019est l\u2019homme qui a peur, sinon il n\u2019y a riennnn\u00a0!\u00bb<\/p>\n<p><strong>Musique ou musicien pr\u00e9f\u00e9r\u00e9\u00a0?<\/strong><\/p>\n<p>Le Mbalakh bien s\u00fbr\u2026<\/p>\n<p>&nbsp;<\/p>\n<div class='share-to-whatsapp-wrapper'><div class='share-on-whsp'>PARTAGER SUR : <\/div><a data-text='ENTRETIEN - YOUSSOU NDOUR - \u00abc\u2019est l\u2019homme qui a peur, sinon il n\u2019y a rien\u00a0!\u00bb' data-link='https:\/\/www.nettali.com\/2024\/08\/02\/entretien-youssou-ndour-cest-lhomme-qui-a-peur-sinon-il-ny-a-rien\/' class='whatsapp-button whatsapp-share'>WhatsApp<\/a><div class='clear '><\/div><\/div>","protected":false},"excerpt":{"rendered":"<p>NETTALI.COM - Dans un entretien qu\u2019il a accord\u00e9 \u00e0 un journal espagnol, le leader du Super-Etoile Youssou Ndour s\u2019est livr\u00e9 sans d\u00e9tour. Une occasion pour le chanteur d\u2019\u00e9changer longuement sur sa riche carri\u00e8re, ses prix et la musique. Mais aussi d\u2019aborder des questions de l\u2019heure comme l\u2019immigration clandestine, le tourisme, le d\u00e9veloppement de l\u2019Afrique, entre [&hellip;]<\/p>\n","protected":false},"author":4,"featured_media":124987,"comment_status":"open","ping_status":"open","sticky":false,"template":"","format":"standard","meta":{"_et_pb_use_builder":"","_et_pb_old_content":""},"categories":[3],"tags":[],"yoast_head":"<!-- This site is optimized with the Yoast SEO Premium plugin v17.8 (Yoast SEO v17.8) - https:\/\/yoast.com\/wordpress\/plugins\/seo\/ -->\n<title>ENTRETIEN - YOUSSOU NDOUR - \u00abc\u2019est l\u2019homme qui a peur, sinon il n\u2019y a rien\u00a0!\u00bb | Nettali.com<\/title>\n<meta name=\"robots\" content=\"index, follow, max-snippet:-1, max-image-preview:large, max-video-preview:-1\" \/>\n<link rel=\"canonical\" href=\"https:\/\/www.nettali.com\/2024\/08\/02\/entretien-youssou-ndour-cest-lhomme-qui-a-peur-sinon-il-ny-a-rien\/\" \/>\n<meta property=\"og:locale\" content=\"fr_FR\" \/>\n<meta property=\"og:type\" content=\"article\" \/>\n<meta property=\"og:title\" content=\"ENTRETIEN - YOUSSOU NDOUR - \u00abc\u2019est l\u2019homme qui a peur, sinon il n\u2019y a rien\u00a0!\u00bb\" \/>\n<meta property=\"og:description\" content=\"NETTALI.COM - Dans un entretien qu\u2019il a accord\u00e9 \u00e0 un journal espagnol, le leader du Super-Etoile Youssou Ndour s\u2019est livr\u00e9 sans d\u00e9tour. Une occasion pour le chanteur d\u2019\u00e9changer longuement sur sa riche carri\u00e8re, ses prix et la musique. Mais aussi d\u2019aborder des questions de l\u2019heure comme l\u2019immigration clandestine, le tourisme, le d\u00e9veloppement de l\u2019Afrique, entre [&hellip;]\" \/>\n<meta property=\"og:url\" content=\"https:\/\/www.nettali.com\/2024\/08\/02\/entretien-youssou-ndour-cest-lhomme-qui-a-peur-sinon-il-ny-a-rien\/\" \/>\n<meta property=\"og:site_name\" content=\"Nettali.com\" \/>\n<meta property=\"article:publisher\" content=\"https:\/\/www.facebook.com\/nettalicom\" \/>\n<meta property=\"article:published_time\" content=\"2024-08-02T17:25:42+00:00\" \/>\n<meta property=\"article:modified_time\" content=\"2024-08-06T07:39:10+00:00\" \/>\n<meta property=\"og:image\" content=\"https:\/\/www.nettali.com\/wp-content\/uploads\/2024\/01\/Youssou-Ndour.png\" \/>\n\t<meta property=\"og:image:width\" content=\"574\" \/>\n\t<meta property=\"og:image:height\" content=\"406\" \/>\n<meta name=\"twitter:card\" content=\"summary_large_image\" \/>\n<meta name=\"twitter:label1\" content=\"\u00c9crit par\" \/>\n\t<meta name=\"twitter:data1\" content=\"Daouda\" \/>\n\t<meta name=\"twitter:label2\" content=\"Dur\u00e9e de lecture estim\u00e9e\" \/>\n\t<meta name=\"twitter:data2\" content=\"9 minutes\" \/>\n<script type=\"application\/ld+json\" class=\"yoast-schema-graph\">{\"@context\":\"https:\/\/schema.org\",\"@graph\":[{\"@type\":\"WebSite\",\"@id\":\"https:\/\/www.nettali.com\/#website\",\"url\":\"https:\/\/www.nettali.com\/\",\"name\":\"Nettali.com\",\"description\":\"Le rendez-vous critique du Net\",\"potentialAction\":[{\"@type\":\"SearchAction\",\"target\":{\"@type\":\"EntryPoint\",\"urlTemplate\":\"https:\/\/www.nettali.com\/?s={search_term_string}\"},\"query-input\":\"required name=search_term_string\"}],\"inLanguage\":\"fr-FR\"},{\"@type\":\"ImageObject\",\"@id\":\"https:\/\/www.nettali.com\/2024\/08\/02\/entretien-youssou-ndour-cest-lhomme-qui-a-peur-sinon-il-ny-a-rien\/#primaryimage\",\"inLanguage\":\"fr-FR\",\"url\":\"https:\/\/www.nettali.com\/wp-content\/uploads\/2024\/01\/Youssou-Ndour.png\",\"contentUrl\":\"https:\/\/www.nettali.com\/wp-content\/uploads\/2024\/01\/Youssou-Ndour.png\",\"width\":574,\"height\":406},{\"@type\":\"WebPage\",\"@id\":\"https:\/\/www.nettali.com\/2024\/08\/02\/entretien-youssou-ndour-cest-lhomme-qui-a-peur-sinon-il-ny-a-rien\/#webpage\",\"url\":\"https:\/\/www.nettali.com\/2024\/08\/02\/entretien-youssou-ndour-cest-lhomme-qui-a-peur-sinon-il-ny-a-rien\/\",\"name\":\"ENTRETIEN - YOUSSOU NDOUR - \\u00abc\\u2019est l\\u2019homme qui a peur, sinon il n\\u2019y a rien\\u00a0!\\u00bb | Nettali.com\",\"isPartOf\":{\"@id\":\"https:\/\/www.nettali.com\/#website\"},\"primaryImageOfPage\":{\"@id\":\"https:\/\/www.nettali.com\/2024\/08\/02\/entretien-youssou-ndour-cest-lhomme-qui-a-peur-sinon-il-ny-a-rien\/#primaryimage\"},\"datePublished\":\"2024-08-02T17:25:42+00:00\",\"dateModified\":\"2024-08-06T07:39:10+00:00\",\"author\":{\"@id\":\"https:\/\/www.nettali.com\/#\/schema\/person\/3317e0bb3aa1da309fbf7b2780901bf4\"},\"breadcrumb\":{\"@id\":\"https:\/\/www.nettali.com\/2024\/08\/02\/entretien-youssou-ndour-cest-lhomme-qui-a-peur-sinon-il-ny-a-rien\/#breadcrumb\"},\"inLanguage\":\"fr-FR\",\"potentialAction\":[{\"@type\":\"ReadAction\",\"target\":[\"https:\/\/www.nettali.com\/2024\/08\/02\/entretien-youssou-ndour-cest-lhomme-qui-a-peur-sinon-il-ny-a-rien\/\"]}]},{\"@type\":\"BreadcrumbList\",\"@id\":\"https:\/\/www.nettali.com\/2024\/08\/02\/entretien-youssou-ndour-cest-lhomme-qui-a-peur-sinon-il-ny-a-rien\/#breadcrumb\",\"itemListElement\":[{\"@type\":\"ListItem\",\"position\":1,\"name\":\"Accueil\",\"item\":\"https:\/\/www.nettali.com\/\"},{\"@type\":\"ListItem\",\"position\":2,\"name\":\"ENTRETIEN - YOUSSOU NDOUR - \\u00abc\\u2019est l\\u2019homme qui a peur, sinon il n\\u2019y a rien\\u00a0!\\u00bb\"}]},{\"@type\":\"Person\",\"@id\":\"https:\/\/www.nettali.com\/#\/schema\/person\/3317e0bb3aa1da309fbf7b2780901bf4\",\"name\":\"Daouda\",\"image\":{\"@type\":\"ImageObject\",\"@id\":\"https:\/\/www.nettali.com\/#personlogo\",\"inLanguage\":\"fr-FR\",\"url\":\"https:\/\/secure.gravatar.com\/avatar\/8d143b5a49345098ddcfee1c49c2f47c?s=96&d=mm&r=g\",\"contentUrl\":\"https:\/\/secure.gravatar.com\/avatar\/8d143b5a49345098ddcfee1c49c2f47c?s=96&d=mm&r=g\",\"caption\":\"Daouda\"},\"sameAs\":[\"https:\/\/www.nettali.com\"]}]}<\/script>\n<!-- \/ Yoast SEO Premium plugin. -->","yoast_head_json":{"title":"ENTRETIEN - YOUSSOU NDOUR - \u00abc\u2019est l\u2019homme qui a peur, sinon il n\u2019y a rien\u00a0!\u00bb | Nettali.com","robots":{"index":"index","follow":"follow","max-snippet":"max-snippet:-1","max-image-preview":"max-image-preview:large","max-video-preview":"max-video-preview:-1"},"canonical":"https:\/\/www.nettali.com\/2024\/08\/02\/entretien-youssou-ndour-cest-lhomme-qui-a-peur-sinon-il-ny-a-rien\/","og_locale":"fr_FR","og_type":"article","og_title":"ENTRETIEN - YOUSSOU NDOUR - \u00abc\u2019est l\u2019homme qui a peur, sinon il n\u2019y a rien\u00a0!\u00bb","og_description":"NETTALI.COM - Dans un entretien qu\u2019il a accord\u00e9 \u00e0 un journal espagnol, le leader du Super-Etoile Youssou Ndour s\u2019est livr\u00e9 sans d\u00e9tour. Une occasion pour le chanteur d\u2019\u00e9changer longuement sur sa riche carri\u00e8re, ses prix et la musique. Mais aussi d\u2019aborder des questions de l\u2019heure comme l\u2019immigration clandestine, le tourisme, le d\u00e9veloppement de l\u2019Afrique, entre [&hellip;]","og_url":"https:\/\/www.nettali.com\/2024\/08\/02\/entretien-youssou-ndour-cest-lhomme-qui-a-peur-sinon-il-ny-a-rien\/","og_site_name":"Nettali.com","article_publisher":"https:\/\/www.facebook.com\/nettalicom","article_published_time":"2024-08-02T17:25:42+00:00","article_modified_time":"2024-08-06T07:39:10+00:00","og_image":[{"width":574,"height":406,"url":"https:\/\/www.nettali.com\/wp-content\/uploads\/2024\/01\/Youssou-Ndour.png","type":"image\/png"}],"twitter_card":"summary_large_image","twitter_misc":{"\u00c9crit par":"Daouda","Dur\u00e9e de lecture estim\u00e9e":"9 minutes"},"schema":{"@context":"https:\/\/schema.org","@graph":[{"@type":"WebSite","@id":"https:\/\/www.nettali.com\/#website","url":"https:\/\/www.nettali.com\/","name":"Nettali.com","description":"Le rendez-vous critique du Net","potentialAction":[{"@type":"SearchAction","target":{"@type":"EntryPoint","urlTemplate":"https:\/\/www.nettali.com\/?s={search_term_string}"},"query-input":"required name=search_term_string"}],"inLanguage":"fr-FR"},{"@type":"ImageObject","@id":"https:\/\/www.nettali.com\/2024\/08\/02\/entretien-youssou-ndour-cest-lhomme-qui-a-peur-sinon-il-ny-a-rien\/#primaryimage","inLanguage":"fr-FR","url":"https:\/\/www.nettali.com\/wp-content\/uploads\/2024\/01\/Youssou-Ndour.png","contentUrl":"https:\/\/www.nettali.com\/wp-content\/uploads\/2024\/01\/Youssou-Ndour.png","width":574,"height":406},{"@type":"WebPage","@id":"https:\/\/www.nettali.com\/2024\/08\/02\/entretien-youssou-ndour-cest-lhomme-qui-a-peur-sinon-il-ny-a-rien\/#webpage","url":"https:\/\/www.nettali.com\/2024\/08\/02\/entretien-youssou-ndour-cest-lhomme-qui-a-peur-sinon-il-ny-a-rien\/","name":"ENTRETIEN - YOUSSOU NDOUR - \u00abc\u2019est l\u2019homme qui a peur, sinon il n\u2019y a rien\u00a0!\u00bb | Nettali.com","isPartOf":{"@id":"https:\/\/www.nettali.com\/#website"},"primaryImageOfPage":{"@id":"https:\/\/www.nettali.com\/2024\/08\/02\/entretien-youssou-ndour-cest-lhomme-qui-a-peur-sinon-il-ny-a-rien\/#primaryimage"},"datePublished":"2024-08-02T17:25:42+00:00","dateModified":"2024-08-06T07:39:10+00:00","author":{"@id":"https:\/\/www.nettali.com\/#\/schema\/person\/3317e0bb3aa1da309fbf7b2780901bf4"},"breadcrumb":{"@id":"https:\/\/www.nettali.com\/2024\/08\/02\/entretien-youssou-ndour-cest-lhomme-qui-a-peur-sinon-il-ny-a-rien\/#breadcrumb"},"inLanguage":"fr-FR","potentialAction":[{"@type":"ReadAction","target":["https:\/\/www.nettali.com\/2024\/08\/02\/entretien-youssou-ndour-cest-lhomme-qui-a-peur-sinon-il-ny-a-rien\/"]}]},{"@type":"BreadcrumbList","@id":"https:\/\/www.nettali.com\/2024\/08\/02\/entretien-youssou-ndour-cest-lhomme-qui-a-peur-sinon-il-ny-a-rien\/#breadcrumb","itemListElement":[{"@type":"ListItem","position":1,"name":"Accueil","item":"https:\/\/www.nettali.com\/"},{"@type":"ListItem","position":2,"name":"ENTRETIEN - YOUSSOU NDOUR - \u00abc\u2019est l\u2019homme qui a peur, sinon il n\u2019y a rien\u00a0!\u00bb"}]},{"@type":"Person","@id":"https:\/\/www.nettali.com\/#\/schema\/person\/3317e0bb3aa1da309fbf7b2780901bf4","name":"Daouda","image":{"@type":"ImageObject","@id":"https:\/\/www.nettali.com\/#personlogo","inLanguage":"fr-FR","url":"https:\/\/secure.gravatar.com\/avatar\/8d143b5a49345098ddcfee1c49c2f47c?s=96&d=mm&r=g","contentUrl":"https:\/\/secure.gravatar.com\/avatar\/8d143b5a49345098ddcfee1c49c2f47c?s=96&d=mm&r=g","caption":"Daouda"},"sameAs":["https:\/\/www.nettali.com"]}]}},"_links":{"self":[{"href":"https:\/\/www.nettali.com\/rest\/wp\/v2\/posts\/138103"}],"collection":[{"href":"https:\/\/www.nettali.com\/rest\/wp\/v2\/posts"}],"about":[{"href":"https:\/\/www.nettali.com\/rest\/wp\/v2\/types\/post"}],"author":[{"embeddable":true,"href":"https:\/\/www.nettali.com\/rest\/wp\/v2\/users\/4"}],"replies":[{"embeddable":true,"href":"https:\/\/www.nettali.com\/rest\/wp\/v2\/comments?post=138103"}],"version-history":[{"count":1,"href":"https:\/\/www.nettali.com\/rest\/wp\/v2\/posts\/138103\/revisions"}],"predecessor-version":[{"id":138104,"href":"https:\/\/www.nettali.com\/rest\/wp\/v2\/posts\/138103\/revisions\/138104"}],"wp:featuredmedia":[{"embeddable":true,"href":"https:\/\/www.nettali.com\/rest\/wp\/v2\/media\/124987"}],"wp:attachment":[{"href":"https:\/\/www.nettali.com\/rest\/wp\/v2\/media?parent=138103"}],"wp:term":[{"taxonomy":"category","embeddable":true,"href":"https:\/\/www.nettali.com\/rest\/wp\/v2\/categories?post=138103"},{"taxonomy":"post_tag","embeddable":true,"href":"https:\/\/www.nettali.com\/rest\/wp\/v2\/tags?post=138103"}],"curies":[{"name":"wp","href":"https:\/\/api.w.org\/{rel}","templated":true}]}}