{"id":137964,"date":"2024-08-01T08:33:58","date_gmt":"2024-08-01T08:33:58","guid":{"rendered":"https:\/\/www.nettali.com\/?p=137964"},"modified":"2024-08-01T08:33:58","modified_gmt":"2024-08-01T08:33:58","slug":"recrudescence-des-accidents-de-la-route-diomaye-faye-demande-a-sonko-de-convoquer-une-reunion-interministerielle-restreinte","status":"publish","type":"post","link":"https:\/\/www.nettali.com\/2024\/08\/01\/recrudescence-des-accidents-de-la-route-diomaye-faye-demande-a-sonko-de-convoquer-une-reunion-interministerielle-restreinte\/","title":{"rendered":"RECRUDESCENCE DES ACCIDENTS DE LA ROUTE - Diomaye Faye demande \u00e0 Sonko de convoquer une r\u00e9union interminist\u00e9rielle restreinte \u2026"},"content":{"rendered":"<p><strong>NETTALI.COM - Face aux nombreux accidents de la route not\u00e9s ces derniers temps, Bassirou Diomaye Diakhar Faye a exhort\u00e9 le Premier ministre \u00e0 tenir vite, une r\u00e9union interminist\u00e9rielle restreinte en vue de renforcer la s\u00e9curit\u00e9 routi\u00e8re.<\/strong><\/p>\n<p>Lors du Conseil des ministres de ce mercredi 31 juillet 2024, le pr\u00e9sident de la R\u00e9publique s\u2019est inclin\u00e9 devant la m\u00e9moire des victimes des accidents de la circulation survenus ces derniers jours au S\u00e9n\u00e9gal. \"<em>Il a pr\u00e9sent\u00e9 les condol\u00e9ances de la Nation aux familles \u00e9plor\u00e9es et a souhait\u00e9 un prompt r\u00e9tablissement aux bless\u00e9s qui doivent b\u00e9n\u00e9ficier comme les familles attrist\u00e9es du soutien de l\u2019Etat\",<\/em>\u00a0a soulign\u00e9 le communiqu\u00e9 du conseil des ministres.<\/p>\n<p>Face \u00e0 la recrudescence des accidents de la route, le Chef de l\u2019Etat a demand\u00e9 au Premier ministre de tenir, dans les meilleurs d\u00e9lais, une r\u00e9union interminist\u00e9rielle restreinte d\u2019\u00e9valuation des mesures de pr\u00e9vention et de s\u00e9curit\u00e9 routi\u00e8res en perspective des prochains<br \/>\n\u00e9v\u00e8nements religieux : Grand Magal de Touba, Maouloud, etc.<\/p>\n<div class='share-to-whatsapp-wrapper'><div class='share-on-whsp'>PARTAGER SUR : <\/div><a data-text='RECRUDESCENCE DES ACCIDENTS DE LA ROUTE - Diomaye Faye demande \u00e0 Sonko de convoquer une r\u00e9union interminist\u00e9rielle restreinte \u2026' data-link='https:\/\/www.nettali.com\/2024\/08\/01\/recrudescence-des-accidents-de-la-route-diomaye-faye-demande-a-sonko-de-convoquer-une-reunion-interministerielle-restreinte\/' class='whatsapp-button whatsapp-share'>WhatsApp<\/a><div class='clear '><\/div><\/div>","protected":false},"excerpt":{"rendered":"<p>NETTALI.COM - Face aux nombreux accidents de la route not\u00e9s ces derniers temps, Bassirou Diomaye Diakhar Faye a exhort\u00e9 le Premier ministre \u00e0 tenir vite, une r\u00e9union interminist\u00e9rielle restreinte en vue de renforcer la s\u00e9curit\u00e9 routi\u00e8re. Lors du Conseil des ministres de ce mercredi 31 juillet 2024, le pr\u00e9sident de la R\u00e9publique s\u2019est inclin\u00e9 devant [&hellip;]<\/p>\n","protected":false},"author":6,"featured_media":137550,"comment_status":"open","ping_status":"open","sticky":false,"template":"","format":"standard","meta":{"_et_pb_use_builder":"","_et_pb_old_content":""},"categories":[3],"tags":[],"yoast_head":"<!-- This site is optimized with the Yoast SEO Premium plugin v17.8 (Yoast SEO v17.8) - https:\/\/yoast.com\/wordpress\/plugins\/seo\/ -->\n<title>RECRUDESCENCE DES ACCIDENTS DE LA ROUTE - Diomaye Faye demande \u00e0 Sonko de convoquer une r\u00e9union interminist\u00e9rielle restreinte \u2026 | Nettali.com<\/title>\n<meta name=\"robots\" content=\"index, follow, max-snippet:-1, max-image-preview:large, max-video-preview:-1\" \/>\n<link rel=\"canonical\" href=\"https:\/\/www.nettali.com\/2024\/08\/01\/recrudescence-des-accidents-de-la-route-diomaye-faye-demande-a-sonko-de-convoquer-une-reunion-interministerielle-restreinte\/\" \/>\n<meta property=\"og:locale\" content=\"fr_FR\" \/>\n<meta property=\"og:type\" content=\"article\" \/>\n<meta property=\"og:title\" content=\"RECRUDESCENCE DES ACCIDENTS DE LA ROUTE - Diomaye Faye demande \u00e0 Sonko de convoquer une r\u00e9union interminist\u00e9rielle restreinte \u2026\" \/>\n<meta property=\"og:description\" content=\"NETTALI.COM - Face aux nombreux accidents de la route not\u00e9s ces derniers temps, Bassirou Diomaye Diakhar Faye a exhort\u00e9 le Premier ministre \u00e0 tenir vite, une r\u00e9union interminist\u00e9rielle restreinte en vue de renforcer la s\u00e9curit\u00e9 routi\u00e8re. Lors du Conseil des ministres de ce mercredi 31 juillet 2024, le pr\u00e9sident de la R\u00e9publique s\u2019est inclin\u00e9 devant [&hellip;]\" \/>\n<meta property=\"og:url\" content=\"https:\/\/www.nettali.com\/2024\/08\/01\/recrudescence-des-accidents-de-la-route-diomaye-faye-demande-a-sonko-de-convoquer-une-reunion-interministerielle-restreinte\/\" \/>\n<meta property=\"og:site_name\" content=\"Nettali.com\" \/>\n<meta property=\"article:publisher\" content=\"https:\/\/www.facebook.com\/nettalicom\" \/>\n<meta property=\"article:published_time\" content=\"2024-08-01T08:33:58+00:00\" \/>\n<meta property=\"og:image\" content=\"https:\/\/www.nettali.com\/wp-content\/uploads\/2024\/07\/Tragique-accident-ayant-fait-6-morts-a-Matam-Le-message-du-president-Bassirou-Diomaye-Faye-depuis-Paris.jpg\" \/>\n\t<meta property=\"og:image:width\" content=\"1153\" \/>\n\t<meta property=\"og:image:height\" content=\"767\" \/>\n<meta name=\"twitter:card\" content=\"summary_large_image\" \/>\n<meta name=\"twitter:label1\" content=\"\u00c9crit par\" \/>\n\t<meta name=\"twitter:data1\" content=\"Fatou\" \/>\n\t<meta name=\"twitter:label2\" content=\"Dur\u00e9e de lecture estim\u00e9e\" \/>\n\t<meta name=\"twitter:data2\" content=\"1 minute\" \/>\n<script type=\"application\/ld+json\" class=\"yoast-schema-graph\">{\"@context\":\"https:\/\/schema.org\",\"@graph\":[{\"@type\":\"WebSite\",\"@id\":\"https:\/\/www.nettali.com\/#website\",\"url\":\"https:\/\/www.nettali.com\/\",\"name\":\"Nettali.com\",\"description\":\"Le rendez-vous critique du Net\",\"potentialAction\":[{\"@type\":\"SearchAction\",\"target\":{\"@type\":\"EntryPoint\",\"urlTemplate\":\"https:\/\/www.nettali.com\/?s={search_term_string}\"},\"query-input\":\"required name=search_term_string\"}],\"inLanguage\":\"fr-FR\"},{\"@type\":\"ImageObject\",\"@id\":\"https:\/\/www.nettali.com\/2024\/08\/01\/recrudescence-des-accidents-de-la-route-diomaye-faye-demande-a-sonko-de-convoquer-une-reunion-interministerielle-restreinte\/#primaryimage\",\"inLanguage\":\"fr-FR\",\"url\":\"https:\/\/www.nettali.com\/wp-content\/uploads\/2024\/07\/Tragique-accident-ayant-fait-6-morts-a-Matam-Le-message-du-president-Bassirou-Diomaye-Faye-depuis-Paris.jpg\",\"contentUrl\":\"https:\/\/www.nettali.com\/wp-content\/uploads\/2024\/07\/Tragique-accident-ayant-fait-6-morts-a-Matam-Le-message-du-president-Bassirou-Diomaye-Faye-depuis-Paris.jpg\",\"width\":1153,\"height\":767},{\"@type\":\"WebPage\",\"@id\":\"https:\/\/www.nettali.com\/2024\/08\/01\/recrudescence-des-accidents-de-la-route-diomaye-faye-demande-a-sonko-de-convoquer-une-reunion-interministerielle-restreinte\/#webpage\",\"url\":\"https:\/\/www.nettali.com\/2024\/08\/01\/recrudescence-des-accidents-de-la-route-diomaye-faye-demande-a-sonko-de-convoquer-une-reunion-interministerielle-restreinte\/\",\"name\":\"RECRUDESCENCE DES ACCIDENTS DE LA ROUTE - Diomaye Faye demande \\u00e0 Sonko de convoquer une r\\u00e9union interminist\\u00e9rielle restreinte \\u2026 | Nettali.com\",\"isPartOf\":{\"@id\":\"https:\/\/www.nettali.com\/#website\"},\"primaryImageOfPage\":{\"@id\":\"https:\/\/www.nettali.com\/2024\/08\/01\/recrudescence-des-accidents-de-la-route-diomaye-faye-demande-a-sonko-de-convoquer-une-reunion-interministerielle-restreinte\/#primaryimage\"},\"datePublished\":\"2024-08-01T08:33:58+00:00\",\"dateModified\":\"2024-08-01T08:33:58+00:00\",\"author\":{\"@id\":\"https:\/\/www.nettali.com\/#\/schema\/person\/418274a86bdf87caff7a3ef476bd0bbf\"},\"breadcrumb\":{\"@id\":\"https:\/\/www.nettali.com\/2024\/08\/01\/recrudescence-des-accidents-de-la-route-diomaye-faye-demande-a-sonko-de-convoquer-une-reunion-interministerielle-restreinte\/#breadcrumb\"},\"inLanguage\":\"fr-FR\",\"potentialAction\":[{\"@type\":\"ReadAction\",\"target\":[\"https:\/\/www.nettali.com\/2024\/08\/01\/recrudescence-des-accidents-de-la-route-diomaye-faye-demande-a-sonko-de-convoquer-une-reunion-interministerielle-restreinte\/\"]}]},{\"@type\":\"BreadcrumbList\",\"@id\":\"https:\/\/www.nettali.com\/2024\/08\/01\/recrudescence-des-accidents-de-la-route-diomaye-faye-demande-a-sonko-de-convoquer-une-reunion-interministerielle-restreinte\/#breadcrumb\",\"itemListElement\":[{\"@type\":\"ListItem\",\"position\":1,\"name\":\"Accueil\",\"item\":\"https:\/\/www.nettali.com\/\"},{\"@type\":\"ListItem\",\"position\":2,\"name\":\"RECRUDESCENCE DES ACCIDENTS DE LA ROUTE - Diomaye Faye demande \\u00e0 Sonko de convoquer une r\\u00e9union interminist\\u00e9rielle restreinte \\u2026\"}]},{\"@type\":\"Person\",\"@id\":\"https:\/\/www.nettali.com\/#\/schema\/person\/418274a86bdf87caff7a3ef476bd0bbf\",\"name\":\"Fatou\",\"image\":{\"@type\":\"ImageObject\",\"@id\":\"https:\/\/www.nettali.com\/#personlogo\",\"inLanguage\":\"fr-FR\",\"url\":\"https:\/\/secure.gravatar.com\/avatar\/5a9442a2bee7b4dcf167cab035858e9a?s=96&d=mm&r=g\",\"contentUrl\":\"https:\/\/secure.gravatar.com\/avatar\/5a9442a2bee7b4dcf167cab035858e9a?s=96&d=mm&r=g\",\"caption\":\"Fatou\"},\"sameAs\":[\"https:\/\/www.nettali.com\"]}]}<\/script>\n<!-- \/ Yoast SEO Premium plugin. -->","yoast_head_json":{"title":"RECRUDESCENCE DES ACCIDENTS DE LA ROUTE - Diomaye Faye demande \u00e0 Sonko de convoquer une r\u00e9union interminist\u00e9rielle restreinte \u2026 | Nettali.com","robots":{"index":"index","follow":"follow","max-snippet":"max-snippet:-1","max-image-preview":"max-image-preview:large","max-video-preview":"max-video-preview:-1"},"canonical":"https:\/\/www.nettali.com\/2024\/08\/01\/recrudescence-des-accidents-de-la-route-diomaye-faye-demande-a-sonko-de-convoquer-une-reunion-interministerielle-restreinte\/","og_locale":"fr_FR","og_type":"article","og_title":"RECRUDESCENCE DES ACCIDENTS DE LA ROUTE - Diomaye Faye demande \u00e0 Sonko de convoquer une r\u00e9union interminist\u00e9rielle restreinte \u2026","og_description":"NETTALI.COM - Face aux nombreux accidents de la route not\u00e9s ces derniers temps, Bassirou Diomaye Diakhar Faye a exhort\u00e9 le Premier ministre \u00e0 tenir vite, une r\u00e9union interminist\u00e9rielle restreinte en vue de renforcer la s\u00e9curit\u00e9 routi\u00e8re. Lors du Conseil des ministres de ce mercredi 31 juillet 2024, le pr\u00e9sident de la R\u00e9publique s\u2019est inclin\u00e9 devant [&hellip;]","og_url":"https:\/\/www.nettali.com\/2024\/08\/01\/recrudescence-des-accidents-de-la-route-diomaye-faye-demande-a-sonko-de-convoquer-une-reunion-interministerielle-restreinte\/","og_site_name":"Nettali.com","article_publisher":"https:\/\/www.facebook.com\/nettalicom","article_published_time":"2024-08-01T08:33:58+00:00","og_image":[{"width":1153,"height":767,"url":"https:\/\/www.nettali.com\/wp-content\/uploads\/2024\/07\/Tragique-accident-ayant-fait-6-morts-a-Matam-Le-message-du-president-Bassirou-Diomaye-Faye-depuis-Paris.jpg","type":"image\/jpeg"}],"twitter_card":"summary_large_image","twitter_misc":{"\u00c9crit par":"Fatou","Dur\u00e9e de lecture estim\u00e9e":"1 minute"},"schema":{"@context":"https:\/\/schema.org","@graph":[{"@type":"WebSite","@id":"https:\/\/www.nettali.com\/#website","url":"https:\/\/www.nettali.com\/","name":"Nettali.com","description":"Le rendez-vous critique du Net","potentialAction":[{"@type":"SearchAction","target":{"@type":"EntryPoint","urlTemplate":"https:\/\/www.nettali.com\/?s={search_term_string}"},"query-input":"required name=search_term_string"}],"inLanguage":"fr-FR"},{"@type":"ImageObject","@id":"https:\/\/www.nettali.com\/2024\/08\/01\/recrudescence-des-accidents-de-la-route-diomaye-faye-demande-a-sonko-de-convoquer-une-reunion-interministerielle-restreinte\/#primaryimage","inLanguage":"fr-FR","url":"https:\/\/www.nettali.com\/wp-content\/uploads\/2024\/07\/Tragique-accident-ayant-fait-6-morts-a-Matam-Le-message-du-president-Bassirou-Diomaye-Faye-depuis-Paris.jpg","contentUrl":"https:\/\/www.nettali.com\/wp-content\/uploads\/2024\/07\/Tragique-accident-ayant-fait-6-morts-a-Matam-Le-message-du-president-Bassirou-Diomaye-Faye-depuis-Paris.jpg","width":1153,"height":767},{"@type":"WebPage","@id":"https:\/\/www.nettali.com\/2024\/08\/01\/recrudescence-des-accidents-de-la-route-diomaye-faye-demande-a-sonko-de-convoquer-une-reunion-interministerielle-restreinte\/#webpage","url":"https:\/\/www.nettali.com\/2024\/08\/01\/recrudescence-des-accidents-de-la-route-diomaye-faye-demande-a-sonko-de-convoquer-une-reunion-interministerielle-restreinte\/","name":"RECRUDESCENCE DES ACCIDENTS DE LA ROUTE - Diomaye Faye demande \u00e0 Sonko de convoquer une r\u00e9union interminist\u00e9rielle restreinte \u2026 | Nettali.com","isPartOf":{"@id":"https:\/\/www.nettali.com\/#website"},"primaryImageOfPage":{"@id":"https:\/\/www.nettali.com\/2024\/08\/01\/recrudescence-des-accidents-de-la-route-diomaye-faye-demande-a-sonko-de-convoquer-une-reunion-interministerielle-restreinte\/#primaryimage"},"datePublished":"2024-08-01T08:33:58+00:00","dateModified":"2024-08-01T08:33:58+00:00","author":{"@id":"https:\/\/www.nettali.com\/#\/schema\/person\/418274a86bdf87caff7a3ef476bd0bbf"},"breadcrumb":{"@id":"https:\/\/www.nettali.com\/2024\/08\/01\/recrudescence-des-accidents-de-la-route-diomaye-faye-demande-a-sonko-de-convoquer-une-reunion-interministerielle-restreinte\/#breadcrumb"},"inLanguage":"fr-FR","potentialAction":[{"@type":"ReadAction","target":["https:\/\/www.nettali.com\/2024\/08\/01\/recrudescence-des-accidents-de-la-route-diomaye-faye-demande-a-sonko-de-convoquer-une-reunion-interministerielle-restreinte\/"]}]},{"@type":"BreadcrumbList","@id":"https:\/\/www.nettali.com\/2024\/08\/01\/recrudescence-des-accidents-de-la-route-diomaye-faye-demande-a-sonko-de-convoquer-une-reunion-interministerielle-restreinte\/#breadcrumb","itemListElement":[{"@type":"ListItem","position":1,"name":"Accueil","item":"https:\/\/www.nettali.com\/"},{"@type":"ListItem","position":2,"name":"RECRUDESCENCE DES ACCIDENTS DE LA ROUTE - Diomaye Faye demande \u00e0 Sonko de convoquer une r\u00e9union interminist\u00e9rielle restreinte \u2026"}]},{"@type":"Person","@id":"https:\/\/www.nettali.com\/#\/schema\/person\/418274a86bdf87caff7a3ef476bd0bbf","name":"Fatou","image":{"@type":"ImageObject","@id":"https:\/\/www.nettali.com\/#personlogo","inLanguage":"fr-FR","url":"https:\/\/secure.gravatar.com\/avatar\/5a9442a2bee7b4dcf167cab035858e9a?s=96&d=mm&r=g","contentUrl":"https:\/\/secure.gravatar.com\/avatar\/5a9442a2bee7b4dcf167cab035858e9a?s=96&d=mm&r=g","caption":"Fatou"},"sameAs":["https:\/\/www.nettali.com"]}]}},"_links":{"self":[{"href":"https:\/\/www.nettali.com\/rest\/wp\/v2\/posts\/137964"}],"collection":[{"href":"https:\/\/www.nettali.com\/rest\/wp\/v2\/posts"}],"about":[{"href":"https:\/\/www.nettali.com\/rest\/wp\/v2\/types\/post"}],"author":[{"embeddable":true,"href":"https:\/\/www.nettali.com\/rest\/wp\/v2\/users\/6"}],"replies":[{"embeddable":true,"href":"https:\/\/www.nettali.com\/rest\/wp\/v2\/comments?post=137964"}],"version-history":[{"count":3,"href":"https:\/\/www.nettali.com\/rest\/wp\/v2\/posts\/137964\/revisions"}],"predecessor-version":[{"id":137972,"href":"https:\/\/www.nettali.com\/rest\/wp\/v2\/posts\/137964\/revisions\/137972"}],"wp:featuredmedia":[{"embeddable":true,"href":"https:\/\/www.nettali.com\/rest\/wp\/v2\/media\/137550"}],"wp:attachment":[{"href":"https:\/\/www.nettali.com\/rest\/wp\/v2\/media?parent=137964"}],"wp:term":[{"taxonomy":"category","embeddable":true,"href":"https:\/\/www.nettali.com\/rest\/wp\/v2\/categories?post=137964"},{"taxonomy":"post_tag","embeddable":true,"href":"https:\/\/www.nettali.com\/rest\/wp\/v2\/tags?post=137964"}],"curies":[{"name":"wp","href":"https:\/\/api.w.org\/{rel}","templated":true}]}}