{"id":137765,"date":"2024-07-29T08:39:57","date_gmt":"2024-07-29T08:39:57","guid":{"rendered":"https:\/\/www.nettali.com\/?p=137765"},"modified":"2024-07-29T08:40:07","modified_gmt":"2024-07-29T08:40:07","slug":"tempe%cc%82te-en-vue-a-la-federation-senegalaise-de-football-augustin-senghor-sur-la-sellette","status":"publish","type":"post","link":"https:\/\/www.nettali.com\/2024\/07\/29\/tempe%cc%82te-en-vue-a-la-federation-senegalaise-de-football-augustin-senghor-sur-la-sellette\/","title":{"rendered":"TEMPE\u0302TE EN VUE A\u0300 LA FE\u0301DE\u0301RATION SE\u0301NE\u0301GALAISE DE FOOTBALL  - Augustin Senghor sur la sellette"},"content":{"rendered":"<div class=\"page\" title=\"Page 2\">\n<div class=\"section\">\n<div class=\"layoutArea\">\n<div class=\"column\">\n<p><strong>NETTALI.COM -<\/strong> Augustin Senghor pourra-t-il traverser l\u2019hivernage en toute quie\u0301tude ? Rien n\u2019est moins su\u0302r, au vu de certaines man\u0153uvres souterraines capte\u0301es par nos antennes. Inde\u0301boulonnable Pre\u0301sident de la Fe\u0301de\u0301 de Foot depuis 2009, certains lobbies proches du nouveau pouvoir veulent le faire e\u0301jecter.<\/p>\n<p>L\u2019actuel Vice-Pre\u0301sident de la Confe\u0301de\u0301ration africaine de football (CAF) sait de\u0301ja\u0300, depuis l\u2019arrive\u0301e d\u2019un nouveau pouvoir, que les cartes peuvent e\u0302tre rabattues. Pour mettre qui a sa place ? Myste\u0300re et boule de gomme ! Ce qui est su\u0302r,<\/p>\n<\/div>\n<\/div>\n<div class=\"layoutArea\">\n<div class=\"column\">\n<p>c\u2019est que l\u2019actuel maire de Gore\u0301e et membre influent de l\u2019APR a de\u0301ja\u0300 un bon bilan a\u0300 la te\u0302te de la Fe\u0301de\u0301ration se\u0301ne\u0301galaise de football qu\u2019il peut vendre. Affaire a\u0300 suivre !<\/p>\n<\/div>\n<\/div>\n<\/div>\n<\/div>\n<div class='share-to-whatsapp-wrapper'><div class='share-on-whsp'>PARTAGER SUR : <\/div><a data-text='TEMPE\u0302TE EN VUE A\u0300 LA FE\u0301DE\u0301RATION SE\u0301NE\u0301GALAISE DE FOOTBALL  - Augustin Senghor sur la sellette' data-link='https:\/\/www.nettali.com\/2024\/07\/29\/tempe%cc%82te-en-vue-a-la-federation-senegalaise-de-football-augustin-senghor-sur-la-sellette\/' class='whatsapp-button whatsapp-share'>WhatsApp<\/a><div class='clear '><\/div><\/div>","protected":false},"excerpt":{"rendered":"<p>NETTALI.COM - Augustin Senghor pourra-t-il traverser l\u2019hivernage en toute quie\u0301tude ? Rien n\u2019est moins su\u0302r, au vu de certaines man\u0153uvres souterraines capte\u0301es par nos antennes. Inde\u0301boulonnable Pre\u0301sident de la Fe\u0301de\u0301 de Foot depuis 2009, certains lobbies proches du nouveau pouvoir veulent le faire e\u0301jecter. L\u2019actuel Vice-Pre\u0301sident de la Confe\u0301de\u0301ration africaine de football (CAF) sait de\u0301ja\u0300, [&hellip;]<\/p>\n","protected":false},"author":2,"featured_media":137647,"comment_status":"open","ping_status":"open","sticky":false,"template":"","format":"standard","meta":{"_et_pb_use_builder":"","_et_pb_old_content":""},"categories":[34945],"tags":[],"yoast_head":"<!-- This site is optimized with the Yoast SEO Premium plugin v17.8 (Yoast SEO v17.8) - https:\/\/yoast.com\/wordpress\/plugins\/seo\/ -->\n<title>TEMPE\u0302TE EN VUE A\u0300 LA FE\u0301DE\u0301RATION SE\u0301NE\u0301GALAISE DE FOOTBALL - Augustin Senghor sur la sellette | Nettali.com<\/title>\n<meta name=\"robots\" content=\"index, follow, max-snippet:-1, max-image-preview:large, max-video-preview:-1\" \/>\n<link rel=\"canonical\" href=\"https:\/\/www.nettali.com\/2024\/07\/29\/tempe\u0302te-en-vue-a-la-federation-senegalaise-de-football-augustin-senghor-sur-la-sellette\/\" \/>\n<meta property=\"og:locale\" content=\"fr_FR\" \/>\n<meta property=\"og:type\" content=\"article\" \/>\n<meta property=\"og:title\" content=\"TEMPE\u0302TE EN VUE A\u0300 LA FE\u0301DE\u0301RATION SE\u0301NE\u0301GALAISE DE FOOTBALL - Augustin Senghor sur la sellette\" \/>\n<meta property=\"og:description\" content=\"NETTALI.COM - Augustin Senghor pourra-t-il traverser l\u2019hivernage en toute quie\u0301tude ? Rien n\u2019est moins su\u0302r, au vu de certaines man\u0153uvres souterraines capte\u0301es par nos antennes. Inde\u0301boulonnable Pre\u0301sident de la Fe\u0301de\u0301 de Foot depuis 2009, certains lobbies proches du nouveau pouvoir veulent le faire e\u0301jecter. L\u2019actuel Vice-Pre\u0301sident de la Confe\u0301de\u0301ration africaine de football (CAF) sait de\u0301ja\u0300, [&hellip;]\" \/>\n<meta property=\"og:url\" content=\"https:\/\/www.nettali.com\/2024\/07\/29\/tempe\u0302te-en-vue-a-la-federation-senegalaise-de-football-augustin-senghor-sur-la-sellette\/\" \/>\n<meta property=\"og:site_name\" content=\"Nettali.com\" \/>\n<meta property=\"article:publisher\" content=\"https:\/\/www.facebook.com\/nettalicom\" \/>\n<meta property=\"article:published_time\" content=\"2024-07-29T08:39:57+00:00\" \/>\n<meta property=\"article:modified_time\" content=\"2024-07-29T08:40:07+00:00\" \/>\n<meta property=\"og:image\" content=\"https:\/\/www.nettali.com\/wp-content\/uploads\/2024\/07\/Augustin-Senghor-1140x628-1-1024x564-1.png\" \/>\n\t<meta property=\"og:image:width\" content=\"1024\" \/>\n\t<meta property=\"og:image:height\" content=\"564\" \/>\n<meta name=\"twitter:card\" content=\"summary_large_image\" \/>\n<meta name=\"twitter:label1\" content=\"\u00c9crit par\" \/>\n\t<meta name=\"twitter:data1\" content=\"CK\" \/>\n\t<meta name=\"twitter:label2\" content=\"Dur\u00e9e de lecture estim\u00e9e\" \/>\n\t<meta name=\"twitter:data2\" content=\"1 minute\" \/>\n<script type=\"application\/ld+json\" class=\"yoast-schema-graph\">{\"@context\":\"https:\/\/schema.org\",\"@graph\":[{\"@type\":\"WebSite\",\"@id\":\"https:\/\/www.nettali.com\/#website\",\"url\":\"https:\/\/www.nettali.com\/\",\"name\":\"Nettali.com\",\"description\":\"Le rendez-vous critique du Net\",\"potentialAction\":[{\"@type\":\"SearchAction\",\"target\":{\"@type\":\"EntryPoint\",\"urlTemplate\":\"https:\/\/www.nettali.com\/?s={search_term_string}\"},\"query-input\":\"required name=search_term_string\"}],\"inLanguage\":\"fr-FR\"},{\"@type\":\"ImageObject\",\"@id\":\"https:\/\/www.nettali.com\/2024\/07\/29\/tempe%cc%82te-en-vue-a-la-federation-senegalaise-de-football-augustin-senghor-sur-la-sellette\/#primaryimage\",\"inLanguage\":\"fr-FR\",\"url\":\"https:\/\/www.nettali.com\/wp-content\/uploads\/2024\/07\/Augustin-Senghor-1140x628-1-1024x564-1.png\",\"contentUrl\":\"https:\/\/www.nettali.com\/wp-content\/uploads\/2024\/07\/Augustin-Senghor-1140x628-1-1024x564-1.png\",\"width\":1024,\"height\":564},{\"@type\":\"WebPage\",\"@id\":\"https:\/\/www.nettali.com\/2024\/07\/29\/tempe%cc%82te-en-vue-a-la-federation-senegalaise-de-football-augustin-senghor-sur-la-sellette\/#webpage\",\"url\":\"https:\/\/www.nettali.com\/2024\/07\/29\/tempe%cc%82te-en-vue-a-la-federation-senegalaise-de-football-augustin-senghor-sur-la-sellette\/\",\"name\":\"TEMPE\\u0302TE EN VUE A\\u0300 LA FE\\u0301DE\\u0301RATION SE\\u0301NE\\u0301GALAISE DE FOOTBALL - Augustin Senghor sur la sellette | Nettali.com\",\"isPartOf\":{\"@id\":\"https:\/\/www.nettali.com\/#website\"},\"primaryImageOfPage\":{\"@id\":\"https:\/\/www.nettali.com\/2024\/07\/29\/tempe%cc%82te-en-vue-a-la-federation-senegalaise-de-football-augustin-senghor-sur-la-sellette\/#primaryimage\"},\"datePublished\":\"2024-07-29T08:39:57+00:00\",\"dateModified\":\"2024-07-29T08:40:07+00:00\",\"author\":{\"@id\":\"https:\/\/www.nettali.com\/#\/schema\/person\/d8ac7b7e27ddad43f1c0d2ef090d7f71\"},\"breadcrumb\":{\"@id\":\"https:\/\/www.nettali.com\/2024\/07\/29\/tempe%cc%82te-en-vue-a-la-federation-senegalaise-de-football-augustin-senghor-sur-la-sellette\/#breadcrumb\"},\"inLanguage\":\"fr-FR\",\"potentialAction\":[{\"@type\":\"ReadAction\",\"target\":[\"https:\/\/www.nettali.com\/2024\/07\/29\/tempe%cc%82te-en-vue-a-la-federation-senegalaise-de-football-augustin-senghor-sur-la-sellette\/\"]}]},{\"@type\":\"BreadcrumbList\",\"@id\":\"https:\/\/www.nettali.com\/2024\/07\/29\/tempe%cc%82te-en-vue-a-la-federation-senegalaise-de-football-augustin-senghor-sur-la-sellette\/#breadcrumb\",\"itemListElement\":[{\"@type\":\"ListItem\",\"position\":1,\"name\":\"Accueil\",\"item\":\"https:\/\/www.nettali.com\/\"},{\"@type\":\"ListItem\",\"position\":2,\"name\":\"TEMPE\\u0302TE EN VUE A\\u0300 LA FE\\u0301DE\\u0301RATION SE\\u0301NE\\u0301GALAISE DE FOOTBALL - Augustin Senghor sur la sellette\"}]},{\"@type\":\"Person\",\"@id\":\"https:\/\/www.nettali.com\/#\/schema\/person\/d8ac7b7e27ddad43f1c0d2ef090d7f71\",\"name\":\"CK\",\"image\":{\"@type\":\"ImageObject\",\"@id\":\"https:\/\/www.nettali.com\/#personlogo\",\"inLanguage\":\"fr-FR\",\"url\":\"https:\/\/secure.gravatar.com\/avatar\/1d8d5118b9327d94da7cd4ce7f17fec2?s=96&d=mm&r=g\",\"contentUrl\":\"https:\/\/secure.gravatar.com\/avatar\/1d8d5118b9327d94da7cd4ce7f17fec2?s=96&d=mm&r=g\",\"caption\":\"CK\"},\"sameAs\":[\"https:\/\/www.nettali.com\"]}]}<\/script>\n<!-- \/ Yoast SEO Premium plugin. -->","yoast_head_json":{"title":"TEMPE\u0302TE EN VUE A\u0300 LA FE\u0301DE\u0301RATION SE\u0301NE\u0301GALAISE DE FOOTBALL - Augustin Senghor sur la sellette | Nettali.com","robots":{"index":"index","follow":"follow","max-snippet":"max-snippet:-1","max-image-preview":"max-image-preview:large","max-video-preview":"max-video-preview:-1"},"canonical":"https:\/\/www.nettali.com\/2024\/07\/29\/tempe\u0302te-en-vue-a-la-federation-senegalaise-de-football-augustin-senghor-sur-la-sellette\/","og_locale":"fr_FR","og_type":"article","og_title":"TEMPE\u0302TE EN VUE A\u0300 LA FE\u0301DE\u0301RATION SE\u0301NE\u0301GALAISE DE FOOTBALL - Augustin Senghor sur la sellette","og_description":"NETTALI.COM - Augustin Senghor pourra-t-il traverser l\u2019hivernage en toute quie\u0301tude ? Rien n\u2019est moins su\u0302r, au vu de certaines man\u0153uvres souterraines capte\u0301es par nos antennes. Inde\u0301boulonnable Pre\u0301sident de la Fe\u0301de\u0301 de Foot depuis 2009, certains lobbies proches du nouveau pouvoir veulent le faire e\u0301jecter. L\u2019actuel Vice-Pre\u0301sident de la Confe\u0301de\u0301ration africaine de football (CAF) sait de\u0301ja\u0300, [&hellip;]","og_url":"https:\/\/www.nettali.com\/2024\/07\/29\/tempe\u0302te-en-vue-a-la-federation-senegalaise-de-football-augustin-senghor-sur-la-sellette\/","og_site_name":"Nettali.com","article_publisher":"https:\/\/www.facebook.com\/nettalicom","article_published_time":"2024-07-29T08:39:57+00:00","article_modified_time":"2024-07-29T08:40:07+00:00","og_image":[{"width":1024,"height":564,"url":"https:\/\/www.nettali.com\/wp-content\/uploads\/2024\/07\/Augustin-Senghor-1140x628-1-1024x564-1.png","type":"image\/png"}],"twitter_card":"summary_large_image","twitter_misc":{"\u00c9crit par":"CK","Dur\u00e9e de lecture estim\u00e9e":"1 minute"},"schema":{"@context":"https:\/\/schema.org","@graph":[{"@type":"WebSite","@id":"https:\/\/www.nettali.com\/#website","url":"https:\/\/www.nettali.com\/","name":"Nettali.com","description":"Le rendez-vous critique du Net","potentialAction":[{"@type":"SearchAction","target":{"@type":"EntryPoint","urlTemplate":"https:\/\/www.nettali.com\/?s={search_term_string}"},"query-input":"required name=search_term_string"}],"inLanguage":"fr-FR"},{"@type":"ImageObject","@id":"https:\/\/www.nettali.com\/2024\/07\/29\/tempe%cc%82te-en-vue-a-la-federation-senegalaise-de-football-augustin-senghor-sur-la-sellette\/#primaryimage","inLanguage":"fr-FR","url":"https:\/\/www.nettali.com\/wp-content\/uploads\/2024\/07\/Augustin-Senghor-1140x628-1-1024x564-1.png","contentUrl":"https:\/\/www.nettali.com\/wp-content\/uploads\/2024\/07\/Augustin-Senghor-1140x628-1-1024x564-1.png","width":1024,"height":564},{"@type":"WebPage","@id":"https:\/\/www.nettali.com\/2024\/07\/29\/tempe%cc%82te-en-vue-a-la-federation-senegalaise-de-football-augustin-senghor-sur-la-sellette\/#webpage","url":"https:\/\/www.nettali.com\/2024\/07\/29\/tempe%cc%82te-en-vue-a-la-federation-senegalaise-de-football-augustin-senghor-sur-la-sellette\/","name":"TEMPE\u0302TE EN VUE A\u0300 LA FE\u0301DE\u0301RATION SE\u0301NE\u0301GALAISE DE FOOTBALL - Augustin Senghor sur la sellette | Nettali.com","isPartOf":{"@id":"https:\/\/www.nettali.com\/#website"},"primaryImageOfPage":{"@id":"https:\/\/www.nettali.com\/2024\/07\/29\/tempe%cc%82te-en-vue-a-la-federation-senegalaise-de-football-augustin-senghor-sur-la-sellette\/#primaryimage"},"datePublished":"2024-07-29T08:39:57+00:00","dateModified":"2024-07-29T08:40:07+00:00","author":{"@id":"https:\/\/www.nettali.com\/#\/schema\/person\/d8ac7b7e27ddad43f1c0d2ef090d7f71"},"breadcrumb":{"@id":"https:\/\/www.nettali.com\/2024\/07\/29\/tempe%cc%82te-en-vue-a-la-federation-senegalaise-de-football-augustin-senghor-sur-la-sellette\/#breadcrumb"},"inLanguage":"fr-FR","potentialAction":[{"@type":"ReadAction","target":["https:\/\/www.nettali.com\/2024\/07\/29\/tempe%cc%82te-en-vue-a-la-federation-senegalaise-de-football-augustin-senghor-sur-la-sellette\/"]}]},{"@type":"BreadcrumbList","@id":"https:\/\/www.nettali.com\/2024\/07\/29\/tempe%cc%82te-en-vue-a-la-federation-senegalaise-de-football-augustin-senghor-sur-la-sellette\/#breadcrumb","itemListElement":[{"@type":"ListItem","position":1,"name":"Accueil","item":"https:\/\/www.nettali.com\/"},{"@type":"ListItem","position":2,"name":"TEMPE\u0302TE EN VUE A\u0300 LA FE\u0301DE\u0301RATION SE\u0301NE\u0301GALAISE DE FOOTBALL - Augustin Senghor sur la sellette"}]},{"@type":"Person","@id":"https:\/\/www.nettali.com\/#\/schema\/person\/d8ac7b7e27ddad43f1c0d2ef090d7f71","name":"CK","image":{"@type":"ImageObject","@id":"https:\/\/www.nettali.com\/#personlogo","inLanguage":"fr-FR","url":"https:\/\/secure.gravatar.com\/avatar\/1d8d5118b9327d94da7cd4ce7f17fec2?s=96&d=mm&r=g","contentUrl":"https:\/\/secure.gravatar.com\/avatar\/1d8d5118b9327d94da7cd4ce7f17fec2?s=96&d=mm&r=g","caption":"CK"},"sameAs":["https:\/\/www.nettali.com"]}]}},"_links":{"self":[{"href":"https:\/\/www.nettali.com\/rest\/wp\/v2\/posts\/137765"}],"collection":[{"href":"https:\/\/www.nettali.com\/rest\/wp\/v2\/posts"}],"about":[{"href":"https:\/\/www.nettali.com\/rest\/wp\/v2\/types\/post"}],"author":[{"embeddable":true,"href":"https:\/\/www.nettali.com\/rest\/wp\/v2\/users\/2"}],"replies":[{"embeddable":true,"href":"https:\/\/www.nettali.com\/rest\/wp\/v2\/comments?post=137765"}],"version-history":[{"count":1,"href":"https:\/\/www.nettali.com\/rest\/wp\/v2\/posts\/137765\/revisions"}],"predecessor-version":[{"id":137766,"href":"https:\/\/www.nettali.com\/rest\/wp\/v2\/posts\/137765\/revisions\/137766"}],"wp:featuredmedia":[{"embeddable":true,"href":"https:\/\/www.nettali.com\/rest\/wp\/v2\/media\/137647"}],"wp:attachment":[{"href":"https:\/\/www.nettali.com\/rest\/wp\/v2\/media?parent=137765"}],"wp:term":[{"taxonomy":"category","embeddable":true,"href":"https:\/\/www.nettali.com\/rest\/wp\/v2\/categories?post=137765"},{"taxonomy":"post_tag","embeddable":true,"href":"https:\/\/www.nettali.com\/rest\/wp\/v2\/tags?post=137765"}],"curies":[{"name":"wp","href":"https:\/\/api.w.org\/{rel}","templated":true}]}}