{"id":137728,"date":"2024-07-28T18:23:56","date_gmt":"2024-07-28T18:23:56","guid":{"rendered":"https:\/\/www.nettali.com\/?p=137728"},"modified":"2024-07-28T18:48:28","modified_gmt":"2024-07-28T18:48:28","slug":"commemoration-de-thiaroye-44-ousmane-sonko-egratigne-la-france","status":"publish","type":"post","link":"https:\/\/www.nettali.com\/2024\/07\/28\/commemoration-de-thiaroye-44-ousmane-sonko-egratigne-la-france\/","title":{"rendered":"COMMEMORATION DE THIAROYE 44 - Ousmane Sonko \u00e9gratigne la France"},"content":{"rendered":"<p><strong>NETTALI.COM - La tuerie de 1944 \u00e0 Thiaroye est maintenant vieille de 80 ans. Mais cette ann\u00e9e, elle sera c\u00e9l\u00e9br\u00e9e de mani\u00e8re particuli\u00e8re. Promesse d'Ousmane Sonko qui a fait un post dans ce sens pour dire ses quatre v\u00e9rit\u00e9s \u00e0 la France.\u00a0<\/strong><\/p>\n<p>\"<em>Nous demandons au gouvernement fran\u00e7ais de revoir ses m\u00e9thodes, car les temps ont chang\u00e9 !<\/em>\"\u00a0 C'est ce que vient d'\u00e9crire Ousmane Sonko sur sa page Facebook. Dans le texte qu'il signe \"<em>Ousmane Sonko, pr\u00e9sident de Pastef-Les Patriotes<\/em>\", on peut lire : \"<em>D'aucuns ont salu\u00e9 comme une grande avanc\u00e9e la d\u00e9cision des autorit\u00e9s fran\u00e7aises d\u2019accorder leur \u00abreconnaissance\u00bb \u00e0 six des soldats africains froidement abattus en 1944 au camp de Thiaroye par l\u2019arm\u00e9e fran\u00e7aise. Une reconnaissance qui consiste \u00e0 leur attribuer, \u00e0 titre posthume, l\u2019\u00e9tiquette \u00abmort pour la France\u00bb<\/em>.\" Et c'est pour ajouter : \"<em>Pourquoi cette subite \u00abprise de conscience\u00bb alors que le S\u00e9n\u00e9gal s\u2019appr\u00eate \u00e0 donner un nouveau sens \u00e0 ce douloureux souvenir, avec la c\u00e9l\u00e9bration du 80e anniversaire cette ann\u00e9e ?<\/em>\"<\/p>\n<p>En outre, Ousmane Sonko tient \u00e0 \"<em>rappeler \u00e0 la France qu'elle ne pourra plus ni faire ni conter seule ce bout d'histoire tragique<\/em>\". \"<em>Ce n\u2019est pas \u00e0 elle de fixer unilat\u00e9ralement le nombre d'Africains trahis et assassin\u00e9s apr\u00e8s avoir contribu\u00e9 \u00e0 la sauver, ni le type et la port\u00e9e de la reconnaissance et des r\u00e9parations qu\u2019ils m\u00e9ritent<\/em>\", poursuit-il. Avant de promettre : \"<em>Thiaroye 44, comme tout le reste, sera rem\u00e9mor\u00e9 autrement d\u00e9sormais.<\/em>\"<\/p>\n<p>Pour rappel, le 1er d\u00e9cembre 1944 alors qu'ils venaient de participer \u00e0 la guerre pour la lib\u00e9ration de la France, des soldats africains, r\u00e9clamant leurs p\u00e9cules, ont \u00e9t\u00e9 fusill\u00e9s par les colons fran\u00e7ais. Le massacre s'\u00e9tait produit au camp militaire de Thiaroye.<\/p>\n<div class='share-to-whatsapp-wrapper'><div class='share-on-whsp'>PARTAGER SUR : <\/div><a data-text='COMMEMORATION DE THIAROYE 44 - Ousmane Sonko \u00e9gratigne la France' data-link='https:\/\/www.nettali.com\/2024\/07\/28\/commemoration-de-thiaroye-44-ousmane-sonko-egratigne-la-france\/' class='whatsapp-button whatsapp-share'>WhatsApp<\/a><div class='clear '><\/div><\/div>","protected":false},"excerpt":{"rendered":"<p>NETTALI.COM - La tuerie de 1944 \u00e0 Thiaroye est maintenant vieille de 80 ans. Mais cette ann\u00e9e, elle sera c\u00e9l\u00e9br\u00e9e de mani\u00e8re particuli\u00e8re. Promesse d'Ousmane Sonko qui a fait un post dans ce sens pour dire ses quatre v\u00e9rit\u00e9s \u00e0 la France.\u00a0 \"Nous demandons au gouvernement fran\u00e7ais de revoir ses m\u00e9thodes, car les temps ont [&hellip;]<\/p>\n","protected":false},"author":3,"featured_media":135963,"comment_status":"open","ping_status":"open","sticky":false,"template":"","format":"standard","meta":{"_et_pb_use_builder":"","_et_pb_old_content":""},"categories":[2],"tags":[],"yoast_head":"<!-- This site is optimized with the Yoast SEO Premium plugin v17.8 (Yoast SEO v17.8) - https:\/\/yoast.com\/wordpress\/plugins\/seo\/ -->\n<title>COMMEMORATION DE THIAROYE 44 - Ousmane Sonko \u00e9gratigne la France | Nettali.com<\/title>\n<meta name=\"robots\" content=\"index, follow, max-snippet:-1, max-image-preview:large, max-video-preview:-1\" \/>\n<link rel=\"canonical\" href=\"https:\/\/www.nettali.com\/2024\/07\/28\/commemoration-de-thiaroye-44-ousmane-sonko-egratigne-la-france\/\" \/>\n<meta property=\"og:locale\" content=\"fr_FR\" \/>\n<meta property=\"og:type\" content=\"article\" \/>\n<meta property=\"og:title\" content=\"COMMEMORATION DE THIAROYE 44 - Ousmane Sonko \u00e9gratigne la France\" \/>\n<meta property=\"og:description\" content=\"NETTALI.COM - La tuerie de 1944 \u00e0 Thiaroye est maintenant vieille de 80 ans. Mais cette ann\u00e9e, elle sera c\u00e9l\u00e9br\u00e9e de mani\u00e8re particuli\u00e8re. Promesse d&#039;Ousmane Sonko qui a fait un post dans ce sens pour dire ses quatre v\u00e9rit\u00e9s \u00e0 la France.\u00a0 &quot;Nous demandons au gouvernement fran\u00e7ais de revoir ses m\u00e9thodes, car les temps ont [&hellip;]\" \/>\n<meta property=\"og:url\" content=\"https:\/\/www.nettali.com\/2024\/07\/28\/commemoration-de-thiaroye-44-ousmane-sonko-egratigne-la-france\/\" \/>\n<meta property=\"og:site_name\" content=\"Nettali.com\" \/>\n<meta property=\"article:publisher\" content=\"https:\/\/www.facebook.com\/nettalicom\" \/>\n<meta property=\"article:published_time\" content=\"2024-07-28T18:23:56+00:00\" \/>\n<meta property=\"article:modified_time\" content=\"2024-07-28T18:48:28+00:00\" \/>\n<meta property=\"og:image\" content=\"https:\/\/www.nettali.com\/wp-content\/uploads\/2024\/06\/PM-SONKO.jpg\" \/>\n\t<meta property=\"og:image:width\" content=\"612\" \/>\n\t<meta property=\"og:image:height\" content=\"298\" \/>\n<meta name=\"twitter:card\" content=\"summary_large_image\" \/>\n<meta name=\"twitter:label1\" content=\"\u00c9crit par\" \/>\n\t<meta name=\"twitter:data1\" content=\"Moustapha\" \/>\n\t<meta name=\"twitter:label2\" content=\"Dur\u00e9e de lecture estim\u00e9e\" \/>\n\t<meta name=\"twitter:data2\" content=\"2 minutes\" \/>\n<script type=\"application\/ld+json\" class=\"yoast-schema-graph\">{\"@context\":\"https:\/\/schema.org\",\"@graph\":[{\"@type\":\"WebSite\",\"@id\":\"https:\/\/www.nettali.com\/#website\",\"url\":\"https:\/\/www.nettali.com\/\",\"name\":\"Nettali.com\",\"description\":\"Le rendez-vous critique du Net\",\"potentialAction\":[{\"@type\":\"SearchAction\",\"target\":{\"@type\":\"EntryPoint\",\"urlTemplate\":\"https:\/\/www.nettali.com\/?s={search_term_string}\"},\"query-input\":\"required name=search_term_string\"}],\"inLanguage\":\"fr-FR\"},{\"@type\":\"ImageObject\",\"@id\":\"https:\/\/www.nettali.com\/2024\/07\/28\/commemoration-de-thiaroye-44-ousmane-sonko-egratigne-la-france\/#primaryimage\",\"inLanguage\":\"fr-FR\",\"url\":\"https:\/\/www.nettali.com\/wp-content\/uploads\/2024\/06\/PM-SONKO.jpg\",\"contentUrl\":\"https:\/\/www.nettali.com\/wp-content\/uploads\/2024\/06\/PM-SONKO.jpg\",\"width\":612,\"height\":298},{\"@type\":\"WebPage\",\"@id\":\"https:\/\/www.nettali.com\/2024\/07\/28\/commemoration-de-thiaroye-44-ousmane-sonko-egratigne-la-france\/#webpage\",\"url\":\"https:\/\/www.nettali.com\/2024\/07\/28\/commemoration-de-thiaroye-44-ousmane-sonko-egratigne-la-france\/\",\"name\":\"COMMEMORATION DE THIAROYE 44 - Ousmane Sonko \\u00e9gratigne la France | Nettali.com\",\"isPartOf\":{\"@id\":\"https:\/\/www.nettali.com\/#website\"},\"primaryImageOfPage\":{\"@id\":\"https:\/\/www.nettali.com\/2024\/07\/28\/commemoration-de-thiaroye-44-ousmane-sonko-egratigne-la-france\/#primaryimage\"},\"datePublished\":\"2024-07-28T18:23:56+00:00\",\"dateModified\":\"2024-07-28T18:48:28+00:00\",\"author\":{\"@id\":\"https:\/\/www.nettali.com\/#\/schema\/person\/7962a12a6e0267f88f0ffa544c36469a\"},\"breadcrumb\":{\"@id\":\"https:\/\/www.nettali.com\/2024\/07\/28\/commemoration-de-thiaroye-44-ousmane-sonko-egratigne-la-france\/#breadcrumb\"},\"inLanguage\":\"fr-FR\",\"potentialAction\":[{\"@type\":\"ReadAction\",\"target\":[\"https:\/\/www.nettali.com\/2024\/07\/28\/commemoration-de-thiaroye-44-ousmane-sonko-egratigne-la-france\/\"]}]},{\"@type\":\"BreadcrumbList\",\"@id\":\"https:\/\/www.nettali.com\/2024\/07\/28\/commemoration-de-thiaroye-44-ousmane-sonko-egratigne-la-france\/#breadcrumb\",\"itemListElement\":[{\"@type\":\"ListItem\",\"position\":1,\"name\":\"Accueil\",\"item\":\"https:\/\/www.nettali.com\/\"},{\"@type\":\"ListItem\",\"position\":2,\"name\":\"COMMEMORATION DE THIAROYE 44 - Ousmane Sonko \\u00e9gratigne la France\"}]},{\"@type\":\"Person\",\"@id\":\"https:\/\/www.nettali.com\/#\/schema\/person\/7962a12a6e0267f88f0ffa544c36469a\",\"name\":\"Moustapha\",\"image\":{\"@type\":\"ImageObject\",\"@id\":\"https:\/\/www.nettali.com\/#personlogo\",\"inLanguage\":\"fr-FR\",\"url\":\"https:\/\/secure.gravatar.com\/avatar\/10fdf6a071cccdcf374e3dbe45159590?s=96&d=mm&r=g\",\"contentUrl\":\"https:\/\/secure.gravatar.com\/avatar\/10fdf6a071cccdcf374e3dbe45159590?s=96&d=mm&r=g\",\"caption\":\"Moustapha\"},\"sameAs\":[\"https:\/\/www.nettali.com\"]}]}<\/script>\n<!-- \/ Yoast SEO Premium plugin. -->","yoast_head_json":{"title":"COMMEMORATION DE THIAROYE 44 - Ousmane Sonko \u00e9gratigne la France | Nettali.com","robots":{"index":"index","follow":"follow","max-snippet":"max-snippet:-1","max-image-preview":"max-image-preview:large","max-video-preview":"max-video-preview:-1"},"canonical":"https:\/\/www.nettali.com\/2024\/07\/28\/commemoration-de-thiaroye-44-ousmane-sonko-egratigne-la-france\/","og_locale":"fr_FR","og_type":"article","og_title":"COMMEMORATION DE THIAROYE 44 - Ousmane Sonko \u00e9gratigne la France","og_description":"NETTALI.COM - La tuerie de 1944 \u00e0 Thiaroye est maintenant vieille de 80 ans. Mais cette ann\u00e9e, elle sera c\u00e9l\u00e9br\u00e9e de mani\u00e8re particuli\u00e8re. Promesse d'Ousmane Sonko qui a fait un post dans ce sens pour dire ses quatre v\u00e9rit\u00e9s \u00e0 la France.\u00a0 \"Nous demandons au gouvernement fran\u00e7ais de revoir ses m\u00e9thodes, car les temps ont [&hellip;]","og_url":"https:\/\/www.nettali.com\/2024\/07\/28\/commemoration-de-thiaroye-44-ousmane-sonko-egratigne-la-france\/","og_site_name":"Nettali.com","article_publisher":"https:\/\/www.facebook.com\/nettalicom","article_published_time":"2024-07-28T18:23:56+00:00","article_modified_time":"2024-07-28T18:48:28+00:00","og_image":[{"width":612,"height":298,"url":"https:\/\/www.nettali.com\/wp-content\/uploads\/2024\/06\/PM-SONKO.jpg","type":"image\/jpeg"}],"twitter_card":"summary_large_image","twitter_misc":{"\u00c9crit par":"Moustapha","Dur\u00e9e de lecture estim\u00e9e":"2 minutes"},"schema":{"@context":"https:\/\/schema.org","@graph":[{"@type":"WebSite","@id":"https:\/\/www.nettali.com\/#website","url":"https:\/\/www.nettali.com\/","name":"Nettali.com","description":"Le rendez-vous critique du Net","potentialAction":[{"@type":"SearchAction","target":{"@type":"EntryPoint","urlTemplate":"https:\/\/www.nettali.com\/?s={search_term_string}"},"query-input":"required name=search_term_string"}],"inLanguage":"fr-FR"},{"@type":"ImageObject","@id":"https:\/\/www.nettali.com\/2024\/07\/28\/commemoration-de-thiaroye-44-ousmane-sonko-egratigne-la-france\/#primaryimage","inLanguage":"fr-FR","url":"https:\/\/www.nettali.com\/wp-content\/uploads\/2024\/06\/PM-SONKO.jpg","contentUrl":"https:\/\/www.nettali.com\/wp-content\/uploads\/2024\/06\/PM-SONKO.jpg","width":612,"height":298},{"@type":"WebPage","@id":"https:\/\/www.nettali.com\/2024\/07\/28\/commemoration-de-thiaroye-44-ousmane-sonko-egratigne-la-france\/#webpage","url":"https:\/\/www.nettali.com\/2024\/07\/28\/commemoration-de-thiaroye-44-ousmane-sonko-egratigne-la-france\/","name":"COMMEMORATION DE THIAROYE 44 - Ousmane Sonko \u00e9gratigne la France | Nettali.com","isPartOf":{"@id":"https:\/\/www.nettali.com\/#website"},"primaryImageOfPage":{"@id":"https:\/\/www.nettali.com\/2024\/07\/28\/commemoration-de-thiaroye-44-ousmane-sonko-egratigne-la-france\/#primaryimage"},"datePublished":"2024-07-28T18:23:56+00:00","dateModified":"2024-07-28T18:48:28+00:00","author":{"@id":"https:\/\/www.nettali.com\/#\/schema\/person\/7962a12a6e0267f88f0ffa544c36469a"},"breadcrumb":{"@id":"https:\/\/www.nettali.com\/2024\/07\/28\/commemoration-de-thiaroye-44-ousmane-sonko-egratigne-la-france\/#breadcrumb"},"inLanguage":"fr-FR","potentialAction":[{"@type":"ReadAction","target":["https:\/\/www.nettali.com\/2024\/07\/28\/commemoration-de-thiaroye-44-ousmane-sonko-egratigne-la-france\/"]}]},{"@type":"BreadcrumbList","@id":"https:\/\/www.nettali.com\/2024\/07\/28\/commemoration-de-thiaroye-44-ousmane-sonko-egratigne-la-france\/#breadcrumb","itemListElement":[{"@type":"ListItem","position":1,"name":"Accueil","item":"https:\/\/www.nettali.com\/"},{"@type":"ListItem","position":2,"name":"COMMEMORATION DE THIAROYE 44 - Ousmane Sonko \u00e9gratigne la France"}]},{"@type":"Person","@id":"https:\/\/www.nettali.com\/#\/schema\/person\/7962a12a6e0267f88f0ffa544c36469a","name":"Moustapha","image":{"@type":"ImageObject","@id":"https:\/\/www.nettali.com\/#personlogo","inLanguage":"fr-FR","url":"https:\/\/secure.gravatar.com\/avatar\/10fdf6a071cccdcf374e3dbe45159590?s=96&d=mm&r=g","contentUrl":"https:\/\/secure.gravatar.com\/avatar\/10fdf6a071cccdcf374e3dbe45159590?s=96&d=mm&r=g","caption":"Moustapha"},"sameAs":["https:\/\/www.nettali.com"]}]}},"_links":{"self":[{"href":"https:\/\/www.nettali.com\/rest\/wp\/v2\/posts\/137728"}],"collection":[{"href":"https:\/\/www.nettali.com\/rest\/wp\/v2\/posts"}],"about":[{"href":"https:\/\/www.nettali.com\/rest\/wp\/v2\/types\/post"}],"author":[{"embeddable":true,"href":"https:\/\/www.nettali.com\/rest\/wp\/v2\/users\/3"}],"replies":[{"embeddable":true,"href":"https:\/\/www.nettali.com\/rest\/wp\/v2\/comments?post=137728"}],"version-history":[{"count":2,"href":"https:\/\/www.nettali.com\/rest\/wp\/v2\/posts\/137728\/revisions"}],"predecessor-version":[{"id":137732,"href":"https:\/\/www.nettali.com\/rest\/wp\/v2\/posts\/137728\/revisions\/137732"}],"wp:featuredmedia":[{"embeddable":true,"href":"https:\/\/www.nettali.com\/rest\/wp\/v2\/media\/135963"}],"wp:attachment":[{"href":"https:\/\/www.nettali.com\/rest\/wp\/v2\/media?parent=137728"}],"wp:term":[{"taxonomy":"category","embeddable":true,"href":"https:\/\/www.nettali.com\/rest\/wp\/v2\/categories?post=137728"},{"taxonomy":"post_tag","embeddable":true,"href":"https:\/\/www.nettali.com\/rest\/wp\/v2\/tags?post=137728"}],"curies":[{"name":"wp","href":"https:\/\/api.w.org\/{rel}","templated":true}]}}