{"id":137656,"date":"2024-07-27T08:21:02","date_gmt":"2024-07-27T08:21:02","guid":{"rendered":"https:\/\/www.nettali.com\/?p=137656"},"modified":"2024-07-28T12:51:18","modified_gmt":"2024-07-28T12:51:18","slug":"retour-de-parquet-damath-suzanne-camara-lapr-renvoie-le-pastef-a-son-passe","status":"publish","type":"post","link":"https:\/\/www.nettali.com\/2024\/07\/27\/retour-de-parquet-damath-suzanne-camara-lapr-renvoie-le-pastef-a-son-passe\/","title":{"rendered":"RETOUR DE PARQUET D'AMATH SUZANNE CAMARA - L'Apr renvoie le Pastef \u00e0 son pass\u00e9"},"content":{"rendered":"<div class=\"page\" title=\"Page 2\">\n<div class=\"section\">\n<div class=\"layoutArea\">\n<div class=\"column\">\n<p><strong>NETTALI.COM -<\/strong> Responsable au sein de Benno Bokk Yaakaar (BBY), l'enseignant Amath Suzanne Camara a e\u0301te\u0301 de\u0301fe\u0301re\u0301 au parquet, hier vendredi 26 juillet, pour \"<em>offense au chef de l\u2019E\u0301tat, acte de nature a\u0300 jeter le discre\u0301dit sur une institution de la Re\u0301publique et a\u0300 inciter les citoyens a\u0300 enfreindre les lois<\/em>\". Le membre du Re\u0301seau des enseignants de l'APR devra attendre jusqu'a\u0300 lundi prochain pour faire face au procureur.<\/p>\n<div class=\"page\" title=\"Page 2\">\n<div class=\"section\">\n<div class=\"layoutArea\">\n<div class=\"column\">\n<p>Ce dernier, dit-on, pourrait criminaliser le dossier en ouvrant une information judiciaire. A. S. Camara ne serait pas poursuivi que pour ses dernie\u0300res de\u0301clarations sur Seneweb. Le procureur viserait des propos tenus contre des membres du re\u0301gime actuel sous le magiste\u0300re de Macky Sall.<\/p>\n<\/div>\n<\/div>\n<\/div>\n<\/div>\n<p>Quoi qu\u2019il en soit, il peut compter sur le soutien du Secre\u0301tariat exe\u0301cutif national de l'Alliance pour la Re\u0301publique (APR). Dans un communique\u0301, ce dernier a exprime\u0301 sa \"<em>vive consternation et exprime son soutien agissant au camarade Amath Suzanne Camara, qui vient ainsi allonger la liste des prisonniers politiques\" <\/em>sous le re\u0300gne du pre\u0301sident Bassirou Diomaye Faye, apre\u0300s le camarade Bah Diakhate\u0301.<\/p>\n<p>\"<em>Les Se\u0301ne\u0301galais sont de plus en plus pre\u0301occupe\u0301s par les actes pose\u0301s au quotidien par le nouveau pouvoir en place, marque\u0301s par une haine fe\u0301roce et injustifie\u0301e a\u0300 l'endroit de Macky Sall. Les nouvelles autorite\u0301s doivent se rappeler leurs propos et actes d'hier. Le Pastef a toujours bafoue\u0301 les institutions de la Re\u0301publique, incite\u0301 a\u0300 la haine, a\u0300 l'insurrection, menace\u0301 les hauts fonctionnaires avec les photos des membres de leurs familles, leurs adresses\"<\/em>, a regrette\u0301 l\u2019APR.<\/p>\n<p>Elle rappelle que le pre\u0301sident du Pastef, actuel Premier ministre du gouvernement, avait affirme\u0301, \"<em>comme e\u0301tant sa profonde conviction, que fusiller les anciens pre\u0301sidents du Se\u0301ne\u0301gal n\u2019aurait pas e\u0301te\u0301 conside\u0301re\u0301 par Dieu comme un pe\u0301che\u0301. Aujourd'hui, ils veulent donner aux Se\u0301ne\u0301galais des lec\u0327ons de vertu de respect des institutions ! Le ridicule ne tue point dans notre pays<\/em>\", a raille\u0301 le porte-parole adjoint national du parti, Abdou Mbow.<\/p>\n<\/div>\n<div class=\"column\">\n<p>Le Secre\u0301tariat exe\u0301cutif national de l\u2019APR condamne \"<em>avec la plus grande fermete\u0301<\/em>\" l'arrestation arbitraire d\u2019Amath Suzanne Kamara et demande sa libe\u0301ration imme\u0301diate et sans condition. Le Sen appelle ses camarades a\u0300 rester et a\u0300 \u201cassumer avec dignite\u0301, loyaute\u0301 notre posture d'une opposition intelligente et de\u0301termine\u0301e pour faire face aux fossoyeurs de la de\u0301mocratie qui veulent re\u0301duire les citoyens au silence\u201d.<\/p>\n<p>A\u0300 cet e\u0301gard, \"<em>le Sen engage tous les militants a\u0300 poursuivre la dynamique de remobilisation des bases et de ne pas se laisser perturber par certaines de\u0301missions qui n\u2019impactent nullement la base du parti et encore moins les militants qui sont plus que jamais engage\u0301s au sein de l\u2019APR dans une opposition constructive et debout pour la pre\u0301servation de nos acquis de\u0301mocratiques et la de\u0301fense des inte\u0301re\u0302ts des Se\u0301ne\u0301galais\"<\/em>, a sou- tenu l\u2019APR.<\/p>\n<p>\"<em>Le Secre\u0301tariat exe\u0301cutif national de l\u2019APR n\u2019a aucune inquie\u0301tude quant aux menaces qui pe\u0300seraient sur le pre\u0301sident de l\u2019APR, venant de ce soi-disant collectif des victimes de Macky Sall qui manque de respect aux Se\u0301ne\u0301galais, en diffusant a\u0300 l\u2019e\u0301tranger une image si ne\u0301gative et tronque\u0301e de leur pays<\/em>\", poursuivent Abdou Mbow et Cie.<\/p>\n<p>En effet, d\u2019apre\u0300s eux, \"<em>affirmer a\u0300 la face du monde que le re\u0301gime du pre\u0301sident Macky Sall a e\u0301te\u0301 fatal pour la population se\u0301ne\u0301galaise et de la diaspora, et que la re\u0301pression durant son re\u0300gne a cou\u0302te\u0301 la vie a\u0300 plus de 80 personnes et force\u0301 des milliers de jeunes disparus en Me\u0301diterrane\u0301e, suite aux menaces et aux perse\u0301cutions, rele\u0300ve juste du de\u0301lire mental de leurs auteurs en mal de notorie\u0301te\u0301 politique. Tout ce qui est excessif est par nature insignifiant\"<\/em>.<\/p>\n<p>Le Sen de l\u2019APR demande a\u0300 ses militants de \"<em>demeurer confiants, combatifs et de\u0301finitive- ment re\u0301publicains en vue des futurs et exaltants combats que nous avons a\u0300 mener<\/em>\".<\/p>\n<\/div>\n<\/div>\n<\/div>\n<\/div>\n<div class='share-to-whatsapp-wrapper'><div class='share-on-whsp'>PARTAGER SUR : <\/div><a data-text='RETOUR DE PARQUET D'AMATH SUZANNE CAMARA - L'Apr renvoie le Pastef \u00e0 son pass\u00e9' data-link='https:\/\/www.nettali.com\/2024\/07\/27\/retour-de-parquet-damath-suzanne-camara-lapr-renvoie-le-pastef-a-son-passe\/' class='whatsapp-button whatsapp-share'>WhatsApp<\/a><div class='clear '><\/div><\/div>","protected":false},"excerpt":{"rendered":"<p>NETTALI.COM - Responsable au sein de Benno Bokk Yaakaar (BBY), l'enseignant Amath Suzanne Camara a e\u0301te\u0301 de\u0301fe\u0301re\u0301 au parquet, hier vendredi 26 juillet, pour \"offense au chef de l\u2019E\u0301tat, acte de nature a\u0300 jeter le discre\u0301dit sur une institution de la Re\u0301publique et a\u0300 inciter les citoyens a\u0300 enfreindre les lois\". Le membre du Re\u0301seau [&hellip;]<\/p>\n","protected":false},"author":2,"featured_media":137658,"comment_status":"open","ping_status":"open","sticky":false,"template":"","format":"standard","meta":{"_et_pb_use_builder":"","_et_pb_old_content":""},"categories":[34945],"tags":[],"yoast_head":"<!-- This site is optimized with the Yoast SEO Premium plugin v17.8 (Yoast SEO v17.8) - https:\/\/yoast.com\/wordpress\/plugins\/seo\/ -->\n<title>RETOUR DE PARQUET D&#039;AMATH SUZANNE CAMARA - L&#039;Apr renvoie le Pastef \u00e0 son pass\u00e9 | Nettali.com<\/title>\n<meta name=\"robots\" content=\"index, follow, max-snippet:-1, max-image-preview:large, max-video-preview:-1\" \/>\n<link rel=\"canonical\" href=\"https:\/\/www.nettali.com\/2024\/07\/27\/retour-de-parquet-damath-suzanne-camara-lapr-renvoie-le-pastef-a-son-passe\/\" \/>\n<meta property=\"og:locale\" content=\"fr_FR\" \/>\n<meta property=\"og:type\" content=\"article\" \/>\n<meta property=\"og:title\" content=\"RETOUR DE PARQUET D&#039;AMATH SUZANNE CAMARA - L&#039;Apr renvoie le Pastef \u00e0 son pass\u00e9\" \/>\n<meta property=\"og:description\" content=\"NETTALI.COM - Responsable au sein de Benno Bokk Yaakaar (BBY), l&#039;enseignant Amath Suzanne Camara a e\u0301te\u0301 de\u0301fe\u0301re\u0301 au parquet, hier vendredi 26 juillet, pour &quot;offense au chef de l\u2019E\u0301tat, acte de nature a\u0300 jeter le discre\u0301dit sur une institution de la Re\u0301publique et a\u0300 inciter les citoyens a\u0300 enfreindre les lois&quot;. Le membre du Re\u0301seau [&hellip;]\" \/>\n<meta property=\"og:url\" content=\"https:\/\/www.nettali.com\/2024\/07\/27\/retour-de-parquet-damath-suzanne-camara-lapr-renvoie-le-pastef-a-son-passe\/\" \/>\n<meta property=\"og:site_name\" content=\"Nettali.com\" \/>\n<meta property=\"article:publisher\" content=\"https:\/\/www.facebook.com\/nettalicom\" \/>\n<meta property=\"article:published_time\" content=\"2024-07-27T08:21:02+00:00\" \/>\n<meta property=\"article:modified_time\" content=\"2024-07-28T12:51:18+00:00\" \/>\n<meta property=\"og:image\" content=\"https:\/\/www.nettali.com\/wp-content\/uploads\/2024\/07\/sen-de-APR.jpg\" \/>\n\t<meta property=\"og:image:width\" content=\"700\" \/>\n\t<meta property=\"og:image:height\" content=\"467\" \/>\n<meta name=\"twitter:card\" content=\"summary_large_image\" \/>\n<meta name=\"twitter:label1\" content=\"\u00c9crit par\" \/>\n\t<meta name=\"twitter:data1\" content=\"CK\" \/>\n\t<meta name=\"twitter:label2\" content=\"Dur\u00e9e de lecture estim\u00e9e\" \/>\n\t<meta name=\"twitter:data2\" content=\"4 minutes\" \/>\n<script type=\"application\/ld+json\" class=\"yoast-schema-graph\">{\"@context\":\"https:\/\/schema.org\",\"@graph\":[{\"@type\":\"WebSite\",\"@id\":\"https:\/\/www.nettali.com\/#website\",\"url\":\"https:\/\/www.nettali.com\/\",\"name\":\"Nettali.com\",\"description\":\"Le rendez-vous critique du Net\",\"potentialAction\":[{\"@type\":\"SearchAction\",\"target\":{\"@type\":\"EntryPoint\",\"urlTemplate\":\"https:\/\/www.nettali.com\/?s={search_term_string}\"},\"query-input\":\"required name=search_term_string\"}],\"inLanguage\":\"fr-FR\"},{\"@type\":\"ImageObject\",\"@id\":\"https:\/\/www.nettali.com\/2024\/07\/27\/retour-de-parquet-damath-suzanne-camara-lapr-renvoie-le-pastef-a-son-passe\/#primaryimage\",\"inLanguage\":\"fr-FR\",\"url\":\"https:\/\/www.nettali.com\/wp-content\/uploads\/2024\/07\/sen-de-APR.jpg\",\"contentUrl\":\"https:\/\/www.nettali.com\/wp-content\/uploads\/2024\/07\/sen-de-APR.jpg\",\"width\":700,\"height\":467},{\"@type\":\"WebPage\",\"@id\":\"https:\/\/www.nettali.com\/2024\/07\/27\/retour-de-parquet-damath-suzanne-camara-lapr-renvoie-le-pastef-a-son-passe\/#webpage\",\"url\":\"https:\/\/www.nettali.com\/2024\/07\/27\/retour-de-parquet-damath-suzanne-camara-lapr-renvoie-le-pastef-a-son-passe\/\",\"name\":\"RETOUR DE PARQUET D'AMATH SUZANNE CAMARA - L'Apr renvoie le Pastef \\u00e0 son pass\\u00e9 | Nettali.com\",\"isPartOf\":{\"@id\":\"https:\/\/www.nettali.com\/#website\"},\"primaryImageOfPage\":{\"@id\":\"https:\/\/www.nettali.com\/2024\/07\/27\/retour-de-parquet-damath-suzanne-camara-lapr-renvoie-le-pastef-a-son-passe\/#primaryimage\"},\"datePublished\":\"2024-07-27T08:21:02+00:00\",\"dateModified\":\"2024-07-28T12:51:18+00:00\",\"author\":{\"@id\":\"https:\/\/www.nettali.com\/#\/schema\/person\/d8ac7b7e27ddad43f1c0d2ef090d7f71\"},\"breadcrumb\":{\"@id\":\"https:\/\/www.nettali.com\/2024\/07\/27\/retour-de-parquet-damath-suzanne-camara-lapr-renvoie-le-pastef-a-son-passe\/#breadcrumb\"},\"inLanguage\":\"fr-FR\",\"potentialAction\":[{\"@type\":\"ReadAction\",\"target\":[\"https:\/\/www.nettali.com\/2024\/07\/27\/retour-de-parquet-damath-suzanne-camara-lapr-renvoie-le-pastef-a-son-passe\/\"]}]},{\"@type\":\"BreadcrumbList\",\"@id\":\"https:\/\/www.nettali.com\/2024\/07\/27\/retour-de-parquet-damath-suzanne-camara-lapr-renvoie-le-pastef-a-son-passe\/#breadcrumb\",\"itemListElement\":[{\"@type\":\"ListItem\",\"position\":1,\"name\":\"Accueil\",\"item\":\"https:\/\/www.nettali.com\/\"},{\"@type\":\"ListItem\",\"position\":2,\"name\":\"RETOUR DE PARQUET D'AMATH SUZANNE CAMARA - L'Apr renvoie le Pastef \\u00e0 son pass\\u00e9\"}]},{\"@type\":\"Person\",\"@id\":\"https:\/\/www.nettali.com\/#\/schema\/person\/d8ac7b7e27ddad43f1c0d2ef090d7f71\",\"name\":\"CK\",\"image\":{\"@type\":\"ImageObject\",\"@id\":\"https:\/\/www.nettali.com\/#personlogo\",\"inLanguage\":\"fr-FR\",\"url\":\"https:\/\/secure.gravatar.com\/avatar\/1d8d5118b9327d94da7cd4ce7f17fec2?s=96&d=mm&r=g\",\"contentUrl\":\"https:\/\/secure.gravatar.com\/avatar\/1d8d5118b9327d94da7cd4ce7f17fec2?s=96&d=mm&r=g\",\"caption\":\"CK\"},\"sameAs\":[\"https:\/\/www.nettali.com\"]}]}<\/script>\n<!-- \/ Yoast SEO Premium plugin. -->","yoast_head_json":{"title":"RETOUR DE PARQUET D'AMATH SUZANNE CAMARA - L'Apr renvoie le Pastef \u00e0 son pass\u00e9 | Nettali.com","robots":{"index":"index","follow":"follow","max-snippet":"max-snippet:-1","max-image-preview":"max-image-preview:large","max-video-preview":"max-video-preview:-1"},"canonical":"https:\/\/www.nettali.com\/2024\/07\/27\/retour-de-parquet-damath-suzanne-camara-lapr-renvoie-le-pastef-a-son-passe\/","og_locale":"fr_FR","og_type":"article","og_title":"RETOUR DE PARQUET D'AMATH SUZANNE CAMARA - L'Apr renvoie le Pastef \u00e0 son pass\u00e9","og_description":"NETTALI.COM - Responsable au sein de Benno Bokk Yaakaar (BBY), l'enseignant Amath Suzanne Camara a e\u0301te\u0301 de\u0301fe\u0301re\u0301 au parquet, hier vendredi 26 juillet, pour \"offense au chef de l\u2019E\u0301tat, acte de nature a\u0300 jeter le discre\u0301dit sur une institution de la Re\u0301publique et a\u0300 inciter les citoyens a\u0300 enfreindre les lois\". Le membre du Re\u0301seau [&hellip;]","og_url":"https:\/\/www.nettali.com\/2024\/07\/27\/retour-de-parquet-damath-suzanne-camara-lapr-renvoie-le-pastef-a-son-passe\/","og_site_name":"Nettali.com","article_publisher":"https:\/\/www.facebook.com\/nettalicom","article_published_time":"2024-07-27T08:21:02+00:00","article_modified_time":"2024-07-28T12:51:18+00:00","og_image":[{"width":700,"height":467,"url":"https:\/\/www.nettali.com\/wp-content\/uploads\/2024\/07\/sen-de-APR.jpg","type":"image\/jpeg"}],"twitter_card":"summary_large_image","twitter_misc":{"\u00c9crit par":"CK","Dur\u00e9e de lecture estim\u00e9e":"4 minutes"},"schema":{"@context":"https:\/\/schema.org","@graph":[{"@type":"WebSite","@id":"https:\/\/www.nettali.com\/#website","url":"https:\/\/www.nettali.com\/","name":"Nettali.com","description":"Le rendez-vous critique du Net","potentialAction":[{"@type":"SearchAction","target":{"@type":"EntryPoint","urlTemplate":"https:\/\/www.nettali.com\/?s={search_term_string}"},"query-input":"required name=search_term_string"}],"inLanguage":"fr-FR"},{"@type":"ImageObject","@id":"https:\/\/www.nettali.com\/2024\/07\/27\/retour-de-parquet-damath-suzanne-camara-lapr-renvoie-le-pastef-a-son-passe\/#primaryimage","inLanguage":"fr-FR","url":"https:\/\/www.nettali.com\/wp-content\/uploads\/2024\/07\/sen-de-APR.jpg","contentUrl":"https:\/\/www.nettali.com\/wp-content\/uploads\/2024\/07\/sen-de-APR.jpg","width":700,"height":467},{"@type":"WebPage","@id":"https:\/\/www.nettali.com\/2024\/07\/27\/retour-de-parquet-damath-suzanne-camara-lapr-renvoie-le-pastef-a-son-passe\/#webpage","url":"https:\/\/www.nettali.com\/2024\/07\/27\/retour-de-parquet-damath-suzanne-camara-lapr-renvoie-le-pastef-a-son-passe\/","name":"RETOUR DE PARQUET D'AMATH SUZANNE CAMARA - L'Apr renvoie le Pastef \u00e0 son pass\u00e9 | Nettali.com","isPartOf":{"@id":"https:\/\/www.nettali.com\/#website"},"primaryImageOfPage":{"@id":"https:\/\/www.nettali.com\/2024\/07\/27\/retour-de-parquet-damath-suzanne-camara-lapr-renvoie-le-pastef-a-son-passe\/#primaryimage"},"datePublished":"2024-07-27T08:21:02+00:00","dateModified":"2024-07-28T12:51:18+00:00","author":{"@id":"https:\/\/www.nettali.com\/#\/schema\/person\/d8ac7b7e27ddad43f1c0d2ef090d7f71"},"breadcrumb":{"@id":"https:\/\/www.nettali.com\/2024\/07\/27\/retour-de-parquet-damath-suzanne-camara-lapr-renvoie-le-pastef-a-son-passe\/#breadcrumb"},"inLanguage":"fr-FR","potentialAction":[{"@type":"ReadAction","target":["https:\/\/www.nettali.com\/2024\/07\/27\/retour-de-parquet-damath-suzanne-camara-lapr-renvoie-le-pastef-a-son-passe\/"]}]},{"@type":"BreadcrumbList","@id":"https:\/\/www.nettali.com\/2024\/07\/27\/retour-de-parquet-damath-suzanne-camara-lapr-renvoie-le-pastef-a-son-passe\/#breadcrumb","itemListElement":[{"@type":"ListItem","position":1,"name":"Accueil","item":"https:\/\/www.nettali.com\/"},{"@type":"ListItem","position":2,"name":"RETOUR DE PARQUET D'AMATH SUZANNE CAMARA - L'Apr renvoie le Pastef \u00e0 son pass\u00e9"}]},{"@type":"Person","@id":"https:\/\/www.nettali.com\/#\/schema\/person\/d8ac7b7e27ddad43f1c0d2ef090d7f71","name":"CK","image":{"@type":"ImageObject","@id":"https:\/\/www.nettali.com\/#personlogo","inLanguage":"fr-FR","url":"https:\/\/secure.gravatar.com\/avatar\/1d8d5118b9327d94da7cd4ce7f17fec2?s=96&d=mm&r=g","contentUrl":"https:\/\/secure.gravatar.com\/avatar\/1d8d5118b9327d94da7cd4ce7f17fec2?s=96&d=mm&r=g","caption":"CK"},"sameAs":["https:\/\/www.nettali.com"]}]}},"_links":{"self":[{"href":"https:\/\/www.nettali.com\/rest\/wp\/v2\/posts\/137656"}],"collection":[{"href":"https:\/\/www.nettali.com\/rest\/wp\/v2\/posts"}],"about":[{"href":"https:\/\/www.nettali.com\/rest\/wp\/v2\/types\/post"}],"author":[{"embeddable":true,"href":"https:\/\/www.nettali.com\/rest\/wp\/v2\/users\/2"}],"replies":[{"embeddable":true,"href":"https:\/\/www.nettali.com\/rest\/wp\/v2\/comments?post=137656"}],"version-history":[{"count":1,"href":"https:\/\/www.nettali.com\/rest\/wp\/v2\/posts\/137656\/revisions"}],"predecessor-version":[{"id":137659,"href":"https:\/\/www.nettali.com\/rest\/wp\/v2\/posts\/137656\/revisions\/137659"}],"wp:featuredmedia":[{"embeddable":true,"href":"https:\/\/www.nettali.com\/rest\/wp\/v2\/media\/137658"}],"wp:attachment":[{"href":"https:\/\/www.nettali.com\/rest\/wp\/v2\/media?parent=137656"}],"wp:term":[{"taxonomy":"category","embeddable":true,"href":"https:\/\/www.nettali.com\/rest\/wp\/v2\/categories?post=137656"},{"taxonomy":"post_tag","embeddable":true,"href":"https:\/\/www.nettali.com\/rest\/wp\/v2\/tags?post=137656"}],"curies":[{"name":"wp","href":"https:\/\/api.w.org\/{rel}","templated":true}]}}