{"id":137637,"date":"2024-07-26T18:09:32","date_gmt":"2024-07-26T18:09:32","guid":{"rendered":"https:\/\/www.nettali.com\/?p=137637"},"modified":"2024-07-26T18:13:27","modified_gmt":"2024-07-26T18:13:27","slug":"arrestation-damath-suzane-camara-ce-que-demandent-les-deputes-de-benno","status":"publish","type":"post","link":"https:\/\/www.nettali.com\/2024\/07\/26\/arrestation-damath-suzane-camara-ce-que-demandent-les-deputes-de-benno\/","title":{"rendered":"ARRESTATION D'AMATH SUZANE CAMARA - Ce que demandent les d\u00e9put\u00e9s de Benno"},"content":{"rendered":"<p><strong>NETTALI.COM - Les d\u00e9put\u00e9s de Benno Bokk Yakaar s'int\u00e9ressent au cas Amath Suzane Camara. Dans un communiqu\u00e9 sign\u00e9 par Abdou Mbow, le pr\u00e9sident de leur groupe, ils ont condamn\u00e9 l'arrestation de ce responsable de l'Alliance pour la r\u00e9publique (APR).\u00a0\u00a0<\/strong><\/p>\n<p>C'est ce jeudi 25 juillet 2024 que les d\u00e9put\u00e9s du groupe parlementaire Benno Bokk Yaakaar se sont r\u00e9unis. Et dans le communiqu\u00e9 sanctionnant la rencontre, Abdou Mbow et compagnie disent avoir \"<em>r\u00e9affirm\u00e9 leur lutte pour la diffusion de I'id\u00e9ologie et de la doctrine qui sous-tendent leurs combats au b\u00e9n\u00e9fice des populations s\u00e9n\u00e9galaises<\/em>\". \"<em>Aussi, les d\u00e9put\u00e9s du groupe Benno Bokk Yaakaar condamnent avec fermet\u00e9, I'arrestation arbitraire de leur camarade Amath Suzane Camara et demandent au gouvernement de plut\u00f4t travailler \u00e0 arr\u00eater cette \u00e9migration irr\u00e9guli\u00e8re qui continue de tuer nos enfants dans la mer, en essayant au moins de respecter les promesses que les anciens opposants avaient faites \u00e0 une jeunesse d\u00e9sesp\u00e9r\u00e9e et surtout avide d'emplois<\/em>\", lit-on dans le communiqu\u00e9 sign\u00e9 par Abdou Mbaye, pr\u00e9sident du groupe Benno \u00e0 l'Assembl\u00e9e nationale.<\/p>\n<p>\"<em>Les d\u00e9put\u00e9s du groupe Benno Bokk Yakaar demeurent plus que jamais \u00e0 l'\u00e9coute de leurs concitoyens et joueront le r\u00f4le qui est le leur dans la\u00a0 pl\u00e9nitude des pr\u00e9rogatives qui sont les leurs \u00e0 l'Assembl\u00e9e nationale<\/em>\", promettent Abdou Mbow et compagnie.<\/p>\n<div class='share-to-whatsapp-wrapper'><div class='share-on-whsp'>PARTAGER SUR : <\/div><a data-text='ARRESTATION D'AMATH SUZANE CAMARA - Ce que demandent les d\u00e9put\u00e9s de Benno' data-link='https:\/\/www.nettali.com\/2024\/07\/26\/arrestation-damath-suzane-camara-ce-que-demandent-les-deputes-de-benno\/' class='whatsapp-button whatsapp-share'>WhatsApp<\/a><div class='clear '><\/div><\/div>","protected":false},"excerpt":{"rendered":"<p>NETTALI.COM - Les d\u00e9put\u00e9s de Benno Bokk Yakaar s'int\u00e9ressent au cas Amath Suzane Camara. Dans un communiqu\u00e9 sign\u00e9 par Abdou Mbow, le pr\u00e9sident de leur groupe, ils ont condamn\u00e9 l'arrestation de ce responsable de l'Alliance pour la r\u00e9publique (APR).\u00a0\u00a0 C'est ce jeudi 25 juillet 2024 que les d\u00e9put\u00e9s du groupe parlementaire Benno Bokk Yaakaar se [&hellip;]<\/p>\n","protected":false},"author":3,"featured_media":137639,"comment_status":"open","ping_status":"open","sticky":false,"template":"","format":"standard","meta":{"_et_pb_use_builder":"","_et_pb_old_content":""},"categories":[2],"tags":[],"yoast_head":"<!-- This site is optimized with the Yoast SEO Premium plugin v17.8 (Yoast SEO v17.8) - https:\/\/yoast.com\/wordpress\/plugins\/seo\/ -->\n<title>ARRESTATION D&#039;AMATH SUZANE CAMARA - Ce que demandent les d\u00e9put\u00e9s de Benno | Nettali.com<\/title>\n<meta name=\"robots\" content=\"index, follow, max-snippet:-1, max-image-preview:large, max-video-preview:-1\" \/>\n<link rel=\"canonical\" href=\"https:\/\/www.nettali.com\/2024\/07\/26\/arrestation-damath-suzane-camara-ce-que-demandent-les-deputes-de-benno\/\" \/>\n<meta property=\"og:locale\" content=\"fr_FR\" \/>\n<meta property=\"og:type\" content=\"article\" \/>\n<meta property=\"og:title\" content=\"ARRESTATION D&#039;AMATH SUZANE CAMARA - Ce que demandent les d\u00e9put\u00e9s de Benno\" \/>\n<meta property=\"og:description\" content=\"NETTALI.COM - Les d\u00e9put\u00e9s de Benno Bokk Yakaar s&#039;int\u00e9ressent au cas Amath Suzane Camara. Dans un communiqu\u00e9 sign\u00e9 par Abdou Mbow, le pr\u00e9sident de leur groupe, ils ont condamn\u00e9 l&#039;arrestation de ce responsable de l&#039;Alliance pour la r\u00e9publique (APR).\u00a0\u00a0 C&#039;est ce jeudi 25 juillet 2024 que les d\u00e9put\u00e9s du groupe parlementaire Benno Bokk Yaakaar se [&hellip;]\" \/>\n<meta property=\"og:url\" content=\"https:\/\/www.nettali.com\/2024\/07\/26\/arrestation-damath-suzane-camara-ce-que-demandent-les-deputes-de-benno\/\" \/>\n<meta property=\"og:site_name\" content=\"Nettali.com\" \/>\n<meta property=\"article:publisher\" content=\"https:\/\/www.facebook.com\/nettalicom\" \/>\n<meta property=\"article:published_time\" content=\"2024-07-26T18:09:32+00:00\" \/>\n<meta property=\"article:modified_time\" content=\"2024-07-26T18:13:27+00:00\" \/>\n<meta property=\"og:image\" content=\"https:\/\/www.nettali.com\/wp-content\/uploads\/2024\/07\/1722017457394.jpg\" \/>\n\t<meta property=\"og:image:width\" content=\"944\" \/>\n\t<meta property=\"og:image:height\" content=\"960\" \/>\n<meta name=\"twitter:card\" content=\"summary_large_image\" \/>\n<meta name=\"twitter:label1\" content=\"\u00c9crit par\" \/>\n\t<meta name=\"twitter:data1\" content=\"Moustapha\" \/>\n\t<meta name=\"twitter:label2\" content=\"Dur\u00e9e de lecture estim\u00e9e\" \/>\n\t<meta name=\"twitter:data2\" content=\"2 minutes\" \/>\n<script type=\"application\/ld+json\" class=\"yoast-schema-graph\">{\"@context\":\"https:\/\/schema.org\",\"@graph\":[{\"@type\":\"WebSite\",\"@id\":\"https:\/\/www.nettali.com\/#website\",\"url\":\"https:\/\/www.nettali.com\/\",\"name\":\"Nettali.com\",\"description\":\"Le rendez-vous critique du Net\",\"potentialAction\":[{\"@type\":\"SearchAction\",\"target\":{\"@type\":\"EntryPoint\",\"urlTemplate\":\"https:\/\/www.nettali.com\/?s={search_term_string}\"},\"query-input\":\"required name=search_term_string\"}],\"inLanguage\":\"fr-FR\"},{\"@type\":\"ImageObject\",\"@id\":\"https:\/\/www.nettali.com\/2024\/07\/26\/arrestation-damath-suzane-camara-ce-que-demandent-les-deputes-de-benno\/#primaryimage\",\"inLanguage\":\"fr-FR\",\"url\":\"https:\/\/www.nettali.com\/wp-content\/uploads\/2024\/07\/1722017457394.jpg\",\"contentUrl\":\"https:\/\/www.nettali.com\/wp-content\/uploads\/2024\/07\/1722017457394.jpg\",\"width\":944,\"height\":960},{\"@type\":\"WebPage\",\"@id\":\"https:\/\/www.nettali.com\/2024\/07\/26\/arrestation-damath-suzane-camara-ce-que-demandent-les-deputes-de-benno\/#webpage\",\"url\":\"https:\/\/www.nettali.com\/2024\/07\/26\/arrestation-damath-suzane-camara-ce-que-demandent-les-deputes-de-benno\/\",\"name\":\"ARRESTATION D'AMATH SUZANE CAMARA - Ce que demandent les d\\u00e9put\\u00e9s de Benno | Nettali.com\",\"isPartOf\":{\"@id\":\"https:\/\/www.nettali.com\/#website\"},\"primaryImageOfPage\":{\"@id\":\"https:\/\/www.nettali.com\/2024\/07\/26\/arrestation-damath-suzane-camara-ce-que-demandent-les-deputes-de-benno\/#primaryimage\"},\"datePublished\":\"2024-07-26T18:09:32+00:00\",\"dateModified\":\"2024-07-26T18:13:27+00:00\",\"author\":{\"@id\":\"https:\/\/www.nettali.com\/#\/schema\/person\/7962a12a6e0267f88f0ffa544c36469a\"},\"breadcrumb\":{\"@id\":\"https:\/\/www.nettali.com\/2024\/07\/26\/arrestation-damath-suzane-camara-ce-que-demandent-les-deputes-de-benno\/#breadcrumb\"},\"inLanguage\":\"fr-FR\",\"potentialAction\":[{\"@type\":\"ReadAction\",\"target\":[\"https:\/\/www.nettali.com\/2024\/07\/26\/arrestation-damath-suzane-camara-ce-que-demandent-les-deputes-de-benno\/\"]}]},{\"@type\":\"BreadcrumbList\",\"@id\":\"https:\/\/www.nettali.com\/2024\/07\/26\/arrestation-damath-suzane-camara-ce-que-demandent-les-deputes-de-benno\/#breadcrumb\",\"itemListElement\":[{\"@type\":\"ListItem\",\"position\":1,\"name\":\"Accueil\",\"item\":\"https:\/\/www.nettali.com\/\"},{\"@type\":\"ListItem\",\"position\":2,\"name\":\"ARRESTATION D'AMATH SUZANE CAMARA - Ce que demandent les d\\u00e9put\\u00e9s de Benno\"}]},{\"@type\":\"Person\",\"@id\":\"https:\/\/www.nettali.com\/#\/schema\/person\/7962a12a6e0267f88f0ffa544c36469a\",\"name\":\"Moustapha\",\"image\":{\"@type\":\"ImageObject\",\"@id\":\"https:\/\/www.nettali.com\/#personlogo\",\"inLanguage\":\"fr-FR\",\"url\":\"https:\/\/secure.gravatar.com\/avatar\/10fdf6a071cccdcf374e3dbe45159590?s=96&d=mm&r=g\",\"contentUrl\":\"https:\/\/secure.gravatar.com\/avatar\/10fdf6a071cccdcf374e3dbe45159590?s=96&d=mm&r=g\",\"caption\":\"Moustapha\"},\"sameAs\":[\"https:\/\/www.nettali.com\"]}]}<\/script>\n<!-- \/ Yoast SEO Premium plugin. -->","yoast_head_json":{"title":"ARRESTATION D'AMATH SUZANE CAMARA - Ce que demandent les d\u00e9put\u00e9s de Benno | Nettali.com","robots":{"index":"index","follow":"follow","max-snippet":"max-snippet:-1","max-image-preview":"max-image-preview:large","max-video-preview":"max-video-preview:-1"},"canonical":"https:\/\/www.nettali.com\/2024\/07\/26\/arrestation-damath-suzane-camara-ce-que-demandent-les-deputes-de-benno\/","og_locale":"fr_FR","og_type":"article","og_title":"ARRESTATION D'AMATH SUZANE CAMARA - Ce que demandent les d\u00e9put\u00e9s de Benno","og_description":"NETTALI.COM - Les d\u00e9put\u00e9s de Benno Bokk Yakaar s'int\u00e9ressent au cas Amath Suzane Camara. Dans un communiqu\u00e9 sign\u00e9 par Abdou Mbow, le pr\u00e9sident de leur groupe, ils ont condamn\u00e9 l'arrestation de ce responsable de l'Alliance pour la r\u00e9publique (APR).\u00a0\u00a0 C'est ce jeudi 25 juillet 2024 que les d\u00e9put\u00e9s du groupe parlementaire Benno Bokk Yaakaar se [&hellip;]","og_url":"https:\/\/www.nettali.com\/2024\/07\/26\/arrestation-damath-suzane-camara-ce-que-demandent-les-deputes-de-benno\/","og_site_name":"Nettali.com","article_publisher":"https:\/\/www.facebook.com\/nettalicom","article_published_time":"2024-07-26T18:09:32+00:00","article_modified_time":"2024-07-26T18:13:27+00:00","og_image":[{"width":944,"height":960,"url":"https:\/\/www.nettali.com\/wp-content\/uploads\/2024\/07\/1722017457394.jpg","type":"image\/jpeg"}],"twitter_card":"summary_large_image","twitter_misc":{"\u00c9crit par":"Moustapha","Dur\u00e9e de lecture estim\u00e9e":"2 minutes"},"schema":{"@context":"https:\/\/schema.org","@graph":[{"@type":"WebSite","@id":"https:\/\/www.nettali.com\/#website","url":"https:\/\/www.nettali.com\/","name":"Nettali.com","description":"Le rendez-vous critique du Net","potentialAction":[{"@type":"SearchAction","target":{"@type":"EntryPoint","urlTemplate":"https:\/\/www.nettali.com\/?s={search_term_string}"},"query-input":"required name=search_term_string"}],"inLanguage":"fr-FR"},{"@type":"ImageObject","@id":"https:\/\/www.nettali.com\/2024\/07\/26\/arrestation-damath-suzane-camara-ce-que-demandent-les-deputes-de-benno\/#primaryimage","inLanguage":"fr-FR","url":"https:\/\/www.nettali.com\/wp-content\/uploads\/2024\/07\/1722017457394.jpg","contentUrl":"https:\/\/www.nettali.com\/wp-content\/uploads\/2024\/07\/1722017457394.jpg","width":944,"height":960},{"@type":"WebPage","@id":"https:\/\/www.nettali.com\/2024\/07\/26\/arrestation-damath-suzane-camara-ce-que-demandent-les-deputes-de-benno\/#webpage","url":"https:\/\/www.nettali.com\/2024\/07\/26\/arrestation-damath-suzane-camara-ce-que-demandent-les-deputes-de-benno\/","name":"ARRESTATION D'AMATH SUZANE CAMARA - Ce que demandent les d\u00e9put\u00e9s de Benno | Nettali.com","isPartOf":{"@id":"https:\/\/www.nettali.com\/#website"},"primaryImageOfPage":{"@id":"https:\/\/www.nettali.com\/2024\/07\/26\/arrestation-damath-suzane-camara-ce-que-demandent-les-deputes-de-benno\/#primaryimage"},"datePublished":"2024-07-26T18:09:32+00:00","dateModified":"2024-07-26T18:13:27+00:00","author":{"@id":"https:\/\/www.nettali.com\/#\/schema\/person\/7962a12a6e0267f88f0ffa544c36469a"},"breadcrumb":{"@id":"https:\/\/www.nettali.com\/2024\/07\/26\/arrestation-damath-suzane-camara-ce-que-demandent-les-deputes-de-benno\/#breadcrumb"},"inLanguage":"fr-FR","potentialAction":[{"@type":"ReadAction","target":["https:\/\/www.nettali.com\/2024\/07\/26\/arrestation-damath-suzane-camara-ce-que-demandent-les-deputes-de-benno\/"]}]},{"@type":"BreadcrumbList","@id":"https:\/\/www.nettali.com\/2024\/07\/26\/arrestation-damath-suzane-camara-ce-que-demandent-les-deputes-de-benno\/#breadcrumb","itemListElement":[{"@type":"ListItem","position":1,"name":"Accueil","item":"https:\/\/www.nettali.com\/"},{"@type":"ListItem","position":2,"name":"ARRESTATION D'AMATH SUZANE CAMARA - Ce que demandent les d\u00e9put\u00e9s de Benno"}]},{"@type":"Person","@id":"https:\/\/www.nettali.com\/#\/schema\/person\/7962a12a6e0267f88f0ffa544c36469a","name":"Moustapha","image":{"@type":"ImageObject","@id":"https:\/\/www.nettali.com\/#personlogo","inLanguage":"fr-FR","url":"https:\/\/secure.gravatar.com\/avatar\/10fdf6a071cccdcf374e3dbe45159590?s=96&d=mm&r=g","contentUrl":"https:\/\/secure.gravatar.com\/avatar\/10fdf6a071cccdcf374e3dbe45159590?s=96&d=mm&r=g","caption":"Moustapha"},"sameAs":["https:\/\/www.nettali.com"]}]}},"_links":{"self":[{"href":"https:\/\/www.nettali.com\/rest\/wp\/v2\/posts\/137637"}],"collection":[{"href":"https:\/\/www.nettali.com\/rest\/wp\/v2\/posts"}],"about":[{"href":"https:\/\/www.nettali.com\/rest\/wp\/v2\/types\/post"}],"author":[{"embeddable":true,"href":"https:\/\/www.nettali.com\/rest\/wp\/v2\/users\/3"}],"replies":[{"embeddable":true,"href":"https:\/\/www.nettali.com\/rest\/wp\/v2\/comments?post=137637"}],"version-history":[{"count":1,"href":"https:\/\/www.nettali.com\/rest\/wp\/v2\/posts\/137637\/revisions"}],"predecessor-version":[{"id":137638,"href":"https:\/\/www.nettali.com\/rest\/wp\/v2\/posts\/137637\/revisions\/137638"}],"wp:featuredmedia":[{"embeddable":true,"href":"https:\/\/www.nettali.com\/rest\/wp\/v2\/media\/137639"}],"wp:attachment":[{"href":"https:\/\/www.nettali.com\/rest\/wp\/v2\/media?parent=137637"}],"wp:term":[{"taxonomy":"category","embeddable":true,"href":"https:\/\/www.nettali.com\/rest\/wp\/v2\/categories?post=137637"},{"taxonomy":"post_tag","embeddable":true,"href":"https:\/\/www.nettali.com\/rest\/wp\/v2\/tags?post=137637"}],"curies":[{"name":"wp","href":"https:\/\/api.w.org\/{rel}","templated":true}]}}