{"id":137606,"date":"2024-07-26T17:47:22","date_gmt":"2024-07-26T17:47:22","guid":{"rendered":"https:\/\/www.nettali.com\/?p=137606"},"modified":"2024-07-26T18:17:33","modified_gmt":"2024-07-26T18:17:33","slug":"abba-mbaye-la-politique-nautorise-pas-toutes-les-derives","status":"publish","type":"post","link":"https:\/\/www.nettali.com\/2024\/07\/26\/abba-mbaye-la-politique-nautorise-pas-toutes-les-derives\/","title":{"rendered":"ABBA MBAYE : \"La politique n'autorise pas toutes les d\u00e9rives\""},"content":{"rendered":"<p><strong>NETTALI.COM - Suite \u00e0 l\u2019arrestation de l\u2019opposant Ameth Suzanne Camara pour offense au chef de l\u2019\u00c9tat, le d\u00e9put\u00e9 Abba Mbaye appelle les acteurs politiques \u00e0 plus de responsabilit\u00e9s.<\/strong><\/p>\n<p>Abba Mbaye ne cautionne pas les propos qui ont valu \u00e0 Ameth Suzanne Camara son arrestation. Au-del\u00e0 du responsable \"<em>aperiste<\/em>\" , le d\u00e9put\u00e9 membre de Taxawu S\u00e9n\u00e9gal consid\u00e8re que les politiciens doivent se remettre en cause. \"<em>La politique n\u2019autorise pas toutes les d\u00e9rives. Je ne vois pas l\u2019int\u00e9r\u00eat d\u2019insulter le pr\u00e9sident de la R\u00e9publique. Maintenant, on m\u2019objectera que les membres du nouveau r\u00e9gime se sont permis toutes les d\u00e9rives\",<\/em> a martel\u00e9 le d\u00e9put\u00e9 de Taxawu Senegaal. Avant d'arguer : \"<em>Si, aujourd\u2019hui, on a besoin de retrouver la cr\u00e9dibilit\u00e9 de la parole publique, que l\u2019autorit\u00e9 soit cr\u00e9dible, je pense que ce sont les hommes politiques qui doivent se remettre en cause. Dans ce pays, on se permet de s\u2019insulter, de se calomnier, d\u2019injurier\".<\/em><\/p>\n<p>Tr\u00e8s critique, le parlementaire ajoute que \"c<em>ertains financent \u00e9galement leurs m\u00e9dias, embauchent des chroniqueurs, de faux analystes rien que pour prof\u00e9rer des insultes\". <\/em>Abba Mbaye pense, tout de m\u00eame, que la premi\u00e8re responsabilit\u00e9, c\u2019est de faire en sorte que la parole et la politique au S\u00e9n\u00e9gal soient assainies. \"<em>C\u2019est une mission imp\u00e9rieuse et c\u2019est un devoir que tous les hommes politiques doivent s\u2019imposer. Moi, dans ma culture politique, dans ma formation politique, il y a des d\u00e9rives qu\u2019on ne se permet pas. Parce qu\u2019\u00e0 la base, je n\u2019ai jamais vu mes mentors faire ce genre de choses<\/em>\", a-t-il tenu \u00e0 pr\u00e9ciser.<\/p>\n<div class='share-to-whatsapp-wrapper'><div class='share-on-whsp'>PARTAGER SUR : <\/div><a data-text='ABBA MBAYE : \"La politique n'autorise pas toutes les d\u00e9rives\"' data-link='https:\/\/www.nettali.com\/2024\/07\/26\/abba-mbaye-la-politique-nautorise-pas-toutes-les-derives\/' class='whatsapp-button whatsapp-share'>WhatsApp<\/a><div class='clear '><\/div><\/div>","protected":false},"excerpt":{"rendered":"<p>NETTALI.COM - Suite \u00e0 l\u2019arrestation de l\u2019opposant Ameth Suzanne Camara pour offense au chef de l\u2019\u00c9tat, le d\u00e9put\u00e9 Abba Mbaye appelle les acteurs politiques \u00e0 plus de responsabilit\u00e9s. Abba Mbaye ne cautionne pas les propos qui ont valu \u00e0 Ameth Suzanne Camara son arrestation. Au-del\u00e0 du responsable \"aperiste\" , le d\u00e9put\u00e9 membre de Taxawu S\u00e9n\u00e9gal [&hellip;]<\/p>\n","protected":false},"author":6,"featured_media":137636,"comment_status":"open","ping_status":"open","sticky":false,"template":"","format":"standard","meta":{"_et_pb_use_builder":"","_et_pb_old_content":""},"categories":[2],"tags":[],"yoast_head":"<!-- This site is optimized with the Yoast SEO Premium plugin v17.8 (Yoast SEO v17.8) - https:\/\/yoast.com\/wordpress\/plugins\/seo\/ -->\n<title>ABBA MBAYE : &quot;La politique n&#039;autorise pas toutes les d\u00e9rives&quot; | Nettali.com<\/title>\n<meta name=\"robots\" content=\"index, follow, max-snippet:-1, max-image-preview:large, max-video-preview:-1\" \/>\n<link rel=\"canonical\" href=\"https:\/\/www.nettali.com\/2024\/07\/26\/abba-mbaye-la-politique-nautorise-pas-toutes-les-derives\/\" \/>\n<meta property=\"og:locale\" content=\"fr_FR\" \/>\n<meta property=\"og:type\" content=\"article\" \/>\n<meta property=\"og:title\" content=\"ABBA MBAYE : &quot;La politique n&#039;autorise pas toutes les d\u00e9rives&quot;\" \/>\n<meta property=\"og:description\" content=\"NETTALI.COM - Suite \u00e0 l\u2019arrestation de l\u2019opposant Ameth Suzanne Camara pour offense au chef de l\u2019\u00c9tat, le d\u00e9put\u00e9 Abba Mbaye appelle les acteurs politiques \u00e0 plus de responsabilit\u00e9s. Abba Mbaye ne cautionne pas les propos qui ont valu \u00e0 Ameth Suzanne Camara son arrestation. Au-del\u00e0 du responsable &quot;aperiste&quot; , le d\u00e9put\u00e9 membre de Taxawu S\u00e9n\u00e9gal [&hellip;]\" \/>\n<meta property=\"og:url\" content=\"https:\/\/www.nettali.com\/2024\/07\/26\/abba-mbaye-la-politique-nautorise-pas-toutes-les-derives\/\" \/>\n<meta property=\"og:site_name\" content=\"Nettali.com\" \/>\n<meta property=\"article:publisher\" content=\"https:\/\/www.facebook.com\/nettalicom\" \/>\n<meta property=\"article:published_time\" content=\"2024-07-26T17:47:22+00:00\" \/>\n<meta property=\"article:modified_time\" content=\"2024-07-26T18:17:33+00:00\" \/>\n<meta property=\"og:image\" content=\"https:\/\/www.nettali.com\/wp-content\/uploads\/2024\/07\/1722016100736.jpg\" \/>\n\t<meta property=\"og:image:width\" content=\"720\" \/>\n\t<meta property=\"og:image:height\" content=\"1080\" \/>\n<meta name=\"twitter:card\" content=\"summary_large_image\" \/>\n<meta name=\"twitter:label1\" content=\"\u00c9crit par\" \/>\n\t<meta name=\"twitter:data1\" content=\"Fatou\" \/>\n\t<meta name=\"twitter:label2\" content=\"Dur\u00e9e de lecture estim\u00e9e\" \/>\n\t<meta name=\"twitter:data2\" content=\"2 minutes\" \/>\n<script type=\"application\/ld+json\" class=\"yoast-schema-graph\">{\"@context\":\"https:\/\/schema.org\",\"@graph\":[{\"@type\":\"WebSite\",\"@id\":\"https:\/\/www.nettali.com\/#website\",\"url\":\"https:\/\/www.nettali.com\/\",\"name\":\"Nettali.com\",\"description\":\"Le rendez-vous critique du Net\",\"potentialAction\":[{\"@type\":\"SearchAction\",\"target\":{\"@type\":\"EntryPoint\",\"urlTemplate\":\"https:\/\/www.nettali.com\/?s={search_term_string}\"},\"query-input\":\"required name=search_term_string\"}],\"inLanguage\":\"fr-FR\"},{\"@type\":\"ImageObject\",\"@id\":\"https:\/\/www.nettali.com\/2024\/07\/26\/abba-mbaye-la-politique-nautorise-pas-toutes-les-derives\/#primaryimage\",\"inLanguage\":\"fr-FR\",\"url\":\"https:\/\/www.nettali.com\/wp-content\/uploads\/2024\/07\/1722016100736.jpg\",\"contentUrl\":\"https:\/\/www.nettali.com\/wp-content\/uploads\/2024\/07\/1722016100736.jpg\",\"width\":720,\"height\":1080},{\"@type\":\"WebPage\",\"@id\":\"https:\/\/www.nettali.com\/2024\/07\/26\/abba-mbaye-la-politique-nautorise-pas-toutes-les-derives\/#webpage\",\"url\":\"https:\/\/www.nettali.com\/2024\/07\/26\/abba-mbaye-la-politique-nautorise-pas-toutes-les-derives\/\",\"name\":\"ABBA MBAYE : \\\"La politique n'autorise pas toutes les d\\u00e9rives\\\" | Nettali.com\",\"isPartOf\":{\"@id\":\"https:\/\/www.nettali.com\/#website\"},\"primaryImageOfPage\":{\"@id\":\"https:\/\/www.nettali.com\/2024\/07\/26\/abba-mbaye-la-politique-nautorise-pas-toutes-les-derives\/#primaryimage\"},\"datePublished\":\"2024-07-26T17:47:22+00:00\",\"dateModified\":\"2024-07-26T18:17:33+00:00\",\"author\":{\"@id\":\"https:\/\/www.nettali.com\/#\/schema\/person\/418274a86bdf87caff7a3ef476bd0bbf\"},\"breadcrumb\":{\"@id\":\"https:\/\/www.nettali.com\/2024\/07\/26\/abba-mbaye-la-politique-nautorise-pas-toutes-les-derives\/#breadcrumb\"},\"inLanguage\":\"fr-FR\",\"potentialAction\":[{\"@type\":\"ReadAction\",\"target\":[\"https:\/\/www.nettali.com\/2024\/07\/26\/abba-mbaye-la-politique-nautorise-pas-toutes-les-derives\/\"]}]},{\"@type\":\"BreadcrumbList\",\"@id\":\"https:\/\/www.nettali.com\/2024\/07\/26\/abba-mbaye-la-politique-nautorise-pas-toutes-les-derives\/#breadcrumb\",\"itemListElement\":[{\"@type\":\"ListItem\",\"position\":1,\"name\":\"Accueil\",\"item\":\"https:\/\/www.nettali.com\/\"},{\"@type\":\"ListItem\",\"position\":2,\"name\":\"ABBA MBAYE : \\\"La politique n'autorise pas toutes les d\\u00e9rives\\\"\"}]},{\"@type\":\"Person\",\"@id\":\"https:\/\/www.nettali.com\/#\/schema\/person\/418274a86bdf87caff7a3ef476bd0bbf\",\"name\":\"Fatou\",\"image\":{\"@type\":\"ImageObject\",\"@id\":\"https:\/\/www.nettali.com\/#personlogo\",\"inLanguage\":\"fr-FR\",\"url\":\"https:\/\/secure.gravatar.com\/avatar\/5a9442a2bee7b4dcf167cab035858e9a?s=96&d=mm&r=g\",\"contentUrl\":\"https:\/\/secure.gravatar.com\/avatar\/5a9442a2bee7b4dcf167cab035858e9a?s=96&d=mm&r=g\",\"caption\":\"Fatou\"},\"sameAs\":[\"https:\/\/www.nettali.com\"]}]}<\/script>\n<!-- \/ Yoast SEO Premium plugin. -->","yoast_head_json":{"title":"ABBA MBAYE : \"La politique n'autorise pas toutes les d\u00e9rives\" | Nettali.com","robots":{"index":"index","follow":"follow","max-snippet":"max-snippet:-1","max-image-preview":"max-image-preview:large","max-video-preview":"max-video-preview:-1"},"canonical":"https:\/\/www.nettali.com\/2024\/07\/26\/abba-mbaye-la-politique-nautorise-pas-toutes-les-derives\/","og_locale":"fr_FR","og_type":"article","og_title":"ABBA MBAYE : \"La politique n'autorise pas toutes les d\u00e9rives\"","og_description":"NETTALI.COM - Suite \u00e0 l\u2019arrestation de l\u2019opposant Ameth Suzanne Camara pour offense au chef de l\u2019\u00c9tat, le d\u00e9put\u00e9 Abba Mbaye appelle les acteurs politiques \u00e0 plus de responsabilit\u00e9s. Abba Mbaye ne cautionne pas les propos qui ont valu \u00e0 Ameth Suzanne Camara son arrestation. Au-del\u00e0 du responsable \"aperiste\" , le d\u00e9put\u00e9 membre de Taxawu S\u00e9n\u00e9gal [&hellip;]","og_url":"https:\/\/www.nettali.com\/2024\/07\/26\/abba-mbaye-la-politique-nautorise-pas-toutes-les-derives\/","og_site_name":"Nettali.com","article_publisher":"https:\/\/www.facebook.com\/nettalicom","article_published_time":"2024-07-26T17:47:22+00:00","article_modified_time":"2024-07-26T18:17:33+00:00","og_image":[{"width":720,"height":1080,"url":"https:\/\/www.nettali.com\/wp-content\/uploads\/2024\/07\/1722016100736.jpg","type":"image\/jpeg"}],"twitter_card":"summary_large_image","twitter_misc":{"\u00c9crit par":"Fatou","Dur\u00e9e de lecture estim\u00e9e":"2 minutes"},"schema":{"@context":"https:\/\/schema.org","@graph":[{"@type":"WebSite","@id":"https:\/\/www.nettali.com\/#website","url":"https:\/\/www.nettali.com\/","name":"Nettali.com","description":"Le rendez-vous critique du Net","potentialAction":[{"@type":"SearchAction","target":{"@type":"EntryPoint","urlTemplate":"https:\/\/www.nettali.com\/?s={search_term_string}"},"query-input":"required name=search_term_string"}],"inLanguage":"fr-FR"},{"@type":"ImageObject","@id":"https:\/\/www.nettali.com\/2024\/07\/26\/abba-mbaye-la-politique-nautorise-pas-toutes-les-derives\/#primaryimage","inLanguage":"fr-FR","url":"https:\/\/www.nettali.com\/wp-content\/uploads\/2024\/07\/1722016100736.jpg","contentUrl":"https:\/\/www.nettali.com\/wp-content\/uploads\/2024\/07\/1722016100736.jpg","width":720,"height":1080},{"@type":"WebPage","@id":"https:\/\/www.nettali.com\/2024\/07\/26\/abba-mbaye-la-politique-nautorise-pas-toutes-les-derives\/#webpage","url":"https:\/\/www.nettali.com\/2024\/07\/26\/abba-mbaye-la-politique-nautorise-pas-toutes-les-derives\/","name":"ABBA MBAYE : \"La politique n'autorise pas toutes les d\u00e9rives\" | Nettali.com","isPartOf":{"@id":"https:\/\/www.nettali.com\/#website"},"primaryImageOfPage":{"@id":"https:\/\/www.nettali.com\/2024\/07\/26\/abba-mbaye-la-politique-nautorise-pas-toutes-les-derives\/#primaryimage"},"datePublished":"2024-07-26T17:47:22+00:00","dateModified":"2024-07-26T18:17:33+00:00","author":{"@id":"https:\/\/www.nettali.com\/#\/schema\/person\/418274a86bdf87caff7a3ef476bd0bbf"},"breadcrumb":{"@id":"https:\/\/www.nettali.com\/2024\/07\/26\/abba-mbaye-la-politique-nautorise-pas-toutes-les-derives\/#breadcrumb"},"inLanguage":"fr-FR","potentialAction":[{"@type":"ReadAction","target":["https:\/\/www.nettali.com\/2024\/07\/26\/abba-mbaye-la-politique-nautorise-pas-toutes-les-derives\/"]}]},{"@type":"BreadcrumbList","@id":"https:\/\/www.nettali.com\/2024\/07\/26\/abba-mbaye-la-politique-nautorise-pas-toutes-les-derives\/#breadcrumb","itemListElement":[{"@type":"ListItem","position":1,"name":"Accueil","item":"https:\/\/www.nettali.com\/"},{"@type":"ListItem","position":2,"name":"ABBA MBAYE : \"La politique n'autorise pas toutes les d\u00e9rives\""}]},{"@type":"Person","@id":"https:\/\/www.nettali.com\/#\/schema\/person\/418274a86bdf87caff7a3ef476bd0bbf","name":"Fatou","image":{"@type":"ImageObject","@id":"https:\/\/www.nettali.com\/#personlogo","inLanguage":"fr-FR","url":"https:\/\/secure.gravatar.com\/avatar\/5a9442a2bee7b4dcf167cab035858e9a?s=96&d=mm&r=g","contentUrl":"https:\/\/secure.gravatar.com\/avatar\/5a9442a2bee7b4dcf167cab035858e9a?s=96&d=mm&r=g","caption":"Fatou"},"sameAs":["https:\/\/www.nettali.com"]}]}},"_links":{"self":[{"href":"https:\/\/www.nettali.com\/rest\/wp\/v2\/posts\/137606"}],"collection":[{"href":"https:\/\/www.nettali.com\/rest\/wp\/v2\/posts"}],"about":[{"href":"https:\/\/www.nettali.com\/rest\/wp\/v2\/types\/post"}],"author":[{"embeddable":true,"href":"https:\/\/www.nettali.com\/rest\/wp\/v2\/users\/6"}],"replies":[{"embeddable":true,"href":"https:\/\/www.nettali.com\/rest\/wp\/v2\/comments?post=137606"}],"version-history":[{"count":5,"href":"https:\/\/www.nettali.com\/rest\/wp\/v2\/posts\/137606\/revisions"}],"predecessor-version":[{"id":137641,"href":"https:\/\/www.nettali.com\/rest\/wp\/v2\/posts\/137606\/revisions\/137641"}],"wp:featuredmedia":[{"embeddable":true,"href":"https:\/\/www.nettali.com\/rest\/wp\/v2\/media\/137636"}],"wp:attachment":[{"href":"https:\/\/www.nettali.com\/rest\/wp\/v2\/media?parent=137606"}],"wp:term":[{"taxonomy":"category","embeddable":true,"href":"https:\/\/www.nettali.com\/rest\/wp\/v2\/categories?post=137606"},{"taxonomy":"post_tag","embeddable":true,"href":"https:\/\/www.nettali.com\/rest\/wp\/v2\/tags?post=137606"}],"curies":[{"name":"wp","href":"https:\/\/api.w.org\/{rel}","templated":true}]}}