{"id":137577,"date":"2024-07-26T07:14:44","date_gmt":"2024-07-26T07:14:44","guid":{"rendered":"https:\/\/www.nettali.com\/?p=137577"},"modified":"2024-07-26T07:14:44","modified_gmt":"2024-07-26T07:14:44","slug":"mimi-toure-a-sa-sortie-du-tribunal-cest-a-mansour-faye-de-me-presenter-des-excuses","status":"publish","type":"post","link":"https:\/\/www.nettali.com\/2024\/07\/26\/mimi-toure-a-sa-sortie-du-tribunal-cest-a-mansour-faye-de-me-presenter-des-excuses\/","title":{"rendered":"MIMI TOURE\u0301 A\u0300 SA SORTIE DU TRIBUNAL - \"C\u2019est a\u0300 Mansour Faye de  me pre\u0301senter des excuses\""},"content":{"rendered":"<div class=\"page\" title=\"Page 3\">\n<div class=\"section\">\n<div class=\"layoutArea\">\n<div class=\"column\">\n<p><strong>NETTALI.COM -<\/strong> Apre\u0300s avoir passe\u0301 une demi-journe\u0301e devant les magistrats, Aminata Toure\u0301 a fait face a\u0300 la presse devant le palais de Justice de Dakar. Selon elle, Mansour Faye n\u2019a pas de\u0301fe\u0301re\u0301 a\u0300 sa convocation, car il n\u2019a pas ose\u0301 regarder le tribunal dans les yeux parce qu\u2019on lui aurait pose\u0301 des questions auxquelles il n\u2019aurait pas pu re\u0301pondre.<\/p>\n<p>A\u0300 l\u2019en croire, c\u2019est le fre\u0300re de l\u2019ancienne premie\u0300re dame qui doit lui pre\u0301senter des excuses. Elle estime qu\u2019il doit comparai\u0302tre devant le tribunal dans les meilleurs de\u0301lais pour qu\u2019il s\u2019explique sur ce dossier. \"<em>Nous invitons les nouvelles autorite\u0301s a\u0300 poursuivre les investigations dans cette affaire scandaleuse, parce qu\u2019il ne faut pas oublier que pre\u0300s de 5 000 Se\u0301ne\u0301galais sont morts de la Covid pendant que certains pensaient faire de la surfacturation\"<\/em>, a-t-elle conclu.<\/p>\n<\/div>\n<\/div>\n<\/div>\n<\/div>\n<div class='share-to-whatsapp-wrapper'><div class='share-on-whsp'>PARTAGER SUR : <\/div><a data-text='MIMI TOURE\u0301 A\u0300 SA SORTIE DU TRIBUNAL - \"C\u2019est a\u0300 Mansour Faye de  me pre\u0301senter des excuses\"' data-link='https:\/\/www.nettali.com\/2024\/07\/26\/mimi-toure-a-sa-sortie-du-tribunal-cest-a-mansour-faye-de-me-presenter-des-excuses\/' class='whatsapp-button whatsapp-share'>WhatsApp<\/a><div class='clear '><\/div><\/div>","protected":false},"excerpt":{"rendered":"<p>NETTALI.COM - Apre\u0300s avoir passe\u0301 une demi-journe\u0301e devant les magistrats, Aminata Toure\u0301 a fait face a\u0300 la presse devant le palais de Justice de Dakar. Selon elle, Mansour Faye n\u2019a pas de\u0301fe\u0301re\u0301 a\u0300 sa convocation, car il n\u2019a pas ose\u0301 regarder le tribunal dans les yeux parce qu\u2019on lui aurait pose\u0301 des questions auxquelles il [&hellip;]<\/p>\n","protected":false},"author":2,"featured_media":137578,"comment_status":"open","ping_status":"open","sticky":false,"template":"","format":"standard","meta":{"_et_pb_use_builder":"","_et_pb_old_content":""},"categories":[34945],"tags":[],"yoast_head":"<!-- This site is optimized with the Yoast SEO Premium plugin v17.8 (Yoast SEO v17.8) - https:\/\/yoast.com\/wordpress\/plugins\/seo\/ -->\n<title>MIMI TOURE\u0301 A\u0300 SA SORTIE DU TRIBUNAL - &quot;C\u2019est a\u0300 Mansour Faye de me pre\u0301senter des excuses&quot; | Nettali.com<\/title>\n<meta name=\"robots\" content=\"index, follow, max-snippet:-1, max-image-preview:large, max-video-preview:-1\" \/>\n<link rel=\"canonical\" href=\"https:\/\/www.nettali.com\/2024\/07\/26\/mimi-toure-a-sa-sortie-du-tribunal-cest-a-mansour-faye-de-me-presenter-des-excuses\/\" \/>\n<meta property=\"og:locale\" content=\"fr_FR\" \/>\n<meta property=\"og:type\" content=\"article\" \/>\n<meta property=\"og:title\" content=\"MIMI TOURE\u0301 A\u0300 SA SORTIE DU TRIBUNAL - &quot;C\u2019est a\u0300 Mansour Faye de me pre\u0301senter des excuses&quot;\" \/>\n<meta property=\"og:description\" content=\"NETTALI.COM - Apre\u0300s avoir passe\u0301 une demi-journe\u0301e devant les magistrats, Aminata Toure\u0301 a fait face a\u0300 la presse devant le palais de Justice de Dakar. Selon elle, Mansour Faye n\u2019a pas de\u0301fe\u0301re\u0301 a\u0300 sa convocation, car il n\u2019a pas ose\u0301 regarder le tribunal dans les yeux parce qu\u2019on lui aurait pose\u0301 des questions auxquelles il [&hellip;]\" \/>\n<meta property=\"og:url\" content=\"https:\/\/www.nettali.com\/2024\/07\/26\/mimi-toure-a-sa-sortie-du-tribunal-cest-a-mansour-faye-de-me-presenter-des-excuses\/\" \/>\n<meta property=\"og:site_name\" content=\"Nettali.com\" \/>\n<meta property=\"article:publisher\" content=\"https:\/\/www.facebook.com\/nettalicom\" \/>\n<meta property=\"article:published_time\" content=\"2024-07-26T07:14:44+00:00\" \/>\n<meta property=\"og:image\" content=\"https:\/\/www.nettali.com\/wp-content\/uploads\/2024\/07\/73559066-51190050.jpg\" \/>\n\t<meta property=\"og:image:width\" content=\"1280\" \/>\n\t<meta property=\"og:image:height\" content=\"960\" \/>\n<meta name=\"twitter:card\" content=\"summary_large_image\" \/>\n<meta name=\"twitter:label1\" content=\"\u00c9crit par\" \/>\n\t<meta name=\"twitter:data1\" content=\"CK\" \/>\n\t<meta name=\"twitter:label2\" content=\"Dur\u00e9e de lecture estim\u00e9e\" \/>\n\t<meta name=\"twitter:data2\" content=\"1 minute\" \/>\n<script type=\"application\/ld+json\" class=\"yoast-schema-graph\">{\"@context\":\"https:\/\/schema.org\",\"@graph\":[{\"@type\":\"WebSite\",\"@id\":\"https:\/\/www.nettali.com\/#website\",\"url\":\"https:\/\/www.nettali.com\/\",\"name\":\"Nettali.com\",\"description\":\"Le rendez-vous critique du Net\",\"potentialAction\":[{\"@type\":\"SearchAction\",\"target\":{\"@type\":\"EntryPoint\",\"urlTemplate\":\"https:\/\/www.nettali.com\/?s={search_term_string}\"},\"query-input\":\"required name=search_term_string\"}],\"inLanguage\":\"fr-FR\"},{\"@type\":\"ImageObject\",\"@id\":\"https:\/\/www.nettali.com\/2024\/07\/26\/mimi-toure-a-sa-sortie-du-tribunal-cest-a-mansour-faye-de-me-presenter-des-excuses\/#primaryimage\",\"inLanguage\":\"fr-FR\",\"url\":\"https:\/\/www.nettali.com\/wp-content\/uploads\/2024\/07\/73559066-51190050.jpg\",\"contentUrl\":\"https:\/\/www.nettali.com\/wp-content\/uploads\/2024\/07\/73559066-51190050.jpg\",\"width\":1280,\"height\":960},{\"@type\":\"WebPage\",\"@id\":\"https:\/\/www.nettali.com\/2024\/07\/26\/mimi-toure-a-sa-sortie-du-tribunal-cest-a-mansour-faye-de-me-presenter-des-excuses\/#webpage\",\"url\":\"https:\/\/www.nettali.com\/2024\/07\/26\/mimi-toure-a-sa-sortie-du-tribunal-cest-a-mansour-faye-de-me-presenter-des-excuses\/\",\"name\":\"MIMI TOURE\\u0301 A\\u0300 SA SORTIE DU TRIBUNAL - \\\"C\\u2019est a\\u0300 Mansour Faye de me pre\\u0301senter des excuses\\\" | Nettali.com\",\"isPartOf\":{\"@id\":\"https:\/\/www.nettali.com\/#website\"},\"primaryImageOfPage\":{\"@id\":\"https:\/\/www.nettali.com\/2024\/07\/26\/mimi-toure-a-sa-sortie-du-tribunal-cest-a-mansour-faye-de-me-presenter-des-excuses\/#primaryimage\"},\"datePublished\":\"2024-07-26T07:14:44+00:00\",\"dateModified\":\"2024-07-26T07:14:44+00:00\",\"author\":{\"@id\":\"https:\/\/www.nettali.com\/#\/schema\/person\/d8ac7b7e27ddad43f1c0d2ef090d7f71\"},\"breadcrumb\":{\"@id\":\"https:\/\/www.nettali.com\/2024\/07\/26\/mimi-toure-a-sa-sortie-du-tribunal-cest-a-mansour-faye-de-me-presenter-des-excuses\/#breadcrumb\"},\"inLanguage\":\"fr-FR\",\"potentialAction\":[{\"@type\":\"ReadAction\",\"target\":[\"https:\/\/www.nettali.com\/2024\/07\/26\/mimi-toure-a-sa-sortie-du-tribunal-cest-a-mansour-faye-de-me-presenter-des-excuses\/\"]}]},{\"@type\":\"BreadcrumbList\",\"@id\":\"https:\/\/www.nettali.com\/2024\/07\/26\/mimi-toure-a-sa-sortie-du-tribunal-cest-a-mansour-faye-de-me-presenter-des-excuses\/#breadcrumb\",\"itemListElement\":[{\"@type\":\"ListItem\",\"position\":1,\"name\":\"Accueil\",\"item\":\"https:\/\/www.nettali.com\/\"},{\"@type\":\"ListItem\",\"position\":2,\"name\":\"MIMI TOURE\\u0301 A\\u0300 SA SORTIE DU TRIBUNAL - \\\"C\\u2019est a\\u0300 Mansour Faye de me pre\\u0301senter des excuses\\\"\"}]},{\"@type\":\"Person\",\"@id\":\"https:\/\/www.nettali.com\/#\/schema\/person\/d8ac7b7e27ddad43f1c0d2ef090d7f71\",\"name\":\"CK\",\"image\":{\"@type\":\"ImageObject\",\"@id\":\"https:\/\/www.nettali.com\/#personlogo\",\"inLanguage\":\"fr-FR\",\"url\":\"https:\/\/secure.gravatar.com\/avatar\/1d8d5118b9327d94da7cd4ce7f17fec2?s=96&d=mm&r=g\",\"contentUrl\":\"https:\/\/secure.gravatar.com\/avatar\/1d8d5118b9327d94da7cd4ce7f17fec2?s=96&d=mm&r=g\",\"caption\":\"CK\"},\"sameAs\":[\"https:\/\/www.nettali.com\"]}]}<\/script>\n<!-- \/ Yoast SEO Premium plugin. -->","yoast_head_json":{"title":"MIMI TOURE\u0301 A\u0300 SA SORTIE DU TRIBUNAL - \"C\u2019est a\u0300 Mansour Faye de me pre\u0301senter des excuses\" | Nettali.com","robots":{"index":"index","follow":"follow","max-snippet":"max-snippet:-1","max-image-preview":"max-image-preview:large","max-video-preview":"max-video-preview:-1"},"canonical":"https:\/\/www.nettali.com\/2024\/07\/26\/mimi-toure-a-sa-sortie-du-tribunal-cest-a-mansour-faye-de-me-presenter-des-excuses\/","og_locale":"fr_FR","og_type":"article","og_title":"MIMI TOURE\u0301 A\u0300 SA SORTIE DU TRIBUNAL - \"C\u2019est a\u0300 Mansour Faye de me pre\u0301senter des excuses\"","og_description":"NETTALI.COM - Apre\u0300s avoir passe\u0301 une demi-journe\u0301e devant les magistrats, Aminata Toure\u0301 a fait face a\u0300 la presse devant le palais de Justice de Dakar. Selon elle, Mansour Faye n\u2019a pas de\u0301fe\u0301re\u0301 a\u0300 sa convocation, car il n\u2019a pas ose\u0301 regarder le tribunal dans les yeux parce qu\u2019on lui aurait pose\u0301 des questions auxquelles il [&hellip;]","og_url":"https:\/\/www.nettali.com\/2024\/07\/26\/mimi-toure-a-sa-sortie-du-tribunal-cest-a-mansour-faye-de-me-presenter-des-excuses\/","og_site_name":"Nettali.com","article_publisher":"https:\/\/www.facebook.com\/nettalicom","article_published_time":"2024-07-26T07:14:44+00:00","og_image":[{"width":1280,"height":960,"url":"https:\/\/www.nettali.com\/wp-content\/uploads\/2024\/07\/73559066-51190050.jpg","type":"image\/jpeg"}],"twitter_card":"summary_large_image","twitter_misc":{"\u00c9crit par":"CK","Dur\u00e9e de lecture estim\u00e9e":"1 minute"},"schema":{"@context":"https:\/\/schema.org","@graph":[{"@type":"WebSite","@id":"https:\/\/www.nettali.com\/#website","url":"https:\/\/www.nettali.com\/","name":"Nettali.com","description":"Le rendez-vous critique du Net","potentialAction":[{"@type":"SearchAction","target":{"@type":"EntryPoint","urlTemplate":"https:\/\/www.nettali.com\/?s={search_term_string}"},"query-input":"required name=search_term_string"}],"inLanguage":"fr-FR"},{"@type":"ImageObject","@id":"https:\/\/www.nettali.com\/2024\/07\/26\/mimi-toure-a-sa-sortie-du-tribunal-cest-a-mansour-faye-de-me-presenter-des-excuses\/#primaryimage","inLanguage":"fr-FR","url":"https:\/\/www.nettali.com\/wp-content\/uploads\/2024\/07\/73559066-51190050.jpg","contentUrl":"https:\/\/www.nettali.com\/wp-content\/uploads\/2024\/07\/73559066-51190050.jpg","width":1280,"height":960},{"@type":"WebPage","@id":"https:\/\/www.nettali.com\/2024\/07\/26\/mimi-toure-a-sa-sortie-du-tribunal-cest-a-mansour-faye-de-me-presenter-des-excuses\/#webpage","url":"https:\/\/www.nettali.com\/2024\/07\/26\/mimi-toure-a-sa-sortie-du-tribunal-cest-a-mansour-faye-de-me-presenter-des-excuses\/","name":"MIMI TOURE\u0301 A\u0300 SA SORTIE DU TRIBUNAL - \"C\u2019est a\u0300 Mansour Faye de me pre\u0301senter des excuses\" | Nettali.com","isPartOf":{"@id":"https:\/\/www.nettali.com\/#website"},"primaryImageOfPage":{"@id":"https:\/\/www.nettali.com\/2024\/07\/26\/mimi-toure-a-sa-sortie-du-tribunal-cest-a-mansour-faye-de-me-presenter-des-excuses\/#primaryimage"},"datePublished":"2024-07-26T07:14:44+00:00","dateModified":"2024-07-26T07:14:44+00:00","author":{"@id":"https:\/\/www.nettali.com\/#\/schema\/person\/d8ac7b7e27ddad43f1c0d2ef090d7f71"},"breadcrumb":{"@id":"https:\/\/www.nettali.com\/2024\/07\/26\/mimi-toure-a-sa-sortie-du-tribunal-cest-a-mansour-faye-de-me-presenter-des-excuses\/#breadcrumb"},"inLanguage":"fr-FR","potentialAction":[{"@type":"ReadAction","target":["https:\/\/www.nettali.com\/2024\/07\/26\/mimi-toure-a-sa-sortie-du-tribunal-cest-a-mansour-faye-de-me-presenter-des-excuses\/"]}]},{"@type":"BreadcrumbList","@id":"https:\/\/www.nettali.com\/2024\/07\/26\/mimi-toure-a-sa-sortie-du-tribunal-cest-a-mansour-faye-de-me-presenter-des-excuses\/#breadcrumb","itemListElement":[{"@type":"ListItem","position":1,"name":"Accueil","item":"https:\/\/www.nettali.com\/"},{"@type":"ListItem","position":2,"name":"MIMI TOURE\u0301 A\u0300 SA SORTIE DU TRIBUNAL - \"C\u2019est a\u0300 Mansour Faye de me pre\u0301senter des excuses\""}]},{"@type":"Person","@id":"https:\/\/www.nettali.com\/#\/schema\/person\/d8ac7b7e27ddad43f1c0d2ef090d7f71","name":"CK","image":{"@type":"ImageObject","@id":"https:\/\/www.nettali.com\/#personlogo","inLanguage":"fr-FR","url":"https:\/\/secure.gravatar.com\/avatar\/1d8d5118b9327d94da7cd4ce7f17fec2?s=96&d=mm&r=g","contentUrl":"https:\/\/secure.gravatar.com\/avatar\/1d8d5118b9327d94da7cd4ce7f17fec2?s=96&d=mm&r=g","caption":"CK"},"sameAs":["https:\/\/www.nettali.com"]}]}},"_links":{"self":[{"href":"https:\/\/www.nettali.com\/rest\/wp\/v2\/posts\/137577"}],"collection":[{"href":"https:\/\/www.nettali.com\/rest\/wp\/v2\/posts"}],"about":[{"href":"https:\/\/www.nettali.com\/rest\/wp\/v2\/types\/post"}],"author":[{"embeddable":true,"href":"https:\/\/www.nettali.com\/rest\/wp\/v2\/users\/2"}],"replies":[{"embeddable":true,"href":"https:\/\/www.nettali.com\/rest\/wp\/v2\/comments?post=137577"}],"version-history":[{"count":1,"href":"https:\/\/www.nettali.com\/rest\/wp\/v2\/posts\/137577\/revisions"}],"predecessor-version":[{"id":137579,"href":"https:\/\/www.nettali.com\/rest\/wp\/v2\/posts\/137577\/revisions\/137579"}],"wp:featuredmedia":[{"embeddable":true,"href":"https:\/\/www.nettali.com\/rest\/wp\/v2\/media\/137578"}],"wp:attachment":[{"href":"https:\/\/www.nettali.com\/rest\/wp\/v2\/media?parent=137577"}],"wp:term":[{"taxonomy":"category","embeddable":true,"href":"https:\/\/www.nettali.com\/rest\/wp\/v2\/categories?post=137577"},{"taxonomy":"post_tag","embeddable":true,"href":"https:\/\/www.nettali.com\/rest\/wp\/v2\/tags?post=137577"}],"curies":[{"name":"wp","href":"https:\/\/api.w.org\/{rel}","templated":true}]}}