{"id":137574,"date":"2024-07-26T07:13:10","date_gmt":"2024-07-26T07:13:10","guid":{"rendered":"https:\/\/www.nettali.com\/?p=137574"},"modified":"2024-07-26T08:36:15","modified_gmt":"2024-07-26T08:36:15","slug":"ugee-pour-diffamation-aminata-toure-assume-et-defend-ses-propos","status":"publish","type":"post","link":"https:\/\/www.nettali.com\/2024\/07\/26\/ugee-pour-diffamation-aminata-toure-assume-et-defend-ses-propos\/","title":{"rendered":"JUGE\u0301E POUR DIFFAMATION  - Aminata Toure\u0301 assume et de\u0301fend ses propos"},"content":{"rendered":"<div class=\"page\" title=\"Page 3\">\n<div class=\"layoutArea\">\n<div class=\"column\">\n<div class=\"page\" title=\"Page 3\">\n<div class=\"layoutArea\">\n<div class=\"column\">\n<p><strong>NETTALI.COM - L\u2019affaire opposant Aminata Toure\u0301 a\u0300 Mansour Faye a e\u0301te\u0301 e\u0301voque\u0301e hier, devant la barre de la Chambre correctionnelle du tribunal de grande instance de Dakar. Traduite en justice pour diffamation, Aminata Toure\u0301 assume les propos qui lui ont valu sa comparution.<\/strong><\/p>\n<\/div>\n<\/div>\n<\/div>\n<p>L\u2019 ancienne pre\u0301sidente du Conseil e\u0301conomique, social et environnemental, Aminata Toure\u0301 dite \u201cMimi\u201d, a e\u0301te\u0301 appele\u0301e le jeudi 25 juillet, devant la barre de la Chambre correctionnelle du tribunal de grande instance de Dakar. Elle est traduite en justice par Mansour Faye pour diffamation.<\/p>\n<p>Dans un post largement partage\u0301 sur les re\u0301seaux sociaux, elle s\u2019est offusque\u0301e de la gestion \"ne\u0301buleuse\" des fonds Force Covid-19. Tout en reconnaissant avoir re\u0301dige\u0301 les faits mentionne\u0301s dans la citation directe que lui a servie Mansour Faye, elle a soutenu avoir mentionne\u0301 son nom de manie\u0300re accessoire.<\/p>\n<p>A\u0300 l\u2019en croire, elle s\u2019est base\u0301e sur les conclusions du rapport de\u0301finitif de la Cour des comptes sur les mille milliards de francs CFA de fonds Force Covid-19, notamment a\u0300 la page 100-101. Interroge\u0301e sur le terme \"carnage\" qu\u2019elle a utilise\u0301 dans son post, elle a de\u0301clare\u0301 que ce terme se re\u0301fe\u0300re a\u0300 la surfacturation sur le riz. \"La somme re\u0301ve\u0301le\u0301e comme de\u0301tourne\u0301e pourrait servir a\u0300 construire trois ho\u0302pitaux\", a-t-elle dit.<\/p>\n<\/div>\n<div class=\"column\">\n<p>Selon celle qui fut Premie\u0300re ministre sous le re\u0301gime de Macky Sall, la culpabilite\u0301 de l\u2019ancien ministre du De\u0301veloppement communautaire, de l'E\u0301quite\u0301 sociale et territoriale ne souffre d\u2019aucune contestation, me\u0302me si cela n\u2019a pas e\u0301te\u0301 indique\u0301 dans le rapport. \"<em>Le ministre e\u0301tait l'ordonnateur principal des de\u0301penses et aucune de\u0301cision ne pouvait e\u0302tre prise sans son approbation\"<\/em>, a-t-elle rappele\u0301.<\/p>\n<p>Ne regrettant pas les propos qui lui ont valu sa comparution, Aminata Toure\u0301 a affirme\u0301 fie\u0300rement : \"<em>Je me suis toujours battue contre les de\u0301tournements et les scandales financiers lorsque j'e\u0301tais garde des Sceaux. Et je suis toujours pre\u0302te a\u0300 les combattre. Mon intention, en faisant ce post, e\u0301tait de demander aux nouvelles autorite\u0301s de faire toute la lumie\u0300re sur cette affaire et j\u2019ai cite\u0301 Mansour Faye qui est un des protagonistes dans ces faits. Je me suis tou- jours exprime\u0301e sur les questions lie\u0301es a\u0300 la mauvaise gouvernance et aux de\u0301tournements. Je suis reste\u0301e sur cette lance\u0301e et je conside\u0300re que c\u2019est une des priorite\u0301s de nos gouvernants, parce que nous sommes un pays pauvre.<\/em>\"<\/p>\n<\/div>\n<div class=\"column\">\n<p>\"<em>Je suis indigne\u0301e. Ce scandale est abominable et le proble\u0300me n\u2019est pas dans l\u2019allocation des cre\u0301dits, mais se trouve au niveau de la surfacturation de riz<\/em>\u201d, a-t-elle ajoute\u0301.<\/p>\n<p>Par ailleurs, l\u2019ancienne pre\u0301sidente du Conseil e\u0301conomique, social et environnemental a balaye\u0301 d'un revers de main les e\u0301chos stipulant qu'elle serait e\u0301pingle\u0301e par l\u2019Inspection ge\u0301ne\u0301rale d\u2019E\u0301tat sur un montant de deux milliards de francs CFA. \"<em>Je vous dirais que ce n\u2019est pas vrai. Je ne suis pas cite\u0301e dans aucun rapport pour une surfacturation. Il n\u2019y a aucun rapport qui m\u2019accuse de surfacturation. Les deux cas sont diffe\u0301rents. Il n\u2019y a pas d\u2019appel a\u0300 concurrences, ni d\u2019appel d\u2019offres et cela le pre\u0301sident de la Re\u0301publique l\u2019a autorise\u0301 (...) Ce que j\u2019ai e\u0301voque\u0301, est relatif a\u0300 nos fonds publics lesquels fonds ont fait l\u2019objet d\u2019un carnage financier. C'est la deuxie\u0300me fois que je suis pre\u0301sente\u0301e a\u0300 la barre. La premie\u0300re fois, c\u2019e\u0301tait quand j\u2019e\u0301tais directrice de campagne de Landing Savane\u0301\"<\/em>, a-t-elle souligne\u0301.<\/p>\n<div class=\"page\" title=\"Page 3\">\n<div class=\"layoutArea\">\n<div class=\"column\">\n<p>La partie civile a sollicite\u0301 le maintien de la pre\u0301venue dans les liens de la pre\u0301vention. En guise de dommages et inte\u0301re\u0302ts, les avocats de Mansour Faye ont re\u0301clame\u0301 la somme d\u2019un milliard de francs CFA. De plus, ils ont demande\u0301 que la de\u0301cision soit publie\u0301e dans les journaux ayant traite\u0301 le dossier a\u0300 sa charge. Les robes noires ont e\u0301voque\u0301 une infraction de diffamation par imputation et une diffamation par alle\u0301gation.<\/p>\n<p>Selon eux, \"le rapport ne mentionne pas le nom d\u2019Amadou Mansour Faye. Les mots \"<em>carnage financier\"<\/em> n\u2019ont jamais e\u0301te\u0301 utilise\u0301s dans le rapport de la Cour des comptes sur la gestion des fonds Force Covid-19. \"<em>Nous sommes dans une affaire se\u0301rieuse. Nous ne faisons pas de the\u0301a\u0302tre. Au moment des faits, les Dage e\u0301taient ordonnateurs et non les ministres. Allez-y voir les textes<\/em>\", a plaide\u0301 la partie civile.<\/p>\n<p>Apre\u0300s le ministe\u0300re public qui a requis l\u2019application de la loi, les avocats de la de\u0301fense ont, a\u0300 l\u2019unanimite\u0301, solidifie\u0301 la relaxe pure et simple de leur cliente. Au me\u0302me titre que la partie adverse, ils ont re\u0301clame\u0301 la somme d\u2019un milliard de francs CFA en guise de de\u0301dommagement. Une somme qui sera un fonds pour construire des ho\u0302pitaux, selon Me Moussa Sarr.<\/p>\n<\/div>\n<div class=\"column\">\n<p>Cependant, les avocats de la de\u0301fense s'accrochent au rapport et rembobinent : \"<em>Le rapport dit qu\u2019il y a 20 milliards de francs CFA qui n\u2019ont rien a\u0300 voir avec la gestion de la Covid-19. C\u2019est e\u0301norme et c\u2019est ce fait qui ame\u0300ne a\u0300 parler de carnage financier. Ils prennent 20 milliards des 1 000 milliards, personne ne bouge et c\u0327a ne choque personne. C\u2019est normal qu\u2019on parle de carnage financier et c\u2019est Macky Sall le premier responsable de ce carnage.<\/em>\"<\/p>\n<p>Maitre Moussa Sarr d'ajouter : \"<em>Effectivement, Mansour Faye a participe\u0301 a\u0300 ce carnage financier. Il a e\u0301te\u0301 cite\u0301 par son Dage a\u0300 la page 32 du rapport pour ceux qui disent qu\u2019il n\u2019a pas e\u0301te\u0301 cite\u0301 dans le rapport.<\/em>\" La de\u0301fense est convaincue qu'il n'y a pas de diffamation. Il n\u2019y a aucune alle\u0301gation de propos portant atteinte a\u0300 sa dignite\u0301. Mansour Faye est comple\u0300tement empe\u0302tre\u0301 dans ce rapport, ont- ils dit. \"<em>Il y a des commandes de riz qui n\u2019ont jamais e\u0301te\u0301 livre\u0301es et ils ont le toupet de nous attraire ici. De qui se moque-t-on ?<\/em>\u201d, s'interroge-t-elle avant d'indiquer que parler du rapport est une question d\u2019inte\u0301re\u0302t ge\u0301ne\u0301ral et c\u2019est une base factuelle solide.<\/p>\n<p>La de\u0301cision sera rendue le 8 aou\u0302t<\/p>\n<\/div>\n<\/div>\n<\/div>\n<\/div>\n<\/div>\n<\/div>\n<div class='share-to-whatsapp-wrapper'><div class='share-on-whsp'>PARTAGER SUR : <\/div><a data-text='JUGE\u0301E POUR DIFFAMATION  - Aminata Toure\u0301 assume et de\u0301fend ses propos' data-link='https:\/\/www.nettali.com\/2024\/07\/26\/ugee-pour-diffamation-aminata-toure-assume-et-defend-ses-propos\/' class='whatsapp-button whatsapp-share'>WhatsApp<\/a><div class='clear '><\/div><\/div>","protected":false},"excerpt":{"rendered":"<p>NETTALI.COM - L\u2019affaire opposant Aminata Toure\u0301 a\u0300 Mansour Faye a e\u0301te\u0301 e\u0301voque\u0301e hier, devant la barre de la Chambre correctionnelle du tribunal de grande instance de Dakar. Traduite en justice pour diffamation, Aminata Toure\u0301 assume les propos qui lui ont valu sa comparution. L\u2019 ancienne pre\u0301sidente du Conseil e\u0301conomique, social et environnemental, Aminata Toure\u0301 dite [&hellip;]<\/p>\n","protected":false},"author":2,"featured_media":137575,"comment_status":"open","ping_status":"open","sticky":false,"template":"","format":"standard","meta":{"_et_pb_use_builder":"","_et_pb_old_content":""},"categories":[3],"tags":[],"yoast_head":"<!-- This site is optimized with the Yoast SEO Premium plugin v17.8 (Yoast SEO v17.8) - https:\/\/yoast.com\/wordpress\/plugins\/seo\/ -->\n<title>JUGE\u0301E POUR DIFFAMATION - Aminata Toure\u0301 assume et de\u0301fend ses propos | Nettali.com<\/title>\n<meta name=\"robots\" content=\"index, follow, max-snippet:-1, max-image-preview:large, max-video-preview:-1\" \/>\n<link rel=\"canonical\" href=\"https:\/\/www.nettali.com\/2024\/07\/26\/ugee-pour-diffamation-aminata-toure-assume-et-defend-ses-propos\/\" \/>\n<meta property=\"og:locale\" content=\"fr_FR\" \/>\n<meta property=\"og:type\" content=\"article\" \/>\n<meta property=\"og:title\" content=\"JUGE\u0301E POUR DIFFAMATION - Aminata Toure\u0301 assume et de\u0301fend ses propos\" \/>\n<meta property=\"og:description\" content=\"NETTALI.COM - L\u2019affaire opposant Aminata Toure\u0301 a\u0300 Mansour Faye a e\u0301te\u0301 e\u0301voque\u0301e hier, devant la barre de la Chambre correctionnelle du tribunal de grande instance de Dakar. Traduite en justice pour diffamation, Aminata Toure\u0301 assume les propos qui lui ont valu sa comparution. L\u2019 ancienne pre\u0301sidente du Conseil e\u0301conomique, social et environnemental, Aminata Toure\u0301 dite [&hellip;]\" \/>\n<meta property=\"og:url\" content=\"https:\/\/www.nettali.com\/2024\/07\/26\/ugee-pour-diffamation-aminata-toure-assume-et-defend-ses-propos\/\" \/>\n<meta property=\"og:site_name\" content=\"Nettali.com\" \/>\n<meta property=\"article:publisher\" content=\"https:\/\/www.facebook.com\/nettalicom\" \/>\n<meta property=\"article:published_time\" content=\"2024-07-26T07:13:10+00:00\" \/>\n<meta property=\"article:modified_time\" content=\"2024-07-26T08:36:15+00:00\" \/>\n<meta property=\"og:image\" content=\"https:\/\/www.nettali.com\/wp-content\/uploads\/2024\/07\/Mansour-Faye-Aminata-Toure.png\" \/>\n\t<meta property=\"og:image:width\" content=\"1080\" \/>\n\t<meta property=\"og:image:height\" content=\"900\" \/>\n<meta name=\"twitter:card\" content=\"summary_large_image\" \/>\n<meta name=\"twitter:label1\" content=\"\u00c9crit par\" \/>\n\t<meta name=\"twitter:data1\" content=\"CK\" \/>\n\t<meta name=\"twitter:label2\" content=\"Dur\u00e9e de lecture estim\u00e9e\" \/>\n\t<meta name=\"twitter:data2\" content=\"5 minutes\" \/>\n<script type=\"application\/ld+json\" class=\"yoast-schema-graph\">{\"@context\":\"https:\/\/schema.org\",\"@graph\":[{\"@type\":\"WebSite\",\"@id\":\"https:\/\/www.nettali.com\/#website\",\"url\":\"https:\/\/www.nettali.com\/\",\"name\":\"Nettali.com\",\"description\":\"Le rendez-vous critique du Net\",\"potentialAction\":[{\"@type\":\"SearchAction\",\"target\":{\"@type\":\"EntryPoint\",\"urlTemplate\":\"https:\/\/www.nettali.com\/?s={search_term_string}\"},\"query-input\":\"required name=search_term_string\"}],\"inLanguage\":\"fr-FR\"},{\"@type\":\"ImageObject\",\"@id\":\"https:\/\/www.nettali.com\/2024\/07\/26\/ugee-pour-diffamation-aminata-toure-assume-et-defend-ses-propos\/#primaryimage\",\"inLanguage\":\"fr-FR\",\"url\":\"https:\/\/www.nettali.com\/wp-content\/uploads\/2024\/07\/Mansour-Faye-Aminata-Toure.png\",\"contentUrl\":\"https:\/\/www.nettali.com\/wp-content\/uploads\/2024\/07\/Mansour-Faye-Aminata-Toure.png\",\"width\":1080,\"height\":900},{\"@type\":\"WebPage\",\"@id\":\"https:\/\/www.nettali.com\/2024\/07\/26\/ugee-pour-diffamation-aminata-toure-assume-et-defend-ses-propos\/#webpage\",\"url\":\"https:\/\/www.nettali.com\/2024\/07\/26\/ugee-pour-diffamation-aminata-toure-assume-et-defend-ses-propos\/\",\"name\":\"JUGE\\u0301E POUR DIFFAMATION - Aminata Toure\\u0301 assume et de\\u0301fend ses propos | Nettali.com\",\"isPartOf\":{\"@id\":\"https:\/\/www.nettali.com\/#website\"},\"primaryImageOfPage\":{\"@id\":\"https:\/\/www.nettali.com\/2024\/07\/26\/ugee-pour-diffamation-aminata-toure-assume-et-defend-ses-propos\/#primaryimage\"},\"datePublished\":\"2024-07-26T07:13:10+00:00\",\"dateModified\":\"2024-07-26T08:36:15+00:00\",\"author\":{\"@id\":\"https:\/\/www.nettali.com\/#\/schema\/person\/d8ac7b7e27ddad43f1c0d2ef090d7f71\"},\"breadcrumb\":{\"@id\":\"https:\/\/www.nettali.com\/2024\/07\/26\/ugee-pour-diffamation-aminata-toure-assume-et-defend-ses-propos\/#breadcrumb\"},\"inLanguage\":\"fr-FR\",\"potentialAction\":[{\"@type\":\"ReadAction\",\"target\":[\"https:\/\/www.nettali.com\/2024\/07\/26\/ugee-pour-diffamation-aminata-toure-assume-et-defend-ses-propos\/\"]}]},{\"@type\":\"BreadcrumbList\",\"@id\":\"https:\/\/www.nettali.com\/2024\/07\/26\/ugee-pour-diffamation-aminata-toure-assume-et-defend-ses-propos\/#breadcrumb\",\"itemListElement\":[{\"@type\":\"ListItem\",\"position\":1,\"name\":\"Accueil\",\"item\":\"https:\/\/www.nettali.com\/\"},{\"@type\":\"ListItem\",\"position\":2,\"name\":\"JUGE\\u0301E POUR DIFFAMATION - Aminata Toure\\u0301 assume et de\\u0301fend ses propos\"}]},{\"@type\":\"Person\",\"@id\":\"https:\/\/www.nettali.com\/#\/schema\/person\/d8ac7b7e27ddad43f1c0d2ef090d7f71\",\"name\":\"CK\",\"image\":{\"@type\":\"ImageObject\",\"@id\":\"https:\/\/www.nettali.com\/#personlogo\",\"inLanguage\":\"fr-FR\",\"url\":\"https:\/\/secure.gravatar.com\/avatar\/1d8d5118b9327d94da7cd4ce7f17fec2?s=96&d=mm&r=g\",\"contentUrl\":\"https:\/\/secure.gravatar.com\/avatar\/1d8d5118b9327d94da7cd4ce7f17fec2?s=96&d=mm&r=g\",\"caption\":\"CK\"},\"sameAs\":[\"https:\/\/www.nettali.com\"]}]}<\/script>\n<!-- \/ Yoast SEO Premium plugin. -->","yoast_head_json":{"title":"JUGE\u0301E POUR DIFFAMATION - Aminata Toure\u0301 assume et de\u0301fend ses propos | Nettali.com","robots":{"index":"index","follow":"follow","max-snippet":"max-snippet:-1","max-image-preview":"max-image-preview:large","max-video-preview":"max-video-preview:-1"},"canonical":"https:\/\/www.nettali.com\/2024\/07\/26\/ugee-pour-diffamation-aminata-toure-assume-et-defend-ses-propos\/","og_locale":"fr_FR","og_type":"article","og_title":"JUGE\u0301E POUR DIFFAMATION - Aminata Toure\u0301 assume et de\u0301fend ses propos","og_description":"NETTALI.COM - L\u2019affaire opposant Aminata Toure\u0301 a\u0300 Mansour Faye a e\u0301te\u0301 e\u0301voque\u0301e hier, devant la barre de la Chambre correctionnelle du tribunal de grande instance de Dakar. Traduite en justice pour diffamation, Aminata Toure\u0301 assume les propos qui lui ont valu sa comparution. L\u2019 ancienne pre\u0301sidente du Conseil e\u0301conomique, social et environnemental, Aminata Toure\u0301 dite [&hellip;]","og_url":"https:\/\/www.nettali.com\/2024\/07\/26\/ugee-pour-diffamation-aminata-toure-assume-et-defend-ses-propos\/","og_site_name":"Nettali.com","article_publisher":"https:\/\/www.facebook.com\/nettalicom","article_published_time":"2024-07-26T07:13:10+00:00","article_modified_time":"2024-07-26T08:36:15+00:00","og_image":[{"width":1080,"height":900,"url":"https:\/\/www.nettali.com\/wp-content\/uploads\/2024\/07\/Mansour-Faye-Aminata-Toure.png","type":"image\/png"}],"twitter_card":"summary_large_image","twitter_misc":{"\u00c9crit par":"CK","Dur\u00e9e de lecture estim\u00e9e":"5 minutes"},"schema":{"@context":"https:\/\/schema.org","@graph":[{"@type":"WebSite","@id":"https:\/\/www.nettali.com\/#website","url":"https:\/\/www.nettali.com\/","name":"Nettali.com","description":"Le rendez-vous critique du Net","potentialAction":[{"@type":"SearchAction","target":{"@type":"EntryPoint","urlTemplate":"https:\/\/www.nettali.com\/?s={search_term_string}"},"query-input":"required name=search_term_string"}],"inLanguage":"fr-FR"},{"@type":"ImageObject","@id":"https:\/\/www.nettali.com\/2024\/07\/26\/ugee-pour-diffamation-aminata-toure-assume-et-defend-ses-propos\/#primaryimage","inLanguage":"fr-FR","url":"https:\/\/www.nettali.com\/wp-content\/uploads\/2024\/07\/Mansour-Faye-Aminata-Toure.png","contentUrl":"https:\/\/www.nettali.com\/wp-content\/uploads\/2024\/07\/Mansour-Faye-Aminata-Toure.png","width":1080,"height":900},{"@type":"WebPage","@id":"https:\/\/www.nettali.com\/2024\/07\/26\/ugee-pour-diffamation-aminata-toure-assume-et-defend-ses-propos\/#webpage","url":"https:\/\/www.nettali.com\/2024\/07\/26\/ugee-pour-diffamation-aminata-toure-assume-et-defend-ses-propos\/","name":"JUGE\u0301E POUR DIFFAMATION - Aminata Toure\u0301 assume et de\u0301fend ses propos | Nettali.com","isPartOf":{"@id":"https:\/\/www.nettali.com\/#website"},"primaryImageOfPage":{"@id":"https:\/\/www.nettali.com\/2024\/07\/26\/ugee-pour-diffamation-aminata-toure-assume-et-defend-ses-propos\/#primaryimage"},"datePublished":"2024-07-26T07:13:10+00:00","dateModified":"2024-07-26T08:36:15+00:00","author":{"@id":"https:\/\/www.nettali.com\/#\/schema\/person\/d8ac7b7e27ddad43f1c0d2ef090d7f71"},"breadcrumb":{"@id":"https:\/\/www.nettali.com\/2024\/07\/26\/ugee-pour-diffamation-aminata-toure-assume-et-defend-ses-propos\/#breadcrumb"},"inLanguage":"fr-FR","potentialAction":[{"@type":"ReadAction","target":["https:\/\/www.nettali.com\/2024\/07\/26\/ugee-pour-diffamation-aminata-toure-assume-et-defend-ses-propos\/"]}]},{"@type":"BreadcrumbList","@id":"https:\/\/www.nettali.com\/2024\/07\/26\/ugee-pour-diffamation-aminata-toure-assume-et-defend-ses-propos\/#breadcrumb","itemListElement":[{"@type":"ListItem","position":1,"name":"Accueil","item":"https:\/\/www.nettali.com\/"},{"@type":"ListItem","position":2,"name":"JUGE\u0301E POUR DIFFAMATION - Aminata Toure\u0301 assume et de\u0301fend ses propos"}]},{"@type":"Person","@id":"https:\/\/www.nettali.com\/#\/schema\/person\/d8ac7b7e27ddad43f1c0d2ef090d7f71","name":"CK","image":{"@type":"ImageObject","@id":"https:\/\/www.nettali.com\/#personlogo","inLanguage":"fr-FR","url":"https:\/\/secure.gravatar.com\/avatar\/1d8d5118b9327d94da7cd4ce7f17fec2?s=96&d=mm&r=g","contentUrl":"https:\/\/secure.gravatar.com\/avatar\/1d8d5118b9327d94da7cd4ce7f17fec2?s=96&d=mm&r=g","caption":"CK"},"sameAs":["https:\/\/www.nettali.com"]}]}},"_links":{"self":[{"href":"https:\/\/www.nettali.com\/rest\/wp\/v2\/posts\/137574"}],"collection":[{"href":"https:\/\/www.nettali.com\/rest\/wp\/v2\/posts"}],"about":[{"href":"https:\/\/www.nettali.com\/rest\/wp\/v2\/types\/post"}],"author":[{"embeddable":true,"href":"https:\/\/www.nettali.com\/rest\/wp\/v2\/users\/2"}],"replies":[{"embeddable":true,"href":"https:\/\/www.nettali.com\/rest\/wp\/v2\/comments?post=137574"}],"version-history":[{"count":2,"href":"https:\/\/www.nettali.com\/rest\/wp\/v2\/posts\/137574\/revisions"}],"predecessor-version":[{"id":137587,"href":"https:\/\/www.nettali.com\/rest\/wp\/v2\/posts\/137574\/revisions\/137587"}],"wp:featuredmedia":[{"embeddable":true,"href":"https:\/\/www.nettali.com\/rest\/wp\/v2\/media\/137575"}],"wp:attachment":[{"href":"https:\/\/www.nettali.com\/rest\/wp\/v2\/media?parent=137574"}],"wp:term":[{"taxonomy":"category","embeddable":true,"href":"https:\/\/www.nettali.com\/rest\/wp\/v2\/categories?post=137574"},{"taxonomy":"post_tag","embeddable":true,"href":"https:\/\/www.nettali.com\/rest\/wp\/v2\/tags?post=137574"}],"curies":[{"name":"wp","href":"https:\/\/api.w.org\/{rel}","templated":true}]}}