{"id":137508,"date":"2024-07-25T08:37:26","date_gmt":"2024-07-25T08:37:26","guid":{"rendered":"https:\/\/www.nettali.com\/?p=137508"},"modified":"2024-07-25T08:37:26","modified_gmt":"2024-07-25T08:37:26","slug":"sommet-sport-4sd-de-paris-le-president-diomaye-faye-prendra-la-parole","status":"publish","type":"post","link":"https:\/\/www.nettali.com\/2024\/07\/25\/sommet-sport-4sd-de-paris-le-president-diomaye-faye-prendra-la-parole\/","title":{"rendered":"SOMMET \"SPORT 4SD\" DE PARIS - Le pr\u00e9sident Diomaye Faye prendra la parole"},"content":{"rendered":"<div class=\"page\" title=\"Page 2\">\n<div class=\"section\">\n<div class=\"layoutArea\">\n<div class=\"column\">\n<p><strong>NETTALI.COM -<\/strong> Devant ses homologues et 500 participants invite\u0301s par Emmanuel Macron et le Pre\u0301sident du Comite\u0301 International Olympique, Thomas Bach, le pre\u0301sident Diomaye Faye prendra la parole. Il a quitte\u0301 Dakar, le mercredi 24 juillet pour participer, en marge des Jeux Olympiques et Paralympiques (JOP), au Sommet \u00ab Sport4SD \u00bb qui s\u2019inscrit ainsi dans un continuum d\u2019e\u0301ve\u0301nements internationaux en lien avec l\u2019agenda du Pacte de Paris pour la plane\u0300te et les peuples de juin 2023, le Sommet de l\u2019Avenir de septembre 2024 et le Sommet Nutrition for Growth que la France accueillera en 2025.<\/p>\n<p>Un Sommet au cours duquel les pays et acteurs du monde du sport pourront pre\u0301senter leurs engagements en faveur des ge\u0301ne\u0301rations futures au travers de la contribution du sport aux ODD, en cohe\u0301rence avec les marqueurs de Paris 2024.<\/p>\n<p>Le pre\u0301sident Diomaye Faye pre\u0301sentera sa vision et la place de la jeunesse se\u0301ne\u0301galaise et africaine dans le concert du monde de demain. La participation du chef de l\u2019E\u0301tat marque e\u0301galement un moment pour le passage de te\u0301moin entre la France et le Se\u0301ne\u0301gal qui va accueillir les Jeux Olympiques de la Jeunesse en 2026.<\/p>\n<\/div>\n<\/div>\n<\/div>\n<\/div>\n<div class='share-to-whatsapp-wrapper'><div class='share-on-whsp'>PARTAGER SUR : <\/div><a data-text='SOMMET \"SPORT 4SD\" DE PARIS - Le pr\u00e9sident Diomaye Faye prendra la parole' data-link='https:\/\/www.nettali.com\/2024\/07\/25\/sommet-sport-4sd-de-paris-le-president-diomaye-faye-prendra-la-parole\/' class='whatsapp-button whatsapp-share'>WhatsApp<\/a><div class='clear '><\/div><\/div>","protected":false},"excerpt":{"rendered":"<p>NETTALI.COM - Devant ses homologues et 500 participants invite\u0301s par Emmanuel Macron et le Pre\u0301sident du Comite\u0301 International Olympique, Thomas Bach, le pre\u0301sident Diomaye Faye prendra la parole. Il a quitte\u0301 Dakar, le mercredi 24 juillet pour participer, en marge des Jeux Olympiques et Paralympiques (JOP), au Sommet \u00ab Sport4SD \u00bb qui s\u2019inscrit ainsi dans [&hellip;]<\/p>\n","protected":false},"author":2,"featured_media":137463,"comment_status":"open","ping_status":"open","sticky":false,"template":"","format":"standard","meta":{"_et_pb_use_builder":"","_et_pb_old_content":""},"categories":[34945],"tags":[],"yoast_head":"<!-- This site is optimized with the Yoast SEO Premium plugin v17.8 (Yoast SEO v17.8) - https:\/\/yoast.com\/wordpress\/plugins\/seo\/ -->\n<title>SOMMET &quot;SPORT 4SD&quot; DE PARIS - Le pr\u00e9sident Diomaye Faye prendra la parole | Nettali.com<\/title>\n<meta name=\"robots\" content=\"index, follow, max-snippet:-1, max-image-preview:large, max-video-preview:-1\" \/>\n<link rel=\"canonical\" href=\"https:\/\/www.nettali.com\/2024\/07\/25\/sommet-sport-4sd-de-paris-le-president-diomaye-faye-prendra-la-parole\/\" \/>\n<meta property=\"og:locale\" content=\"fr_FR\" \/>\n<meta property=\"og:type\" content=\"article\" \/>\n<meta property=\"og:title\" content=\"SOMMET &quot;SPORT 4SD&quot; DE PARIS - Le pr\u00e9sident Diomaye Faye prendra la parole\" \/>\n<meta property=\"og:description\" content=\"NETTALI.COM - Devant ses homologues et 500 participants invite\u0301s par Emmanuel Macron et le Pre\u0301sident du Comite\u0301 International Olympique, Thomas Bach, le pre\u0301sident Diomaye Faye prendra la parole. Il a quitte\u0301 Dakar, le mercredi 24 juillet pour participer, en marge des Jeux Olympiques et Paralympiques (JOP), au Sommet \u00ab Sport4SD \u00bb qui s\u2019inscrit ainsi dans [&hellip;]\" \/>\n<meta property=\"og:url\" content=\"https:\/\/www.nettali.com\/2024\/07\/25\/sommet-sport-4sd-de-paris-le-president-diomaye-faye-prendra-la-parole\/\" \/>\n<meta property=\"og:site_name\" content=\"Nettali.com\" \/>\n<meta property=\"article:publisher\" content=\"https:\/\/www.facebook.com\/nettalicom\" \/>\n<meta property=\"article:published_time\" content=\"2024-07-25T08:37:26+00:00\" \/>\n<meta property=\"og:image\" content=\"https:\/\/www.nettali.com\/wp-content\/uploads\/2024\/07\/Capture-de\u0301cran-2024-07-24-a\u0300-09.02.28.png\" \/>\n\t<meta property=\"og:image:width\" content=\"608\" \/>\n\t<meta property=\"og:image:height\" content=\"396\" \/>\n<meta name=\"twitter:card\" content=\"summary_large_image\" \/>\n<meta name=\"twitter:label1\" content=\"\u00c9crit par\" \/>\n\t<meta name=\"twitter:data1\" content=\"CK\" \/>\n\t<meta name=\"twitter:label2\" content=\"Dur\u00e9e de lecture estim\u00e9e\" \/>\n\t<meta name=\"twitter:data2\" content=\"1 minute\" \/>\n<script type=\"application\/ld+json\" class=\"yoast-schema-graph\">{\"@context\":\"https:\/\/schema.org\",\"@graph\":[{\"@type\":\"WebSite\",\"@id\":\"https:\/\/www.nettali.com\/#website\",\"url\":\"https:\/\/www.nettali.com\/\",\"name\":\"Nettali.com\",\"description\":\"Le rendez-vous critique du Net\",\"potentialAction\":[{\"@type\":\"SearchAction\",\"target\":{\"@type\":\"EntryPoint\",\"urlTemplate\":\"https:\/\/www.nettali.com\/?s={search_term_string}\"},\"query-input\":\"required name=search_term_string\"}],\"inLanguage\":\"fr-FR\"},{\"@type\":\"ImageObject\",\"@id\":\"https:\/\/www.nettali.com\/2024\/07\/25\/sommet-sport-4sd-de-paris-le-president-diomaye-faye-prendra-la-parole\/#primaryimage\",\"inLanguage\":\"fr-FR\",\"url\":\"https:\/\/www.nettali.com\/wp-content\/uploads\/2024\/07\/Capture-de\\u0301cran-2024-07-24-a\\u0300-09.02.28.png\",\"contentUrl\":\"https:\/\/www.nettali.com\/wp-content\/uploads\/2024\/07\/Capture-de\\u0301cran-2024-07-24-a\\u0300-09.02.28.png\",\"width\":608,\"height\":396},{\"@type\":\"WebPage\",\"@id\":\"https:\/\/www.nettali.com\/2024\/07\/25\/sommet-sport-4sd-de-paris-le-president-diomaye-faye-prendra-la-parole\/#webpage\",\"url\":\"https:\/\/www.nettali.com\/2024\/07\/25\/sommet-sport-4sd-de-paris-le-president-diomaye-faye-prendra-la-parole\/\",\"name\":\"SOMMET \\\"SPORT 4SD\\\" DE PARIS - Le pr\\u00e9sident Diomaye Faye prendra la parole | Nettali.com\",\"isPartOf\":{\"@id\":\"https:\/\/www.nettali.com\/#website\"},\"primaryImageOfPage\":{\"@id\":\"https:\/\/www.nettali.com\/2024\/07\/25\/sommet-sport-4sd-de-paris-le-president-diomaye-faye-prendra-la-parole\/#primaryimage\"},\"datePublished\":\"2024-07-25T08:37:26+00:00\",\"dateModified\":\"2024-07-25T08:37:26+00:00\",\"author\":{\"@id\":\"https:\/\/www.nettali.com\/#\/schema\/person\/d8ac7b7e27ddad43f1c0d2ef090d7f71\"},\"breadcrumb\":{\"@id\":\"https:\/\/www.nettali.com\/2024\/07\/25\/sommet-sport-4sd-de-paris-le-president-diomaye-faye-prendra-la-parole\/#breadcrumb\"},\"inLanguage\":\"fr-FR\",\"potentialAction\":[{\"@type\":\"ReadAction\",\"target\":[\"https:\/\/www.nettali.com\/2024\/07\/25\/sommet-sport-4sd-de-paris-le-president-diomaye-faye-prendra-la-parole\/\"]}]},{\"@type\":\"BreadcrumbList\",\"@id\":\"https:\/\/www.nettali.com\/2024\/07\/25\/sommet-sport-4sd-de-paris-le-president-diomaye-faye-prendra-la-parole\/#breadcrumb\",\"itemListElement\":[{\"@type\":\"ListItem\",\"position\":1,\"name\":\"Accueil\",\"item\":\"https:\/\/www.nettali.com\/\"},{\"@type\":\"ListItem\",\"position\":2,\"name\":\"SOMMET \\\"SPORT 4SD\\\" DE PARIS - Le pr\\u00e9sident Diomaye Faye prendra la parole\"}]},{\"@type\":\"Person\",\"@id\":\"https:\/\/www.nettali.com\/#\/schema\/person\/d8ac7b7e27ddad43f1c0d2ef090d7f71\",\"name\":\"CK\",\"image\":{\"@type\":\"ImageObject\",\"@id\":\"https:\/\/www.nettali.com\/#personlogo\",\"inLanguage\":\"fr-FR\",\"url\":\"https:\/\/secure.gravatar.com\/avatar\/1d8d5118b9327d94da7cd4ce7f17fec2?s=96&d=mm&r=g\",\"contentUrl\":\"https:\/\/secure.gravatar.com\/avatar\/1d8d5118b9327d94da7cd4ce7f17fec2?s=96&d=mm&r=g\",\"caption\":\"CK\"},\"sameAs\":[\"https:\/\/www.nettali.com\"]}]}<\/script>\n<!-- \/ Yoast SEO Premium plugin. -->","yoast_head_json":{"title":"SOMMET \"SPORT 4SD\" DE PARIS - Le pr\u00e9sident Diomaye Faye prendra la parole | Nettali.com","robots":{"index":"index","follow":"follow","max-snippet":"max-snippet:-1","max-image-preview":"max-image-preview:large","max-video-preview":"max-video-preview:-1"},"canonical":"https:\/\/www.nettali.com\/2024\/07\/25\/sommet-sport-4sd-de-paris-le-president-diomaye-faye-prendra-la-parole\/","og_locale":"fr_FR","og_type":"article","og_title":"SOMMET \"SPORT 4SD\" DE PARIS - Le pr\u00e9sident Diomaye Faye prendra la parole","og_description":"NETTALI.COM - Devant ses homologues et 500 participants invite\u0301s par Emmanuel Macron et le Pre\u0301sident du Comite\u0301 International Olympique, Thomas Bach, le pre\u0301sident Diomaye Faye prendra la parole. Il a quitte\u0301 Dakar, le mercredi 24 juillet pour participer, en marge des Jeux Olympiques et Paralympiques (JOP), au Sommet \u00ab Sport4SD \u00bb qui s\u2019inscrit ainsi dans [&hellip;]","og_url":"https:\/\/www.nettali.com\/2024\/07\/25\/sommet-sport-4sd-de-paris-le-president-diomaye-faye-prendra-la-parole\/","og_site_name":"Nettali.com","article_publisher":"https:\/\/www.facebook.com\/nettalicom","article_published_time":"2024-07-25T08:37:26+00:00","og_image":[{"width":608,"height":396,"url":"https:\/\/www.nettali.com\/wp-content\/uploads\/2024\/07\/Capture-de\u0301cran-2024-07-24-a\u0300-09.02.28.png","type":"image\/png"}],"twitter_card":"summary_large_image","twitter_misc":{"\u00c9crit par":"CK","Dur\u00e9e de lecture estim\u00e9e":"1 minute"},"schema":{"@context":"https:\/\/schema.org","@graph":[{"@type":"WebSite","@id":"https:\/\/www.nettali.com\/#website","url":"https:\/\/www.nettali.com\/","name":"Nettali.com","description":"Le rendez-vous critique du Net","potentialAction":[{"@type":"SearchAction","target":{"@type":"EntryPoint","urlTemplate":"https:\/\/www.nettali.com\/?s={search_term_string}"},"query-input":"required name=search_term_string"}],"inLanguage":"fr-FR"},{"@type":"ImageObject","@id":"https:\/\/www.nettali.com\/2024\/07\/25\/sommet-sport-4sd-de-paris-le-president-diomaye-faye-prendra-la-parole\/#primaryimage","inLanguage":"fr-FR","url":"https:\/\/www.nettali.com\/wp-content\/uploads\/2024\/07\/Capture-de\u0301cran-2024-07-24-a\u0300-09.02.28.png","contentUrl":"https:\/\/www.nettali.com\/wp-content\/uploads\/2024\/07\/Capture-de\u0301cran-2024-07-24-a\u0300-09.02.28.png","width":608,"height":396},{"@type":"WebPage","@id":"https:\/\/www.nettali.com\/2024\/07\/25\/sommet-sport-4sd-de-paris-le-president-diomaye-faye-prendra-la-parole\/#webpage","url":"https:\/\/www.nettali.com\/2024\/07\/25\/sommet-sport-4sd-de-paris-le-president-diomaye-faye-prendra-la-parole\/","name":"SOMMET \"SPORT 4SD\" DE PARIS - Le pr\u00e9sident Diomaye Faye prendra la parole | Nettali.com","isPartOf":{"@id":"https:\/\/www.nettali.com\/#website"},"primaryImageOfPage":{"@id":"https:\/\/www.nettali.com\/2024\/07\/25\/sommet-sport-4sd-de-paris-le-president-diomaye-faye-prendra-la-parole\/#primaryimage"},"datePublished":"2024-07-25T08:37:26+00:00","dateModified":"2024-07-25T08:37:26+00:00","author":{"@id":"https:\/\/www.nettali.com\/#\/schema\/person\/d8ac7b7e27ddad43f1c0d2ef090d7f71"},"breadcrumb":{"@id":"https:\/\/www.nettali.com\/2024\/07\/25\/sommet-sport-4sd-de-paris-le-president-diomaye-faye-prendra-la-parole\/#breadcrumb"},"inLanguage":"fr-FR","potentialAction":[{"@type":"ReadAction","target":["https:\/\/www.nettali.com\/2024\/07\/25\/sommet-sport-4sd-de-paris-le-president-diomaye-faye-prendra-la-parole\/"]}]},{"@type":"BreadcrumbList","@id":"https:\/\/www.nettali.com\/2024\/07\/25\/sommet-sport-4sd-de-paris-le-president-diomaye-faye-prendra-la-parole\/#breadcrumb","itemListElement":[{"@type":"ListItem","position":1,"name":"Accueil","item":"https:\/\/www.nettali.com\/"},{"@type":"ListItem","position":2,"name":"SOMMET \"SPORT 4SD\" DE PARIS - Le pr\u00e9sident Diomaye Faye prendra la parole"}]},{"@type":"Person","@id":"https:\/\/www.nettali.com\/#\/schema\/person\/d8ac7b7e27ddad43f1c0d2ef090d7f71","name":"CK","image":{"@type":"ImageObject","@id":"https:\/\/www.nettali.com\/#personlogo","inLanguage":"fr-FR","url":"https:\/\/secure.gravatar.com\/avatar\/1d8d5118b9327d94da7cd4ce7f17fec2?s=96&d=mm&r=g","contentUrl":"https:\/\/secure.gravatar.com\/avatar\/1d8d5118b9327d94da7cd4ce7f17fec2?s=96&d=mm&r=g","caption":"CK"},"sameAs":["https:\/\/www.nettali.com"]}]}},"_links":{"self":[{"href":"https:\/\/www.nettali.com\/rest\/wp\/v2\/posts\/137508"}],"collection":[{"href":"https:\/\/www.nettali.com\/rest\/wp\/v2\/posts"}],"about":[{"href":"https:\/\/www.nettali.com\/rest\/wp\/v2\/types\/post"}],"author":[{"embeddable":true,"href":"https:\/\/www.nettali.com\/rest\/wp\/v2\/users\/2"}],"replies":[{"embeddable":true,"href":"https:\/\/www.nettali.com\/rest\/wp\/v2\/comments?post=137508"}],"version-history":[{"count":1,"href":"https:\/\/www.nettali.com\/rest\/wp\/v2\/posts\/137508\/revisions"}],"predecessor-version":[{"id":137509,"href":"https:\/\/www.nettali.com\/rest\/wp\/v2\/posts\/137508\/revisions\/137509"}],"wp:featuredmedia":[{"embeddable":true,"href":"https:\/\/www.nettali.com\/rest\/wp\/v2\/media\/137463"}],"wp:attachment":[{"href":"https:\/\/www.nettali.com\/rest\/wp\/v2\/media?parent=137508"}],"wp:term":[{"taxonomy":"category","embeddable":true,"href":"https:\/\/www.nettali.com\/rest\/wp\/v2\/categories?post=137508"},{"taxonomy":"post_tag","embeddable":true,"href":"https:\/\/www.nettali.com\/rest\/wp\/v2\/tags?post=137508"}],"curies":[{"name":"wp","href":"https:\/\/api.w.org\/{rel}","templated":true}]}}