{"id":137266,"date":"2024-07-21T18:34:13","date_gmt":"2024-07-21T18:34:13","guid":{"rendered":"https:\/\/www.nettali.com\/?p=137266"},"modified":"2024-07-21T18:34:13","modified_gmt":"2024-07-21T18:34:13","slug":"abdou-latif-coulibaly-jai-quitte-benno-et-lapr-mais","status":"publish","type":"post","link":"https:\/\/www.nettali.com\/2024\/07\/21\/abdou-latif-coulibaly-jai-quitte-benno-et-lapr-mais\/","title":{"rendered":"ABDOU LATIF COULIBALY : \"J\u2019ai quitt\u00e9 Benno et l\u2019APR, mais...\""},"content":{"rendered":"<p><strong>NETTALI.COM - Abdou Latif Coulibaly a officialis\u00e9 son depart de l'Alliance Pour la R\u00e9publique (Apr) et de la Coalition BBY. L\u2019ancien ministre de la Bonne gouvernance \u00e0 toutefois pr\u00e9tendu qu'il peut accompagner le candidat malheureux de la derni\u00e8re \u00e9lection Amadou Ba, s'il cr\u00e9e son mouvement politique.<\/strong><\/p>\n<p>\"<em>J\u2019ai quitt\u00e9 Benno et l\u2019APR d\u2019abord<\/em>\" a d\u00e9clar\u00e9 Abdou Latif Coulibaly devant le Jury du dimanche de ce 21 juillet.<\/p>\n<p>Il ajoute : \"<em>Je n\u2019y suis plus, je suis partig. J\u2019avais gel\u00e9 mes activit\u00e9s, je suis parti maintenant. J\u2019attends qu\u2019une personnalit\u00e9 se prononce. Je suis vieux pour aller cr\u00e9er un parti politique. C\u2019est fini !\u00a0 Je n\u2019ai pas d\u2019\u00e9lan de parti. M\u00eame si je ne suis pas actif comme tout le monde, j\u2019ai des opinions, je peux les transmettre. Je peux en parler, c\u2019est \u00e7a que je veux dire. Mais, je ne vais pas rester un citoyen inactif qui ne fait rien du tout. Je crois que je poss\u00e8de toujours mes moyens, physiques, intellectuels surtout. Macky Sall, on s\u2019est quitt\u00e9, c\u2019est terminer. Je ne suis pas d\u2019accord avec lui, c\u2019est fini. J\u2019ai quitt\u00e9 l\u2019APR<\/em>\".<\/p>\n<p>Cependant, il soutient que si Amadou Ba cr\u00e9e un parti politique puisque dit-il, il lui en avait d\u00e9j\u00e0 parl\u00e9 de sa volont\u00e9 d\u2019avoir \u00a0son mouvement politique, il pourrait l\u2019accompagner. \" <em>L\u2019APR c\u2019est fini !! je suis parti depuis<\/em> \", a-t-il insist\u00e9.<\/p>\n<div class='share-to-whatsapp-wrapper'><div class='share-on-whsp'>PARTAGER SUR : <\/div><a data-text='ABDOU LATIF COULIBALY : \"J\u2019ai quitt\u00e9 Benno et l\u2019APR, mais...\"' data-link='https:\/\/www.nettali.com\/2024\/07\/21\/abdou-latif-coulibaly-jai-quitte-benno-et-lapr-mais\/' class='whatsapp-button whatsapp-share'>WhatsApp<\/a><div class='clear '><\/div><\/div>","protected":false},"excerpt":{"rendered":"<p>NETTALI.COM - Abdou Latif Coulibaly a officialis\u00e9 son depart de l'Alliance Pour la R\u00e9publique (Apr) et de la Coalition BBY. L\u2019ancien ministre de la Bonne gouvernance \u00e0 toutefois pr\u00e9tendu qu'il peut accompagner le candidat malheureux de la derni\u00e8re \u00e9lection Amadou Ba, s'il cr\u00e9e son mouvement politique. \"J\u2019ai quitt\u00e9 Benno et l\u2019APR d\u2019abord\" a d\u00e9clar\u00e9 Abdou [&hellip;]<\/p>\n","protected":false},"author":6,"featured_media":137255,"comment_status":"open","ping_status":"open","sticky":false,"template":"","format":"standard","meta":{"_et_pb_use_builder":"","_et_pb_old_content":""},"categories":[2],"tags":[],"yoast_head":"<!-- This site is optimized with the Yoast SEO Premium plugin v17.8 (Yoast SEO v17.8) - https:\/\/yoast.com\/wordpress\/plugins\/seo\/ -->\n<title>ABDOU LATIF COULIBALY : &quot;J\u2019ai quitt\u00e9 Benno et l\u2019APR, mais...&quot; | Nettali.com<\/title>\n<meta name=\"robots\" content=\"index, follow, max-snippet:-1, max-image-preview:large, max-video-preview:-1\" \/>\n<link rel=\"canonical\" href=\"https:\/\/www.nettali.com\/2024\/07\/21\/abdou-latif-coulibaly-jai-quitte-benno-et-lapr-mais\/\" \/>\n<meta property=\"og:locale\" content=\"fr_FR\" \/>\n<meta property=\"og:type\" content=\"article\" \/>\n<meta property=\"og:title\" content=\"ABDOU LATIF COULIBALY : &quot;J\u2019ai quitt\u00e9 Benno et l\u2019APR, mais...&quot;\" \/>\n<meta property=\"og:description\" content=\"NETTALI.COM - Abdou Latif Coulibaly a officialis\u00e9 son depart de l&#039;Alliance Pour la R\u00e9publique (Apr) et de la Coalition BBY. L\u2019ancien ministre de la Bonne gouvernance \u00e0 toutefois pr\u00e9tendu qu&#039;il peut accompagner le candidat malheureux de la derni\u00e8re \u00e9lection Amadou Ba, s&#039;il cr\u00e9e son mouvement politique. &quot;J\u2019ai quitt\u00e9 Benno et l\u2019APR d\u2019abord&quot; a d\u00e9clar\u00e9 Abdou [&hellip;]\" \/>\n<meta property=\"og:url\" content=\"https:\/\/www.nettali.com\/2024\/07\/21\/abdou-latif-coulibaly-jai-quitte-benno-et-lapr-mais\/\" \/>\n<meta property=\"og:site_name\" content=\"Nettali.com\" \/>\n<meta property=\"article:publisher\" content=\"https:\/\/www.facebook.com\/nettalicom\" \/>\n<meta property=\"article:published_time\" content=\"2024-07-21T18:34:13+00:00\" \/>\n<meta property=\"og:image\" content=\"https:\/\/www.nettali.com\/wp-content\/uploads\/2024\/07\/dsc_2223-copie-convertimage.jpg\" \/>\n\t<meta property=\"og:image:width\" content=\"1215\" \/>\n\t<meta property=\"og:image:height\" content=\"808\" \/>\n<meta name=\"twitter:card\" content=\"summary_large_image\" \/>\n<meta name=\"twitter:label1\" content=\"\u00c9crit par\" \/>\n\t<meta name=\"twitter:data1\" content=\"Fatou\" \/>\n\t<meta name=\"twitter:label2\" content=\"Dur\u00e9e de lecture estim\u00e9e\" \/>\n\t<meta name=\"twitter:data2\" content=\"2 minutes\" \/>\n<script type=\"application\/ld+json\" class=\"yoast-schema-graph\">{\"@context\":\"https:\/\/schema.org\",\"@graph\":[{\"@type\":\"WebSite\",\"@id\":\"https:\/\/www.nettali.com\/#website\",\"url\":\"https:\/\/www.nettali.com\/\",\"name\":\"Nettali.com\",\"description\":\"Le rendez-vous critique du Net\",\"potentialAction\":[{\"@type\":\"SearchAction\",\"target\":{\"@type\":\"EntryPoint\",\"urlTemplate\":\"https:\/\/www.nettali.com\/?s={search_term_string}\"},\"query-input\":\"required name=search_term_string\"}],\"inLanguage\":\"fr-FR\"},{\"@type\":\"ImageObject\",\"@id\":\"https:\/\/www.nettali.com\/2024\/07\/21\/abdou-latif-coulibaly-jai-quitte-benno-et-lapr-mais\/#primaryimage\",\"inLanguage\":\"fr-FR\",\"url\":\"https:\/\/www.nettali.com\/wp-content\/uploads\/2024\/07\/dsc_2223-copie-convertimage.jpg\",\"contentUrl\":\"https:\/\/www.nettali.com\/wp-content\/uploads\/2024\/07\/dsc_2223-copie-convertimage.jpg\",\"width\":1215,\"height\":808},{\"@type\":\"WebPage\",\"@id\":\"https:\/\/www.nettali.com\/2024\/07\/21\/abdou-latif-coulibaly-jai-quitte-benno-et-lapr-mais\/#webpage\",\"url\":\"https:\/\/www.nettali.com\/2024\/07\/21\/abdou-latif-coulibaly-jai-quitte-benno-et-lapr-mais\/\",\"name\":\"ABDOU LATIF COULIBALY : \\\"J\\u2019ai quitt\\u00e9 Benno et l\\u2019APR, mais...\\\" | Nettali.com\",\"isPartOf\":{\"@id\":\"https:\/\/www.nettali.com\/#website\"},\"primaryImageOfPage\":{\"@id\":\"https:\/\/www.nettali.com\/2024\/07\/21\/abdou-latif-coulibaly-jai-quitte-benno-et-lapr-mais\/#primaryimage\"},\"datePublished\":\"2024-07-21T18:34:13+00:00\",\"dateModified\":\"2024-07-21T18:34:13+00:00\",\"author\":{\"@id\":\"https:\/\/www.nettali.com\/#\/schema\/person\/418274a86bdf87caff7a3ef476bd0bbf\"},\"breadcrumb\":{\"@id\":\"https:\/\/www.nettali.com\/2024\/07\/21\/abdou-latif-coulibaly-jai-quitte-benno-et-lapr-mais\/#breadcrumb\"},\"inLanguage\":\"fr-FR\",\"potentialAction\":[{\"@type\":\"ReadAction\",\"target\":[\"https:\/\/www.nettali.com\/2024\/07\/21\/abdou-latif-coulibaly-jai-quitte-benno-et-lapr-mais\/\"]}]},{\"@type\":\"BreadcrumbList\",\"@id\":\"https:\/\/www.nettali.com\/2024\/07\/21\/abdou-latif-coulibaly-jai-quitte-benno-et-lapr-mais\/#breadcrumb\",\"itemListElement\":[{\"@type\":\"ListItem\",\"position\":1,\"name\":\"Accueil\",\"item\":\"https:\/\/www.nettali.com\/\"},{\"@type\":\"ListItem\",\"position\":2,\"name\":\"ABDOU LATIF COULIBALY : \\\"J\\u2019ai quitt\\u00e9 Benno et l\\u2019APR, mais...\\\"\"}]},{\"@type\":\"Person\",\"@id\":\"https:\/\/www.nettali.com\/#\/schema\/person\/418274a86bdf87caff7a3ef476bd0bbf\",\"name\":\"Fatou\",\"image\":{\"@type\":\"ImageObject\",\"@id\":\"https:\/\/www.nettali.com\/#personlogo\",\"inLanguage\":\"fr-FR\",\"url\":\"https:\/\/secure.gravatar.com\/avatar\/5a9442a2bee7b4dcf167cab035858e9a?s=96&d=mm&r=g\",\"contentUrl\":\"https:\/\/secure.gravatar.com\/avatar\/5a9442a2bee7b4dcf167cab035858e9a?s=96&d=mm&r=g\",\"caption\":\"Fatou\"},\"sameAs\":[\"https:\/\/www.nettali.com\"]}]}<\/script>\n<!-- \/ Yoast SEO Premium plugin. -->","yoast_head_json":{"title":"ABDOU LATIF COULIBALY : \"J\u2019ai quitt\u00e9 Benno et l\u2019APR, mais...\" | Nettali.com","robots":{"index":"index","follow":"follow","max-snippet":"max-snippet:-1","max-image-preview":"max-image-preview:large","max-video-preview":"max-video-preview:-1"},"canonical":"https:\/\/www.nettali.com\/2024\/07\/21\/abdou-latif-coulibaly-jai-quitte-benno-et-lapr-mais\/","og_locale":"fr_FR","og_type":"article","og_title":"ABDOU LATIF COULIBALY : \"J\u2019ai quitt\u00e9 Benno et l\u2019APR, mais...\"","og_description":"NETTALI.COM - Abdou Latif Coulibaly a officialis\u00e9 son depart de l'Alliance Pour la R\u00e9publique (Apr) et de la Coalition BBY. L\u2019ancien ministre de la Bonne gouvernance \u00e0 toutefois pr\u00e9tendu qu'il peut accompagner le candidat malheureux de la derni\u00e8re \u00e9lection Amadou Ba, s'il cr\u00e9e son mouvement politique. \"J\u2019ai quitt\u00e9 Benno et l\u2019APR d\u2019abord\" a d\u00e9clar\u00e9 Abdou [&hellip;]","og_url":"https:\/\/www.nettali.com\/2024\/07\/21\/abdou-latif-coulibaly-jai-quitte-benno-et-lapr-mais\/","og_site_name":"Nettali.com","article_publisher":"https:\/\/www.facebook.com\/nettalicom","article_published_time":"2024-07-21T18:34:13+00:00","og_image":[{"width":1215,"height":808,"url":"https:\/\/www.nettali.com\/wp-content\/uploads\/2024\/07\/dsc_2223-copie-convertimage.jpg","type":"image\/jpeg"}],"twitter_card":"summary_large_image","twitter_misc":{"\u00c9crit par":"Fatou","Dur\u00e9e de lecture estim\u00e9e":"2 minutes"},"schema":{"@context":"https:\/\/schema.org","@graph":[{"@type":"WebSite","@id":"https:\/\/www.nettali.com\/#website","url":"https:\/\/www.nettali.com\/","name":"Nettali.com","description":"Le rendez-vous critique du Net","potentialAction":[{"@type":"SearchAction","target":{"@type":"EntryPoint","urlTemplate":"https:\/\/www.nettali.com\/?s={search_term_string}"},"query-input":"required name=search_term_string"}],"inLanguage":"fr-FR"},{"@type":"ImageObject","@id":"https:\/\/www.nettali.com\/2024\/07\/21\/abdou-latif-coulibaly-jai-quitte-benno-et-lapr-mais\/#primaryimage","inLanguage":"fr-FR","url":"https:\/\/www.nettali.com\/wp-content\/uploads\/2024\/07\/dsc_2223-copie-convertimage.jpg","contentUrl":"https:\/\/www.nettali.com\/wp-content\/uploads\/2024\/07\/dsc_2223-copie-convertimage.jpg","width":1215,"height":808},{"@type":"WebPage","@id":"https:\/\/www.nettali.com\/2024\/07\/21\/abdou-latif-coulibaly-jai-quitte-benno-et-lapr-mais\/#webpage","url":"https:\/\/www.nettali.com\/2024\/07\/21\/abdou-latif-coulibaly-jai-quitte-benno-et-lapr-mais\/","name":"ABDOU LATIF COULIBALY : \"J\u2019ai quitt\u00e9 Benno et l\u2019APR, mais...\" | Nettali.com","isPartOf":{"@id":"https:\/\/www.nettali.com\/#website"},"primaryImageOfPage":{"@id":"https:\/\/www.nettali.com\/2024\/07\/21\/abdou-latif-coulibaly-jai-quitte-benno-et-lapr-mais\/#primaryimage"},"datePublished":"2024-07-21T18:34:13+00:00","dateModified":"2024-07-21T18:34:13+00:00","author":{"@id":"https:\/\/www.nettali.com\/#\/schema\/person\/418274a86bdf87caff7a3ef476bd0bbf"},"breadcrumb":{"@id":"https:\/\/www.nettali.com\/2024\/07\/21\/abdou-latif-coulibaly-jai-quitte-benno-et-lapr-mais\/#breadcrumb"},"inLanguage":"fr-FR","potentialAction":[{"@type":"ReadAction","target":["https:\/\/www.nettali.com\/2024\/07\/21\/abdou-latif-coulibaly-jai-quitte-benno-et-lapr-mais\/"]}]},{"@type":"BreadcrumbList","@id":"https:\/\/www.nettali.com\/2024\/07\/21\/abdou-latif-coulibaly-jai-quitte-benno-et-lapr-mais\/#breadcrumb","itemListElement":[{"@type":"ListItem","position":1,"name":"Accueil","item":"https:\/\/www.nettali.com\/"},{"@type":"ListItem","position":2,"name":"ABDOU LATIF COULIBALY : \"J\u2019ai quitt\u00e9 Benno et l\u2019APR, mais...\""}]},{"@type":"Person","@id":"https:\/\/www.nettali.com\/#\/schema\/person\/418274a86bdf87caff7a3ef476bd0bbf","name":"Fatou","image":{"@type":"ImageObject","@id":"https:\/\/www.nettali.com\/#personlogo","inLanguage":"fr-FR","url":"https:\/\/secure.gravatar.com\/avatar\/5a9442a2bee7b4dcf167cab035858e9a?s=96&d=mm&r=g","contentUrl":"https:\/\/secure.gravatar.com\/avatar\/5a9442a2bee7b4dcf167cab035858e9a?s=96&d=mm&r=g","caption":"Fatou"},"sameAs":["https:\/\/www.nettali.com"]}]}},"_links":{"self":[{"href":"https:\/\/www.nettali.com\/rest\/wp\/v2\/posts\/137266"}],"collection":[{"href":"https:\/\/www.nettali.com\/rest\/wp\/v2\/posts"}],"about":[{"href":"https:\/\/www.nettali.com\/rest\/wp\/v2\/types\/post"}],"author":[{"embeddable":true,"href":"https:\/\/www.nettali.com\/rest\/wp\/v2\/users\/6"}],"replies":[{"embeddable":true,"href":"https:\/\/www.nettali.com\/rest\/wp\/v2\/comments?post=137266"}],"version-history":[{"count":3,"href":"https:\/\/www.nettali.com\/rest\/wp\/v2\/posts\/137266\/revisions"}],"predecessor-version":[{"id":137278,"href":"https:\/\/www.nettali.com\/rest\/wp\/v2\/posts\/137266\/revisions\/137278"}],"wp:featuredmedia":[{"embeddable":true,"href":"https:\/\/www.nettali.com\/rest\/wp\/v2\/media\/137255"}],"wp:attachment":[{"href":"https:\/\/www.nettali.com\/rest\/wp\/v2\/media?parent=137266"}],"wp:term":[{"taxonomy":"category","embeddable":true,"href":"https:\/\/www.nettali.com\/rest\/wp\/v2\/categories?post=137266"},{"taxonomy":"post_tag","embeddable":true,"href":"https:\/\/www.nettali.com\/rest\/wp\/v2\/tags?post=137266"}],"curies":[{"name":"wp","href":"https:\/\/api.w.org\/{rel}","templated":true}]}}