{"id":137252,"date":"2024-07-21T14:52:26","date_gmt":"2024-07-21T14:52:26","guid":{"rendered":"https:\/\/www.nettali.com\/?p=137252"},"modified":"2024-07-21T18:35:37","modified_gmt":"2024-07-21T18:35:37","slug":"corruption-supposee-des-magistrats-les-revelations-de-abdou-latif-coulibaly","status":"publish","type":"post","link":"https:\/\/www.nettali.com\/2024\/07\/21\/corruption-supposee-des-magistrats-les-revelations-de-abdou-latif-coulibaly\/","title":{"rendered":"CORRUPTION SUPPOS\u00c9E DE MAGISTRATS - Les r\u00e9v\u00e9lations de Abdou Latif Coulibaly"},"content":{"rendered":"<p><strong>NETTALI.COM - Rebondissement dans l\u2019affaire de corruption suppos\u00e9e des magistrats. Cette affaire a fragilis\u00e9 les Institutions du pays, telle est la position de Abdou Latif Coulibaly. Invit\u00e9 de l'\u00e9mission \"Jury du dimanche\" sur I-radio, l'ancien ministre secr\u00e9taire g\u00e9n\u00e9ral du gouvernement est revenu sur les accusations de corruption contre le Conseil constitutionnel par le groupe parlementaire Libert\u00e9.<\/strong><\/p>\n<p>A en croire Abdou Latif Coulibaly, l\u2019ancien Pr\u00e9sident Macky Sall lui a dit de bouche \u00e0 oreille que ces accusations \u00e9taient fausses. Selon lui, ces charges fragilisaient les Institutions du pays. Pour lui, cette affaire rel\u00e8ve du surr\u00e9alisme.<\/p>\n<p>\"<em>Je n\u2019ai plus de pr\u00e9occupation par rapport \u00e0 \u00e7a. Parce que moi, je sais que cette accusation est fausse. Elle a \u00e9t\u00e9 colport\u00e9e de toute pi\u00e8ce. C\u2019est exactement le point de vue de l\u2019une des plus hautes personnalit\u00e9s du pays avec qui on en a parl\u00e9, en l\u2019occurrence Macky Sall. On en a parl\u00e9 pendant longtemps et au t\u00e9l\u00e9phone et dans son bureau. Mais, ce que je peux vous dire, c\u2019est m\u00eame surr\u00e9aliste<\/em>\", a-t-il dit.<\/p>\n<p>Avant de poursuivre : \"<em>le Conseil constitutionnel, il prend ses d\u00e9cisions comment ? Ce sont les sept juges qui se r\u00e9unissent. Je vous dis que les sept juges qui se r\u00e9unissent, si vous lisez le rapport, c\u2019est la vice-pr\u00e9sidente du Conseil constitutionnel qui l\u2019a \u00e9crit. Elle recommande que Karim Wade, du fait du parjure, soit exclu. Ils ont pris la d\u00e9cision \u00e0 l\u2019unanimit\u00e9. Ils l\u2019ont publi\u00e9. Donc c\u2019est deux personnes, m\u00eame si on n\u2019est coh\u00e9rent dans la vie simplement, la coh\u00e9rence et la logique d\u2019une personne qui r\u00e9fl\u00e9chit, ne peut pas conclure que ce sont des magistrats qui ont \u00e9t\u00e9 corrompus<\/em>\".<\/p>\n<p>Pis , il ajoute : \"<em>parfois, dire m\u00eame certaines choses, c\u2019est nous prendre comme des idiots nous les S\u00e9n\u00e9galais. Ce n\u2019est pas vrai ! Y compris le pr\u00e9sident du conseil a sign\u00e9. Donc, c\u2019est un m\u00e9pris affich\u00e9 \u00e0 l\u2019\u00e9gard des cinq autres magistrats. Un m\u00e9pris souverain que de dire que les cinq autres magistrats ont \u00e9t\u00e9 influenc\u00e9s par deux magistrats. Deux, pour influencer et le pr\u00e9sident du conseil constitutionnel et la vice-pr\u00e9sidente et les trois autres juges qui ont si\u00e9g\u00e9 avec eux . Ils sont tr\u00e8s forts ces deux magistrats l\u00e0. C\u2019est non seulement de la calomnie, mais c\u2019est une infamie contre les institutions de ce pays-l\u00e0<\/em>\".<\/p>\n<div class='share-to-whatsapp-wrapper'><div class='share-on-whsp'>PARTAGER SUR : <\/div><a data-text='CORRUPTION SUPPOS\u00c9E DE MAGISTRATS - Les r\u00e9v\u00e9lations de Abdou Latif Coulibaly' data-link='https:\/\/www.nettali.com\/2024\/07\/21\/corruption-supposee-des-magistrats-les-revelations-de-abdou-latif-coulibaly\/' class='whatsapp-button whatsapp-share'>WhatsApp<\/a><div class='clear '><\/div><\/div>","protected":false},"excerpt":{"rendered":"<p>NETTALI.COM - Rebondissement dans l\u2019affaire de corruption suppos\u00e9e des magistrats. Cette affaire a fragilis\u00e9 les Institutions du pays, telle est la position de Abdou Latif Coulibaly. Invit\u00e9 de l'\u00e9mission \"Jury du dimanche\" sur I-radio, l'ancien ministre secr\u00e9taire g\u00e9n\u00e9ral du gouvernement est revenu sur les accusations de corruption contre le Conseil constitutionnel par le groupe parlementaire [&hellip;]<\/p>\n","protected":false},"author":6,"featured_media":137253,"comment_status":"open","ping_status":"open","sticky":false,"template":"","format":"standard","meta":{"_et_pb_use_builder":"","_et_pb_old_content":""},"categories":[2],"tags":[],"yoast_head":"<!-- This site is optimized with the Yoast SEO Premium plugin v17.8 (Yoast SEO v17.8) - https:\/\/yoast.com\/wordpress\/plugins\/seo\/ -->\n<title>CORRUPTION SUPPOS\u00c9E DE MAGISTRATS - Les r\u00e9v\u00e9lations de Abdou Latif Coulibaly | Nettali.com<\/title>\n<meta name=\"robots\" content=\"index, follow, max-snippet:-1, max-image-preview:large, max-video-preview:-1\" \/>\n<link rel=\"canonical\" href=\"https:\/\/www.nettali.com\/2024\/07\/21\/corruption-supposee-des-magistrats-les-revelations-de-abdou-latif-coulibaly\/\" \/>\n<meta property=\"og:locale\" content=\"fr_FR\" \/>\n<meta property=\"og:type\" content=\"article\" \/>\n<meta property=\"og:title\" content=\"CORRUPTION SUPPOS\u00c9E DE MAGISTRATS - Les r\u00e9v\u00e9lations de Abdou Latif Coulibaly\" \/>\n<meta property=\"og:description\" content=\"NETTALI.COM - Rebondissement dans l\u2019affaire de corruption suppos\u00e9e des magistrats. Cette affaire a fragilis\u00e9 les Institutions du pays, telle est la position de Abdou Latif Coulibaly. Invit\u00e9 de l&#039;\u00e9mission &quot;Jury du dimanche&quot; sur I-radio, l&#039;ancien ministre secr\u00e9taire g\u00e9n\u00e9ral du gouvernement est revenu sur les accusations de corruption contre le Conseil constitutionnel par le groupe parlementaire [&hellip;]\" \/>\n<meta property=\"og:url\" content=\"https:\/\/www.nettali.com\/2024\/07\/21\/corruption-supposee-des-magistrats-les-revelations-de-abdou-latif-coulibaly\/\" \/>\n<meta property=\"og:site_name\" content=\"Nettali.com\" \/>\n<meta property=\"article:publisher\" content=\"https:\/\/www.facebook.com\/nettalicom\" \/>\n<meta property=\"article:published_time\" content=\"2024-07-21T14:52:26+00:00\" \/>\n<meta property=\"article:modified_time\" content=\"2024-07-21T18:35:37+00:00\" \/>\n<meta property=\"og:image\" content=\"https:\/\/www.nettali.com\/wp-content\/uploads\/2024\/07\/5974569-8907301.jpg\" \/>\n\t<meta property=\"og:image:width\" content=\"620\" \/>\n\t<meta property=\"og:image:height\" content=\"431\" \/>\n<meta name=\"twitter:card\" content=\"summary_large_image\" \/>\n<meta name=\"twitter:label1\" content=\"\u00c9crit par\" \/>\n\t<meta name=\"twitter:data1\" content=\"Fatou\" \/>\n\t<meta name=\"twitter:label2\" content=\"Dur\u00e9e de lecture estim\u00e9e\" \/>\n\t<meta name=\"twitter:data2\" content=\"2 minutes\" \/>\n<script type=\"application\/ld+json\" class=\"yoast-schema-graph\">{\"@context\":\"https:\/\/schema.org\",\"@graph\":[{\"@type\":\"WebSite\",\"@id\":\"https:\/\/www.nettali.com\/#website\",\"url\":\"https:\/\/www.nettali.com\/\",\"name\":\"Nettali.com\",\"description\":\"Le rendez-vous critique du Net\",\"potentialAction\":[{\"@type\":\"SearchAction\",\"target\":{\"@type\":\"EntryPoint\",\"urlTemplate\":\"https:\/\/www.nettali.com\/?s={search_term_string}\"},\"query-input\":\"required name=search_term_string\"}],\"inLanguage\":\"fr-FR\"},{\"@type\":\"ImageObject\",\"@id\":\"https:\/\/www.nettali.com\/2024\/07\/21\/corruption-supposee-des-magistrats-les-revelations-de-abdou-latif-coulibaly\/#primaryimage\",\"inLanguage\":\"fr-FR\",\"url\":\"https:\/\/www.nettali.com\/wp-content\/uploads\/2024\/07\/5974569-8907301.jpg\",\"contentUrl\":\"https:\/\/www.nettali.com\/wp-content\/uploads\/2024\/07\/5974569-8907301.jpg\",\"width\":620,\"height\":431},{\"@type\":\"WebPage\",\"@id\":\"https:\/\/www.nettali.com\/2024\/07\/21\/corruption-supposee-des-magistrats-les-revelations-de-abdou-latif-coulibaly\/#webpage\",\"url\":\"https:\/\/www.nettali.com\/2024\/07\/21\/corruption-supposee-des-magistrats-les-revelations-de-abdou-latif-coulibaly\/\",\"name\":\"CORRUPTION SUPPOS\\u00c9E DE MAGISTRATS - Les r\\u00e9v\\u00e9lations de Abdou Latif Coulibaly | Nettali.com\",\"isPartOf\":{\"@id\":\"https:\/\/www.nettali.com\/#website\"},\"primaryImageOfPage\":{\"@id\":\"https:\/\/www.nettali.com\/2024\/07\/21\/corruption-supposee-des-magistrats-les-revelations-de-abdou-latif-coulibaly\/#primaryimage\"},\"datePublished\":\"2024-07-21T14:52:26+00:00\",\"dateModified\":\"2024-07-21T18:35:37+00:00\",\"author\":{\"@id\":\"https:\/\/www.nettali.com\/#\/schema\/person\/418274a86bdf87caff7a3ef476bd0bbf\"},\"breadcrumb\":{\"@id\":\"https:\/\/www.nettali.com\/2024\/07\/21\/corruption-supposee-des-magistrats-les-revelations-de-abdou-latif-coulibaly\/#breadcrumb\"},\"inLanguage\":\"fr-FR\",\"potentialAction\":[{\"@type\":\"ReadAction\",\"target\":[\"https:\/\/www.nettali.com\/2024\/07\/21\/corruption-supposee-des-magistrats-les-revelations-de-abdou-latif-coulibaly\/\"]}]},{\"@type\":\"BreadcrumbList\",\"@id\":\"https:\/\/www.nettali.com\/2024\/07\/21\/corruption-supposee-des-magistrats-les-revelations-de-abdou-latif-coulibaly\/#breadcrumb\",\"itemListElement\":[{\"@type\":\"ListItem\",\"position\":1,\"name\":\"Accueil\",\"item\":\"https:\/\/www.nettali.com\/\"},{\"@type\":\"ListItem\",\"position\":2,\"name\":\"CORRUPTION SUPPOS\\u00c9E DE MAGISTRATS - Les r\\u00e9v\\u00e9lations de Abdou Latif Coulibaly\"}]},{\"@type\":\"Person\",\"@id\":\"https:\/\/www.nettali.com\/#\/schema\/person\/418274a86bdf87caff7a3ef476bd0bbf\",\"name\":\"Fatou\",\"image\":{\"@type\":\"ImageObject\",\"@id\":\"https:\/\/www.nettali.com\/#personlogo\",\"inLanguage\":\"fr-FR\",\"url\":\"https:\/\/secure.gravatar.com\/avatar\/5a9442a2bee7b4dcf167cab035858e9a?s=96&d=mm&r=g\",\"contentUrl\":\"https:\/\/secure.gravatar.com\/avatar\/5a9442a2bee7b4dcf167cab035858e9a?s=96&d=mm&r=g\",\"caption\":\"Fatou\"},\"sameAs\":[\"https:\/\/www.nettali.com\"]}]}<\/script>\n<!-- \/ Yoast SEO Premium plugin. -->","yoast_head_json":{"title":"CORRUPTION SUPPOS\u00c9E DE MAGISTRATS - Les r\u00e9v\u00e9lations de Abdou Latif Coulibaly | Nettali.com","robots":{"index":"index","follow":"follow","max-snippet":"max-snippet:-1","max-image-preview":"max-image-preview:large","max-video-preview":"max-video-preview:-1"},"canonical":"https:\/\/www.nettali.com\/2024\/07\/21\/corruption-supposee-des-magistrats-les-revelations-de-abdou-latif-coulibaly\/","og_locale":"fr_FR","og_type":"article","og_title":"CORRUPTION SUPPOS\u00c9E DE MAGISTRATS - Les r\u00e9v\u00e9lations de Abdou Latif Coulibaly","og_description":"NETTALI.COM - Rebondissement dans l\u2019affaire de corruption suppos\u00e9e des magistrats. Cette affaire a fragilis\u00e9 les Institutions du pays, telle est la position de Abdou Latif Coulibaly. Invit\u00e9 de l'\u00e9mission \"Jury du dimanche\" sur I-radio, l'ancien ministre secr\u00e9taire g\u00e9n\u00e9ral du gouvernement est revenu sur les accusations de corruption contre le Conseil constitutionnel par le groupe parlementaire [&hellip;]","og_url":"https:\/\/www.nettali.com\/2024\/07\/21\/corruption-supposee-des-magistrats-les-revelations-de-abdou-latif-coulibaly\/","og_site_name":"Nettali.com","article_publisher":"https:\/\/www.facebook.com\/nettalicom","article_published_time":"2024-07-21T14:52:26+00:00","article_modified_time":"2024-07-21T18:35:37+00:00","og_image":[{"width":620,"height":431,"url":"https:\/\/www.nettali.com\/wp-content\/uploads\/2024\/07\/5974569-8907301.jpg","type":"image\/jpeg"}],"twitter_card":"summary_large_image","twitter_misc":{"\u00c9crit par":"Fatou","Dur\u00e9e de lecture estim\u00e9e":"2 minutes"},"schema":{"@context":"https:\/\/schema.org","@graph":[{"@type":"WebSite","@id":"https:\/\/www.nettali.com\/#website","url":"https:\/\/www.nettali.com\/","name":"Nettali.com","description":"Le rendez-vous critique du Net","potentialAction":[{"@type":"SearchAction","target":{"@type":"EntryPoint","urlTemplate":"https:\/\/www.nettali.com\/?s={search_term_string}"},"query-input":"required name=search_term_string"}],"inLanguage":"fr-FR"},{"@type":"ImageObject","@id":"https:\/\/www.nettali.com\/2024\/07\/21\/corruption-supposee-des-magistrats-les-revelations-de-abdou-latif-coulibaly\/#primaryimage","inLanguage":"fr-FR","url":"https:\/\/www.nettali.com\/wp-content\/uploads\/2024\/07\/5974569-8907301.jpg","contentUrl":"https:\/\/www.nettali.com\/wp-content\/uploads\/2024\/07\/5974569-8907301.jpg","width":620,"height":431},{"@type":"WebPage","@id":"https:\/\/www.nettali.com\/2024\/07\/21\/corruption-supposee-des-magistrats-les-revelations-de-abdou-latif-coulibaly\/#webpage","url":"https:\/\/www.nettali.com\/2024\/07\/21\/corruption-supposee-des-magistrats-les-revelations-de-abdou-latif-coulibaly\/","name":"CORRUPTION SUPPOS\u00c9E DE MAGISTRATS - Les r\u00e9v\u00e9lations de Abdou Latif Coulibaly | Nettali.com","isPartOf":{"@id":"https:\/\/www.nettali.com\/#website"},"primaryImageOfPage":{"@id":"https:\/\/www.nettali.com\/2024\/07\/21\/corruption-supposee-des-magistrats-les-revelations-de-abdou-latif-coulibaly\/#primaryimage"},"datePublished":"2024-07-21T14:52:26+00:00","dateModified":"2024-07-21T18:35:37+00:00","author":{"@id":"https:\/\/www.nettali.com\/#\/schema\/person\/418274a86bdf87caff7a3ef476bd0bbf"},"breadcrumb":{"@id":"https:\/\/www.nettali.com\/2024\/07\/21\/corruption-supposee-des-magistrats-les-revelations-de-abdou-latif-coulibaly\/#breadcrumb"},"inLanguage":"fr-FR","potentialAction":[{"@type":"ReadAction","target":["https:\/\/www.nettali.com\/2024\/07\/21\/corruption-supposee-des-magistrats-les-revelations-de-abdou-latif-coulibaly\/"]}]},{"@type":"BreadcrumbList","@id":"https:\/\/www.nettali.com\/2024\/07\/21\/corruption-supposee-des-magistrats-les-revelations-de-abdou-latif-coulibaly\/#breadcrumb","itemListElement":[{"@type":"ListItem","position":1,"name":"Accueil","item":"https:\/\/www.nettali.com\/"},{"@type":"ListItem","position":2,"name":"CORRUPTION SUPPOS\u00c9E DE MAGISTRATS - Les r\u00e9v\u00e9lations de Abdou Latif Coulibaly"}]},{"@type":"Person","@id":"https:\/\/www.nettali.com\/#\/schema\/person\/418274a86bdf87caff7a3ef476bd0bbf","name":"Fatou","image":{"@type":"ImageObject","@id":"https:\/\/www.nettali.com\/#personlogo","inLanguage":"fr-FR","url":"https:\/\/secure.gravatar.com\/avatar\/5a9442a2bee7b4dcf167cab035858e9a?s=96&d=mm&r=g","contentUrl":"https:\/\/secure.gravatar.com\/avatar\/5a9442a2bee7b4dcf167cab035858e9a?s=96&d=mm&r=g","caption":"Fatou"},"sameAs":["https:\/\/www.nettali.com"]}]}},"_links":{"self":[{"href":"https:\/\/www.nettali.com\/rest\/wp\/v2\/posts\/137252"}],"collection":[{"href":"https:\/\/www.nettali.com\/rest\/wp\/v2\/posts"}],"about":[{"href":"https:\/\/www.nettali.com\/rest\/wp\/v2\/types\/post"}],"author":[{"embeddable":true,"href":"https:\/\/www.nettali.com\/rest\/wp\/v2\/users\/6"}],"replies":[{"embeddable":true,"href":"https:\/\/www.nettali.com\/rest\/wp\/v2\/comments?post=137252"}],"version-history":[{"count":5,"href":"https:\/\/www.nettali.com\/rest\/wp\/v2\/posts\/137252\/revisions"}],"predecessor-version":[{"id":137279,"href":"https:\/\/www.nettali.com\/rest\/wp\/v2\/posts\/137252\/revisions\/137279"}],"wp:featuredmedia":[{"embeddable":true,"href":"https:\/\/www.nettali.com\/rest\/wp\/v2\/media\/137253"}],"wp:attachment":[{"href":"https:\/\/www.nettali.com\/rest\/wp\/v2\/media?parent=137252"}],"wp:term":[{"taxonomy":"category","embeddable":true,"href":"https:\/\/www.nettali.com\/rest\/wp\/v2\/categories?post=137252"},{"taxonomy":"post_tag","embeddable":true,"href":"https:\/\/www.nettali.com\/rest\/wp\/v2\/tags?post=137252"}],"curies":[{"name":"wp","href":"https:\/\/api.w.org\/{rel}","templated":true}]}}