{"id":137229,"date":"2024-07-20T16:10:03","date_gmt":"2024-07-20T16:10:03","guid":{"rendered":"https:\/\/www.nettali.com\/?p=137229"},"modified":"2024-07-20T17:04:13","modified_gmt":"2024-07-20T17:04:13","slug":"argentine-mac-allister-prend-la-defense-de-enzo-fernandez","status":"publish","type":"post","link":"https:\/\/www.nettali.com\/2024\/07\/20\/argentine-mac-allister-prend-la-defense-de-enzo-fernandez\/","title":{"rendered":"ARGENTINE - Mac Allister prend la d\u00e9fense de Enzo Fernandez"},"content":{"rendered":"<p dir=\"ltr\"><strong>NETTALI.COM - Vainqueur de la Copa America, Alexis Mac Allister a apport\u00e9 son soutien \u00e0 Enzo Fernandez face \u00e0 la pol\u00e9mique n\u00e9e du chant raciste contre les Fran\u00e7ais entonn\u00e9 par son co\u00e9quipier apr\u00e8s le sacre de l'Albiceleste aux \u00c9tats-Unis. Le milieu de Liverpool a pr\u00e9cis\u00e9 que la question du racisme \u00e9tait un th\u00e8me plus probl\u00e9matique en Europe qu\u2019en Am\u00e9rique du Sud.<\/strong><\/p>\n<p dir=\"ltr\">Apr\u00e8s la pol\u00e9mique, le temps du pardon? En France, le chant raciste entonn\u00e9 par Enzo Fernandez et ses \u00e9quipiers apr\u00e8s la finale de Copa America ne passe toujours pas. En Argentine, on cherche \u00e0 d\u00e9fendre le milieu de 23 ans, qui a diffus\u00e9 la vid\u00e9o de la discorde. \u00c0 l\u2019image de Javier Mascherano, Rodrigo De Paul ou de la vice-pr\u00e9sidente du gouvernement, Victoria Villarruel, certaines voix s\u2019\u00e9l\u00e8vent pour expliquer que la chanson pol\u00e9mique n\u2019est pas fondamentalement raciste. De retour au pays pour ses vacances apr\u00e8s le sacre continental, Alexis Mac Allister a, lui aussi, pris la d\u00e9fense d\u2019Enzo Fernandez.<\/p>\n<p dir=\"ltr\">\"<em>Le sujet d\u2019Enzo est tr\u00e8s sensible et il faut faire attention \u00e0 ce qu\u2019on dit<\/em>\", a d\u2019embl\u00e9e lanc\u00e9 le milieu de l\u2019Albiceleste et de\u00a0Liverpool\u00a0dans des propos cit\u00e9s par le journal\u00a0Clarin. \"<em>En Europe, c\u2019est plus sensible qu\u2019ici. Nous ne sommes pas un pays raciste et nous n\u2019avons pas l\u2019habitude de parler de racisme<\/em>.\"<\/p>\n<p dir=\"ltr\"><strong>Une chanson \"plus moqueuse qu\u2019autre chose\"<\/strong><\/p>\n<p dir=\"ltr\">\u00c0 \u00e9couter Alexis Mac Allister, donc, le chant des supporteurs repris par Enzo Fernandez n\u2019est pas raciste. A minima, le milieu de Chelsea n\u2019avait aucune intention raciste ou discriminatoire selon son partenaire de s\u00e9lection.<\/p>\n<p dir=\"ltr\">\"<em>Oui c\u2019est un sujet important, mais\u00a0Enzo s\u2019est d\u00e9j\u00e0 excus\u00e9\u00a0et a expliqu\u00e9 ce qu\u2019il s\u2019est pass\u00e9<\/em>\", a encha\u00een\u00e9 le joueur de 25 ans. Avant de plaider pour un chambrage ou des moqueries plut\u00f4t que du racisme.<\/p>\n<p dir=\"ltr\">\"<em>Il n'y a pas grand-chose de plus \u00e0 dire. Nous connaissons Enzo et nous savons qu'il ne le ferait jamais avec de mauvaises intentions<\/em>\", a finalement jug\u00e9 Alexis Mac Allister toujours selon les \u00e9l\u00e9ments rapport\u00e9s par Clarin. \"<em>C'\u00e9tait une chanson qui a marqu\u00e9 les esprits mais qui est plus moqueuse qu\u2019autre chose. Le plus important c\u2019est qu'Enzo soit sorti du silence et ait pr\u00e9sent\u00e9 ses excuses.<\/em>\"<\/p>\n<div class='share-to-whatsapp-wrapper'><div class='share-on-whsp'>PARTAGER SUR : <\/div><a data-text='ARGENTINE - Mac Allister prend la d\u00e9fense de Enzo Fernandez' data-link='https:\/\/www.nettali.com\/2024\/07\/20\/argentine-mac-allister-prend-la-defense-de-enzo-fernandez\/' class='whatsapp-button whatsapp-share'>WhatsApp<\/a><div class='clear '><\/div><\/div>","protected":false},"excerpt":{"rendered":"<p>NETTALI.COM - Vainqueur de la Copa America, Alexis Mac Allister a apport\u00e9 son soutien \u00e0 Enzo Fernandez face \u00e0 la pol\u00e9mique n\u00e9e du chant raciste contre les Fran\u00e7ais entonn\u00e9 par son co\u00e9quipier apr\u00e8s le sacre de l'Albiceleste aux \u00c9tats-Unis. Le milieu de Liverpool a pr\u00e9cis\u00e9 que la question du racisme \u00e9tait un th\u00e8me plus probl\u00e9matique [&hellip;]<\/p>\n","protected":false},"author":5,"featured_media":137230,"comment_status":"open","ping_status":"open","sticky":false,"template":"","format":"standard","meta":{"_et_pb_use_builder":"","_et_pb_old_content":""},"categories":[6],"tags":[],"yoast_head":"<!-- This site is optimized with the Yoast SEO Premium plugin v17.8 (Yoast SEO v17.8) - https:\/\/yoast.com\/wordpress\/plugins\/seo\/ -->\n<title>ARGENTINE - Mac Allister prend la d\u00e9fense de Enzo Fernandez | Nettali.com<\/title>\n<meta name=\"robots\" content=\"index, follow, max-snippet:-1, max-image-preview:large, max-video-preview:-1\" \/>\n<link rel=\"canonical\" href=\"https:\/\/www.nettali.com\/2024\/07\/20\/argentine-mac-allister-prend-la-defense-de-enzo-fernandez\/\" \/>\n<meta property=\"og:locale\" content=\"fr_FR\" \/>\n<meta property=\"og:type\" content=\"article\" \/>\n<meta property=\"og:title\" content=\"ARGENTINE - Mac Allister prend la d\u00e9fense de Enzo Fernandez\" \/>\n<meta property=\"og:description\" content=\"NETTALI.COM - Vainqueur de la Copa America, Alexis Mac Allister a apport\u00e9 son soutien \u00e0 Enzo Fernandez face \u00e0 la pol\u00e9mique n\u00e9e du chant raciste contre les Fran\u00e7ais entonn\u00e9 par son co\u00e9quipier apr\u00e8s le sacre de l&#039;Albiceleste aux \u00c9tats-Unis. Le milieu de Liverpool a pr\u00e9cis\u00e9 que la question du racisme \u00e9tait un th\u00e8me plus probl\u00e9matique [&hellip;]\" \/>\n<meta property=\"og:url\" content=\"https:\/\/www.nettali.com\/2024\/07\/20\/argentine-mac-allister-prend-la-defense-de-enzo-fernandez\/\" \/>\n<meta property=\"og:site_name\" content=\"Nettali.com\" \/>\n<meta property=\"article:publisher\" content=\"https:\/\/www.facebook.com\/nettalicom\" \/>\n<meta property=\"article:published_time\" content=\"2024-07-20T16:10:03+00:00\" \/>\n<meta property=\"article:modified_time\" content=\"2024-07-20T17:04:13+00:00\" \/>\n<meta property=\"og:image\" content=\"https:\/\/www.nettali.com\/wp-content\/uploads\/2024\/07\/1gAxVFbW.jpeg\" \/>\n\t<meta property=\"og:image:width\" content=\"1264\" \/>\n\t<meta property=\"og:image:height\" content=\"711\" \/>\n<meta name=\"twitter:card\" content=\"summary_large_image\" \/>\n<meta name=\"twitter:label1\" content=\"\u00c9crit par\" \/>\n\t<meta name=\"twitter:data1\" content=\"Ibrahima\" \/>\n\t<meta name=\"twitter:label2\" content=\"Dur\u00e9e de lecture estim\u00e9e\" \/>\n\t<meta name=\"twitter:data2\" content=\"2 minutes\" \/>\n<script type=\"application\/ld+json\" class=\"yoast-schema-graph\">{\"@context\":\"https:\/\/schema.org\",\"@graph\":[{\"@type\":\"WebSite\",\"@id\":\"https:\/\/www.nettali.com\/#website\",\"url\":\"https:\/\/www.nettali.com\/\",\"name\":\"Nettali.com\",\"description\":\"Le rendez-vous critique du Net\",\"potentialAction\":[{\"@type\":\"SearchAction\",\"target\":{\"@type\":\"EntryPoint\",\"urlTemplate\":\"https:\/\/www.nettali.com\/?s={search_term_string}\"},\"query-input\":\"required name=search_term_string\"}],\"inLanguage\":\"fr-FR\"},{\"@type\":\"ImageObject\",\"@id\":\"https:\/\/www.nettali.com\/2024\/07\/20\/argentine-mac-allister-prend-la-defense-de-enzo-fernandez\/#primaryimage\",\"inLanguage\":\"fr-FR\",\"url\":\"https:\/\/www.nettali.com\/wp-content\/uploads\/2024\/07\/1gAxVFbW.jpeg\",\"contentUrl\":\"https:\/\/www.nettali.com\/wp-content\/uploads\/2024\/07\/1gAxVFbW.jpeg\",\"width\":1264,\"height\":711},{\"@type\":\"WebPage\",\"@id\":\"https:\/\/www.nettali.com\/2024\/07\/20\/argentine-mac-allister-prend-la-defense-de-enzo-fernandez\/#webpage\",\"url\":\"https:\/\/www.nettali.com\/2024\/07\/20\/argentine-mac-allister-prend-la-defense-de-enzo-fernandez\/\",\"name\":\"ARGENTINE - Mac Allister prend la d\\u00e9fense de Enzo Fernandez | Nettali.com\",\"isPartOf\":{\"@id\":\"https:\/\/www.nettali.com\/#website\"},\"primaryImageOfPage\":{\"@id\":\"https:\/\/www.nettali.com\/2024\/07\/20\/argentine-mac-allister-prend-la-defense-de-enzo-fernandez\/#primaryimage\"},\"datePublished\":\"2024-07-20T16:10:03+00:00\",\"dateModified\":\"2024-07-20T17:04:13+00:00\",\"author\":{\"@id\":\"https:\/\/www.nettali.com\/#\/schema\/person\/bb147657c2986240405a608162b9bb23\"},\"breadcrumb\":{\"@id\":\"https:\/\/www.nettali.com\/2024\/07\/20\/argentine-mac-allister-prend-la-defense-de-enzo-fernandez\/#breadcrumb\"},\"inLanguage\":\"fr-FR\",\"potentialAction\":[{\"@type\":\"ReadAction\",\"target\":[\"https:\/\/www.nettali.com\/2024\/07\/20\/argentine-mac-allister-prend-la-defense-de-enzo-fernandez\/\"]}]},{\"@type\":\"BreadcrumbList\",\"@id\":\"https:\/\/www.nettali.com\/2024\/07\/20\/argentine-mac-allister-prend-la-defense-de-enzo-fernandez\/#breadcrumb\",\"itemListElement\":[{\"@type\":\"ListItem\",\"position\":1,\"name\":\"Accueil\",\"item\":\"https:\/\/www.nettali.com\/\"},{\"@type\":\"ListItem\",\"position\":2,\"name\":\"ARGENTINE - Mac Allister prend la d\\u00e9fense de Enzo Fernandez\"}]},{\"@type\":\"Person\",\"@id\":\"https:\/\/www.nettali.com\/#\/schema\/person\/bb147657c2986240405a608162b9bb23\",\"name\":\"Ibrahima\",\"image\":{\"@type\":\"ImageObject\",\"@id\":\"https:\/\/www.nettali.com\/#personlogo\",\"inLanguage\":\"fr-FR\",\"url\":\"https:\/\/secure.gravatar.com\/avatar\/26a8a81f09f0dd7624c9d5c36c9ba3a2?s=96&d=mm&r=g\",\"contentUrl\":\"https:\/\/secure.gravatar.com\/avatar\/26a8a81f09f0dd7624c9d5c36c9ba3a2?s=96&d=mm&r=g\",\"caption\":\"Ibrahima\"},\"sameAs\":[\"https:\/\/www.nettali.com\"]}]}<\/script>\n<!-- \/ Yoast SEO Premium plugin. -->","yoast_head_json":{"title":"ARGENTINE - Mac Allister prend la d\u00e9fense de Enzo Fernandez | Nettali.com","robots":{"index":"index","follow":"follow","max-snippet":"max-snippet:-1","max-image-preview":"max-image-preview:large","max-video-preview":"max-video-preview:-1"},"canonical":"https:\/\/www.nettali.com\/2024\/07\/20\/argentine-mac-allister-prend-la-defense-de-enzo-fernandez\/","og_locale":"fr_FR","og_type":"article","og_title":"ARGENTINE - Mac Allister prend la d\u00e9fense de Enzo Fernandez","og_description":"NETTALI.COM - Vainqueur de la Copa America, Alexis Mac Allister a apport\u00e9 son soutien \u00e0 Enzo Fernandez face \u00e0 la pol\u00e9mique n\u00e9e du chant raciste contre les Fran\u00e7ais entonn\u00e9 par son co\u00e9quipier apr\u00e8s le sacre de l'Albiceleste aux \u00c9tats-Unis. Le milieu de Liverpool a pr\u00e9cis\u00e9 que la question du racisme \u00e9tait un th\u00e8me plus probl\u00e9matique [&hellip;]","og_url":"https:\/\/www.nettali.com\/2024\/07\/20\/argentine-mac-allister-prend-la-defense-de-enzo-fernandez\/","og_site_name":"Nettali.com","article_publisher":"https:\/\/www.facebook.com\/nettalicom","article_published_time":"2024-07-20T16:10:03+00:00","article_modified_time":"2024-07-20T17:04:13+00:00","og_image":[{"width":1264,"height":711,"url":"https:\/\/www.nettali.com\/wp-content\/uploads\/2024\/07\/1gAxVFbW.jpeg","type":"image\/jpeg"}],"twitter_card":"summary_large_image","twitter_misc":{"\u00c9crit par":"Ibrahima","Dur\u00e9e de lecture estim\u00e9e":"2 minutes"},"schema":{"@context":"https:\/\/schema.org","@graph":[{"@type":"WebSite","@id":"https:\/\/www.nettali.com\/#website","url":"https:\/\/www.nettali.com\/","name":"Nettali.com","description":"Le rendez-vous critique du Net","potentialAction":[{"@type":"SearchAction","target":{"@type":"EntryPoint","urlTemplate":"https:\/\/www.nettali.com\/?s={search_term_string}"},"query-input":"required name=search_term_string"}],"inLanguage":"fr-FR"},{"@type":"ImageObject","@id":"https:\/\/www.nettali.com\/2024\/07\/20\/argentine-mac-allister-prend-la-defense-de-enzo-fernandez\/#primaryimage","inLanguage":"fr-FR","url":"https:\/\/www.nettali.com\/wp-content\/uploads\/2024\/07\/1gAxVFbW.jpeg","contentUrl":"https:\/\/www.nettali.com\/wp-content\/uploads\/2024\/07\/1gAxVFbW.jpeg","width":1264,"height":711},{"@type":"WebPage","@id":"https:\/\/www.nettali.com\/2024\/07\/20\/argentine-mac-allister-prend-la-defense-de-enzo-fernandez\/#webpage","url":"https:\/\/www.nettali.com\/2024\/07\/20\/argentine-mac-allister-prend-la-defense-de-enzo-fernandez\/","name":"ARGENTINE - Mac Allister prend la d\u00e9fense de Enzo Fernandez | Nettali.com","isPartOf":{"@id":"https:\/\/www.nettali.com\/#website"},"primaryImageOfPage":{"@id":"https:\/\/www.nettali.com\/2024\/07\/20\/argentine-mac-allister-prend-la-defense-de-enzo-fernandez\/#primaryimage"},"datePublished":"2024-07-20T16:10:03+00:00","dateModified":"2024-07-20T17:04:13+00:00","author":{"@id":"https:\/\/www.nettali.com\/#\/schema\/person\/bb147657c2986240405a608162b9bb23"},"breadcrumb":{"@id":"https:\/\/www.nettali.com\/2024\/07\/20\/argentine-mac-allister-prend-la-defense-de-enzo-fernandez\/#breadcrumb"},"inLanguage":"fr-FR","potentialAction":[{"@type":"ReadAction","target":["https:\/\/www.nettali.com\/2024\/07\/20\/argentine-mac-allister-prend-la-defense-de-enzo-fernandez\/"]}]},{"@type":"BreadcrumbList","@id":"https:\/\/www.nettali.com\/2024\/07\/20\/argentine-mac-allister-prend-la-defense-de-enzo-fernandez\/#breadcrumb","itemListElement":[{"@type":"ListItem","position":1,"name":"Accueil","item":"https:\/\/www.nettali.com\/"},{"@type":"ListItem","position":2,"name":"ARGENTINE - Mac Allister prend la d\u00e9fense de Enzo Fernandez"}]},{"@type":"Person","@id":"https:\/\/www.nettali.com\/#\/schema\/person\/bb147657c2986240405a608162b9bb23","name":"Ibrahima","image":{"@type":"ImageObject","@id":"https:\/\/www.nettali.com\/#personlogo","inLanguage":"fr-FR","url":"https:\/\/secure.gravatar.com\/avatar\/26a8a81f09f0dd7624c9d5c36c9ba3a2?s=96&d=mm&r=g","contentUrl":"https:\/\/secure.gravatar.com\/avatar\/26a8a81f09f0dd7624c9d5c36c9ba3a2?s=96&d=mm&r=g","caption":"Ibrahima"},"sameAs":["https:\/\/www.nettali.com"]}]}},"_links":{"self":[{"href":"https:\/\/www.nettali.com\/rest\/wp\/v2\/posts\/137229"}],"collection":[{"href":"https:\/\/www.nettali.com\/rest\/wp\/v2\/posts"}],"about":[{"href":"https:\/\/www.nettali.com\/rest\/wp\/v2\/types\/post"}],"author":[{"embeddable":true,"href":"https:\/\/www.nettali.com\/rest\/wp\/v2\/users\/5"}],"replies":[{"embeddable":true,"href":"https:\/\/www.nettali.com\/rest\/wp\/v2\/comments?post=137229"}],"version-history":[{"count":1,"href":"https:\/\/www.nettali.com\/rest\/wp\/v2\/posts\/137229\/revisions"}],"predecessor-version":[{"id":137232,"href":"https:\/\/www.nettali.com\/rest\/wp\/v2\/posts\/137229\/revisions\/137232"}],"wp:featuredmedia":[{"embeddable":true,"href":"https:\/\/www.nettali.com\/rest\/wp\/v2\/media\/137230"}],"wp:attachment":[{"href":"https:\/\/www.nettali.com\/rest\/wp\/v2\/media?parent=137229"}],"wp:term":[{"taxonomy":"category","embeddable":true,"href":"https:\/\/www.nettali.com\/rest\/wp\/v2\/categories?post=137229"},{"taxonomy":"post_tag","embeddable":true,"href":"https:\/\/www.nettali.com\/rest\/wp\/v2\/tags?post=137229"}],"curies":[{"name":"wp","href":"https:\/\/api.w.org\/{rel}","templated":true}]}}