{"id":137177,"date":"2024-07-19T11:43:58","date_gmt":"2024-07-19T11:43:58","guid":{"rendered":"https:\/\/www.nettali.com\/?p=137177"},"modified":"2024-07-19T11:43:58","modified_gmt":"2024-07-19T11:43:58","slug":"accompagnement-des-pme-vers-un-renforcement-du-partenariat-entre-la-der-fj-et-ladepme","status":"publish","type":"post","link":"https:\/\/www.nettali.com\/2024\/07\/19\/accompagnement-des-pme-vers-un-renforcement-du-partenariat-entre-la-der-fj-et-ladepme\/","title":{"rendered":"ACCOMPAGNEMENT DES PME -Vers un renforcement du partenariat entre la Der\/Fj et l\u2019Adepme"},"content":{"rendered":"<p><strong>NETTAL.COM - La D\u00e9l\u00e9gu\u00e9e g\u00e9n\u00e9rale de la Der\/Fj a re\u00e7u ce jeudi 18 juillet Marie Rose Faye, directrice g\u00e9n\u00e9rale de l\u2019Adepme et son \u00e9quipe.<\/strong><\/p>\n<p>\"<em>Au cours de notre rencontre, nous avons discut\u00e9 de l'importance de renforcer le partenariat existant entre nos deux institutions<\/em><br \/>\n<em>qui sont au service de la nation. Nous avons \u00e9galement abord\u00e9 les opportunit\u00e9s et d\u00e9fis actuels, autour de l\u2019entreprenariat pour une meilleure prise en compte des <\/em><em>Pme et des startups<\/em>\", s\u2019est r\u00e9jouie A\u00efda Mbodji.<\/p>\n<p>Selon elle, \"<em>cette rencontre <\/em><em>s'inscrit dans la continuit\u00e9 des missions de la Der\/Fj, visant \u00e0 promouvoir l\u2019accompagnement financier et non financier des entrepreneurs femmes et jeunes<\/em>\". En effet, rapporte\u2010t\u2010elle, \"<em>nous avons explor\u00e9 divers axes de coop\u00e9ration, notamment la validation du parcours de l\u2019entrepreneur et la territorialisation de nos actions (pour une meilleure inclusion des populations d\u00e9favoris\u00e9es). Ces \u00e9changes ont permis de mettre en lumi\u00e8re les synergies potentielles et les initiatives \u00e0 entreprendre pour maximiser l'impact de nos actions <\/em><em>conjointes en tant que structures \u00e9tatiques<\/em>\".<\/p>\n<p>Pour A\u00efda Mbodji, \"<em>cette d\u00e9marche strat\u00e9gique permettra de renforcer ensemble notre contribution au d\u00e9veloppement national et de r\u00e9pondre aux attentes des b\u00e9n\u00e9ficiaires de nos programmes d\u2019accompagnement<\/em>\".<\/p>\n<div class='share-to-whatsapp-wrapper'><div class='share-on-whsp'>PARTAGER SUR : <\/div><a data-text='ACCOMPAGNEMENT DES PME -Vers un renforcement du partenariat entre la Der\/Fj et l\u2019Adepme' data-link='https:\/\/www.nettali.com\/2024\/07\/19\/accompagnement-des-pme-vers-un-renforcement-du-partenariat-entre-la-der-fj-et-ladepme\/' class='whatsapp-button whatsapp-share'>WhatsApp<\/a><div class='clear '><\/div><\/div>","protected":false},"excerpt":{"rendered":"<p>NETTAL.COM - La D\u00e9l\u00e9gu\u00e9e g\u00e9n\u00e9rale de la Der\/Fj a re\u00e7u ce jeudi 18 juillet Marie Rose Faye, directrice g\u00e9n\u00e9rale de l\u2019Adepme et son \u00e9quipe. \"Au cours de notre rencontre, nous avons discut\u00e9 de l'importance de renforcer le partenariat existant entre nos deux institutions qui sont au service de la nation. Nous avons \u00e9galement abord\u00e9 les [&hellip;]<\/p>\n","protected":false},"author":6,"featured_media":137179,"comment_status":"open","ping_status":"open","sticky":false,"template":"","format":"standard","meta":{"_et_pb_use_builder":"","_et_pb_old_content":""},"categories":[3],"tags":[],"yoast_head":"<!-- This site is optimized with the Yoast SEO Premium plugin v17.8 (Yoast SEO v17.8) - https:\/\/yoast.com\/wordpress\/plugins\/seo\/ -->\n<title>ACCOMPAGNEMENT DES PME -Vers un renforcement du partenariat entre la Der\/Fj et l\u2019Adepme | Nettali.com<\/title>\n<meta name=\"robots\" content=\"index, follow, max-snippet:-1, max-image-preview:large, max-video-preview:-1\" \/>\n<link rel=\"canonical\" href=\"https:\/\/www.nettali.com\/2024\/07\/19\/accompagnement-des-pme-vers-un-renforcement-du-partenariat-entre-la-der-fj-et-ladepme\/\" \/>\n<meta property=\"og:locale\" content=\"fr_FR\" \/>\n<meta property=\"og:type\" content=\"article\" \/>\n<meta property=\"og:title\" content=\"ACCOMPAGNEMENT DES PME -Vers un renforcement du partenariat entre la Der\/Fj et l\u2019Adepme\" \/>\n<meta property=\"og:description\" content=\"NETTAL.COM - La D\u00e9l\u00e9gu\u00e9e g\u00e9n\u00e9rale de la Der\/Fj a re\u00e7u ce jeudi 18 juillet Marie Rose Faye, directrice g\u00e9n\u00e9rale de l\u2019Adepme et son \u00e9quipe. &quot;Au cours de notre rencontre, nous avons discut\u00e9 de l&#039;importance de renforcer le partenariat existant entre nos deux institutions qui sont au service de la nation. Nous avons \u00e9galement abord\u00e9 les [&hellip;]\" \/>\n<meta property=\"og:url\" content=\"https:\/\/www.nettali.com\/2024\/07\/19\/accompagnement-des-pme-vers-un-renforcement-du-partenariat-entre-la-der-fj-et-ladepme\/\" \/>\n<meta property=\"og:site_name\" content=\"Nettali.com\" \/>\n<meta property=\"article:publisher\" content=\"https:\/\/www.facebook.com\/nettalicom\" \/>\n<meta property=\"article:published_time\" content=\"2024-07-19T11:43:58+00:00\" \/>\n<meta property=\"og:image\" content=\"https:\/\/www.nettali.com\/wp-content\/uploads\/2024\/07\/FB_IMG_1721351056153.jpg\" \/>\n\t<meta property=\"og:image:width\" content=\"720\" \/>\n\t<meta property=\"og:image:height\" content=\"480\" \/>\n<meta name=\"twitter:card\" content=\"summary_large_image\" \/>\n<meta name=\"twitter:label1\" content=\"\u00c9crit par\" \/>\n\t<meta name=\"twitter:data1\" content=\"Fatou\" \/>\n\t<meta name=\"twitter:label2\" content=\"Dur\u00e9e de lecture estim\u00e9e\" \/>\n\t<meta name=\"twitter:data2\" content=\"1 minute\" \/>\n<script type=\"application\/ld+json\" class=\"yoast-schema-graph\">{\"@context\":\"https:\/\/schema.org\",\"@graph\":[{\"@type\":\"WebSite\",\"@id\":\"https:\/\/www.nettali.com\/#website\",\"url\":\"https:\/\/www.nettali.com\/\",\"name\":\"Nettali.com\",\"description\":\"Le rendez-vous critique du Net\",\"potentialAction\":[{\"@type\":\"SearchAction\",\"target\":{\"@type\":\"EntryPoint\",\"urlTemplate\":\"https:\/\/www.nettali.com\/?s={search_term_string}\"},\"query-input\":\"required name=search_term_string\"}],\"inLanguage\":\"fr-FR\"},{\"@type\":\"ImageObject\",\"@id\":\"https:\/\/www.nettali.com\/2024\/07\/19\/accompagnement-des-pme-vers-un-renforcement-du-partenariat-entre-la-der-fj-et-ladepme\/#primaryimage\",\"inLanguage\":\"fr-FR\",\"url\":\"https:\/\/www.nettali.com\/wp-content\/uploads\/2024\/07\/FB_IMG_1721351056153.jpg\",\"contentUrl\":\"https:\/\/www.nettali.com\/wp-content\/uploads\/2024\/07\/FB_IMG_1721351056153.jpg\",\"width\":720,\"height\":480},{\"@type\":\"WebPage\",\"@id\":\"https:\/\/www.nettali.com\/2024\/07\/19\/accompagnement-des-pme-vers-un-renforcement-du-partenariat-entre-la-der-fj-et-ladepme\/#webpage\",\"url\":\"https:\/\/www.nettali.com\/2024\/07\/19\/accompagnement-des-pme-vers-un-renforcement-du-partenariat-entre-la-der-fj-et-ladepme\/\",\"name\":\"ACCOMPAGNEMENT DES PME -Vers un renforcement du partenariat entre la Der\/Fj et l\\u2019Adepme | Nettali.com\",\"isPartOf\":{\"@id\":\"https:\/\/www.nettali.com\/#website\"},\"primaryImageOfPage\":{\"@id\":\"https:\/\/www.nettali.com\/2024\/07\/19\/accompagnement-des-pme-vers-un-renforcement-du-partenariat-entre-la-der-fj-et-ladepme\/#primaryimage\"},\"datePublished\":\"2024-07-19T11:43:58+00:00\",\"dateModified\":\"2024-07-19T11:43:58+00:00\",\"author\":{\"@id\":\"https:\/\/www.nettali.com\/#\/schema\/person\/418274a86bdf87caff7a3ef476bd0bbf\"},\"breadcrumb\":{\"@id\":\"https:\/\/www.nettali.com\/2024\/07\/19\/accompagnement-des-pme-vers-un-renforcement-du-partenariat-entre-la-der-fj-et-ladepme\/#breadcrumb\"},\"inLanguage\":\"fr-FR\",\"potentialAction\":[{\"@type\":\"ReadAction\",\"target\":[\"https:\/\/www.nettali.com\/2024\/07\/19\/accompagnement-des-pme-vers-un-renforcement-du-partenariat-entre-la-der-fj-et-ladepme\/\"]}]},{\"@type\":\"BreadcrumbList\",\"@id\":\"https:\/\/www.nettali.com\/2024\/07\/19\/accompagnement-des-pme-vers-un-renforcement-du-partenariat-entre-la-der-fj-et-ladepme\/#breadcrumb\",\"itemListElement\":[{\"@type\":\"ListItem\",\"position\":1,\"name\":\"Accueil\",\"item\":\"https:\/\/www.nettali.com\/\"},{\"@type\":\"ListItem\",\"position\":2,\"name\":\"ACCOMPAGNEMENT DES PME -Vers un renforcement du partenariat entre la Der\/Fj et l\\u2019Adepme\"}]},{\"@type\":\"Person\",\"@id\":\"https:\/\/www.nettali.com\/#\/schema\/person\/418274a86bdf87caff7a3ef476bd0bbf\",\"name\":\"Fatou\",\"image\":{\"@type\":\"ImageObject\",\"@id\":\"https:\/\/www.nettali.com\/#personlogo\",\"inLanguage\":\"fr-FR\",\"url\":\"https:\/\/secure.gravatar.com\/avatar\/5a9442a2bee7b4dcf167cab035858e9a?s=96&d=mm&r=g\",\"contentUrl\":\"https:\/\/secure.gravatar.com\/avatar\/5a9442a2bee7b4dcf167cab035858e9a?s=96&d=mm&r=g\",\"caption\":\"Fatou\"},\"sameAs\":[\"https:\/\/www.nettali.com\"]}]}<\/script>\n<!-- \/ Yoast SEO Premium plugin. -->","yoast_head_json":{"title":"ACCOMPAGNEMENT DES PME -Vers un renforcement du partenariat entre la Der\/Fj et l\u2019Adepme | Nettali.com","robots":{"index":"index","follow":"follow","max-snippet":"max-snippet:-1","max-image-preview":"max-image-preview:large","max-video-preview":"max-video-preview:-1"},"canonical":"https:\/\/www.nettali.com\/2024\/07\/19\/accompagnement-des-pme-vers-un-renforcement-du-partenariat-entre-la-der-fj-et-ladepme\/","og_locale":"fr_FR","og_type":"article","og_title":"ACCOMPAGNEMENT DES PME -Vers un renforcement du partenariat entre la Der\/Fj et l\u2019Adepme","og_description":"NETTAL.COM - La D\u00e9l\u00e9gu\u00e9e g\u00e9n\u00e9rale de la Der\/Fj a re\u00e7u ce jeudi 18 juillet Marie Rose Faye, directrice g\u00e9n\u00e9rale de l\u2019Adepme et son \u00e9quipe. \"Au cours de notre rencontre, nous avons discut\u00e9 de l'importance de renforcer le partenariat existant entre nos deux institutions qui sont au service de la nation. Nous avons \u00e9galement abord\u00e9 les [&hellip;]","og_url":"https:\/\/www.nettali.com\/2024\/07\/19\/accompagnement-des-pme-vers-un-renforcement-du-partenariat-entre-la-der-fj-et-ladepme\/","og_site_name":"Nettali.com","article_publisher":"https:\/\/www.facebook.com\/nettalicom","article_published_time":"2024-07-19T11:43:58+00:00","og_image":[{"width":720,"height":480,"url":"https:\/\/www.nettali.com\/wp-content\/uploads\/2024\/07\/FB_IMG_1721351056153.jpg","type":"image\/jpeg"}],"twitter_card":"summary_large_image","twitter_misc":{"\u00c9crit par":"Fatou","Dur\u00e9e de lecture estim\u00e9e":"1 minute"},"schema":{"@context":"https:\/\/schema.org","@graph":[{"@type":"WebSite","@id":"https:\/\/www.nettali.com\/#website","url":"https:\/\/www.nettali.com\/","name":"Nettali.com","description":"Le rendez-vous critique du Net","potentialAction":[{"@type":"SearchAction","target":{"@type":"EntryPoint","urlTemplate":"https:\/\/www.nettali.com\/?s={search_term_string}"},"query-input":"required name=search_term_string"}],"inLanguage":"fr-FR"},{"@type":"ImageObject","@id":"https:\/\/www.nettali.com\/2024\/07\/19\/accompagnement-des-pme-vers-un-renforcement-du-partenariat-entre-la-der-fj-et-ladepme\/#primaryimage","inLanguage":"fr-FR","url":"https:\/\/www.nettali.com\/wp-content\/uploads\/2024\/07\/FB_IMG_1721351056153.jpg","contentUrl":"https:\/\/www.nettali.com\/wp-content\/uploads\/2024\/07\/FB_IMG_1721351056153.jpg","width":720,"height":480},{"@type":"WebPage","@id":"https:\/\/www.nettali.com\/2024\/07\/19\/accompagnement-des-pme-vers-un-renforcement-du-partenariat-entre-la-der-fj-et-ladepme\/#webpage","url":"https:\/\/www.nettali.com\/2024\/07\/19\/accompagnement-des-pme-vers-un-renforcement-du-partenariat-entre-la-der-fj-et-ladepme\/","name":"ACCOMPAGNEMENT DES PME -Vers un renforcement du partenariat entre la Der\/Fj et l\u2019Adepme | Nettali.com","isPartOf":{"@id":"https:\/\/www.nettali.com\/#website"},"primaryImageOfPage":{"@id":"https:\/\/www.nettali.com\/2024\/07\/19\/accompagnement-des-pme-vers-un-renforcement-du-partenariat-entre-la-der-fj-et-ladepme\/#primaryimage"},"datePublished":"2024-07-19T11:43:58+00:00","dateModified":"2024-07-19T11:43:58+00:00","author":{"@id":"https:\/\/www.nettali.com\/#\/schema\/person\/418274a86bdf87caff7a3ef476bd0bbf"},"breadcrumb":{"@id":"https:\/\/www.nettali.com\/2024\/07\/19\/accompagnement-des-pme-vers-un-renforcement-du-partenariat-entre-la-der-fj-et-ladepme\/#breadcrumb"},"inLanguage":"fr-FR","potentialAction":[{"@type":"ReadAction","target":["https:\/\/www.nettali.com\/2024\/07\/19\/accompagnement-des-pme-vers-un-renforcement-du-partenariat-entre-la-der-fj-et-ladepme\/"]}]},{"@type":"BreadcrumbList","@id":"https:\/\/www.nettali.com\/2024\/07\/19\/accompagnement-des-pme-vers-un-renforcement-du-partenariat-entre-la-der-fj-et-ladepme\/#breadcrumb","itemListElement":[{"@type":"ListItem","position":1,"name":"Accueil","item":"https:\/\/www.nettali.com\/"},{"@type":"ListItem","position":2,"name":"ACCOMPAGNEMENT DES PME -Vers un renforcement du partenariat entre la Der\/Fj et l\u2019Adepme"}]},{"@type":"Person","@id":"https:\/\/www.nettali.com\/#\/schema\/person\/418274a86bdf87caff7a3ef476bd0bbf","name":"Fatou","image":{"@type":"ImageObject","@id":"https:\/\/www.nettali.com\/#personlogo","inLanguage":"fr-FR","url":"https:\/\/secure.gravatar.com\/avatar\/5a9442a2bee7b4dcf167cab035858e9a?s=96&d=mm&r=g","contentUrl":"https:\/\/secure.gravatar.com\/avatar\/5a9442a2bee7b4dcf167cab035858e9a?s=96&d=mm&r=g","caption":"Fatou"},"sameAs":["https:\/\/www.nettali.com"]}]}},"_links":{"self":[{"href":"https:\/\/www.nettali.com\/rest\/wp\/v2\/posts\/137177"}],"collection":[{"href":"https:\/\/www.nettali.com\/rest\/wp\/v2\/posts"}],"about":[{"href":"https:\/\/www.nettali.com\/rest\/wp\/v2\/types\/post"}],"author":[{"embeddable":true,"href":"https:\/\/www.nettali.com\/rest\/wp\/v2\/users\/6"}],"replies":[{"embeddable":true,"href":"https:\/\/www.nettali.com\/rest\/wp\/v2\/comments?post=137177"}],"version-history":[{"count":3,"href":"https:\/\/www.nettali.com\/rest\/wp\/v2\/posts\/137177\/revisions"}],"predecessor-version":[{"id":137185,"href":"https:\/\/www.nettali.com\/rest\/wp\/v2\/posts\/137177\/revisions\/137185"}],"wp:featuredmedia":[{"embeddable":true,"href":"https:\/\/www.nettali.com\/rest\/wp\/v2\/media\/137179"}],"wp:attachment":[{"href":"https:\/\/www.nettali.com\/rest\/wp\/v2\/media?parent=137177"}],"wp:term":[{"taxonomy":"category","embeddable":true,"href":"https:\/\/www.nettali.com\/rest\/wp\/v2\/categories?post=137177"},{"taxonomy":"post_tag","embeddable":true,"href":"https:\/\/www.nettali.com\/rest\/wp\/v2\/tags?post=137177"}],"curies":[{"name":"wp","href":"https:\/\/api.w.org\/{rel}","templated":true}]}}