{"id":137159,"date":"2024-07-19T07:36:14","date_gmt":"2024-07-19T07:36:14","guid":{"rendered":"https:\/\/www.nettali.com\/?p=137159"},"modified":"2024-07-19T07:45:31","modified_gmt":"2024-07-19T07:45:31","slug":"habitat-social-le-president-diomaye-a-expose-sa-nouvelle-politique-de-lacces-au-logement","status":"publish","type":"post","link":"https:\/\/www.nettali.com\/2024\/07\/19\/habitat-social-le-president-diomaye-a-expose-sa-nouvelle-politique-de-lacces-au-logement\/","title":{"rendered":"HABITAT SOCIAL - Le Pre\u0301sident Diomaye a expose\u0301 sa nouvelle politique de l\u2019acce\u0300s au logement"},"content":{"rendered":"<div class=\"page\" title=\"Page 7\">\n<div class=\"section\">\n<div class=\"layoutArea\">\n<div class=\"column\">\n<div class=\"page\" title=\"Page 7\">\n<div class=\"section\">\n<div class=\"section\">\n<div class=\"layoutArea\">\n<div class=\"column\">\n<p><strong>NETTALI.COM - Une nouvelle politique de promotion de l\u2019acce\u0300s au logement a e\u0301te\u0301 de\u0301cline\u0301e, le jeudi 18 juillet par le pre\u0301sident de la Re\u0301publique en conseil des ministres. Diomaye Faye a rappele\u0301 que la gestion de la proble\u0301matique des loyers et la construction de logements sociaux demeurent des urgences sociales. Tout en exigeant le bilan sur la loi d\u2019orientation du 08 novembre 2016 sur l\u2019habitat social, il a demande\u0301 a\u0300 ce que les missions de la Sicap et la Sn HLM soient renforce\u0301es.<\/strong><\/p>\n<\/div>\n<\/div>\n<\/div>\n<\/div>\n<\/div>\n<p>L\u2019Etat cherche a\u0300 prendre a\u0300 bras le corps la proble\u0301matique du logement social. C\u2019est ainsi que jeudi, en Conseil des ministres, le pre\u0301sident de la Re\u0301publique a expose\u0301 sa nouvelle politique de promotion du logement. Il a d\u2019abord demande\u0301 qu\u2019on lui fasse l\u2019e\u0301valuation des dispositifs de re\u0301gulation des cou\u0302ts du loyer selon les spe\u0301cificite\u0301s de chaque zone. En particulier, il a souligne\u0301 l\u2019urgence de faire le bilan exhaustif de l\u2019e\u0301tat d\u2019application de la loi de 2016-31 du 08 novembre 2016 portant loi d\u2019orientation sur l\u2019habitat social, de la gestion des po\u0302les urbains cre\u0301e\u0301s, ainsi que des projets de construction de logements sociaux exe\u0301cute\u0301s sur le territoire national.<\/p>\n<p>Le Pre\u0301sident Bassirou Diomaye Faye a insiste\u0301 sur la ne\u0301cessite\u0301 de renforcer la SICAP SA et la SN HLM dans leurs missions d\u2019inte\u0301re\u0302t public a\u0300 travers l\u2019e\u0301tablissement d\u2019une nouvelle doctrine \u00ab<em> pragmatique<\/em> \u00bb de pro- motion du logement social de\u0301finie par l\u2019Etat sur la base d\u2019un Contrat d\u2019Objectifs et de Moyens ambitieux avec une approche territoriale renforce\u0301e. A cet e\u0301gard, le chef de l\u2019Etat a demande\u0301 au Premier ministre de proposer un Programme re\u0301nove\u0301 de de\u0301veloppement des logements sociaux aux normes inte\u0301grant des mesures fiscales, foncie\u0300res et financie\u0300res incitatives et durables pour faciliter l\u2019acce\u0300s au logement et a\u0300 la proprie\u0301te\u0301 foncie\u0300re et immobilie\u0300re.<\/p>\n<p>Cette re\u0301orientation majeure de la politique du logement doit favoriser, selon le Pre\u0301sident, la construction de logements de\u0301cents et adapte\u0301s avec la mise a\u0300 disposition transparente, a\u0300 partir de cahiers des charges rigoureusement ficele\u0301s, du foncier ame\u0301nage\u0301 et la monte\u0301e en puissance des activite\u0301s de la Socie\u0301te\u0301 d\u2019Ame\u0301nagement foncier et de Re\u0301novation urbaine (SAFRU). Dans la me\u0302me lance\u0301e, le pre\u0301sident de la Re\u0301publique a rappele\u0301 la ne\u0301cessite\u0301 d\u2019engager des concertations avec les maires et les chefs de villages en vue d\u2019acce\u0301le\u0301rer la re\u0301alisation du cadastre universel, de maitriser l\u2019e\u0301mergence de nouveaux po\u0302les urbains et de de\u0301finir des re\u0300gles \u00ab <em>consensuelles<\/em> \u00bb en matie\u0300re de restructuration des communes et de re\u0301novation urbaine.<\/p>\n<\/div>\n<div class=\"column\">\n<p><strong>Soutenir les coope\u0301ratives d\u2019habitat<\/strong><\/p>\n<p>Le chef de l\u2019Etat a e\u0301galement indique\u0301 la ne\u0301cessite\u0301 de promouvoir et de soutenir les coope\u0301ratives d\u2019habitat afin de de\u0301velopper la construction de nouveaux logements avec notamment la mise a\u0300 contribution des bailleurs publics et des fonds de\u0301die\u0301s a\u0300 l\u2019habitat social et une meilleure implication de la Caisse des De\u0301po\u0302ts et Consignations (CDC), de la Banque de l\u2019Habitat du Se\u0301ne\u0301gal (BHS) et d\u2019autres e\u0301tablissements financiers dans le secteur du logement.<\/p>\n<p>Il a invite\u0301 le Premier ministre a\u0300 prendre toutes les mesures ade\u0301quates a\u0300 l\u2019effet de simplifier davantage le processus d\u2019obtention du permis de construire pour acce\u0301le\u0301rer la relance des constructions de logements mais aussi optimiser les impacts positifs du secteur strate\u0301gique du BTP sur l\u2019environnement des affaires et l\u2019emploi des jeunes. Bassirou Diomaye Faye a d\u2019ailleurs demande\u0301 au Premier Ministre de tenir avec l\u2019ensemble des acteurs implique\u0301s un Conseil interministe\u0301riel sur le logement afin d\u2019assurer une mise en \u0153uvre optimale de la nouvelle politique de re\u0301gulation des loyers et de promotion du logement social.<\/p>\n<p>Par ailleurs, le Chef de l\u2019Etat a mis en exergue la ne\u0301ces- site\u0301 d\u2019une re\u0301flexion consensuelle sur l\u2019architecture de nos villes et communes. A cet effet, il a rappele\u0301 l\u2019attention particulie\u0300re qu\u2019il accorde au respect des re\u0300gles d\u2019urba- nisme, d\u2019architecture et de contro\u0302le des constructions. Il a, enfin, demande\u0301 au ministre des Collectivite\u0301s territoriales, de l\u2019Urbanisme et de l\u2019Ame\u0301nagement des Territoires d\u2019engager, dans les meilleurs de\u0301lais, une re\u0301flexion avec l\u2019Ordre des architectes et les autres acteurs implique\u0301s pour la mise en \u0153uvre d\u2019un cadre \u00ab consensuel \u00bb d\u2019harmonisation, a\u0300 terme, de l\u2019architecture de nos villes et communes. Une tre\u0300s vaste perspective !<\/p>\n<\/div>\n<\/div>\n<\/div>\n<\/div>\n<div class='share-to-whatsapp-wrapper'><div class='share-on-whsp'>PARTAGER SUR : <\/div><a data-text='HABITAT SOCIAL - Le Pre\u0301sident Diomaye a expose\u0301 sa nouvelle politique de l\u2019acce\u0300s au logement' data-link='https:\/\/www.nettali.com\/2024\/07\/19\/habitat-social-le-president-diomaye-a-expose-sa-nouvelle-politique-de-lacces-au-logement\/' class='whatsapp-button whatsapp-share'>WhatsApp<\/a><div class='clear '><\/div><\/div>","protected":false},"excerpt":{"rendered":"<p>NETTALI.COM - Une nouvelle politique de promotion de l\u2019acce\u0300s au logement a e\u0301te\u0301 de\u0301cline\u0301e, le jeudi 18 juillet par le pre\u0301sident de la Re\u0301publique en conseil des ministres. Diomaye Faye a rappele\u0301 que la gestion de la proble\u0301matique des loyers et la construction de logements sociaux demeurent des urgences sociales. Tout en exigeant le bilan [&hellip;]<\/p>\n","protected":false},"author":2,"featured_media":136736,"comment_status":"open","ping_status":"open","sticky":false,"template":"","format":"standard","meta":{"_et_pb_use_builder":"","_et_pb_old_content":""},"categories":[2],"tags":[],"yoast_head":"<!-- This site is optimized with the Yoast SEO Premium plugin v17.8 (Yoast SEO v17.8) - https:\/\/yoast.com\/wordpress\/plugins\/seo\/ -->\n<title>HABITAT SOCIAL - Le Pre\u0301sident Diomaye a expose\u0301 sa nouvelle politique de l\u2019acce\u0300s au logement | Nettali.com<\/title>\n<meta name=\"robots\" content=\"index, follow, max-snippet:-1, max-image-preview:large, max-video-preview:-1\" \/>\n<link rel=\"canonical\" href=\"https:\/\/www.nettali.com\/2024\/07\/19\/habitat-social-le-president-diomaye-a-expose-sa-nouvelle-politique-de-lacces-au-logement\/\" \/>\n<meta property=\"og:locale\" content=\"fr_FR\" \/>\n<meta property=\"og:type\" content=\"article\" \/>\n<meta property=\"og:title\" content=\"HABITAT SOCIAL - Le Pre\u0301sident Diomaye a expose\u0301 sa nouvelle politique de l\u2019acce\u0300s au logement\" \/>\n<meta property=\"og:description\" content=\"NETTALI.COM - Une nouvelle politique de promotion de l\u2019acce\u0300s au logement a e\u0301te\u0301 de\u0301cline\u0301e, le jeudi 18 juillet par le pre\u0301sident de la Re\u0301publique en conseil des ministres. Diomaye Faye a rappele\u0301 que la gestion de la proble\u0301matique des loyers et la construction de logements sociaux demeurent des urgences sociales. Tout en exigeant le bilan [&hellip;]\" \/>\n<meta property=\"og:url\" content=\"https:\/\/www.nettali.com\/2024\/07\/19\/habitat-social-le-president-diomaye-a-expose-sa-nouvelle-politique-de-lacces-au-logement\/\" \/>\n<meta property=\"og:site_name\" content=\"Nettali.com\" \/>\n<meta property=\"article:publisher\" content=\"https:\/\/www.facebook.com\/nettalicom\" \/>\n<meta property=\"article:published_time\" content=\"2024-07-19T07:36:14+00:00\" \/>\n<meta property=\"article:modified_time\" content=\"2024-07-19T07:45:31+00:00\" \/>\n<meta property=\"og:image\" content=\"https:\/\/www.nettali.com\/wp-content\/uploads\/2024\/07\/Senegal-Bassirou-Diomaye-Faye-un-president-qui-revolutionne-la-gouvernance-depuis-mars-2024_thumbnail.jpg\" \/>\n\t<meta property=\"og:image:width\" content=\"800\" \/>\n\t<meta property=\"og:image:height\" content=\"470\" \/>\n<meta name=\"twitter:card\" content=\"summary_large_image\" \/>\n<meta name=\"twitter:label1\" content=\"\u00c9crit par\" \/>\n\t<meta name=\"twitter:data1\" content=\"CK\" \/>\n\t<meta name=\"twitter:label2\" content=\"Dur\u00e9e de lecture estim\u00e9e\" \/>\n\t<meta name=\"twitter:data2\" content=\"4 minutes\" \/>\n<script type=\"application\/ld+json\" class=\"yoast-schema-graph\">{\"@context\":\"https:\/\/schema.org\",\"@graph\":[{\"@type\":\"WebSite\",\"@id\":\"https:\/\/www.nettali.com\/#website\",\"url\":\"https:\/\/www.nettali.com\/\",\"name\":\"Nettali.com\",\"description\":\"Le rendez-vous critique du Net\",\"potentialAction\":[{\"@type\":\"SearchAction\",\"target\":{\"@type\":\"EntryPoint\",\"urlTemplate\":\"https:\/\/www.nettali.com\/?s={search_term_string}\"},\"query-input\":\"required name=search_term_string\"}],\"inLanguage\":\"fr-FR\"},{\"@type\":\"ImageObject\",\"@id\":\"https:\/\/www.nettali.com\/2024\/07\/19\/habitat-social-le-president-diomaye-a-expose-sa-nouvelle-politique-de-lacces-au-logement\/#primaryimage\",\"inLanguage\":\"fr-FR\",\"url\":\"https:\/\/www.nettali.com\/wp-content\/uploads\/2024\/07\/Senegal-Bassirou-Diomaye-Faye-un-president-qui-revolutionne-la-gouvernance-depuis-mars-2024_thumbnail.jpg\",\"contentUrl\":\"https:\/\/www.nettali.com\/wp-content\/uploads\/2024\/07\/Senegal-Bassirou-Diomaye-Faye-un-president-qui-revolutionne-la-gouvernance-depuis-mars-2024_thumbnail.jpg\",\"width\":800,\"height\":470},{\"@type\":\"WebPage\",\"@id\":\"https:\/\/www.nettali.com\/2024\/07\/19\/habitat-social-le-president-diomaye-a-expose-sa-nouvelle-politique-de-lacces-au-logement\/#webpage\",\"url\":\"https:\/\/www.nettali.com\/2024\/07\/19\/habitat-social-le-president-diomaye-a-expose-sa-nouvelle-politique-de-lacces-au-logement\/\",\"name\":\"HABITAT SOCIAL - Le Pre\\u0301sident Diomaye a expose\\u0301 sa nouvelle politique de l\\u2019acce\\u0300s au logement | Nettali.com\",\"isPartOf\":{\"@id\":\"https:\/\/www.nettali.com\/#website\"},\"primaryImageOfPage\":{\"@id\":\"https:\/\/www.nettali.com\/2024\/07\/19\/habitat-social-le-president-diomaye-a-expose-sa-nouvelle-politique-de-lacces-au-logement\/#primaryimage\"},\"datePublished\":\"2024-07-19T07:36:14+00:00\",\"dateModified\":\"2024-07-19T07:45:31+00:00\",\"author\":{\"@id\":\"https:\/\/www.nettali.com\/#\/schema\/person\/d8ac7b7e27ddad43f1c0d2ef090d7f71\"},\"breadcrumb\":{\"@id\":\"https:\/\/www.nettali.com\/2024\/07\/19\/habitat-social-le-president-diomaye-a-expose-sa-nouvelle-politique-de-lacces-au-logement\/#breadcrumb\"},\"inLanguage\":\"fr-FR\",\"potentialAction\":[{\"@type\":\"ReadAction\",\"target\":[\"https:\/\/www.nettali.com\/2024\/07\/19\/habitat-social-le-president-diomaye-a-expose-sa-nouvelle-politique-de-lacces-au-logement\/\"]}]},{\"@type\":\"BreadcrumbList\",\"@id\":\"https:\/\/www.nettali.com\/2024\/07\/19\/habitat-social-le-president-diomaye-a-expose-sa-nouvelle-politique-de-lacces-au-logement\/#breadcrumb\",\"itemListElement\":[{\"@type\":\"ListItem\",\"position\":1,\"name\":\"Accueil\",\"item\":\"https:\/\/www.nettali.com\/\"},{\"@type\":\"ListItem\",\"position\":2,\"name\":\"HABITAT SOCIAL - Le Pre\\u0301sident Diomaye a expose\\u0301 sa nouvelle politique de l\\u2019acce\\u0300s au logement\"}]},{\"@type\":\"Person\",\"@id\":\"https:\/\/www.nettali.com\/#\/schema\/person\/d8ac7b7e27ddad43f1c0d2ef090d7f71\",\"name\":\"CK\",\"image\":{\"@type\":\"ImageObject\",\"@id\":\"https:\/\/www.nettali.com\/#personlogo\",\"inLanguage\":\"fr-FR\",\"url\":\"https:\/\/secure.gravatar.com\/avatar\/1d8d5118b9327d94da7cd4ce7f17fec2?s=96&d=mm&r=g\",\"contentUrl\":\"https:\/\/secure.gravatar.com\/avatar\/1d8d5118b9327d94da7cd4ce7f17fec2?s=96&d=mm&r=g\",\"caption\":\"CK\"},\"sameAs\":[\"https:\/\/www.nettali.com\"]}]}<\/script>\n<!-- \/ Yoast SEO Premium plugin. -->","yoast_head_json":{"title":"HABITAT SOCIAL - Le Pre\u0301sident Diomaye a expose\u0301 sa nouvelle politique de l\u2019acce\u0300s au logement | Nettali.com","robots":{"index":"index","follow":"follow","max-snippet":"max-snippet:-1","max-image-preview":"max-image-preview:large","max-video-preview":"max-video-preview:-1"},"canonical":"https:\/\/www.nettali.com\/2024\/07\/19\/habitat-social-le-president-diomaye-a-expose-sa-nouvelle-politique-de-lacces-au-logement\/","og_locale":"fr_FR","og_type":"article","og_title":"HABITAT SOCIAL - Le Pre\u0301sident Diomaye a expose\u0301 sa nouvelle politique de l\u2019acce\u0300s au logement","og_description":"NETTALI.COM - Une nouvelle politique de promotion de l\u2019acce\u0300s au logement a e\u0301te\u0301 de\u0301cline\u0301e, le jeudi 18 juillet par le pre\u0301sident de la Re\u0301publique en conseil des ministres. Diomaye Faye a rappele\u0301 que la gestion de la proble\u0301matique des loyers et la construction de logements sociaux demeurent des urgences sociales. Tout en exigeant le bilan [&hellip;]","og_url":"https:\/\/www.nettali.com\/2024\/07\/19\/habitat-social-le-president-diomaye-a-expose-sa-nouvelle-politique-de-lacces-au-logement\/","og_site_name":"Nettali.com","article_publisher":"https:\/\/www.facebook.com\/nettalicom","article_published_time":"2024-07-19T07:36:14+00:00","article_modified_time":"2024-07-19T07:45:31+00:00","og_image":[{"width":800,"height":470,"url":"https:\/\/www.nettali.com\/wp-content\/uploads\/2024\/07\/Senegal-Bassirou-Diomaye-Faye-un-president-qui-revolutionne-la-gouvernance-depuis-mars-2024_thumbnail.jpg","type":"image\/jpeg"}],"twitter_card":"summary_large_image","twitter_misc":{"\u00c9crit par":"CK","Dur\u00e9e de lecture estim\u00e9e":"4 minutes"},"schema":{"@context":"https:\/\/schema.org","@graph":[{"@type":"WebSite","@id":"https:\/\/www.nettali.com\/#website","url":"https:\/\/www.nettali.com\/","name":"Nettali.com","description":"Le rendez-vous critique du Net","potentialAction":[{"@type":"SearchAction","target":{"@type":"EntryPoint","urlTemplate":"https:\/\/www.nettali.com\/?s={search_term_string}"},"query-input":"required name=search_term_string"}],"inLanguage":"fr-FR"},{"@type":"ImageObject","@id":"https:\/\/www.nettali.com\/2024\/07\/19\/habitat-social-le-president-diomaye-a-expose-sa-nouvelle-politique-de-lacces-au-logement\/#primaryimage","inLanguage":"fr-FR","url":"https:\/\/www.nettali.com\/wp-content\/uploads\/2024\/07\/Senegal-Bassirou-Diomaye-Faye-un-president-qui-revolutionne-la-gouvernance-depuis-mars-2024_thumbnail.jpg","contentUrl":"https:\/\/www.nettali.com\/wp-content\/uploads\/2024\/07\/Senegal-Bassirou-Diomaye-Faye-un-president-qui-revolutionne-la-gouvernance-depuis-mars-2024_thumbnail.jpg","width":800,"height":470},{"@type":"WebPage","@id":"https:\/\/www.nettali.com\/2024\/07\/19\/habitat-social-le-president-diomaye-a-expose-sa-nouvelle-politique-de-lacces-au-logement\/#webpage","url":"https:\/\/www.nettali.com\/2024\/07\/19\/habitat-social-le-president-diomaye-a-expose-sa-nouvelle-politique-de-lacces-au-logement\/","name":"HABITAT SOCIAL - Le Pre\u0301sident Diomaye a expose\u0301 sa nouvelle politique de l\u2019acce\u0300s au logement | Nettali.com","isPartOf":{"@id":"https:\/\/www.nettali.com\/#website"},"primaryImageOfPage":{"@id":"https:\/\/www.nettali.com\/2024\/07\/19\/habitat-social-le-president-diomaye-a-expose-sa-nouvelle-politique-de-lacces-au-logement\/#primaryimage"},"datePublished":"2024-07-19T07:36:14+00:00","dateModified":"2024-07-19T07:45:31+00:00","author":{"@id":"https:\/\/www.nettali.com\/#\/schema\/person\/d8ac7b7e27ddad43f1c0d2ef090d7f71"},"breadcrumb":{"@id":"https:\/\/www.nettali.com\/2024\/07\/19\/habitat-social-le-president-diomaye-a-expose-sa-nouvelle-politique-de-lacces-au-logement\/#breadcrumb"},"inLanguage":"fr-FR","potentialAction":[{"@type":"ReadAction","target":["https:\/\/www.nettali.com\/2024\/07\/19\/habitat-social-le-president-diomaye-a-expose-sa-nouvelle-politique-de-lacces-au-logement\/"]}]},{"@type":"BreadcrumbList","@id":"https:\/\/www.nettali.com\/2024\/07\/19\/habitat-social-le-president-diomaye-a-expose-sa-nouvelle-politique-de-lacces-au-logement\/#breadcrumb","itemListElement":[{"@type":"ListItem","position":1,"name":"Accueil","item":"https:\/\/www.nettali.com\/"},{"@type":"ListItem","position":2,"name":"HABITAT SOCIAL - Le Pre\u0301sident Diomaye a expose\u0301 sa nouvelle politique de l\u2019acce\u0300s au logement"}]},{"@type":"Person","@id":"https:\/\/www.nettali.com\/#\/schema\/person\/d8ac7b7e27ddad43f1c0d2ef090d7f71","name":"CK","image":{"@type":"ImageObject","@id":"https:\/\/www.nettali.com\/#personlogo","inLanguage":"fr-FR","url":"https:\/\/secure.gravatar.com\/avatar\/1d8d5118b9327d94da7cd4ce7f17fec2?s=96&d=mm&r=g","contentUrl":"https:\/\/secure.gravatar.com\/avatar\/1d8d5118b9327d94da7cd4ce7f17fec2?s=96&d=mm&r=g","caption":"CK"},"sameAs":["https:\/\/www.nettali.com"]}]}},"_links":{"self":[{"href":"https:\/\/www.nettali.com\/rest\/wp\/v2\/posts\/137159"}],"collection":[{"href":"https:\/\/www.nettali.com\/rest\/wp\/v2\/posts"}],"about":[{"href":"https:\/\/www.nettali.com\/rest\/wp\/v2\/types\/post"}],"author":[{"embeddable":true,"href":"https:\/\/www.nettali.com\/rest\/wp\/v2\/users\/2"}],"replies":[{"embeddable":true,"href":"https:\/\/www.nettali.com\/rest\/wp\/v2\/comments?post=137159"}],"version-history":[{"count":2,"href":"https:\/\/www.nettali.com\/rest\/wp\/v2\/posts\/137159\/revisions"}],"predecessor-version":[{"id":137162,"href":"https:\/\/www.nettali.com\/rest\/wp\/v2\/posts\/137159\/revisions\/137162"}],"wp:featuredmedia":[{"embeddable":true,"href":"https:\/\/www.nettali.com\/rest\/wp\/v2\/media\/136736"}],"wp:attachment":[{"href":"https:\/\/www.nettali.com\/rest\/wp\/v2\/media?parent=137159"}],"wp:term":[{"taxonomy":"category","embeddable":true,"href":"https:\/\/www.nettali.com\/rest\/wp\/v2\/categories?post=137159"},{"taxonomy":"post_tag","embeddable":true,"href":"https:\/\/www.nettali.com\/rest\/wp\/v2\/tags?post=137159"}],"curies":[{"name":"wp","href":"https:\/\/api.w.org\/{rel}","templated":true}]}}