{"id":137115,"date":"2024-07-18T13:58:51","date_gmt":"2024-07-18T13:58:51","guid":{"rendered":"https:\/\/www.nettali.com\/?p=137115"},"modified":"2024-07-18T15:56:02","modified_gmt":"2024-07-18T15:56:02","slug":"retard-de-salaires-des-contractuels-de-ladministration-senegalaise-le-collectif-demande-a-letat-de-reagir","status":"publish","type":"post","link":"https:\/\/www.nettali.com\/2024\/07\/18\/retard-de-salaires-des-contractuels-de-ladministration-senegalaise-le-collectif-demande-a-letat-de-reagir\/","title":{"rendered":"Retard de salaires des contractuels de l\u2019administration s\u00e9n\u00e9galaise - Le collectif demande \u00e0 l\u2019\u00c9tat de r\u00e9agir"},"content":{"rendered":"<p><strong>NETTALI.COM - Le collectif interminist\u00e9riel des agents de l\u2019administration s\u00e9n\u00e9galaise d\u00e9nonce le retard de salaires des contractuels. Ces retards seraient dus \u00e0 la fusion de certains minist\u00e8res et la nomination de nouveaux Dates qui n\u2019ont pas encore pris service. Ils menacent ainsi d\u2019assi\u00e9ger le Tr\u00e9sor public la semaine prochaine si rien n'est fait d\u2019ici l\u00e0.<\/strong><\/p>\n<p>\"<em>Le collectif interminist\u00e9riel des agents de l\u2019administration s\u00e9n\u00e9galaise est tr\u00e8s pr\u00e9occup\u00e9 par la situation des contractuels de l\u2019administration. Jusqu\u2019\u00e0 pr\u00e9sent ces derniers n\u2019ont pas encore per\u00e7u leurs salaires du mois de juillet. Cela constitue des difficult\u00e9s \u00e9normes pour la qui\u00e9tude de ces travailleurs et qui font d\u2019excellents boulots dans le cadre des t\u00e2ches qui leurs ont \u00e9t\u00e9 assign\u00e9s au niveau des diff\u00e9rents minist\u00e8res\",<\/em> a fustig\u00e9 leCoordonnateur dudit collectif, Omar Dram\u00e9.<\/p>\n<p>Il poursuit : \"<em>Nous estimons qu\u2019avant d\u2019harmoniser les budgets, le salaire qui est un \u00e9l\u00e9ment sacr\u00e9, qu\u2019il fallait le r\u00e9gler. Aussi, il y\u2019a des Dages qui devraient signer des ordres de virements dans certains minist\u00e8res et qui jusque-l\u00e0 ils n\u2019ont toujours pas pris service. Cela retarde le processus des payements de salaire<\/em>\".<\/p>\n<p>Ainsi ledit collectif interpelle le gouvernement du S\u00e9n\u00e9gal pour trouver une solution .<\/p>\n<p>\"<em>Nous disons \u00e0 l\u2019\u00c9tat du S\u00e9n\u00e9gal de trouver d\u2019ici la fin de la semaine des solutions imm\u00e9diates. Au cas \u00e9ch\u00e9ant, nous allons passer \u00e0 la vitesse sup\u00e9rieure la semaine prochaine en faisant une forte mobilisation. Nous irons au niveau du Tr\u00e9sor public pour assi\u00e9ger cet institution<\/em>\", a-t-il lanc\u00e9 .<\/p>\n<div class='share-to-whatsapp-wrapper'><div class='share-on-whsp'>PARTAGER SUR : <\/div><a data-text='Retard de salaires des contractuels de l\u2019administration s\u00e9n\u00e9galaise - Le collectif demande \u00e0 l\u2019\u00c9tat de r\u00e9agir' data-link='https:\/\/www.nettali.com\/2024\/07\/18\/retard-de-salaires-des-contractuels-de-ladministration-senegalaise-le-collectif-demande-a-letat-de-reagir\/' class='whatsapp-button whatsapp-share'>WhatsApp<\/a><div class='clear '><\/div><\/div>","protected":false},"excerpt":{"rendered":"<p>NETTALI.COM - Le collectif interminist\u00e9riel des agents de l\u2019administration s\u00e9n\u00e9galaise d\u00e9nonce le retard de salaires des contractuels. Ces retards seraient dus \u00e0 la fusion de certains minist\u00e8res et la nomination de nouveaux Dates qui n\u2019ont pas encore pris service. Ils menacent ainsi d\u2019assi\u00e9ger le Tr\u00e9sor public la semaine prochaine si rien n'est fait d\u2019ici l\u00e0. [&hellip;]<\/p>\n","protected":false},"author":6,"featured_media":137116,"comment_status":"open","ping_status":"open","sticky":false,"template":"","format":"standard","meta":{"_et_pb_use_builder":"","_et_pb_old_content":""},"categories":[3],"tags":[],"yoast_head":"<!-- This site is optimized with the Yoast SEO Premium plugin v17.8 (Yoast SEO v17.8) - https:\/\/yoast.com\/wordpress\/plugins\/seo\/ -->\n<title>Retard de salaires des contractuels de l\u2019administration s\u00e9n\u00e9galaise - Le collectif demande \u00e0 l\u2019\u00c9tat de r\u00e9agir | Nettali.com<\/title>\n<meta name=\"robots\" content=\"index, follow, max-snippet:-1, max-image-preview:large, max-video-preview:-1\" \/>\n<link rel=\"canonical\" href=\"https:\/\/www.nettali.com\/2024\/07\/18\/retard-de-salaires-des-contractuels-de-ladministration-senegalaise-le-collectif-demande-a-letat-de-reagir\/\" \/>\n<meta property=\"og:locale\" content=\"fr_FR\" \/>\n<meta property=\"og:type\" content=\"article\" \/>\n<meta property=\"og:title\" content=\"Retard de salaires des contractuels de l\u2019administration s\u00e9n\u00e9galaise - Le collectif demande \u00e0 l\u2019\u00c9tat de r\u00e9agir\" \/>\n<meta property=\"og:description\" content=\"NETTALI.COM - Le collectif interminist\u00e9riel des agents de l\u2019administration s\u00e9n\u00e9galaise d\u00e9nonce le retard de salaires des contractuels. Ces retards seraient dus \u00e0 la fusion de certains minist\u00e8res et la nomination de nouveaux Dates qui n\u2019ont pas encore pris service. Ils menacent ainsi d\u2019assi\u00e9ger le Tr\u00e9sor public la semaine prochaine si rien n&#039;est fait d\u2019ici l\u00e0. [&hellip;]\" \/>\n<meta property=\"og:url\" content=\"https:\/\/www.nettali.com\/2024\/07\/18\/retard-de-salaires-des-contractuels-de-ladministration-senegalaise-le-collectif-demande-a-letat-de-reagir\/\" \/>\n<meta property=\"og:site_name\" content=\"Nettali.com\" \/>\n<meta property=\"article:publisher\" content=\"https:\/\/www.facebook.com\/nettalicom\" \/>\n<meta property=\"article:published_time\" content=\"2024-07-18T13:58:51+00:00\" \/>\n<meta property=\"article:modified_time\" content=\"2024-07-18T15:56:02+00:00\" \/>\n<meta property=\"og:image\" content=\"https:\/\/www.nettali.com\/wp-content\/uploads\/2024\/07\/77912546-56586079.jpg\" \/>\n\t<meta property=\"og:image:width\" content=\"632\" \/>\n\t<meta property=\"og:image:height\" content=\"330\" \/>\n<meta name=\"twitter:card\" content=\"summary_large_image\" \/>\n<meta name=\"twitter:label1\" content=\"\u00c9crit par\" \/>\n\t<meta name=\"twitter:data1\" content=\"Fatou\" \/>\n\t<meta name=\"twitter:label2\" content=\"Dur\u00e9e de lecture estim\u00e9e\" \/>\n\t<meta name=\"twitter:data2\" content=\"2 minutes\" \/>\n<script type=\"application\/ld+json\" class=\"yoast-schema-graph\">{\"@context\":\"https:\/\/schema.org\",\"@graph\":[{\"@type\":\"WebSite\",\"@id\":\"https:\/\/www.nettali.com\/#website\",\"url\":\"https:\/\/www.nettali.com\/\",\"name\":\"Nettali.com\",\"description\":\"Le rendez-vous critique du Net\",\"potentialAction\":[{\"@type\":\"SearchAction\",\"target\":{\"@type\":\"EntryPoint\",\"urlTemplate\":\"https:\/\/www.nettali.com\/?s={search_term_string}\"},\"query-input\":\"required name=search_term_string\"}],\"inLanguage\":\"fr-FR\"},{\"@type\":\"ImageObject\",\"@id\":\"https:\/\/www.nettali.com\/2024\/07\/18\/retard-de-salaires-des-contractuels-de-ladministration-senegalaise-le-collectif-demande-a-letat-de-reagir\/#primaryimage\",\"inLanguage\":\"fr-FR\",\"url\":\"https:\/\/www.nettali.com\/wp-content\/uploads\/2024\/07\/77912546-56586079.jpg\",\"contentUrl\":\"https:\/\/www.nettali.com\/wp-content\/uploads\/2024\/07\/77912546-56586079.jpg\",\"width\":632,\"height\":330},{\"@type\":\"WebPage\",\"@id\":\"https:\/\/www.nettali.com\/2024\/07\/18\/retard-de-salaires-des-contractuels-de-ladministration-senegalaise-le-collectif-demande-a-letat-de-reagir\/#webpage\",\"url\":\"https:\/\/www.nettali.com\/2024\/07\/18\/retard-de-salaires-des-contractuels-de-ladministration-senegalaise-le-collectif-demande-a-letat-de-reagir\/\",\"name\":\"Retard de salaires des contractuels de l\\u2019administration s\\u00e9n\\u00e9galaise - Le collectif demande \\u00e0 l\\u2019\\u00c9tat de r\\u00e9agir | Nettali.com\",\"isPartOf\":{\"@id\":\"https:\/\/www.nettali.com\/#website\"},\"primaryImageOfPage\":{\"@id\":\"https:\/\/www.nettali.com\/2024\/07\/18\/retard-de-salaires-des-contractuels-de-ladministration-senegalaise-le-collectif-demande-a-letat-de-reagir\/#primaryimage\"},\"datePublished\":\"2024-07-18T13:58:51+00:00\",\"dateModified\":\"2024-07-18T15:56:02+00:00\",\"author\":{\"@id\":\"https:\/\/www.nettali.com\/#\/schema\/person\/418274a86bdf87caff7a3ef476bd0bbf\"},\"breadcrumb\":{\"@id\":\"https:\/\/www.nettali.com\/2024\/07\/18\/retard-de-salaires-des-contractuels-de-ladministration-senegalaise-le-collectif-demande-a-letat-de-reagir\/#breadcrumb\"},\"inLanguage\":\"fr-FR\",\"potentialAction\":[{\"@type\":\"ReadAction\",\"target\":[\"https:\/\/www.nettali.com\/2024\/07\/18\/retard-de-salaires-des-contractuels-de-ladministration-senegalaise-le-collectif-demande-a-letat-de-reagir\/\"]}]},{\"@type\":\"BreadcrumbList\",\"@id\":\"https:\/\/www.nettali.com\/2024\/07\/18\/retard-de-salaires-des-contractuels-de-ladministration-senegalaise-le-collectif-demande-a-letat-de-reagir\/#breadcrumb\",\"itemListElement\":[{\"@type\":\"ListItem\",\"position\":1,\"name\":\"Accueil\",\"item\":\"https:\/\/www.nettali.com\/\"},{\"@type\":\"ListItem\",\"position\":2,\"name\":\"Retard de salaires des contractuels de l\\u2019administration s\\u00e9n\\u00e9galaise - Le collectif demande \\u00e0 l\\u2019\\u00c9tat de r\\u00e9agir\"}]},{\"@type\":\"Person\",\"@id\":\"https:\/\/www.nettali.com\/#\/schema\/person\/418274a86bdf87caff7a3ef476bd0bbf\",\"name\":\"Fatou\",\"image\":{\"@type\":\"ImageObject\",\"@id\":\"https:\/\/www.nettali.com\/#personlogo\",\"inLanguage\":\"fr-FR\",\"url\":\"https:\/\/secure.gravatar.com\/avatar\/5a9442a2bee7b4dcf167cab035858e9a?s=96&d=mm&r=g\",\"contentUrl\":\"https:\/\/secure.gravatar.com\/avatar\/5a9442a2bee7b4dcf167cab035858e9a?s=96&d=mm&r=g\",\"caption\":\"Fatou\"},\"sameAs\":[\"https:\/\/www.nettali.com\"]}]}<\/script>\n<!-- \/ Yoast SEO Premium plugin. -->","yoast_head_json":{"title":"Retard de salaires des contractuels de l\u2019administration s\u00e9n\u00e9galaise - Le collectif demande \u00e0 l\u2019\u00c9tat de r\u00e9agir | Nettali.com","robots":{"index":"index","follow":"follow","max-snippet":"max-snippet:-1","max-image-preview":"max-image-preview:large","max-video-preview":"max-video-preview:-1"},"canonical":"https:\/\/www.nettali.com\/2024\/07\/18\/retard-de-salaires-des-contractuels-de-ladministration-senegalaise-le-collectif-demande-a-letat-de-reagir\/","og_locale":"fr_FR","og_type":"article","og_title":"Retard de salaires des contractuels de l\u2019administration s\u00e9n\u00e9galaise - Le collectif demande \u00e0 l\u2019\u00c9tat de r\u00e9agir","og_description":"NETTALI.COM - Le collectif interminist\u00e9riel des agents de l\u2019administration s\u00e9n\u00e9galaise d\u00e9nonce le retard de salaires des contractuels. Ces retards seraient dus \u00e0 la fusion de certains minist\u00e8res et la nomination de nouveaux Dates qui n\u2019ont pas encore pris service. Ils menacent ainsi d\u2019assi\u00e9ger le Tr\u00e9sor public la semaine prochaine si rien n'est fait d\u2019ici l\u00e0. [&hellip;]","og_url":"https:\/\/www.nettali.com\/2024\/07\/18\/retard-de-salaires-des-contractuels-de-ladministration-senegalaise-le-collectif-demande-a-letat-de-reagir\/","og_site_name":"Nettali.com","article_publisher":"https:\/\/www.facebook.com\/nettalicom","article_published_time":"2024-07-18T13:58:51+00:00","article_modified_time":"2024-07-18T15:56:02+00:00","og_image":[{"width":632,"height":330,"url":"https:\/\/www.nettali.com\/wp-content\/uploads\/2024\/07\/77912546-56586079.jpg","type":"image\/jpeg"}],"twitter_card":"summary_large_image","twitter_misc":{"\u00c9crit par":"Fatou","Dur\u00e9e de lecture estim\u00e9e":"2 minutes"},"schema":{"@context":"https:\/\/schema.org","@graph":[{"@type":"WebSite","@id":"https:\/\/www.nettali.com\/#website","url":"https:\/\/www.nettali.com\/","name":"Nettali.com","description":"Le rendez-vous critique du Net","potentialAction":[{"@type":"SearchAction","target":{"@type":"EntryPoint","urlTemplate":"https:\/\/www.nettali.com\/?s={search_term_string}"},"query-input":"required name=search_term_string"}],"inLanguage":"fr-FR"},{"@type":"ImageObject","@id":"https:\/\/www.nettali.com\/2024\/07\/18\/retard-de-salaires-des-contractuels-de-ladministration-senegalaise-le-collectif-demande-a-letat-de-reagir\/#primaryimage","inLanguage":"fr-FR","url":"https:\/\/www.nettali.com\/wp-content\/uploads\/2024\/07\/77912546-56586079.jpg","contentUrl":"https:\/\/www.nettali.com\/wp-content\/uploads\/2024\/07\/77912546-56586079.jpg","width":632,"height":330},{"@type":"WebPage","@id":"https:\/\/www.nettali.com\/2024\/07\/18\/retard-de-salaires-des-contractuels-de-ladministration-senegalaise-le-collectif-demande-a-letat-de-reagir\/#webpage","url":"https:\/\/www.nettali.com\/2024\/07\/18\/retard-de-salaires-des-contractuels-de-ladministration-senegalaise-le-collectif-demande-a-letat-de-reagir\/","name":"Retard de salaires des contractuels de l\u2019administration s\u00e9n\u00e9galaise - Le collectif demande \u00e0 l\u2019\u00c9tat de r\u00e9agir | Nettali.com","isPartOf":{"@id":"https:\/\/www.nettali.com\/#website"},"primaryImageOfPage":{"@id":"https:\/\/www.nettali.com\/2024\/07\/18\/retard-de-salaires-des-contractuels-de-ladministration-senegalaise-le-collectif-demande-a-letat-de-reagir\/#primaryimage"},"datePublished":"2024-07-18T13:58:51+00:00","dateModified":"2024-07-18T15:56:02+00:00","author":{"@id":"https:\/\/www.nettali.com\/#\/schema\/person\/418274a86bdf87caff7a3ef476bd0bbf"},"breadcrumb":{"@id":"https:\/\/www.nettali.com\/2024\/07\/18\/retard-de-salaires-des-contractuels-de-ladministration-senegalaise-le-collectif-demande-a-letat-de-reagir\/#breadcrumb"},"inLanguage":"fr-FR","potentialAction":[{"@type":"ReadAction","target":["https:\/\/www.nettali.com\/2024\/07\/18\/retard-de-salaires-des-contractuels-de-ladministration-senegalaise-le-collectif-demande-a-letat-de-reagir\/"]}]},{"@type":"BreadcrumbList","@id":"https:\/\/www.nettali.com\/2024\/07\/18\/retard-de-salaires-des-contractuels-de-ladministration-senegalaise-le-collectif-demande-a-letat-de-reagir\/#breadcrumb","itemListElement":[{"@type":"ListItem","position":1,"name":"Accueil","item":"https:\/\/www.nettali.com\/"},{"@type":"ListItem","position":2,"name":"Retard de salaires des contractuels de l\u2019administration s\u00e9n\u00e9galaise - Le collectif demande \u00e0 l\u2019\u00c9tat de r\u00e9agir"}]},{"@type":"Person","@id":"https:\/\/www.nettali.com\/#\/schema\/person\/418274a86bdf87caff7a3ef476bd0bbf","name":"Fatou","image":{"@type":"ImageObject","@id":"https:\/\/www.nettali.com\/#personlogo","inLanguage":"fr-FR","url":"https:\/\/secure.gravatar.com\/avatar\/5a9442a2bee7b4dcf167cab035858e9a?s=96&d=mm&r=g","contentUrl":"https:\/\/secure.gravatar.com\/avatar\/5a9442a2bee7b4dcf167cab035858e9a?s=96&d=mm&r=g","caption":"Fatou"},"sameAs":["https:\/\/www.nettali.com"]}]}},"_links":{"self":[{"href":"https:\/\/www.nettali.com\/rest\/wp\/v2\/posts\/137115"}],"collection":[{"href":"https:\/\/www.nettali.com\/rest\/wp\/v2\/posts"}],"about":[{"href":"https:\/\/www.nettali.com\/rest\/wp\/v2\/types\/post"}],"author":[{"embeddable":true,"href":"https:\/\/www.nettali.com\/rest\/wp\/v2\/users\/6"}],"replies":[{"embeddable":true,"href":"https:\/\/www.nettali.com\/rest\/wp\/v2\/comments?post=137115"}],"version-history":[{"count":3,"href":"https:\/\/www.nettali.com\/rest\/wp\/v2\/posts\/137115\/revisions"}],"predecessor-version":[{"id":137119,"href":"https:\/\/www.nettali.com\/rest\/wp\/v2\/posts\/137115\/revisions\/137119"}],"wp:featuredmedia":[{"embeddable":true,"href":"https:\/\/www.nettali.com\/rest\/wp\/v2\/media\/137116"}],"wp:attachment":[{"href":"https:\/\/www.nettali.com\/rest\/wp\/v2\/media?parent=137115"}],"wp:term":[{"taxonomy":"category","embeddable":true,"href":"https:\/\/www.nettali.com\/rest\/wp\/v2\/categories?post=137115"},{"taxonomy":"post_tag","embeddable":true,"href":"https:\/\/www.nettali.com\/rest\/wp\/v2\/tags?post=137115"}],"curies":[{"name":"wp","href":"https:\/\/api.w.org\/{rel}","templated":true}]}}