{"id":137102,"date":"2024-07-18T08:53:46","date_gmt":"2024-07-18T08:53:46","guid":{"rendered":"https:\/\/www.nettali.com\/?p=137102"},"modified":"2024-07-18T09:10:44","modified_gmt":"2024-07-18T09:10:44","slug":"real-madrid-mbappe-ne-sera-pas-opere","status":"publish","type":"post","link":"https:\/\/www.nettali.com\/2024\/07\/18\/real-madrid-mbappe-ne-sera-pas-opere\/","title":{"rendered":"REAL MADRID - Mbapp\u00e9 ne sera pas op\u00e9r\u00e9"},"content":{"rendered":"<p><strong>NETTALI.COM - Selon les informations de AS, Kylian Mbapp\u00e9 ne devrait pas se faire op\u00e9r\u00e9 pour non nez fractur\u00e9 \u00e0 l\u2019Euro 2024. Le natif de Bondy devrait meme reprendre l\u2019entrainement avec le Real Madrid le 8 ao\u00fbt.<\/strong><\/p>\n<p>C\u2019est sous les ovations d\u2019un Santiago Bernab\u00e9u comble que Kylian Mbapp\u00e9 a fait ses premiers pas mardi en tant que joueur du Real Madrid. Le prodige fran\u00e7ais, libre depuis son d\u00e9part du Paris Saint-Germain, s\u2019est engag\u00e9 pour cinq ans avec le club espagnol. Et les supporters madril\u00e8ne devraient voir leur nouveau joueur tr\u00e8s rapidement \u00e0 l\u2019\u0153uvre.<\/p>\n<p>En effet, malgr\u00e9 une fracture au nez contract\u00e9e lors du dernier match de l\u2019\u00e9quipe de France face \u00e0 l\u2019Autriche, Mbapp\u00e9 devrait \u00eatre op\u00e9rationnel pour le premier match officiel de la saison. Selon AS, les analyses du staff m\u00e9dical du Real Madrid ont r\u00e9v\u00e9l\u00e9 qu\u2019aucune intervention chirurgicale ne sera n\u00e9cessaire, et le joueur devrait retrouver les terrains d\u2019entra\u00eenement d\u00e8s le 8 ao\u00fbt prochain.<\/p>\n<p>Le 14 ao\u00fbt prochain, lors de la Supercoupe d\u2019Europe contre l\u2019Atalanta, Kylian Mbapp\u00e9 pourrait donc faire ses d\u00e9buts officiels sous le maillot merengue. Une occasion en or pour le Fran\u00e7ais de lancer son aventure madril\u00e8ne de la meilleure des mani\u00e8res.<\/p>\n<div class='share-to-whatsapp-wrapper'><div class='share-on-whsp'>PARTAGER SUR : <\/div><a data-text='REAL MADRID - Mbapp\u00e9 ne sera pas op\u00e9r\u00e9' data-link='https:\/\/www.nettali.com\/2024\/07\/18\/real-madrid-mbappe-ne-sera-pas-opere\/' class='whatsapp-button whatsapp-share'>WhatsApp<\/a><div class='clear '><\/div><\/div>","protected":false},"excerpt":{"rendered":"<p>NETTALI.COM - Selon les informations de AS, Kylian Mbapp\u00e9 ne devrait pas se faire op\u00e9r\u00e9 pour non nez fractur\u00e9 \u00e0 l\u2019Euro 2024. Le natif de Bondy devrait meme reprendre l\u2019entrainement avec le Real Madrid le 8 ao\u00fbt. C\u2019est sous les ovations d\u2019un Santiago Bernab\u00e9u comble que Kylian Mbapp\u00e9 a fait ses premiers pas mardi en [&hellip;]<\/p>\n","protected":false},"author":5,"featured_media":137097,"comment_status":"open","ping_status":"open","sticky":false,"template":"","format":"standard","meta":{"_et_pb_use_builder":"","_et_pb_old_content":""},"categories":[6],"tags":[],"yoast_head":"<!-- This site is optimized with the Yoast SEO Premium plugin v17.8 (Yoast SEO v17.8) - https:\/\/yoast.com\/wordpress\/plugins\/seo\/ -->\n<title>REAL MADRID - Mbapp\u00e9 ne sera pas op\u00e9r\u00e9 | Nettali.com<\/title>\n<meta name=\"robots\" content=\"index, follow, max-snippet:-1, max-image-preview:large, max-video-preview:-1\" \/>\n<link rel=\"canonical\" href=\"https:\/\/www.nettali.com\/2024\/07\/18\/real-madrid-mbappe-ne-sera-pas-opere\/\" \/>\n<meta property=\"og:locale\" content=\"fr_FR\" \/>\n<meta property=\"og:type\" content=\"article\" \/>\n<meta property=\"og:title\" content=\"REAL MADRID - Mbapp\u00e9 ne sera pas op\u00e9r\u00e9\" \/>\n<meta property=\"og:description\" content=\"NETTALI.COM - Selon les informations de AS, Kylian Mbapp\u00e9 ne devrait pas se faire op\u00e9r\u00e9 pour non nez fractur\u00e9 \u00e0 l\u2019Euro 2024. Le natif de Bondy devrait meme reprendre l\u2019entrainement avec le Real Madrid le 8 ao\u00fbt. C\u2019est sous les ovations d\u2019un Santiago Bernab\u00e9u comble que Kylian Mbapp\u00e9 a fait ses premiers pas mardi en [&hellip;]\" \/>\n<meta property=\"og:url\" content=\"https:\/\/www.nettali.com\/2024\/07\/18\/real-madrid-mbappe-ne-sera-pas-opere\/\" \/>\n<meta property=\"og:site_name\" content=\"Nettali.com\" \/>\n<meta property=\"article:publisher\" content=\"https:\/\/www.facebook.com\/nettalicom\" \/>\n<meta property=\"article:published_time\" content=\"2024-07-18T08:53:46+00:00\" \/>\n<meta property=\"article:modified_time\" content=\"2024-07-18T09:10:44+00:00\" \/>\n<meta property=\"og:image\" content=\"https:\/\/www.nettali.com\/wp-content\/uploads\/2024\/07\/01j2zw3kr31mn1nvs4pm.jpg\" \/>\n\t<meta property=\"og:image:width\" content=\"720\" \/>\n\t<meta property=\"og:image:height\" content=\"405\" \/>\n<meta name=\"twitter:card\" content=\"summary_large_image\" \/>\n<meta name=\"twitter:label1\" content=\"\u00c9crit par\" \/>\n\t<meta name=\"twitter:data1\" content=\"Ibrahima\" \/>\n\t<meta name=\"twitter:label2\" content=\"Dur\u00e9e de lecture estim\u00e9e\" \/>\n\t<meta name=\"twitter:data2\" content=\"1 minute\" \/>\n<script type=\"application\/ld+json\" class=\"yoast-schema-graph\">{\"@context\":\"https:\/\/schema.org\",\"@graph\":[{\"@type\":\"WebSite\",\"@id\":\"https:\/\/www.nettali.com\/#website\",\"url\":\"https:\/\/www.nettali.com\/\",\"name\":\"Nettali.com\",\"description\":\"Le rendez-vous critique du Net\",\"potentialAction\":[{\"@type\":\"SearchAction\",\"target\":{\"@type\":\"EntryPoint\",\"urlTemplate\":\"https:\/\/www.nettali.com\/?s={search_term_string}\"},\"query-input\":\"required name=search_term_string\"}],\"inLanguage\":\"fr-FR\"},{\"@type\":\"ImageObject\",\"@id\":\"https:\/\/www.nettali.com\/2024\/07\/18\/real-madrid-mbappe-ne-sera-pas-opere\/#primaryimage\",\"inLanguage\":\"fr-FR\",\"url\":\"https:\/\/www.nettali.com\/wp-content\/uploads\/2024\/07\/01j2zw3kr31mn1nvs4pm.jpg\",\"contentUrl\":\"https:\/\/www.nettali.com\/wp-content\/uploads\/2024\/07\/01j2zw3kr31mn1nvs4pm.jpg\",\"width\":720,\"height\":405},{\"@type\":\"WebPage\",\"@id\":\"https:\/\/www.nettali.com\/2024\/07\/18\/real-madrid-mbappe-ne-sera-pas-opere\/#webpage\",\"url\":\"https:\/\/www.nettali.com\/2024\/07\/18\/real-madrid-mbappe-ne-sera-pas-opere\/\",\"name\":\"REAL MADRID - Mbapp\\u00e9 ne sera pas op\\u00e9r\\u00e9 | Nettali.com\",\"isPartOf\":{\"@id\":\"https:\/\/www.nettali.com\/#website\"},\"primaryImageOfPage\":{\"@id\":\"https:\/\/www.nettali.com\/2024\/07\/18\/real-madrid-mbappe-ne-sera-pas-opere\/#primaryimage\"},\"datePublished\":\"2024-07-18T08:53:46+00:00\",\"dateModified\":\"2024-07-18T09:10:44+00:00\",\"author\":{\"@id\":\"https:\/\/www.nettali.com\/#\/schema\/person\/bb147657c2986240405a608162b9bb23\"},\"breadcrumb\":{\"@id\":\"https:\/\/www.nettali.com\/2024\/07\/18\/real-madrid-mbappe-ne-sera-pas-opere\/#breadcrumb\"},\"inLanguage\":\"fr-FR\",\"potentialAction\":[{\"@type\":\"ReadAction\",\"target\":[\"https:\/\/www.nettali.com\/2024\/07\/18\/real-madrid-mbappe-ne-sera-pas-opere\/\"]}]},{\"@type\":\"BreadcrumbList\",\"@id\":\"https:\/\/www.nettali.com\/2024\/07\/18\/real-madrid-mbappe-ne-sera-pas-opere\/#breadcrumb\",\"itemListElement\":[{\"@type\":\"ListItem\",\"position\":1,\"name\":\"Accueil\",\"item\":\"https:\/\/www.nettali.com\/\"},{\"@type\":\"ListItem\",\"position\":2,\"name\":\"REAL MADRID - Mbapp\\u00e9 ne sera pas op\\u00e9r\\u00e9\"}]},{\"@type\":\"Person\",\"@id\":\"https:\/\/www.nettali.com\/#\/schema\/person\/bb147657c2986240405a608162b9bb23\",\"name\":\"Ibrahima\",\"image\":{\"@type\":\"ImageObject\",\"@id\":\"https:\/\/www.nettali.com\/#personlogo\",\"inLanguage\":\"fr-FR\",\"url\":\"https:\/\/secure.gravatar.com\/avatar\/26a8a81f09f0dd7624c9d5c36c9ba3a2?s=96&d=mm&r=g\",\"contentUrl\":\"https:\/\/secure.gravatar.com\/avatar\/26a8a81f09f0dd7624c9d5c36c9ba3a2?s=96&d=mm&r=g\",\"caption\":\"Ibrahima\"},\"sameAs\":[\"https:\/\/www.nettali.com\"]}]}<\/script>\n<!-- \/ Yoast SEO Premium plugin. -->","yoast_head_json":{"title":"REAL MADRID - Mbapp\u00e9 ne sera pas op\u00e9r\u00e9 | Nettali.com","robots":{"index":"index","follow":"follow","max-snippet":"max-snippet:-1","max-image-preview":"max-image-preview:large","max-video-preview":"max-video-preview:-1"},"canonical":"https:\/\/www.nettali.com\/2024\/07\/18\/real-madrid-mbappe-ne-sera-pas-opere\/","og_locale":"fr_FR","og_type":"article","og_title":"REAL MADRID - Mbapp\u00e9 ne sera pas op\u00e9r\u00e9","og_description":"NETTALI.COM - Selon les informations de AS, Kylian Mbapp\u00e9 ne devrait pas se faire op\u00e9r\u00e9 pour non nez fractur\u00e9 \u00e0 l\u2019Euro 2024. Le natif de Bondy devrait meme reprendre l\u2019entrainement avec le Real Madrid le 8 ao\u00fbt. C\u2019est sous les ovations d\u2019un Santiago Bernab\u00e9u comble que Kylian Mbapp\u00e9 a fait ses premiers pas mardi en [&hellip;]","og_url":"https:\/\/www.nettali.com\/2024\/07\/18\/real-madrid-mbappe-ne-sera-pas-opere\/","og_site_name":"Nettali.com","article_publisher":"https:\/\/www.facebook.com\/nettalicom","article_published_time":"2024-07-18T08:53:46+00:00","article_modified_time":"2024-07-18T09:10:44+00:00","og_image":[{"width":720,"height":405,"url":"https:\/\/www.nettali.com\/wp-content\/uploads\/2024\/07\/01j2zw3kr31mn1nvs4pm.jpg","type":"image\/jpeg"}],"twitter_card":"summary_large_image","twitter_misc":{"\u00c9crit par":"Ibrahima","Dur\u00e9e de lecture estim\u00e9e":"1 minute"},"schema":{"@context":"https:\/\/schema.org","@graph":[{"@type":"WebSite","@id":"https:\/\/www.nettali.com\/#website","url":"https:\/\/www.nettali.com\/","name":"Nettali.com","description":"Le rendez-vous critique du Net","potentialAction":[{"@type":"SearchAction","target":{"@type":"EntryPoint","urlTemplate":"https:\/\/www.nettali.com\/?s={search_term_string}"},"query-input":"required name=search_term_string"}],"inLanguage":"fr-FR"},{"@type":"ImageObject","@id":"https:\/\/www.nettali.com\/2024\/07\/18\/real-madrid-mbappe-ne-sera-pas-opere\/#primaryimage","inLanguage":"fr-FR","url":"https:\/\/www.nettali.com\/wp-content\/uploads\/2024\/07\/01j2zw3kr31mn1nvs4pm.jpg","contentUrl":"https:\/\/www.nettali.com\/wp-content\/uploads\/2024\/07\/01j2zw3kr31mn1nvs4pm.jpg","width":720,"height":405},{"@type":"WebPage","@id":"https:\/\/www.nettali.com\/2024\/07\/18\/real-madrid-mbappe-ne-sera-pas-opere\/#webpage","url":"https:\/\/www.nettali.com\/2024\/07\/18\/real-madrid-mbappe-ne-sera-pas-opere\/","name":"REAL MADRID - Mbapp\u00e9 ne sera pas op\u00e9r\u00e9 | Nettali.com","isPartOf":{"@id":"https:\/\/www.nettali.com\/#website"},"primaryImageOfPage":{"@id":"https:\/\/www.nettali.com\/2024\/07\/18\/real-madrid-mbappe-ne-sera-pas-opere\/#primaryimage"},"datePublished":"2024-07-18T08:53:46+00:00","dateModified":"2024-07-18T09:10:44+00:00","author":{"@id":"https:\/\/www.nettali.com\/#\/schema\/person\/bb147657c2986240405a608162b9bb23"},"breadcrumb":{"@id":"https:\/\/www.nettali.com\/2024\/07\/18\/real-madrid-mbappe-ne-sera-pas-opere\/#breadcrumb"},"inLanguage":"fr-FR","potentialAction":[{"@type":"ReadAction","target":["https:\/\/www.nettali.com\/2024\/07\/18\/real-madrid-mbappe-ne-sera-pas-opere\/"]}]},{"@type":"BreadcrumbList","@id":"https:\/\/www.nettali.com\/2024\/07\/18\/real-madrid-mbappe-ne-sera-pas-opere\/#breadcrumb","itemListElement":[{"@type":"ListItem","position":1,"name":"Accueil","item":"https:\/\/www.nettali.com\/"},{"@type":"ListItem","position":2,"name":"REAL MADRID - Mbapp\u00e9 ne sera pas op\u00e9r\u00e9"}]},{"@type":"Person","@id":"https:\/\/www.nettali.com\/#\/schema\/person\/bb147657c2986240405a608162b9bb23","name":"Ibrahima","image":{"@type":"ImageObject","@id":"https:\/\/www.nettali.com\/#personlogo","inLanguage":"fr-FR","url":"https:\/\/secure.gravatar.com\/avatar\/26a8a81f09f0dd7624c9d5c36c9ba3a2?s=96&d=mm&r=g","contentUrl":"https:\/\/secure.gravatar.com\/avatar\/26a8a81f09f0dd7624c9d5c36c9ba3a2?s=96&d=mm&r=g","caption":"Ibrahima"},"sameAs":["https:\/\/www.nettali.com"]}]}},"_links":{"self":[{"href":"https:\/\/www.nettali.com\/rest\/wp\/v2\/posts\/137102"}],"collection":[{"href":"https:\/\/www.nettali.com\/rest\/wp\/v2\/posts"}],"about":[{"href":"https:\/\/www.nettali.com\/rest\/wp\/v2\/types\/post"}],"author":[{"embeddable":true,"href":"https:\/\/www.nettali.com\/rest\/wp\/v2\/users\/5"}],"replies":[{"embeddable":true,"href":"https:\/\/www.nettali.com\/rest\/wp\/v2\/comments?post=137102"}],"version-history":[{"count":1,"href":"https:\/\/www.nettali.com\/rest\/wp\/v2\/posts\/137102\/revisions"}],"predecessor-version":[{"id":137103,"href":"https:\/\/www.nettali.com\/rest\/wp\/v2\/posts\/137102\/revisions\/137103"}],"wp:featuredmedia":[{"embeddable":true,"href":"https:\/\/www.nettali.com\/rest\/wp\/v2\/media\/137097"}],"wp:attachment":[{"href":"https:\/\/www.nettali.com\/rest\/wp\/v2\/media?parent=137102"}],"wp:term":[{"taxonomy":"category","embeddable":true,"href":"https:\/\/www.nettali.com\/rest\/wp\/v2\/categories?post=137102"},{"taxonomy":"post_tag","embeddable":true,"href":"https:\/\/www.nettali.com\/rest\/wp\/v2\/tags?post=137102"}],"curies":[{"name":"wp","href":"https:\/\/api.w.org\/{rel}","templated":true}]}}