{"id":137096,"date":"2024-07-18T08:10:20","date_gmt":"2024-07-18T08:10:20","guid":{"rendered":"https:\/\/www.nettali.com\/?p=137096"},"modified":"2024-07-18T08:34:41","modified_gmt":"2024-07-18T08:34:41","slug":"etats-unis-joe-biden-teste-positif-au-covid-19","status":"publish","type":"post","link":"https:\/\/www.nettali.com\/2024\/07\/18\/etats-unis-joe-biden-teste-positif-au-covid-19\/","title":{"rendered":"\u00c9TATS-UNIS -Joe Biden test\u00e9 positif au Covid-19"},"content":{"rendered":"<p><strong>NETTAL.COM - Le pr\u00e9sident am\u00e9ricain Joe Biden, actuellement en campagne dans le Nevada pour l\u2019\u00e9lection de novembre, a \u00e9t\u00e9 test\u00e9 positif au Covid-19. \u00c2g\u00e9 de 81 ans et enti\u00e8rement vaccin\u00e9, il pr\u00e9sente des sympt\u00f4mes l\u00e9gers.<\/strong><\/p>\n<p>La Maison Blanche a annonc\u00e9 ce mercredi 18 juillet 2024 que le pr\u00e9sident Joe Biden a \u00e9t\u00e9 test\u00e9 positif au Covid-19. Le pr\u00e9sident, en d\u00e9placement dans le Nevada pour sa campagne \u00e9lectorale en vue des \u00e9lections de novembre, a \u00e9t\u00e9 diagnostiqu\u00e9 avec des sympt\u00f4mes l\u00e9gers du virus. Conform\u00e9ment aux protocoles de sant\u00e9 en vigueur, Biden, qui est enti\u00e8rement vaccin\u00e9, passera une p\u00e9riode d\u2019isolation dans sa r\u00e9sidence du Delaware.<\/p>\n<p>Cette nouvelle survient \u00e0 un moment critique, alors que les doutes sur les capacit\u00e9s physiques et mentales du pr\u00e9sident \u00e0 mener une campagne efficace refont surface. Plusieurs d\u00e9mocrates ont r\u00e9cemment exprim\u00e9 des inqui\u00e9tudes et ont m\u00eame appel\u00e9 Biden \u00e0 envisager de se retirer de la course. La p\u00e9riode d\u2019isolation pourrait avoir un impact sur son agenda de campagne, d\u00e9j\u00e0 charg\u00e9 et crucial pour mobiliser les \u00e9lecteurs.<\/p>\n<p>Le communiqu\u00e9 de la Maison Blanche a tenu \u00e0 rassurer le public sur l\u2019\u00e9tat de sant\u00e9 du pr\u00e9sident, affirmant qu\u2019il continue de g\u00e9rer ses fonctions pr\u00e9sidentielles malgr\u00e9 son isolement.\u00a0\"<em>Le pr\u00e9sident reste en contact r\u00e9gulier avec ses conseillers et continue de surveiller de pr\u00e8s les affaires du pays<\/em>\",\u00a0a d\u00e9clar\u00e9 Karine Jean-Pierre, porte-parole de la Maison Blanche.<\/p>\n<div class='share-to-whatsapp-wrapper'><div class='share-on-whsp'>PARTAGER SUR : <\/div><a data-text='\u00c9TATS-UNIS -Joe Biden test\u00e9 positif au Covid-19' data-link='https:\/\/www.nettali.com\/2024\/07\/18\/etats-unis-joe-biden-teste-positif-au-covid-19\/' class='whatsapp-button whatsapp-share'>WhatsApp<\/a><div class='clear '><\/div><\/div>","protected":false},"excerpt":{"rendered":"<p>NETTAL.COM - Le pr\u00e9sident am\u00e9ricain Joe Biden, actuellement en campagne dans le Nevada pour l\u2019\u00e9lection de novembre, a \u00e9t\u00e9 test\u00e9 positif au Covid-19. \u00c2g\u00e9 de 81 ans et enti\u00e8rement vaccin\u00e9, il pr\u00e9sente des sympt\u00f4mes l\u00e9gers. La Maison Blanche a annonc\u00e9 ce mercredi 18 juillet 2024 que le pr\u00e9sident Joe Biden a \u00e9t\u00e9 test\u00e9 positif au [&hellip;]<\/p>\n","protected":false},"author":5,"featured_media":137098,"comment_status":"open","ping_status":"open","sticky":false,"template":"","format":"standard","meta":{"_et_pb_use_builder":"","_et_pb_old_content":""},"categories":[8],"tags":[],"yoast_head":"<!-- This site is optimized with the Yoast SEO Premium plugin v17.8 (Yoast SEO v17.8) - https:\/\/yoast.com\/wordpress\/plugins\/seo\/ -->\n<title>\u00c9TATS-UNIS -Joe Biden test\u00e9 positif au Covid-19 | Nettali.com<\/title>\n<meta name=\"robots\" content=\"index, follow, max-snippet:-1, max-image-preview:large, max-video-preview:-1\" \/>\n<link rel=\"canonical\" href=\"https:\/\/www.nettali.com\/2024\/07\/18\/etats-unis-joe-biden-teste-positif-au-covid-19\/\" \/>\n<meta property=\"og:locale\" content=\"fr_FR\" \/>\n<meta property=\"og:type\" content=\"article\" \/>\n<meta property=\"og:title\" content=\"\u00c9TATS-UNIS -Joe Biden test\u00e9 positif au Covid-19\" \/>\n<meta property=\"og:description\" content=\"NETTAL.COM - Le pr\u00e9sident am\u00e9ricain Joe Biden, actuellement en campagne dans le Nevada pour l\u2019\u00e9lection de novembre, a \u00e9t\u00e9 test\u00e9 positif au Covid-19. \u00c2g\u00e9 de 81 ans et enti\u00e8rement vaccin\u00e9, il pr\u00e9sente des sympt\u00f4mes l\u00e9gers. La Maison Blanche a annonc\u00e9 ce mercredi 18 juillet 2024 que le pr\u00e9sident Joe Biden a \u00e9t\u00e9 test\u00e9 positif au [&hellip;]\" \/>\n<meta property=\"og:url\" content=\"https:\/\/www.nettali.com\/2024\/07\/18\/etats-unis-joe-biden-teste-positif-au-covid-19\/\" \/>\n<meta property=\"og:site_name\" content=\"Nettali.com\" \/>\n<meta property=\"article:publisher\" content=\"https:\/\/www.facebook.com\/nettalicom\" \/>\n<meta property=\"article:published_time\" content=\"2024-07-18T08:10:20+00:00\" \/>\n<meta property=\"article:modified_time\" content=\"2024-07-18T08:34:41+00:00\" \/>\n<meta property=\"og:image\" content=\"https:\/\/www.nettali.com\/wp-content\/uploads\/2024\/07\/Joe-Biden.jpg\" \/>\n\t<meta property=\"og:image:width\" content=\"2000\" \/>\n\t<meta property=\"og:image:height\" content=\"1333\" \/>\n<meta name=\"twitter:card\" content=\"summary_large_image\" \/>\n<meta name=\"twitter:label1\" content=\"\u00c9crit par\" \/>\n\t<meta name=\"twitter:data1\" content=\"Ibrahima\" \/>\n\t<meta name=\"twitter:label2\" content=\"Dur\u00e9e de lecture estim\u00e9e\" \/>\n\t<meta name=\"twitter:data2\" content=\"2 minutes\" \/>\n<script type=\"application\/ld+json\" class=\"yoast-schema-graph\">{\"@context\":\"https:\/\/schema.org\",\"@graph\":[{\"@type\":\"WebSite\",\"@id\":\"https:\/\/www.nettali.com\/#website\",\"url\":\"https:\/\/www.nettali.com\/\",\"name\":\"Nettali.com\",\"description\":\"Le rendez-vous critique du Net\",\"potentialAction\":[{\"@type\":\"SearchAction\",\"target\":{\"@type\":\"EntryPoint\",\"urlTemplate\":\"https:\/\/www.nettali.com\/?s={search_term_string}\"},\"query-input\":\"required name=search_term_string\"}],\"inLanguage\":\"fr-FR\"},{\"@type\":\"ImageObject\",\"@id\":\"https:\/\/www.nettali.com\/2024\/07\/18\/etats-unis-joe-biden-teste-positif-au-covid-19\/#primaryimage\",\"inLanguage\":\"fr-FR\",\"url\":\"https:\/\/www.nettali.com\/wp-content\/uploads\/2024\/07\/Joe-Biden.jpg\",\"contentUrl\":\"https:\/\/www.nettali.com\/wp-content\/uploads\/2024\/07\/Joe-Biden.jpg\",\"width\":2000,\"height\":1333},{\"@type\":\"WebPage\",\"@id\":\"https:\/\/www.nettali.com\/2024\/07\/18\/etats-unis-joe-biden-teste-positif-au-covid-19\/#webpage\",\"url\":\"https:\/\/www.nettali.com\/2024\/07\/18\/etats-unis-joe-biden-teste-positif-au-covid-19\/\",\"name\":\"\\u00c9TATS-UNIS -Joe Biden test\\u00e9 positif au Covid-19 | Nettali.com\",\"isPartOf\":{\"@id\":\"https:\/\/www.nettali.com\/#website\"},\"primaryImageOfPage\":{\"@id\":\"https:\/\/www.nettali.com\/2024\/07\/18\/etats-unis-joe-biden-teste-positif-au-covid-19\/#primaryimage\"},\"datePublished\":\"2024-07-18T08:10:20+00:00\",\"dateModified\":\"2024-07-18T08:34:41+00:00\",\"author\":{\"@id\":\"https:\/\/www.nettali.com\/#\/schema\/person\/bb147657c2986240405a608162b9bb23\"},\"breadcrumb\":{\"@id\":\"https:\/\/www.nettali.com\/2024\/07\/18\/etats-unis-joe-biden-teste-positif-au-covid-19\/#breadcrumb\"},\"inLanguage\":\"fr-FR\",\"potentialAction\":[{\"@type\":\"ReadAction\",\"target\":[\"https:\/\/www.nettali.com\/2024\/07\/18\/etats-unis-joe-biden-teste-positif-au-covid-19\/\"]}]},{\"@type\":\"BreadcrumbList\",\"@id\":\"https:\/\/www.nettali.com\/2024\/07\/18\/etats-unis-joe-biden-teste-positif-au-covid-19\/#breadcrumb\",\"itemListElement\":[{\"@type\":\"ListItem\",\"position\":1,\"name\":\"Accueil\",\"item\":\"https:\/\/www.nettali.com\/\"},{\"@type\":\"ListItem\",\"position\":2,\"name\":\"\\u00c9TATS-UNIS -Joe Biden test\\u00e9 positif au Covid-19\"}]},{\"@type\":\"Person\",\"@id\":\"https:\/\/www.nettali.com\/#\/schema\/person\/bb147657c2986240405a608162b9bb23\",\"name\":\"Ibrahima\",\"image\":{\"@type\":\"ImageObject\",\"@id\":\"https:\/\/www.nettali.com\/#personlogo\",\"inLanguage\":\"fr-FR\",\"url\":\"https:\/\/secure.gravatar.com\/avatar\/26a8a81f09f0dd7624c9d5c36c9ba3a2?s=96&d=mm&r=g\",\"contentUrl\":\"https:\/\/secure.gravatar.com\/avatar\/26a8a81f09f0dd7624c9d5c36c9ba3a2?s=96&d=mm&r=g\",\"caption\":\"Ibrahima\"},\"sameAs\":[\"https:\/\/www.nettali.com\"]}]}<\/script>\n<!-- \/ Yoast SEO Premium plugin. -->","yoast_head_json":{"title":"\u00c9TATS-UNIS -Joe Biden test\u00e9 positif au Covid-19 | Nettali.com","robots":{"index":"index","follow":"follow","max-snippet":"max-snippet:-1","max-image-preview":"max-image-preview:large","max-video-preview":"max-video-preview:-1"},"canonical":"https:\/\/www.nettali.com\/2024\/07\/18\/etats-unis-joe-biden-teste-positif-au-covid-19\/","og_locale":"fr_FR","og_type":"article","og_title":"\u00c9TATS-UNIS -Joe Biden test\u00e9 positif au Covid-19","og_description":"NETTAL.COM - Le pr\u00e9sident am\u00e9ricain Joe Biden, actuellement en campagne dans le Nevada pour l\u2019\u00e9lection de novembre, a \u00e9t\u00e9 test\u00e9 positif au Covid-19. \u00c2g\u00e9 de 81 ans et enti\u00e8rement vaccin\u00e9, il pr\u00e9sente des sympt\u00f4mes l\u00e9gers. La Maison Blanche a annonc\u00e9 ce mercredi 18 juillet 2024 que le pr\u00e9sident Joe Biden a \u00e9t\u00e9 test\u00e9 positif au [&hellip;]","og_url":"https:\/\/www.nettali.com\/2024\/07\/18\/etats-unis-joe-biden-teste-positif-au-covid-19\/","og_site_name":"Nettali.com","article_publisher":"https:\/\/www.facebook.com\/nettalicom","article_published_time":"2024-07-18T08:10:20+00:00","article_modified_time":"2024-07-18T08:34:41+00:00","og_image":[{"width":2000,"height":1333,"url":"https:\/\/www.nettali.com\/wp-content\/uploads\/2024\/07\/Joe-Biden.jpg","type":"image\/jpeg"}],"twitter_card":"summary_large_image","twitter_misc":{"\u00c9crit par":"Ibrahima","Dur\u00e9e de lecture estim\u00e9e":"2 minutes"},"schema":{"@context":"https:\/\/schema.org","@graph":[{"@type":"WebSite","@id":"https:\/\/www.nettali.com\/#website","url":"https:\/\/www.nettali.com\/","name":"Nettali.com","description":"Le rendez-vous critique du Net","potentialAction":[{"@type":"SearchAction","target":{"@type":"EntryPoint","urlTemplate":"https:\/\/www.nettali.com\/?s={search_term_string}"},"query-input":"required name=search_term_string"}],"inLanguage":"fr-FR"},{"@type":"ImageObject","@id":"https:\/\/www.nettali.com\/2024\/07\/18\/etats-unis-joe-biden-teste-positif-au-covid-19\/#primaryimage","inLanguage":"fr-FR","url":"https:\/\/www.nettali.com\/wp-content\/uploads\/2024\/07\/Joe-Biden.jpg","contentUrl":"https:\/\/www.nettali.com\/wp-content\/uploads\/2024\/07\/Joe-Biden.jpg","width":2000,"height":1333},{"@type":"WebPage","@id":"https:\/\/www.nettali.com\/2024\/07\/18\/etats-unis-joe-biden-teste-positif-au-covid-19\/#webpage","url":"https:\/\/www.nettali.com\/2024\/07\/18\/etats-unis-joe-biden-teste-positif-au-covid-19\/","name":"\u00c9TATS-UNIS -Joe Biden test\u00e9 positif au Covid-19 | Nettali.com","isPartOf":{"@id":"https:\/\/www.nettali.com\/#website"},"primaryImageOfPage":{"@id":"https:\/\/www.nettali.com\/2024\/07\/18\/etats-unis-joe-biden-teste-positif-au-covid-19\/#primaryimage"},"datePublished":"2024-07-18T08:10:20+00:00","dateModified":"2024-07-18T08:34:41+00:00","author":{"@id":"https:\/\/www.nettali.com\/#\/schema\/person\/bb147657c2986240405a608162b9bb23"},"breadcrumb":{"@id":"https:\/\/www.nettali.com\/2024\/07\/18\/etats-unis-joe-biden-teste-positif-au-covid-19\/#breadcrumb"},"inLanguage":"fr-FR","potentialAction":[{"@type":"ReadAction","target":["https:\/\/www.nettali.com\/2024\/07\/18\/etats-unis-joe-biden-teste-positif-au-covid-19\/"]}]},{"@type":"BreadcrumbList","@id":"https:\/\/www.nettali.com\/2024\/07\/18\/etats-unis-joe-biden-teste-positif-au-covid-19\/#breadcrumb","itemListElement":[{"@type":"ListItem","position":1,"name":"Accueil","item":"https:\/\/www.nettali.com\/"},{"@type":"ListItem","position":2,"name":"\u00c9TATS-UNIS -Joe Biden test\u00e9 positif au Covid-19"}]},{"@type":"Person","@id":"https:\/\/www.nettali.com\/#\/schema\/person\/bb147657c2986240405a608162b9bb23","name":"Ibrahima","image":{"@type":"ImageObject","@id":"https:\/\/www.nettali.com\/#personlogo","inLanguage":"fr-FR","url":"https:\/\/secure.gravatar.com\/avatar\/26a8a81f09f0dd7624c9d5c36c9ba3a2?s=96&d=mm&r=g","contentUrl":"https:\/\/secure.gravatar.com\/avatar\/26a8a81f09f0dd7624c9d5c36c9ba3a2?s=96&d=mm&r=g","caption":"Ibrahima"},"sameAs":["https:\/\/www.nettali.com"]}]}},"_links":{"self":[{"href":"https:\/\/www.nettali.com\/rest\/wp\/v2\/posts\/137096"}],"collection":[{"href":"https:\/\/www.nettali.com\/rest\/wp\/v2\/posts"}],"about":[{"href":"https:\/\/www.nettali.com\/rest\/wp\/v2\/types\/post"}],"author":[{"embeddable":true,"href":"https:\/\/www.nettali.com\/rest\/wp\/v2\/users\/5"}],"replies":[{"embeddable":true,"href":"https:\/\/www.nettali.com\/rest\/wp\/v2\/comments?post=137096"}],"version-history":[{"count":1,"href":"https:\/\/www.nettali.com\/rest\/wp\/v2\/posts\/137096\/revisions"}],"predecessor-version":[{"id":137099,"href":"https:\/\/www.nettali.com\/rest\/wp\/v2\/posts\/137096\/revisions\/137099"}],"wp:featuredmedia":[{"embeddable":true,"href":"https:\/\/www.nettali.com\/rest\/wp\/v2\/media\/137098"}],"wp:attachment":[{"href":"https:\/\/www.nettali.com\/rest\/wp\/v2\/media?parent=137096"}],"wp:term":[{"taxonomy":"category","embeddable":true,"href":"https:\/\/www.nettali.com\/rest\/wp\/v2\/categories?post=137096"},{"taxonomy":"post_tag","embeddable":true,"href":"https:\/\/www.nettali.com\/rest\/wp\/v2\/tags?post=137096"}],"curies":[{"name":"wp","href":"https:\/\/api.w.org\/{rel}","templated":true}]}}