{"id":137067,"date":"2024-07-17T12:57:38","date_gmt":"2024-07-17T12:57:38","guid":{"rendered":"https:\/\/www.nettali.com\/?p=137067"},"modified":"2024-07-17T14:03:16","modified_gmt":"2024-07-17T14:03:16","slug":"chants-racistes-la-fff-saisit-la-fifa-et-porte-plainte-contre-largentine","status":"publish","type":"post","link":"https:\/\/www.nettali.com\/2024\/07\/17\/chants-racistes-la-fff-saisit-la-fifa-et-porte-plainte-contre-largentine\/","title":{"rendered":"CHANTS RACISTES - La FFF saisit la FIFA et porte plainte contre l'Argentine"},"content":{"rendered":"<p dir=\"ltr\"><strong><span style=\"font-size: 14px;\">NETTAL.COM - La F\u00e9d\u00e9ration fran\u00e7aise de football a annonc\u00e9 ce mardi 16 juillet qu\u2019elle allait porter plainte devant la justice pour des propos \u00e0 caract\u00e8re racial tenus par des joueurs argentins, en r\u00e9action \u00e0 une vid\u00e9o qui a suscit\u00e9 l\u2019indignation.<\/span><\/strong><\/p>\n<p dir=\"ltr\"><span style=\"font-size: 14px;\">\"<em>Face \u00e0 la gravit\u00e9 de ces propos choquants, contraires aux valeurs du sport et des droits humains, le pr\u00e9sident de la FFF a d\u00e9cid\u00e9 d\u2019interpeller directement son homologue argentin et la FIFA et de d\u00e9poser une plainte en justice pour propos injurieux \u00e0 caract\u00e8re racial et discriminatoire<\/em>\", explique le communiqu\u00e9.<\/span><\/p>\n<p dir=\"ltr\"><em><strong><span style=\"font-size: 14px;\">\"Inacceptables\"<\/span><\/strong><\/em><\/p>\n<p dir=\"ltr\"><span style=\"font-size: 14px;\">Depuis lundi soir, une vid\u00e9o circule sur les r\u00e9seaux sociaux o\u00f9 certains joueurs argentins, dont le milieu Enzo Fernandez, commencent \u00e0 entonner une chanson contenant des paroles racistes visant les Bleus.<\/span><\/p>\n<p dir=\"ltr\"><span style=\"font-size: 14px;\">Dans un document, le pr\u00e9sident de la F\u00e9d\u00e9ration fran\u00e7aise de football, Philippe DIALLO, a \"<em>condamn\u00e9 avec la plus grande fermet\u00e9 les propos racistes et discriminatoires inacceptables qui ont \u00e9t\u00e9 tenus \u00e0 l\u2019encontre des joueurs de l\u2019\u00e9quipe de France<\/em>\".<\/span><\/p>\n<p dir=\"ltr\"><span style=\"font-size: 14px;\">Dans la vid\u00e9o diffus\u00e9e en live par Enzo Fernandez sur Instagram, film\u00e9e dans le bus de l'\u00e9quipe d'Argentine, dans la foul\u00e9e de la victoire \u00e0 la Copa America (1-0), on voit les joueurs commencer un chant avant de couper la vid\u00e9o.<\/span><\/p>\n<p dir=\"ltr\"><span style=\"font-size: 14px;\">Ce chant avait d\u00e9j\u00e0 \u00e9t\u00e9 scand\u00e9 par des supporters argentins contre les joueurs de l'\u00e9quipe de France et Kylian Mbapp\u00e9 et avait \u00e9t\u00e9 diffus\u00e9 en direct du Qatar sur une cha\u00eene de t\u00e9l\u00e9vision argentine.<\/span><\/p>\n<p dir=\"ltr\"><span style=\"font-size: 14px;\">\"<em>Ils jouent pour la France mais viennent tous d'Angola, c'est bien ils savent courir, ce sont des trans comme ce putain de Mbapp\u00e9, sa m\u00e8re est nig\u00e9riane (ndlr: en r\u00e9alit\u00e9 franco-alg\u00e9rienne), son p\u00e8re est camerounais, mais sur le passeport: fran\u00e7ais<\/em>\" (sic). Voil\u00e0 les paroles chant\u00e9es par des supporters argentins apr\u00e8s la Coupe du monde 2022 remport\u00e9e par l'Argentine contre la France en finale (3-3 a.p., 4 t.a.b. \u00e0 2)<\/span><\/p>\n<p dir=\"ltr\"><span style=\"font-size: 14px;\">L'Argentine entretient une forte rivalit\u00e9 avec la France depuis son \u00e9limination en huiti\u00e8mes de finale de la Coupe du monde 2018 en Russie, lors d'un match remport\u00e9 par les Bleus 4-3.<\/span><\/p>\n<p dir=\"ltr\"><span style=\"font-size: 14px;\">Apr\u00e8s la victoire lors du dernier Mondial, les Argentins avaient chambr\u00e9 \u00e0 outrance les Fran\u00e7ais. Le gardien Emiliano Martinez avait marqu\u00e9 les esprits en effectuant notamment une c\u00e9l\u00e9bration obsc\u00e8ne avec le troph\u00e9e.<\/span><\/p>\n<div class='share-to-whatsapp-wrapper'><div class='share-on-whsp'>PARTAGER SUR : <\/div><a data-text='CHANTS RACISTES - La FFF saisit la FIFA et porte plainte contre l'Argentine' data-link='https:\/\/www.nettali.com\/2024\/07\/17\/chants-racistes-la-fff-saisit-la-fifa-et-porte-plainte-contre-largentine\/' class='whatsapp-button whatsapp-share'>WhatsApp<\/a><div class='clear '><\/div><\/div>","protected":false},"excerpt":{"rendered":"<p>NETTAL.COM - La F\u00e9d\u00e9ration fran\u00e7aise de football a annonc\u00e9 ce mardi 16 juillet qu\u2019elle allait porter plainte devant la justice pour des propos \u00e0 caract\u00e8re racial tenus par des joueurs argentins, en r\u00e9action \u00e0 une vid\u00e9o qui a suscit\u00e9 l\u2019indignation. \"Face \u00e0 la gravit\u00e9 de ces propos choquants, contraires aux valeurs du sport et des [&hellip;]<\/p>\n","protected":false},"author":5,"featured_media":137064,"comment_status":"open","ping_status":"open","sticky":false,"template":"","format":"standard","meta":{"_et_pb_use_builder":"","_et_pb_old_content":""},"categories":[6],"tags":[],"yoast_head":"<!-- This site is optimized with the Yoast SEO Premium plugin v17.8 (Yoast SEO v17.8) - https:\/\/yoast.com\/wordpress\/plugins\/seo\/ -->\n<title>CHANTS RACISTES - La FFF saisit la FIFA et porte plainte contre l&#039;Argentine | Nettali.com<\/title>\n<meta name=\"robots\" content=\"index, follow, max-snippet:-1, max-image-preview:large, max-video-preview:-1\" \/>\n<link rel=\"canonical\" href=\"https:\/\/www.nettali.com\/2024\/07\/17\/chants-racistes-la-fff-saisit-la-fifa-et-porte-plainte-contre-largentine\/\" \/>\n<meta property=\"og:locale\" content=\"fr_FR\" \/>\n<meta property=\"og:type\" content=\"article\" \/>\n<meta property=\"og:title\" content=\"CHANTS RACISTES - La FFF saisit la FIFA et porte plainte contre l&#039;Argentine\" \/>\n<meta property=\"og:description\" content=\"NETTAL.COM - La F\u00e9d\u00e9ration fran\u00e7aise de football a annonc\u00e9 ce mardi 16 juillet qu\u2019elle allait porter plainte devant la justice pour des propos \u00e0 caract\u00e8re racial tenus par des joueurs argentins, en r\u00e9action \u00e0 une vid\u00e9o qui a suscit\u00e9 l\u2019indignation. &quot;Face \u00e0 la gravit\u00e9 de ces propos choquants, contraires aux valeurs du sport et des [&hellip;]\" \/>\n<meta property=\"og:url\" content=\"https:\/\/www.nettali.com\/2024\/07\/17\/chants-racistes-la-fff-saisit-la-fifa-et-porte-plainte-contre-largentine\/\" \/>\n<meta property=\"og:site_name\" content=\"Nettali.com\" \/>\n<meta property=\"article:publisher\" content=\"https:\/\/www.facebook.com\/nettalicom\" \/>\n<meta property=\"article:published_time\" content=\"2024-07-17T12:57:38+00:00\" \/>\n<meta property=\"article:modified_time\" content=\"2024-07-17T14:03:16+00:00\" \/>\n<meta property=\"og:image\" content=\"https:\/\/www.nettali.com\/wp-content\/uploads\/2024\/07\/96405b8_1721134402182-000-334f9pl.jpg\" \/>\n\t<meta property=\"og:image:width\" content=\"664\" \/>\n\t<meta property=\"og:image:height\" content=\"443\" \/>\n<meta name=\"twitter:card\" content=\"summary_large_image\" \/>\n<meta name=\"twitter:label1\" content=\"\u00c9crit par\" \/>\n\t<meta name=\"twitter:data1\" content=\"Ibrahima\" \/>\n\t<meta name=\"twitter:label2\" content=\"Dur\u00e9e de lecture estim\u00e9e\" \/>\n\t<meta name=\"twitter:data2\" content=\"2 minutes\" \/>\n<script type=\"application\/ld+json\" class=\"yoast-schema-graph\">{\"@context\":\"https:\/\/schema.org\",\"@graph\":[{\"@type\":\"WebSite\",\"@id\":\"https:\/\/www.nettali.com\/#website\",\"url\":\"https:\/\/www.nettali.com\/\",\"name\":\"Nettali.com\",\"description\":\"Le rendez-vous critique du Net\",\"potentialAction\":[{\"@type\":\"SearchAction\",\"target\":{\"@type\":\"EntryPoint\",\"urlTemplate\":\"https:\/\/www.nettali.com\/?s={search_term_string}\"},\"query-input\":\"required name=search_term_string\"}],\"inLanguage\":\"fr-FR\"},{\"@type\":\"ImageObject\",\"@id\":\"https:\/\/www.nettali.com\/2024\/07\/17\/chants-racistes-la-fff-saisit-la-fifa-et-porte-plainte-contre-largentine\/#primaryimage\",\"inLanguage\":\"fr-FR\",\"url\":\"https:\/\/www.nettali.com\/wp-content\/uploads\/2024\/07\/96405b8_1721134402182-000-334f9pl.jpg\",\"contentUrl\":\"https:\/\/www.nettali.com\/wp-content\/uploads\/2024\/07\/96405b8_1721134402182-000-334f9pl.jpg\",\"width\":664,\"height\":443,\"caption\":\"France's forward #10 Kylian Mbappe and Argentina's midfielder #24 Enzo Fernandez fight for the ball during the Qatar 2022 World Cup football final match between Argentina and France at Lusail Stadium in Lusail, north of Doha on December 18, 2022. (Photo by FRANCK FIFE \/ AFP)\"},{\"@type\":\"WebPage\",\"@id\":\"https:\/\/www.nettali.com\/2024\/07\/17\/chants-racistes-la-fff-saisit-la-fifa-et-porte-plainte-contre-largentine\/#webpage\",\"url\":\"https:\/\/www.nettali.com\/2024\/07\/17\/chants-racistes-la-fff-saisit-la-fifa-et-porte-plainte-contre-largentine\/\",\"name\":\"CHANTS RACISTES - La FFF saisit la FIFA et porte plainte contre l'Argentine | Nettali.com\",\"isPartOf\":{\"@id\":\"https:\/\/www.nettali.com\/#website\"},\"primaryImageOfPage\":{\"@id\":\"https:\/\/www.nettali.com\/2024\/07\/17\/chants-racistes-la-fff-saisit-la-fifa-et-porte-plainte-contre-largentine\/#primaryimage\"},\"datePublished\":\"2024-07-17T12:57:38+00:00\",\"dateModified\":\"2024-07-17T14:03:16+00:00\",\"author\":{\"@id\":\"https:\/\/www.nettali.com\/#\/schema\/person\/bb147657c2986240405a608162b9bb23\"},\"breadcrumb\":{\"@id\":\"https:\/\/www.nettali.com\/2024\/07\/17\/chants-racistes-la-fff-saisit-la-fifa-et-porte-plainte-contre-largentine\/#breadcrumb\"},\"inLanguage\":\"fr-FR\",\"potentialAction\":[{\"@type\":\"ReadAction\",\"target\":[\"https:\/\/www.nettali.com\/2024\/07\/17\/chants-racistes-la-fff-saisit-la-fifa-et-porte-plainte-contre-largentine\/\"]}]},{\"@type\":\"BreadcrumbList\",\"@id\":\"https:\/\/www.nettali.com\/2024\/07\/17\/chants-racistes-la-fff-saisit-la-fifa-et-porte-plainte-contre-largentine\/#breadcrumb\",\"itemListElement\":[{\"@type\":\"ListItem\",\"position\":1,\"name\":\"Accueil\",\"item\":\"https:\/\/www.nettali.com\/\"},{\"@type\":\"ListItem\",\"position\":2,\"name\":\"CHANTS RACISTES - La FFF saisit la FIFA et porte plainte contre l'Argentine\"}]},{\"@type\":\"Person\",\"@id\":\"https:\/\/www.nettali.com\/#\/schema\/person\/bb147657c2986240405a608162b9bb23\",\"name\":\"Ibrahima\",\"image\":{\"@type\":\"ImageObject\",\"@id\":\"https:\/\/www.nettali.com\/#personlogo\",\"inLanguage\":\"fr-FR\",\"url\":\"https:\/\/secure.gravatar.com\/avatar\/26a8a81f09f0dd7624c9d5c36c9ba3a2?s=96&d=mm&r=g\",\"contentUrl\":\"https:\/\/secure.gravatar.com\/avatar\/26a8a81f09f0dd7624c9d5c36c9ba3a2?s=96&d=mm&r=g\",\"caption\":\"Ibrahima\"},\"sameAs\":[\"https:\/\/www.nettali.com\"]}]}<\/script>\n<!-- \/ Yoast SEO Premium plugin. -->","yoast_head_json":{"title":"CHANTS RACISTES - La FFF saisit la FIFA et porte plainte contre l'Argentine | Nettali.com","robots":{"index":"index","follow":"follow","max-snippet":"max-snippet:-1","max-image-preview":"max-image-preview:large","max-video-preview":"max-video-preview:-1"},"canonical":"https:\/\/www.nettali.com\/2024\/07\/17\/chants-racistes-la-fff-saisit-la-fifa-et-porte-plainte-contre-largentine\/","og_locale":"fr_FR","og_type":"article","og_title":"CHANTS RACISTES - La FFF saisit la FIFA et porte plainte contre l'Argentine","og_description":"NETTAL.COM - La F\u00e9d\u00e9ration fran\u00e7aise de football a annonc\u00e9 ce mardi 16 juillet qu\u2019elle allait porter plainte devant la justice pour des propos \u00e0 caract\u00e8re racial tenus par des joueurs argentins, en r\u00e9action \u00e0 une vid\u00e9o qui a suscit\u00e9 l\u2019indignation. \"Face \u00e0 la gravit\u00e9 de ces propos choquants, contraires aux valeurs du sport et des [&hellip;]","og_url":"https:\/\/www.nettali.com\/2024\/07\/17\/chants-racistes-la-fff-saisit-la-fifa-et-porte-plainte-contre-largentine\/","og_site_name":"Nettali.com","article_publisher":"https:\/\/www.facebook.com\/nettalicom","article_published_time":"2024-07-17T12:57:38+00:00","article_modified_time":"2024-07-17T14:03:16+00:00","og_image":[{"width":664,"height":443,"url":"https:\/\/www.nettali.com\/wp-content\/uploads\/2024\/07\/96405b8_1721134402182-000-334f9pl.jpg","type":"image\/jpeg"}],"twitter_card":"summary_large_image","twitter_misc":{"\u00c9crit par":"Ibrahima","Dur\u00e9e de lecture estim\u00e9e":"2 minutes"},"schema":{"@context":"https:\/\/schema.org","@graph":[{"@type":"WebSite","@id":"https:\/\/www.nettali.com\/#website","url":"https:\/\/www.nettali.com\/","name":"Nettali.com","description":"Le rendez-vous critique du Net","potentialAction":[{"@type":"SearchAction","target":{"@type":"EntryPoint","urlTemplate":"https:\/\/www.nettali.com\/?s={search_term_string}"},"query-input":"required name=search_term_string"}],"inLanguage":"fr-FR"},{"@type":"ImageObject","@id":"https:\/\/www.nettali.com\/2024\/07\/17\/chants-racistes-la-fff-saisit-la-fifa-et-porte-plainte-contre-largentine\/#primaryimage","inLanguage":"fr-FR","url":"https:\/\/www.nettali.com\/wp-content\/uploads\/2024\/07\/96405b8_1721134402182-000-334f9pl.jpg","contentUrl":"https:\/\/www.nettali.com\/wp-content\/uploads\/2024\/07\/96405b8_1721134402182-000-334f9pl.jpg","width":664,"height":443,"caption":"France's forward #10 Kylian Mbappe and Argentina's midfielder #24 Enzo Fernandez fight for the ball during the Qatar 2022 World Cup football final match between Argentina and France at Lusail Stadium in Lusail, north of Doha on December 18, 2022. (Photo by FRANCK FIFE \/ AFP)"},{"@type":"WebPage","@id":"https:\/\/www.nettali.com\/2024\/07\/17\/chants-racistes-la-fff-saisit-la-fifa-et-porte-plainte-contre-largentine\/#webpage","url":"https:\/\/www.nettali.com\/2024\/07\/17\/chants-racistes-la-fff-saisit-la-fifa-et-porte-plainte-contre-largentine\/","name":"CHANTS RACISTES - La FFF saisit la FIFA et porte plainte contre l'Argentine | Nettali.com","isPartOf":{"@id":"https:\/\/www.nettali.com\/#website"},"primaryImageOfPage":{"@id":"https:\/\/www.nettali.com\/2024\/07\/17\/chants-racistes-la-fff-saisit-la-fifa-et-porte-plainte-contre-largentine\/#primaryimage"},"datePublished":"2024-07-17T12:57:38+00:00","dateModified":"2024-07-17T14:03:16+00:00","author":{"@id":"https:\/\/www.nettali.com\/#\/schema\/person\/bb147657c2986240405a608162b9bb23"},"breadcrumb":{"@id":"https:\/\/www.nettali.com\/2024\/07\/17\/chants-racistes-la-fff-saisit-la-fifa-et-porte-plainte-contre-largentine\/#breadcrumb"},"inLanguage":"fr-FR","potentialAction":[{"@type":"ReadAction","target":["https:\/\/www.nettali.com\/2024\/07\/17\/chants-racistes-la-fff-saisit-la-fifa-et-porte-plainte-contre-largentine\/"]}]},{"@type":"BreadcrumbList","@id":"https:\/\/www.nettali.com\/2024\/07\/17\/chants-racistes-la-fff-saisit-la-fifa-et-porte-plainte-contre-largentine\/#breadcrumb","itemListElement":[{"@type":"ListItem","position":1,"name":"Accueil","item":"https:\/\/www.nettali.com\/"},{"@type":"ListItem","position":2,"name":"CHANTS RACISTES - La FFF saisit la FIFA et porte plainte contre l'Argentine"}]},{"@type":"Person","@id":"https:\/\/www.nettali.com\/#\/schema\/person\/bb147657c2986240405a608162b9bb23","name":"Ibrahima","image":{"@type":"ImageObject","@id":"https:\/\/www.nettali.com\/#personlogo","inLanguage":"fr-FR","url":"https:\/\/secure.gravatar.com\/avatar\/26a8a81f09f0dd7624c9d5c36c9ba3a2?s=96&d=mm&r=g","contentUrl":"https:\/\/secure.gravatar.com\/avatar\/26a8a81f09f0dd7624c9d5c36c9ba3a2?s=96&d=mm&r=g","caption":"Ibrahima"},"sameAs":["https:\/\/www.nettali.com"]}]}},"_links":{"self":[{"href":"https:\/\/www.nettali.com\/rest\/wp\/v2\/posts\/137067"}],"collection":[{"href":"https:\/\/www.nettali.com\/rest\/wp\/v2\/posts"}],"about":[{"href":"https:\/\/www.nettali.com\/rest\/wp\/v2\/types\/post"}],"author":[{"embeddable":true,"href":"https:\/\/www.nettali.com\/rest\/wp\/v2\/users\/5"}],"replies":[{"embeddable":true,"href":"https:\/\/www.nettali.com\/rest\/wp\/v2\/comments?post=137067"}],"version-history":[{"count":1,"href":"https:\/\/www.nettali.com\/rest\/wp\/v2\/posts\/137067\/revisions"}],"predecessor-version":[{"id":137069,"href":"https:\/\/www.nettali.com\/rest\/wp\/v2\/posts\/137067\/revisions\/137069"}],"wp:featuredmedia":[{"embeddable":true,"href":"https:\/\/www.nettali.com\/rest\/wp\/v2\/media\/137064"}],"wp:attachment":[{"href":"https:\/\/www.nettali.com\/rest\/wp\/v2\/media?parent=137067"}],"wp:term":[{"taxonomy":"category","embeddable":true,"href":"https:\/\/www.nettali.com\/rest\/wp\/v2\/categories?post=137067"},{"taxonomy":"post_tag","embeddable":true,"href":"https:\/\/www.nettali.com\/rest\/wp\/v2\/tags?post=137067"}],"curies":[{"name":"wp","href":"https:\/\/api.w.org\/{rel}","templated":true}]}}