{"id":137063,"date":"2024-07-17T12:57:16","date_gmt":"2024-07-17T12:57:16","guid":{"rendered":"https:\/\/www.nettali.com\/?p=137063"},"modified":"2024-07-17T12:57:16","modified_gmt":"2024-07-17T12:57:16","slug":"dechu-de-sa-nationale-francaise-la-reaction-cash-de-kemi-seba-un-beninois-libre","status":"publish","type":"post","link":"https:\/\/www.nettali.com\/2024\/07\/17\/dechu-de-sa-nationale-francaise-la-reaction-cash-de-kemi-seba-un-beninois-libre\/","title":{"rendered":"D\u00c9CHU DE SA NATIONALE FRAN\u00c7AISE - La r\u00e9action cash de K\u00e9mi S\u00e9ba \"un B\u00e9ninois libre\""},"content":{"rendered":"<p dir=\"ltr\"><span style=\"font-size: 14px;\"><strong>NETTALI.COM - Le militant panafricaniste Kemi Seba, connu pour ses positions contre la France et l\u2019Occident, a \u00e9t\u00e9 d\u00e9chu de la nationalit\u00e9 fran\u00e7aise par un d\u00e9cret paru ce mardi 16 juillet au Journal officiel de la R\u00e9publique fran\u00e7aise, ont rapport\u00e9 des m\u00e9dias locaux.<\/strong><\/span><\/p>\n<p dir=\"ltr\"><span style=\"font-size: 14px;\">Le B\u00e9ninois, de son vrai nom, Stellio Gilles Robert Capo Chichi, 42 ans, \" <em>est d\u00e9clar\u00e9 avoir perdu la nationalit\u00e9 fran\u00e7aise<\/em>\", indique ce d\u00e9cret.<\/span><\/p>\n<p dir=\"ltr\"><span style=\"font-size: 14px;\">Le minist\u00e8re de l\u2019int\u00e9rieur avait demand\u00e9, en d\u00e9but d\u2019ann\u00e9e 2024, la d\u00e9ch\u00e9ance de sa nationalit\u00e9. En r\u00e9ponse, le militant avait publi\u00e9 une vid\u00e9o d\u2019une de ses conf\u00e9rences de presse o\u00f9 on le voyait br\u00fbler son passeport fran\u00e7ais. Il d\u00e9clarait \u00e0 l\u2019occasion de ce rassemblement face \u00e0 la presse, \u00e0 Fleury-M\u00e9rogis \u00eatre un\u00a0\"\u00a0<em>B\u00e9ninois libre\u00a0\"\u00a0:\u00a0\"\u00a0Votre passeport ce n\u2019est pas un os que vous nous donnez ou nous retirez en fonction de notre degr\u00e9 de soumission vis-\u00e0-vis de vous, comme si les Noirs \u00e9taient des chiens. Je suis un homme noir libre.\u00a0\"<\/em><\/span><\/p>\n<p dir=\"ltr\"><span style=\"font-size: 14px;\">Aujourd\u2019hui, suite \u00e0 cette d\u00e9cision des autorit\u00e9s fran\u00e7aise,\u00a0K\u00e9mi S\u00e9ba\u00a0a fait un post sur sa page Facebook. Voici la r\u00e9action cash du militant panafricaniste:<\/span><\/p>\n<p dir=\"ltr\"><span style=\"font-size: 14px;\">\" <em>Plus de nationalit\u00e9 fran\u00e7aise ?Gloire \u00e0 Dieu. Lib\u00e9r\u00e9 je suis de ce fardeau. J\u2019ai quitt\u00e9 la France depuis bient\u00f4t 14 ans \u00e0 cause de sa politique n\u00e9ocoloniale et de sa n\u00e9grophobie syst\u00e9mique que je combats depuis l\u2019Afrique frontalement; j\u2019ai de plus br\u00fbl\u00e9 le passeport depuis plusieurs mois d\u00e9j\u00e0. Me retirer la nationalit\u00e9 car je critique votre n\u00e9ocolonialisme est, ch\u00e8res autorit\u00e9s fran\u00e7aises, une reconnaissance (TR\u00c8S PEU STRAT\u00c9GIQUE) de votre part, de l\u2019efficacit\u00e9 de mon travail politique contre VOUS AUTRES, les tenants de cette Fran\u00e7afrique.<\/em><\/span><\/p>\n<p dir=\"ltr\"><em><span style=\"font-size: 14px;\">La d\u00e9cision du conseil d\u2019Etat vient tr\u00e8s en retard, mais mieux vaut tard que jamais.<\/span><\/em><br \/>\n<em><span style=\"font-size: 14px;\">Ma lettre de demande d\u2019abandon de nationalit\u00e9 tr\u00f4nait, comme nous l\u2019avions annonc\u00e9 au conseil d\u2019\u00c9tat, sur le bureau de mon avocat depuis plusieurs mois au cas o\u00f9 ce m\u00eame conseil d\u00e9savouerait le minist\u00e8re de l\u2019int\u00e9rieur .<\/span><\/em><\/p>\n<p dir=\"ltr\"><span style=\"font-size: 14px;\"><em>Tout rentre dans l\u2019ordre d\u00e9sormais . C\u2019est maintenant que tout commence. Courage \u00e0 vous, car vous venez de nous rajouter des tonnes de litres d\u2019essence dans notre moteur politique<\/em>\u00a0\".<\/span><\/p>\n<div class='share-to-whatsapp-wrapper'><div class='share-on-whsp'>PARTAGER SUR : <\/div><a data-text='D\u00c9CHU DE SA NATIONALE FRAN\u00c7AISE - La r\u00e9action cash de K\u00e9mi S\u00e9ba \"un B\u00e9ninois libre\"' data-link='https:\/\/www.nettali.com\/2024\/07\/17\/dechu-de-sa-nationale-francaise-la-reaction-cash-de-kemi-seba-un-beninois-libre\/' class='whatsapp-button whatsapp-share'>WhatsApp<\/a><div class='clear '><\/div><\/div>","protected":false},"excerpt":{"rendered":"<p>NETTALI.COM - Le militant panafricaniste Kemi Seba, connu pour ses positions contre la France et l\u2019Occident, a \u00e9t\u00e9 d\u00e9chu de la nationalit\u00e9 fran\u00e7aise par un d\u00e9cret paru ce mardi 16 juillet au Journal officiel de la R\u00e9publique fran\u00e7aise, ont rapport\u00e9 des m\u00e9dias locaux. Le B\u00e9ninois, de son vrai nom, Stellio Gilles Robert Capo Chichi, 42 [&hellip;]<\/p>\n","protected":false},"author":6,"featured_media":137065,"comment_status":"open","ping_status":"open","sticky":false,"template":"","format":"standard","meta":{"_et_pb_use_builder":"","_et_pb_old_content":""},"categories":[8],"tags":[],"yoast_head":"<!-- This site is optimized with the Yoast SEO Premium plugin v17.8 (Yoast SEO v17.8) - https:\/\/yoast.com\/wordpress\/plugins\/seo\/ -->\n<title>D\u00c9CHU DE SA NATIONALE FRAN\u00c7AISE - La r\u00e9action cash de K\u00e9mi S\u00e9ba &quot;un B\u00e9ninois libre&quot; | Nettali.com<\/title>\n<meta name=\"robots\" content=\"index, follow, max-snippet:-1, max-image-preview:large, max-video-preview:-1\" \/>\n<link rel=\"canonical\" href=\"https:\/\/www.nettali.com\/2024\/07\/17\/dechu-de-sa-nationale-francaise-la-reaction-cash-de-kemi-seba-un-beninois-libre\/\" \/>\n<meta property=\"og:locale\" content=\"fr_FR\" \/>\n<meta property=\"og:type\" content=\"article\" \/>\n<meta property=\"og:title\" content=\"D\u00c9CHU DE SA NATIONALE FRAN\u00c7AISE - La r\u00e9action cash de K\u00e9mi S\u00e9ba &quot;un B\u00e9ninois libre&quot;\" \/>\n<meta property=\"og:description\" content=\"NETTALI.COM - Le militant panafricaniste Kemi Seba, connu pour ses positions contre la France et l\u2019Occident, a \u00e9t\u00e9 d\u00e9chu de la nationalit\u00e9 fran\u00e7aise par un d\u00e9cret paru ce mardi 16 juillet au Journal officiel de la R\u00e9publique fran\u00e7aise, ont rapport\u00e9 des m\u00e9dias locaux. Le B\u00e9ninois, de son vrai nom, Stellio Gilles Robert Capo Chichi, 42 [&hellip;]\" \/>\n<meta property=\"og:url\" content=\"https:\/\/www.nettali.com\/2024\/07\/17\/dechu-de-sa-nationale-francaise-la-reaction-cash-de-kemi-seba-un-beninois-libre\/\" \/>\n<meta property=\"og:site_name\" content=\"Nettali.com\" \/>\n<meta property=\"article:publisher\" content=\"https:\/\/www.facebook.com\/nettalicom\" \/>\n<meta property=\"article:published_time\" content=\"2024-07-17T12:57:16+00:00\" \/>\n<meta property=\"og:image\" content=\"https:\/\/www.nettali.com\/wp-content\/uploads\/2024\/07\/110320728_mediaitem110320727.jpg\" \/>\n\t<meta property=\"og:image:width\" content=\"1000\" \/>\n\t<meta property=\"og:image:height\" content=\"562\" \/>\n<meta name=\"twitter:card\" content=\"summary_large_image\" \/>\n<meta name=\"twitter:label1\" content=\"\u00c9crit par\" \/>\n\t<meta name=\"twitter:data1\" content=\"Fatou\" \/>\n\t<meta name=\"twitter:label2\" content=\"Dur\u00e9e de lecture estim\u00e9e\" \/>\n\t<meta name=\"twitter:data2\" content=\"2 minutes\" \/>\n<script type=\"application\/ld+json\" class=\"yoast-schema-graph\">{\"@context\":\"https:\/\/schema.org\",\"@graph\":[{\"@type\":\"WebSite\",\"@id\":\"https:\/\/www.nettali.com\/#website\",\"url\":\"https:\/\/www.nettali.com\/\",\"name\":\"Nettali.com\",\"description\":\"Le rendez-vous critique du Net\",\"potentialAction\":[{\"@type\":\"SearchAction\",\"target\":{\"@type\":\"EntryPoint\",\"urlTemplate\":\"https:\/\/www.nettali.com\/?s={search_term_string}\"},\"query-input\":\"required name=search_term_string\"}],\"inLanguage\":\"fr-FR\"},{\"@type\":\"ImageObject\",\"@id\":\"https:\/\/www.nettali.com\/2024\/07\/17\/dechu-de-sa-nationale-francaise-la-reaction-cash-de-kemi-seba-un-beninois-libre\/#primaryimage\",\"inLanguage\":\"fr-FR\",\"url\":\"https:\/\/www.nettali.com\/wp-content\/uploads\/2024\/07\/110320728_mediaitem110320727.jpg\",\"contentUrl\":\"https:\/\/www.nettali.com\/wp-content\/uploads\/2024\/07\/110320728_mediaitem110320727.jpg\",\"width\":1000,\"height\":562},{\"@type\":\"WebPage\",\"@id\":\"https:\/\/www.nettali.com\/2024\/07\/17\/dechu-de-sa-nationale-francaise-la-reaction-cash-de-kemi-seba-un-beninois-libre\/#webpage\",\"url\":\"https:\/\/www.nettali.com\/2024\/07\/17\/dechu-de-sa-nationale-francaise-la-reaction-cash-de-kemi-seba-un-beninois-libre\/\",\"name\":\"D\\u00c9CHU DE SA NATIONALE FRAN\\u00c7AISE - La r\\u00e9action cash de K\\u00e9mi S\\u00e9ba \\\"un B\\u00e9ninois libre\\\" | Nettali.com\",\"isPartOf\":{\"@id\":\"https:\/\/www.nettali.com\/#website\"},\"primaryImageOfPage\":{\"@id\":\"https:\/\/www.nettali.com\/2024\/07\/17\/dechu-de-sa-nationale-francaise-la-reaction-cash-de-kemi-seba-un-beninois-libre\/#primaryimage\"},\"datePublished\":\"2024-07-17T12:57:16+00:00\",\"dateModified\":\"2024-07-17T12:57:16+00:00\",\"author\":{\"@id\":\"https:\/\/www.nettali.com\/#\/schema\/person\/418274a86bdf87caff7a3ef476bd0bbf\"},\"breadcrumb\":{\"@id\":\"https:\/\/www.nettali.com\/2024\/07\/17\/dechu-de-sa-nationale-francaise-la-reaction-cash-de-kemi-seba-un-beninois-libre\/#breadcrumb\"},\"inLanguage\":\"fr-FR\",\"potentialAction\":[{\"@type\":\"ReadAction\",\"target\":[\"https:\/\/www.nettali.com\/2024\/07\/17\/dechu-de-sa-nationale-francaise-la-reaction-cash-de-kemi-seba-un-beninois-libre\/\"]}]},{\"@type\":\"BreadcrumbList\",\"@id\":\"https:\/\/www.nettali.com\/2024\/07\/17\/dechu-de-sa-nationale-francaise-la-reaction-cash-de-kemi-seba-un-beninois-libre\/#breadcrumb\",\"itemListElement\":[{\"@type\":\"ListItem\",\"position\":1,\"name\":\"Accueil\",\"item\":\"https:\/\/www.nettali.com\/\"},{\"@type\":\"ListItem\",\"position\":2,\"name\":\"D\\u00c9CHU DE SA NATIONALE FRAN\\u00c7AISE - La r\\u00e9action cash de K\\u00e9mi S\\u00e9ba \\\"un B\\u00e9ninois libre\\\"\"}]},{\"@type\":\"Person\",\"@id\":\"https:\/\/www.nettali.com\/#\/schema\/person\/418274a86bdf87caff7a3ef476bd0bbf\",\"name\":\"Fatou\",\"image\":{\"@type\":\"ImageObject\",\"@id\":\"https:\/\/www.nettali.com\/#personlogo\",\"inLanguage\":\"fr-FR\",\"url\":\"https:\/\/secure.gravatar.com\/avatar\/5a9442a2bee7b4dcf167cab035858e9a?s=96&d=mm&r=g\",\"contentUrl\":\"https:\/\/secure.gravatar.com\/avatar\/5a9442a2bee7b4dcf167cab035858e9a?s=96&d=mm&r=g\",\"caption\":\"Fatou\"},\"sameAs\":[\"https:\/\/www.nettali.com\"]}]}<\/script>\n<!-- \/ Yoast SEO Premium plugin. -->","yoast_head_json":{"title":"D\u00c9CHU DE SA NATIONALE FRAN\u00c7AISE - La r\u00e9action cash de K\u00e9mi S\u00e9ba \"un B\u00e9ninois libre\" | Nettali.com","robots":{"index":"index","follow":"follow","max-snippet":"max-snippet:-1","max-image-preview":"max-image-preview:large","max-video-preview":"max-video-preview:-1"},"canonical":"https:\/\/www.nettali.com\/2024\/07\/17\/dechu-de-sa-nationale-francaise-la-reaction-cash-de-kemi-seba-un-beninois-libre\/","og_locale":"fr_FR","og_type":"article","og_title":"D\u00c9CHU DE SA NATIONALE FRAN\u00c7AISE - La r\u00e9action cash de K\u00e9mi S\u00e9ba \"un B\u00e9ninois libre\"","og_description":"NETTALI.COM - Le militant panafricaniste Kemi Seba, connu pour ses positions contre la France et l\u2019Occident, a \u00e9t\u00e9 d\u00e9chu de la nationalit\u00e9 fran\u00e7aise par un d\u00e9cret paru ce mardi 16 juillet au Journal officiel de la R\u00e9publique fran\u00e7aise, ont rapport\u00e9 des m\u00e9dias locaux. Le B\u00e9ninois, de son vrai nom, Stellio Gilles Robert Capo Chichi, 42 [&hellip;]","og_url":"https:\/\/www.nettali.com\/2024\/07\/17\/dechu-de-sa-nationale-francaise-la-reaction-cash-de-kemi-seba-un-beninois-libre\/","og_site_name":"Nettali.com","article_publisher":"https:\/\/www.facebook.com\/nettalicom","article_published_time":"2024-07-17T12:57:16+00:00","og_image":[{"width":1000,"height":562,"url":"https:\/\/www.nettali.com\/wp-content\/uploads\/2024\/07\/110320728_mediaitem110320727.jpg","type":"image\/jpeg"}],"twitter_card":"summary_large_image","twitter_misc":{"\u00c9crit par":"Fatou","Dur\u00e9e de lecture estim\u00e9e":"2 minutes"},"schema":{"@context":"https:\/\/schema.org","@graph":[{"@type":"WebSite","@id":"https:\/\/www.nettali.com\/#website","url":"https:\/\/www.nettali.com\/","name":"Nettali.com","description":"Le rendez-vous critique du Net","potentialAction":[{"@type":"SearchAction","target":{"@type":"EntryPoint","urlTemplate":"https:\/\/www.nettali.com\/?s={search_term_string}"},"query-input":"required name=search_term_string"}],"inLanguage":"fr-FR"},{"@type":"ImageObject","@id":"https:\/\/www.nettali.com\/2024\/07\/17\/dechu-de-sa-nationale-francaise-la-reaction-cash-de-kemi-seba-un-beninois-libre\/#primaryimage","inLanguage":"fr-FR","url":"https:\/\/www.nettali.com\/wp-content\/uploads\/2024\/07\/110320728_mediaitem110320727.jpg","contentUrl":"https:\/\/www.nettali.com\/wp-content\/uploads\/2024\/07\/110320728_mediaitem110320727.jpg","width":1000,"height":562},{"@type":"WebPage","@id":"https:\/\/www.nettali.com\/2024\/07\/17\/dechu-de-sa-nationale-francaise-la-reaction-cash-de-kemi-seba-un-beninois-libre\/#webpage","url":"https:\/\/www.nettali.com\/2024\/07\/17\/dechu-de-sa-nationale-francaise-la-reaction-cash-de-kemi-seba-un-beninois-libre\/","name":"D\u00c9CHU DE SA NATIONALE FRAN\u00c7AISE - La r\u00e9action cash de K\u00e9mi S\u00e9ba \"un B\u00e9ninois libre\" | Nettali.com","isPartOf":{"@id":"https:\/\/www.nettali.com\/#website"},"primaryImageOfPage":{"@id":"https:\/\/www.nettali.com\/2024\/07\/17\/dechu-de-sa-nationale-francaise-la-reaction-cash-de-kemi-seba-un-beninois-libre\/#primaryimage"},"datePublished":"2024-07-17T12:57:16+00:00","dateModified":"2024-07-17T12:57:16+00:00","author":{"@id":"https:\/\/www.nettali.com\/#\/schema\/person\/418274a86bdf87caff7a3ef476bd0bbf"},"breadcrumb":{"@id":"https:\/\/www.nettali.com\/2024\/07\/17\/dechu-de-sa-nationale-francaise-la-reaction-cash-de-kemi-seba-un-beninois-libre\/#breadcrumb"},"inLanguage":"fr-FR","potentialAction":[{"@type":"ReadAction","target":["https:\/\/www.nettali.com\/2024\/07\/17\/dechu-de-sa-nationale-francaise-la-reaction-cash-de-kemi-seba-un-beninois-libre\/"]}]},{"@type":"BreadcrumbList","@id":"https:\/\/www.nettali.com\/2024\/07\/17\/dechu-de-sa-nationale-francaise-la-reaction-cash-de-kemi-seba-un-beninois-libre\/#breadcrumb","itemListElement":[{"@type":"ListItem","position":1,"name":"Accueil","item":"https:\/\/www.nettali.com\/"},{"@type":"ListItem","position":2,"name":"D\u00c9CHU DE SA NATIONALE FRAN\u00c7AISE - La r\u00e9action cash de K\u00e9mi S\u00e9ba \"un B\u00e9ninois libre\""}]},{"@type":"Person","@id":"https:\/\/www.nettali.com\/#\/schema\/person\/418274a86bdf87caff7a3ef476bd0bbf","name":"Fatou","image":{"@type":"ImageObject","@id":"https:\/\/www.nettali.com\/#personlogo","inLanguage":"fr-FR","url":"https:\/\/secure.gravatar.com\/avatar\/5a9442a2bee7b4dcf167cab035858e9a?s=96&d=mm&r=g","contentUrl":"https:\/\/secure.gravatar.com\/avatar\/5a9442a2bee7b4dcf167cab035858e9a?s=96&d=mm&r=g","caption":"Fatou"},"sameAs":["https:\/\/www.nettali.com"]}]}},"_links":{"self":[{"href":"https:\/\/www.nettali.com\/rest\/wp\/v2\/posts\/137063"}],"collection":[{"href":"https:\/\/www.nettali.com\/rest\/wp\/v2\/posts"}],"about":[{"href":"https:\/\/www.nettali.com\/rest\/wp\/v2\/types\/post"}],"author":[{"embeddable":true,"href":"https:\/\/www.nettali.com\/rest\/wp\/v2\/users\/6"}],"replies":[{"embeddable":true,"href":"https:\/\/www.nettali.com\/rest\/wp\/v2\/comments?post=137063"}],"version-history":[{"count":2,"href":"https:\/\/www.nettali.com\/rest\/wp\/v2\/posts\/137063\/revisions"}],"predecessor-version":[{"id":137068,"href":"https:\/\/www.nettali.com\/rest\/wp\/v2\/posts\/137063\/revisions\/137068"}],"wp:featuredmedia":[{"embeddable":true,"href":"https:\/\/www.nettali.com\/rest\/wp\/v2\/media\/137065"}],"wp:attachment":[{"href":"https:\/\/www.nettali.com\/rest\/wp\/v2\/media?parent=137063"}],"wp:term":[{"taxonomy":"category","embeddable":true,"href":"https:\/\/www.nettali.com\/rest\/wp\/v2\/categories?post=137063"},{"taxonomy":"post_tag","embeddable":true,"href":"https:\/\/www.nettali.com\/rest\/wp\/v2\/tags?post=137063"}],"curies":[{"name":"wp","href":"https:\/\/api.w.org\/{rel}","templated":true}]}}