{"id":137036,"date":"2024-07-16T13:14:13","date_gmt":"2024-07-16T13:14:13","guid":{"rendered":"https:\/\/www.nettali.com\/?p=137036"},"modified":"2024-07-16T13:14:13","modified_gmt":"2024-07-16T13:14:13","slug":"controle-des-occupations-sur-le-littoral-a-dakar-le-pre%e2%80%90rapport-remis-a-ousmane-sonko","status":"publish","type":"post","link":"https:\/\/www.nettali.com\/2024\/07\/16\/controle-des-occupations-sur-le-littoral-a-dakar-le-pre%e2%80%90rapport-remis-a-ousmane-sonko\/","title":{"rendered":"CONTR\u00d4LE DES OCCUPATIONS SUR LE LITTORAL \u00c0 DAKAR - Le pr\u00e9\u2010rapport remis \u00e0 Ousmane Sonko"},"content":{"rendered":"<p><strong>NETTALI.COM - La Commission ad hoc charg\u00e9e du contr\u00f4le et de v\u00e9rification des titres et occupations sur les anciennes et nouvelles d\u00e9pendances du Domaine public maritime (Dpm) dans la r\u00e9gion de Dakar, institu\u00e9e par arr\u00eat\u00e9 n\u00b0 006632 du 13 mai 2024, a remis ce lundi 15 juillet, au Premier ministre Ousmane Sonko, le pr\u00e9\u2010rapport sanctionnant les deux mois de travaux de ladite commission.<\/strong><\/p>\n<p>\"<em>Cette c\u00e9r\u00e9monie s\u2019est d\u00e9roul\u00e9e en pr\u00e9sence du ministre, secr\u00e9taire g\u00e9n\u00e9ral du gouvernement, pr\u00e9sident de ladite Commission ; du ministre de l\u2019Urbanisme, des Collectivit\u00e9s territoriales et de l\u2019Am\u00e9nagement des territoires ainsi que des membres de la commission<\/em>\", renseigne le ministre, secr\u00e9taire g\u00e9n\u00e9ral du gouvernement.<\/p>\n<p>Il ajoute que le rapport final sera transmis \u00e0 la haute attention de Monsieur le Pr\u00e9sident de la R\u00e9publique au courant de cette semaine, \u00e0 l\u2019issue de son approbation par Monsieur le Premier ministre .<\/p>\n<p>D'apr\u00e8s le communiqu\u00e9, \"<em>le Premier ministre a f\u00e9licit\u00e9 la Commission pour la qualit\u00e9 du travail et l\u2019engagement de ses membres<\/em>\".<\/p>\n<div class='share-to-whatsapp-wrapper'><div class='share-on-whsp'>PARTAGER SUR : <\/div><a data-text='CONTR\u00d4LE DES OCCUPATIONS SUR LE LITTORAL \u00c0 DAKAR - Le pr\u00e9\u2010rapport remis \u00e0 Ousmane Sonko' data-link='https:\/\/www.nettali.com\/2024\/07\/16\/controle-des-occupations-sur-le-littoral-a-dakar-le-pre%e2%80%90rapport-remis-a-ousmane-sonko\/' class='whatsapp-button whatsapp-share'>WhatsApp<\/a><div class='clear '><\/div><\/div>","protected":false},"excerpt":{"rendered":"<p>NETTALI.COM - La Commission ad hoc charg\u00e9e du contr\u00f4le et de v\u00e9rification des titres et occupations sur les anciennes et nouvelles d\u00e9pendances du Domaine public maritime (Dpm) dans la r\u00e9gion de Dakar, institu\u00e9e par arr\u00eat\u00e9 n\u00b0 006632 du 13 mai 2024, a remis ce lundi 15 juillet, au Premier ministre Ousmane Sonko, le pr\u00e9\u2010rapport sanctionnant [&hellip;]<\/p>\n","protected":false},"author":6,"featured_media":137044,"comment_status":"open","ping_status":"open","sticky":false,"template":"","format":"standard","meta":{"_et_pb_use_builder":"","_et_pb_old_content":""},"categories":[3],"tags":[],"yoast_head":"<!-- This site is optimized with the Yoast SEO Premium plugin v17.8 (Yoast SEO v17.8) - https:\/\/yoast.com\/wordpress\/plugins\/seo\/ -->\n<title>CONTR\u00d4LE DES OCCUPATIONS SUR LE LITTORAL \u00c0 DAKAR - Le pr\u00e9\u2010rapport remis \u00e0 Ousmane Sonko | Nettali.com<\/title>\n<meta name=\"robots\" content=\"index, follow, max-snippet:-1, max-image-preview:large, max-video-preview:-1\" \/>\n<link rel=\"canonical\" href=\"https:\/\/www.nettali.com\/2024\/07\/16\/controle-des-occupations-sur-le-littoral-a-dakar-le-pre\u2010rapport-remis-a-ousmane-sonko\/\" \/>\n<meta property=\"og:locale\" content=\"fr_FR\" \/>\n<meta property=\"og:type\" content=\"article\" \/>\n<meta property=\"og:title\" content=\"CONTR\u00d4LE DES OCCUPATIONS SUR LE LITTORAL \u00c0 DAKAR - Le pr\u00e9\u2010rapport remis \u00e0 Ousmane Sonko\" \/>\n<meta property=\"og:description\" content=\"NETTALI.COM - La Commission ad hoc charg\u00e9e du contr\u00f4le et de v\u00e9rification des titres et occupations sur les anciennes et nouvelles d\u00e9pendances du Domaine public maritime (Dpm) dans la r\u00e9gion de Dakar, institu\u00e9e par arr\u00eat\u00e9 n\u00b0 006632 du 13 mai 2024, a remis ce lundi 15 juillet, au Premier ministre Ousmane Sonko, le pr\u00e9\u2010rapport sanctionnant [&hellip;]\" \/>\n<meta property=\"og:url\" content=\"https:\/\/www.nettali.com\/2024\/07\/16\/controle-des-occupations-sur-le-littoral-a-dakar-le-pre\u2010rapport-remis-a-ousmane-sonko\/\" \/>\n<meta property=\"og:site_name\" content=\"Nettali.com\" \/>\n<meta property=\"article:publisher\" content=\"https:\/\/www.facebook.com\/nettalicom\" \/>\n<meta property=\"article:published_time\" content=\"2024-07-16T13:14:13+00:00\" \/>\n<meta property=\"og:image\" content=\"https:\/\/www.nettali.com\/wp-content\/uploads\/2024\/07\/sonko_dpm.jpg\" \/>\n\t<meta property=\"og:image:width\" content=\"800\" \/>\n\t<meta property=\"og:image:height\" content=\"404\" \/>\n<meta name=\"twitter:card\" content=\"summary_large_image\" \/>\n<meta name=\"twitter:label1\" content=\"\u00c9crit par\" \/>\n\t<meta name=\"twitter:data1\" content=\"Fatou\" \/>\n\t<meta name=\"twitter:label2\" content=\"Dur\u00e9e de lecture estim\u00e9e\" \/>\n\t<meta name=\"twitter:data2\" content=\"1 minute\" \/>\n<script type=\"application\/ld+json\" class=\"yoast-schema-graph\">{\"@context\":\"https:\/\/schema.org\",\"@graph\":[{\"@type\":\"WebSite\",\"@id\":\"https:\/\/www.nettali.com\/#website\",\"url\":\"https:\/\/www.nettali.com\/\",\"name\":\"Nettali.com\",\"description\":\"Le rendez-vous critique du Net\",\"potentialAction\":[{\"@type\":\"SearchAction\",\"target\":{\"@type\":\"EntryPoint\",\"urlTemplate\":\"https:\/\/www.nettali.com\/?s={search_term_string}\"},\"query-input\":\"required name=search_term_string\"}],\"inLanguage\":\"fr-FR\"},{\"@type\":\"ImageObject\",\"@id\":\"https:\/\/www.nettali.com\/2024\/07\/16\/controle-des-occupations-sur-le-littoral-a-dakar-le-pre%e2%80%90rapport-remis-a-ousmane-sonko\/#primaryimage\",\"inLanguage\":\"fr-FR\",\"url\":\"https:\/\/www.nettali.com\/wp-content\/uploads\/2024\/07\/sonko_dpm.jpg\",\"contentUrl\":\"https:\/\/www.nettali.com\/wp-content\/uploads\/2024\/07\/sonko_dpm.jpg\",\"width\":800,\"height\":404},{\"@type\":\"WebPage\",\"@id\":\"https:\/\/www.nettali.com\/2024\/07\/16\/controle-des-occupations-sur-le-littoral-a-dakar-le-pre%e2%80%90rapport-remis-a-ousmane-sonko\/#webpage\",\"url\":\"https:\/\/www.nettali.com\/2024\/07\/16\/controle-des-occupations-sur-le-littoral-a-dakar-le-pre%e2%80%90rapport-remis-a-ousmane-sonko\/\",\"name\":\"CONTR\\u00d4LE DES OCCUPATIONS SUR LE LITTORAL \\u00c0 DAKAR - Le pr\\u00e9\\u2010rapport remis \\u00e0 Ousmane Sonko | Nettali.com\",\"isPartOf\":{\"@id\":\"https:\/\/www.nettali.com\/#website\"},\"primaryImageOfPage\":{\"@id\":\"https:\/\/www.nettali.com\/2024\/07\/16\/controle-des-occupations-sur-le-littoral-a-dakar-le-pre%e2%80%90rapport-remis-a-ousmane-sonko\/#primaryimage\"},\"datePublished\":\"2024-07-16T13:14:13+00:00\",\"dateModified\":\"2024-07-16T13:14:13+00:00\",\"author\":{\"@id\":\"https:\/\/www.nettali.com\/#\/schema\/person\/418274a86bdf87caff7a3ef476bd0bbf\"},\"breadcrumb\":{\"@id\":\"https:\/\/www.nettali.com\/2024\/07\/16\/controle-des-occupations-sur-le-littoral-a-dakar-le-pre%e2%80%90rapport-remis-a-ousmane-sonko\/#breadcrumb\"},\"inLanguage\":\"fr-FR\",\"potentialAction\":[{\"@type\":\"ReadAction\",\"target\":[\"https:\/\/www.nettali.com\/2024\/07\/16\/controle-des-occupations-sur-le-littoral-a-dakar-le-pre%e2%80%90rapport-remis-a-ousmane-sonko\/\"]}]},{\"@type\":\"BreadcrumbList\",\"@id\":\"https:\/\/www.nettali.com\/2024\/07\/16\/controle-des-occupations-sur-le-littoral-a-dakar-le-pre%e2%80%90rapport-remis-a-ousmane-sonko\/#breadcrumb\",\"itemListElement\":[{\"@type\":\"ListItem\",\"position\":1,\"name\":\"Accueil\",\"item\":\"https:\/\/www.nettali.com\/\"},{\"@type\":\"ListItem\",\"position\":2,\"name\":\"CONTR\\u00d4LE DES OCCUPATIONS SUR LE LITTORAL \\u00c0 DAKAR - Le pr\\u00e9\\u2010rapport remis \\u00e0 Ousmane Sonko\"}]},{\"@type\":\"Person\",\"@id\":\"https:\/\/www.nettali.com\/#\/schema\/person\/418274a86bdf87caff7a3ef476bd0bbf\",\"name\":\"Fatou\",\"image\":{\"@type\":\"ImageObject\",\"@id\":\"https:\/\/www.nettali.com\/#personlogo\",\"inLanguage\":\"fr-FR\",\"url\":\"https:\/\/secure.gravatar.com\/avatar\/5a9442a2bee7b4dcf167cab035858e9a?s=96&d=mm&r=g\",\"contentUrl\":\"https:\/\/secure.gravatar.com\/avatar\/5a9442a2bee7b4dcf167cab035858e9a?s=96&d=mm&r=g\",\"caption\":\"Fatou\"},\"sameAs\":[\"https:\/\/www.nettali.com\"]}]}<\/script>\n<!-- \/ Yoast SEO Premium plugin. -->","yoast_head_json":{"title":"CONTR\u00d4LE DES OCCUPATIONS SUR LE LITTORAL \u00c0 DAKAR - Le pr\u00e9\u2010rapport remis \u00e0 Ousmane Sonko | Nettali.com","robots":{"index":"index","follow":"follow","max-snippet":"max-snippet:-1","max-image-preview":"max-image-preview:large","max-video-preview":"max-video-preview:-1"},"canonical":"https:\/\/www.nettali.com\/2024\/07\/16\/controle-des-occupations-sur-le-littoral-a-dakar-le-pre\u2010rapport-remis-a-ousmane-sonko\/","og_locale":"fr_FR","og_type":"article","og_title":"CONTR\u00d4LE DES OCCUPATIONS SUR LE LITTORAL \u00c0 DAKAR - Le pr\u00e9\u2010rapport remis \u00e0 Ousmane Sonko","og_description":"NETTALI.COM - La Commission ad hoc charg\u00e9e du contr\u00f4le et de v\u00e9rification des titres et occupations sur les anciennes et nouvelles d\u00e9pendances du Domaine public maritime (Dpm) dans la r\u00e9gion de Dakar, institu\u00e9e par arr\u00eat\u00e9 n\u00b0 006632 du 13 mai 2024, a remis ce lundi 15 juillet, au Premier ministre Ousmane Sonko, le pr\u00e9\u2010rapport sanctionnant [&hellip;]","og_url":"https:\/\/www.nettali.com\/2024\/07\/16\/controle-des-occupations-sur-le-littoral-a-dakar-le-pre\u2010rapport-remis-a-ousmane-sonko\/","og_site_name":"Nettali.com","article_publisher":"https:\/\/www.facebook.com\/nettalicom","article_published_time":"2024-07-16T13:14:13+00:00","og_image":[{"width":800,"height":404,"url":"https:\/\/www.nettali.com\/wp-content\/uploads\/2024\/07\/sonko_dpm.jpg","type":"image\/jpeg"}],"twitter_card":"summary_large_image","twitter_misc":{"\u00c9crit par":"Fatou","Dur\u00e9e de lecture estim\u00e9e":"1 minute"},"schema":{"@context":"https:\/\/schema.org","@graph":[{"@type":"WebSite","@id":"https:\/\/www.nettali.com\/#website","url":"https:\/\/www.nettali.com\/","name":"Nettali.com","description":"Le rendez-vous critique du Net","potentialAction":[{"@type":"SearchAction","target":{"@type":"EntryPoint","urlTemplate":"https:\/\/www.nettali.com\/?s={search_term_string}"},"query-input":"required name=search_term_string"}],"inLanguage":"fr-FR"},{"@type":"ImageObject","@id":"https:\/\/www.nettali.com\/2024\/07\/16\/controle-des-occupations-sur-le-littoral-a-dakar-le-pre%e2%80%90rapport-remis-a-ousmane-sonko\/#primaryimage","inLanguage":"fr-FR","url":"https:\/\/www.nettali.com\/wp-content\/uploads\/2024\/07\/sonko_dpm.jpg","contentUrl":"https:\/\/www.nettali.com\/wp-content\/uploads\/2024\/07\/sonko_dpm.jpg","width":800,"height":404},{"@type":"WebPage","@id":"https:\/\/www.nettali.com\/2024\/07\/16\/controle-des-occupations-sur-le-littoral-a-dakar-le-pre%e2%80%90rapport-remis-a-ousmane-sonko\/#webpage","url":"https:\/\/www.nettali.com\/2024\/07\/16\/controle-des-occupations-sur-le-littoral-a-dakar-le-pre%e2%80%90rapport-remis-a-ousmane-sonko\/","name":"CONTR\u00d4LE DES OCCUPATIONS SUR LE LITTORAL \u00c0 DAKAR - Le pr\u00e9\u2010rapport remis \u00e0 Ousmane Sonko | Nettali.com","isPartOf":{"@id":"https:\/\/www.nettali.com\/#website"},"primaryImageOfPage":{"@id":"https:\/\/www.nettali.com\/2024\/07\/16\/controle-des-occupations-sur-le-littoral-a-dakar-le-pre%e2%80%90rapport-remis-a-ousmane-sonko\/#primaryimage"},"datePublished":"2024-07-16T13:14:13+00:00","dateModified":"2024-07-16T13:14:13+00:00","author":{"@id":"https:\/\/www.nettali.com\/#\/schema\/person\/418274a86bdf87caff7a3ef476bd0bbf"},"breadcrumb":{"@id":"https:\/\/www.nettali.com\/2024\/07\/16\/controle-des-occupations-sur-le-littoral-a-dakar-le-pre%e2%80%90rapport-remis-a-ousmane-sonko\/#breadcrumb"},"inLanguage":"fr-FR","potentialAction":[{"@type":"ReadAction","target":["https:\/\/www.nettali.com\/2024\/07\/16\/controle-des-occupations-sur-le-littoral-a-dakar-le-pre%e2%80%90rapport-remis-a-ousmane-sonko\/"]}]},{"@type":"BreadcrumbList","@id":"https:\/\/www.nettali.com\/2024\/07\/16\/controle-des-occupations-sur-le-littoral-a-dakar-le-pre%e2%80%90rapport-remis-a-ousmane-sonko\/#breadcrumb","itemListElement":[{"@type":"ListItem","position":1,"name":"Accueil","item":"https:\/\/www.nettali.com\/"},{"@type":"ListItem","position":2,"name":"CONTR\u00d4LE DES OCCUPATIONS SUR LE LITTORAL \u00c0 DAKAR - Le pr\u00e9\u2010rapport remis \u00e0 Ousmane Sonko"}]},{"@type":"Person","@id":"https:\/\/www.nettali.com\/#\/schema\/person\/418274a86bdf87caff7a3ef476bd0bbf","name":"Fatou","image":{"@type":"ImageObject","@id":"https:\/\/www.nettali.com\/#personlogo","inLanguage":"fr-FR","url":"https:\/\/secure.gravatar.com\/avatar\/5a9442a2bee7b4dcf167cab035858e9a?s=96&d=mm&r=g","contentUrl":"https:\/\/secure.gravatar.com\/avatar\/5a9442a2bee7b4dcf167cab035858e9a?s=96&d=mm&r=g","caption":"Fatou"},"sameAs":["https:\/\/www.nettali.com"]}]}},"_links":{"self":[{"href":"https:\/\/www.nettali.com\/rest\/wp\/v2\/posts\/137036"}],"collection":[{"href":"https:\/\/www.nettali.com\/rest\/wp\/v2\/posts"}],"about":[{"href":"https:\/\/www.nettali.com\/rest\/wp\/v2\/types\/post"}],"author":[{"embeddable":true,"href":"https:\/\/www.nettali.com\/rest\/wp\/v2\/users\/6"}],"replies":[{"embeddable":true,"href":"https:\/\/www.nettali.com\/rest\/wp\/v2\/comments?post=137036"}],"version-history":[{"count":1,"href":"https:\/\/www.nettali.com\/rest\/wp\/v2\/posts\/137036\/revisions"}],"predecessor-version":[{"id":137045,"href":"https:\/\/www.nettali.com\/rest\/wp\/v2\/posts\/137036\/revisions\/137045"}],"wp:featuredmedia":[{"embeddable":true,"href":"https:\/\/www.nettali.com\/rest\/wp\/v2\/media\/137044"}],"wp:attachment":[{"href":"https:\/\/www.nettali.com\/rest\/wp\/v2\/media?parent=137036"}],"wp:term":[{"taxonomy":"category","embeddable":true,"href":"https:\/\/www.nettali.com\/rest\/wp\/v2\/categories?post=137036"},{"taxonomy":"post_tag","embeddable":true,"href":"https:\/\/www.nettali.com\/rest\/wp\/v2\/tags?post=137036"}],"curies":[{"name":"wp","href":"https:\/\/api.w.org\/{rel}","templated":true}]}}