{"id":137023,"date":"2024-07-16T08:39:53","date_gmt":"2024-07-16T08:39:53","guid":{"rendered":"https:\/\/www.nettali.com\/?p=137023"},"modified":"2024-07-16T08:39:53","modified_gmt":"2024-07-16T08:39:53","slug":"transport-les-senegalais-pousses-vers-lutilisation-de-voitures-electriques","status":"publish","type":"post","link":"https:\/\/www.nettali.com\/2024\/07\/16\/transport-les-senegalais-pousses-vers-lutilisation-de-voitures-electriques\/","title":{"rendered":"TRANSPORT - Les S\u00e9n\u00e9galais pouss\u00e9s vers l'utilisation de voitures \u00e9lectriques"},"content":{"rendered":"<p><strong>NETTALI.COM - Le ministre des Infrastructures et des Transports terrestres et a\u00e9riens, Malick Ndiaye, a promis, lundi, \u00e0 Dakar, de soutenir le cadre r\u00e8glementaire mis en place le m\u00eame jour pour promouvoir et encadrer l\u2019usage de la voiture \u00e9lectrique au S\u00e9n\u00e9gal.<\/strong><\/p>\n<p><em>\"Il est n\u00e9cessaire de mettre en place un cadre r\u00e9glementaire permettant d\u2019inciter les concessionnaires, les importateurs et les usagers \u00e0 opter pour les v\u00e9hicules \u00e9lectriques\u2019\u2019<\/em>, a dit M. Ndiaye.<\/p>\n<p>Il intervenait \u00e0 un atelier consacr\u00e9 \u00e0 la mise en place d\u2019un cadre r\u00e9glementaire charg\u00e9 d\u2019encadrer l\u2019entr\u00e9e de la voiture \u00e9lectrique au S\u00e9n\u00e9gal.<\/p>\n<p><em>\"Le cadre de r\u00e9glementation examin\u00e9 aujourd\u2019hui concourt r\u00e9solument au d\u00e9veloppement des voitures \u00e9lectriques au S\u00e9n\u00e9gal et \u00e0 la lutte contre les \u00e9missions de gaz \u00e0 effet de serre dans le secteur des transports\u2019\u2019,<\/em> a-t-il assur\u00e9.<\/p>\n<p>L\u2019usage des v\u00e9hicules \u00e9lectriques n\u00e9cessite <em>\"une strat\u00e9gie bien r\u00e9fl\u00e9chie et coordonn\u00e9e en mati\u00e8re de r\u00e9glementation\u2019\u2019<\/em>, a soulign\u00e9 Malick Ndiaye.<\/p>\n<p>Selon lui, le S\u00e9n\u00e9gal b\u00e9n\u00e9ficie du soutien de l\u2019Angleterre, en ce qui concerne l\u2019introduction de la voiture \u00e9lectrique dans son territoire.<\/p>\n<p><em>\"Avec l\u2019aide de la soci\u00e9t\u00e9 Manufacturing Africa (une entreprise anglaise), nous allons chercher les voies et moyens de doter notre pays non seulement d\u2019un cadre r\u00e9glementaire, mais aussi des dispositifs n\u00e9cessaires pour pousser les S\u00e9n\u00e9galais \u00e0 utiliser davantage les v\u00e9hicules \u00e9lectriques\u2019\u2019<\/em>, a promis M. Ndiaye.<\/p>\n<p>Un \u2018\u2019sch\u00e9ma directeur global\u2019\u2019 des infrastructures et des syst\u00e8mes de transport sera \u00e9labor\u00e9 au S\u00e9n\u00e9gal, a annonc\u00e9, par ailleurs, le ministre des Infrastructures et des Transports terrestres et a\u00e9riens.<\/p>\n<p><em>\"L\u2019objectif de ce sch\u00e9ma est d\u2019avoir une multimodalit\u00e9 et une certaine intermodalit\u00e9 entre les types de transport afin de reconfigurer les infrastructures et les transports, particuli\u00e8rement \u00e0 Dakar\u2019\u2019<\/em>, a-t-il expliqu\u00e9.<\/p>\n<p><em>\"La transition vers la voiture \u00e9lectrique permettra non seulement de r\u00e9duire les co\u00fbts mais aussi d\u2019impacter positivement les populations, parce qu\u2019il y aura des transports de masse tr\u00e8s confortables, avec des tarifs pr\u00e9f\u00e9rentiels\u2019\u2019<\/em>, a assur\u00e9 Malick Ndiaye.<\/p>\n<p>Il a invit\u00e9 le secteur priv\u00e9 national \u00e0 <em>\"proposer des offres techniques et financi\u00e8res pour investir et d\u00e9velopper les infrastructures de recharge\u2019\u2019<\/em> des voitures \u00e9lectriques.<\/p>\n<p><em>\"Je l\u2019invite [\u2026] \u00e0 ne pas \u00eatre attentiste au risque de laisser le vide actuel aux multinationales et de perdre cette grande opportunit\u00e9\u2019\u2019<\/em>, a dit M. Ndiaye, pr\u00e9cisant que <em>\"les offres locales fortement attendues seront \u00e9tudi\u00e9es avec diligence par les [\u2026] minist\u00e8res concern\u00e9s\u2019\u2019.<\/em><\/p>\n<div class='share-to-whatsapp-wrapper'><div class='share-on-whsp'>PARTAGER SUR : <\/div><a data-text='TRANSPORT - Les S\u00e9n\u00e9galais pouss\u00e9s vers l'utilisation de voitures \u00e9lectriques' data-link='https:\/\/www.nettali.com\/2024\/07\/16\/transport-les-senegalais-pousses-vers-lutilisation-de-voitures-electriques\/' class='whatsapp-button whatsapp-share'>WhatsApp<\/a><div class='clear '><\/div><\/div>","protected":false},"excerpt":{"rendered":"<p>NETTALI.COM - Le ministre des Infrastructures et des Transports terrestres et a\u00e9riens, Malick Ndiaye, a promis, lundi, \u00e0 Dakar, de soutenir le cadre r\u00e8glementaire mis en place le m\u00eame jour pour promouvoir et encadrer l\u2019usage de la voiture \u00e9lectrique au S\u00e9n\u00e9gal. \"Il est n\u00e9cessaire de mettre en place un cadre r\u00e9glementaire permettant d\u2019inciter les concessionnaires, [&hellip;]<\/p>\n","protected":false},"author":4,"featured_media":133398,"comment_status":"open","ping_status":"open","sticky":false,"template":"","format":"standard","meta":{"_et_pb_use_builder":"","_et_pb_old_content":""},"categories":[3],"tags":[],"yoast_head":"<!-- This site is optimized with the Yoast SEO Premium plugin v17.8 (Yoast SEO v17.8) - https:\/\/yoast.com\/wordpress\/plugins\/seo\/ -->\n<title>TRANSPORT - Les S\u00e9n\u00e9galais pouss\u00e9s vers l&#039;utilisation de voitures \u00e9lectriques | Nettali.com<\/title>\n<meta name=\"robots\" content=\"index, follow, max-snippet:-1, max-image-preview:large, max-video-preview:-1\" \/>\n<link rel=\"canonical\" href=\"https:\/\/www.nettali.com\/2024\/07\/16\/transport-les-senegalais-pousses-vers-lutilisation-de-voitures-electriques\/\" \/>\n<meta property=\"og:locale\" content=\"fr_FR\" \/>\n<meta property=\"og:type\" content=\"article\" \/>\n<meta property=\"og:title\" content=\"TRANSPORT - Les S\u00e9n\u00e9galais pouss\u00e9s vers l&#039;utilisation de voitures \u00e9lectriques\" \/>\n<meta property=\"og:description\" content=\"NETTALI.COM - Le ministre des Infrastructures et des Transports terrestres et a\u00e9riens, Malick Ndiaye, a promis, lundi, \u00e0 Dakar, de soutenir le cadre r\u00e8glementaire mis en place le m\u00eame jour pour promouvoir et encadrer l\u2019usage de la voiture \u00e9lectrique au S\u00e9n\u00e9gal. &quot;Il est n\u00e9cessaire de mettre en place un cadre r\u00e9glementaire permettant d\u2019inciter les concessionnaires, [&hellip;]\" \/>\n<meta property=\"og:url\" content=\"https:\/\/www.nettali.com\/2024\/07\/16\/transport-les-senegalais-pousses-vers-lutilisation-de-voitures-electriques\/\" \/>\n<meta property=\"og:site_name\" content=\"Nettali.com\" \/>\n<meta property=\"article:publisher\" content=\"https:\/\/www.facebook.com\/nettalicom\" \/>\n<meta property=\"article:published_time\" content=\"2024-07-16T08:39:53+00:00\" \/>\n<meta property=\"og:image\" content=\"https:\/\/www.nettali.com\/wp-content\/uploads\/2024\/05\/Appel-de-Malick-Ndiaye-aux-populations-Lancement-du-BRT_1.jpg\" \/>\n\t<meta property=\"og:image:width\" content=\"651\" \/>\n\t<meta property=\"og:image:height\" content=\"312\" \/>\n<meta name=\"twitter:card\" content=\"summary_large_image\" \/>\n<meta name=\"twitter:label1\" content=\"\u00c9crit par\" \/>\n\t<meta name=\"twitter:data1\" content=\"Daouda\" \/>\n\t<meta name=\"twitter:label2\" content=\"Dur\u00e9e de lecture estim\u00e9e\" \/>\n\t<meta name=\"twitter:data2\" content=\"2 minutes\" \/>\n<script type=\"application\/ld+json\" class=\"yoast-schema-graph\">{\"@context\":\"https:\/\/schema.org\",\"@graph\":[{\"@type\":\"WebSite\",\"@id\":\"https:\/\/www.nettali.com\/#website\",\"url\":\"https:\/\/www.nettali.com\/\",\"name\":\"Nettali.com\",\"description\":\"Le rendez-vous critique du Net\",\"potentialAction\":[{\"@type\":\"SearchAction\",\"target\":{\"@type\":\"EntryPoint\",\"urlTemplate\":\"https:\/\/www.nettali.com\/?s={search_term_string}\"},\"query-input\":\"required name=search_term_string\"}],\"inLanguage\":\"fr-FR\"},{\"@type\":\"ImageObject\",\"@id\":\"https:\/\/www.nettali.com\/2024\/07\/16\/transport-les-senegalais-pousses-vers-lutilisation-de-voitures-electriques\/#primaryimage\",\"inLanguage\":\"fr-FR\",\"url\":\"https:\/\/www.nettali.com\/wp-content\/uploads\/2024\/05\/Appel-de-Malick-Ndiaye-aux-populations-Lancement-du-BRT_1.jpg\",\"contentUrl\":\"https:\/\/www.nettali.com\/wp-content\/uploads\/2024\/05\/Appel-de-Malick-Ndiaye-aux-populations-Lancement-du-BRT_1.jpg\",\"width\":651,\"height\":312},{\"@type\":\"WebPage\",\"@id\":\"https:\/\/www.nettali.com\/2024\/07\/16\/transport-les-senegalais-pousses-vers-lutilisation-de-voitures-electriques\/#webpage\",\"url\":\"https:\/\/www.nettali.com\/2024\/07\/16\/transport-les-senegalais-pousses-vers-lutilisation-de-voitures-electriques\/\",\"name\":\"TRANSPORT - Les S\\u00e9n\\u00e9galais pouss\\u00e9s vers l'utilisation de voitures \\u00e9lectriques | Nettali.com\",\"isPartOf\":{\"@id\":\"https:\/\/www.nettali.com\/#website\"},\"primaryImageOfPage\":{\"@id\":\"https:\/\/www.nettali.com\/2024\/07\/16\/transport-les-senegalais-pousses-vers-lutilisation-de-voitures-electriques\/#primaryimage\"},\"datePublished\":\"2024-07-16T08:39:53+00:00\",\"dateModified\":\"2024-07-16T08:39:53+00:00\",\"author\":{\"@id\":\"https:\/\/www.nettali.com\/#\/schema\/person\/3317e0bb3aa1da309fbf7b2780901bf4\"},\"breadcrumb\":{\"@id\":\"https:\/\/www.nettali.com\/2024\/07\/16\/transport-les-senegalais-pousses-vers-lutilisation-de-voitures-electriques\/#breadcrumb\"},\"inLanguage\":\"fr-FR\",\"potentialAction\":[{\"@type\":\"ReadAction\",\"target\":[\"https:\/\/www.nettali.com\/2024\/07\/16\/transport-les-senegalais-pousses-vers-lutilisation-de-voitures-electriques\/\"]}]},{\"@type\":\"BreadcrumbList\",\"@id\":\"https:\/\/www.nettali.com\/2024\/07\/16\/transport-les-senegalais-pousses-vers-lutilisation-de-voitures-electriques\/#breadcrumb\",\"itemListElement\":[{\"@type\":\"ListItem\",\"position\":1,\"name\":\"Accueil\",\"item\":\"https:\/\/www.nettali.com\/\"},{\"@type\":\"ListItem\",\"position\":2,\"name\":\"TRANSPORT - Les S\\u00e9n\\u00e9galais pouss\\u00e9s vers l'utilisation de voitures \\u00e9lectriques\"}]},{\"@type\":\"Person\",\"@id\":\"https:\/\/www.nettali.com\/#\/schema\/person\/3317e0bb3aa1da309fbf7b2780901bf4\",\"name\":\"Daouda\",\"image\":{\"@type\":\"ImageObject\",\"@id\":\"https:\/\/www.nettali.com\/#personlogo\",\"inLanguage\":\"fr-FR\",\"url\":\"https:\/\/secure.gravatar.com\/avatar\/8d143b5a49345098ddcfee1c49c2f47c?s=96&d=mm&r=g\",\"contentUrl\":\"https:\/\/secure.gravatar.com\/avatar\/8d143b5a49345098ddcfee1c49c2f47c?s=96&d=mm&r=g\",\"caption\":\"Daouda\"},\"sameAs\":[\"https:\/\/www.nettali.com\"]}]}<\/script>\n<!-- \/ Yoast SEO Premium plugin. -->","yoast_head_json":{"title":"TRANSPORT - Les S\u00e9n\u00e9galais pouss\u00e9s vers l'utilisation de voitures \u00e9lectriques | Nettali.com","robots":{"index":"index","follow":"follow","max-snippet":"max-snippet:-1","max-image-preview":"max-image-preview:large","max-video-preview":"max-video-preview:-1"},"canonical":"https:\/\/www.nettali.com\/2024\/07\/16\/transport-les-senegalais-pousses-vers-lutilisation-de-voitures-electriques\/","og_locale":"fr_FR","og_type":"article","og_title":"TRANSPORT - Les S\u00e9n\u00e9galais pouss\u00e9s vers l'utilisation de voitures \u00e9lectriques","og_description":"NETTALI.COM - Le ministre des Infrastructures et des Transports terrestres et a\u00e9riens, Malick Ndiaye, a promis, lundi, \u00e0 Dakar, de soutenir le cadre r\u00e8glementaire mis en place le m\u00eame jour pour promouvoir et encadrer l\u2019usage de la voiture \u00e9lectrique au S\u00e9n\u00e9gal. \"Il est n\u00e9cessaire de mettre en place un cadre r\u00e9glementaire permettant d\u2019inciter les concessionnaires, [&hellip;]","og_url":"https:\/\/www.nettali.com\/2024\/07\/16\/transport-les-senegalais-pousses-vers-lutilisation-de-voitures-electriques\/","og_site_name":"Nettali.com","article_publisher":"https:\/\/www.facebook.com\/nettalicom","article_published_time":"2024-07-16T08:39:53+00:00","og_image":[{"width":651,"height":312,"url":"https:\/\/www.nettali.com\/wp-content\/uploads\/2024\/05\/Appel-de-Malick-Ndiaye-aux-populations-Lancement-du-BRT_1.jpg","type":"image\/jpeg"}],"twitter_card":"summary_large_image","twitter_misc":{"\u00c9crit par":"Daouda","Dur\u00e9e de lecture estim\u00e9e":"2 minutes"},"schema":{"@context":"https:\/\/schema.org","@graph":[{"@type":"WebSite","@id":"https:\/\/www.nettali.com\/#website","url":"https:\/\/www.nettali.com\/","name":"Nettali.com","description":"Le rendez-vous critique du Net","potentialAction":[{"@type":"SearchAction","target":{"@type":"EntryPoint","urlTemplate":"https:\/\/www.nettali.com\/?s={search_term_string}"},"query-input":"required name=search_term_string"}],"inLanguage":"fr-FR"},{"@type":"ImageObject","@id":"https:\/\/www.nettali.com\/2024\/07\/16\/transport-les-senegalais-pousses-vers-lutilisation-de-voitures-electriques\/#primaryimage","inLanguage":"fr-FR","url":"https:\/\/www.nettali.com\/wp-content\/uploads\/2024\/05\/Appel-de-Malick-Ndiaye-aux-populations-Lancement-du-BRT_1.jpg","contentUrl":"https:\/\/www.nettali.com\/wp-content\/uploads\/2024\/05\/Appel-de-Malick-Ndiaye-aux-populations-Lancement-du-BRT_1.jpg","width":651,"height":312},{"@type":"WebPage","@id":"https:\/\/www.nettali.com\/2024\/07\/16\/transport-les-senegalais-pousses-vers-lutilisation-de-voitures-electriques\/#webpage","url":"https:\/\/www.nettali.com\/2024\/07\/16\/transport-les-senegalais-pousses-vers-lutilisation-de-voitures-electriques\/","name":"TRANSPORT - Les S\u00e9n\u00e9galais pouss\u00e9s vers l'utilisation de voitures \u00e9lectriques | Nettali.com","isPartOf":{"@id":"https:\/\/www.nettali.com\/#website"},"primaryImageOfPage":{"@id":"https:\/\/www.nettali.com\/2024\/07\/16\/transport-les-senegalais-pousses-vers-lutilisation-de-voitures-electriques\/#primaryimage"},"datePublished":"2024-07-16T08:39:53+00:00","dateModified":"2024-07-16T08:39:53+00:00","author":{"@id":"https:\/\/www.nettali.com\/#\/schema\/person\/3317e0bb3aa1da309fbf7b2780901bf4"},"breadcrumb":{"@id":"https:\/\/www.nettali.com\/2024\/07\/16\/transport-les-senegalais-pousses-vers-lutilisation-de-voitures-electriques\/#breadcrumb"},"inLanguage":"fr-FR","potentialAction":[{"@type":"ReadAction","target":["https:\/\/www.nettali.com\/2024\/07\/16\/transport-les-senegalais-pousses-vers-lutilisation-de-voitures-electriques\/"]}]},{"@type":"BreadcrumbList","@id":"https:\/\/www.nettali.com\/2024\/07\/16\/transport-les-senegalais-pousses-vers-lutilisation-de-voitures-electriques\/#breadcrumb","itemListElement":[{"@type":"ListItem","position":1,"name":"Accueil","item":"https:\/\/www.nettali.com\/"},{"@type":"ListItem","position":2,"name":"TRANSPORT - Les S\u00e9n\u00e9galais pouss\u00e9s vers l'utilisation de voitures \u00e9lectriques"}]},{"@type":"Person","@id":"https:\/\/www.nettali.com\/#\/schema\/person\/3317e0bb3aa1da309fbf7b2780901bf4","name":"Daouda","image":{"@type":"ImageObject","@id":"https:\/\/www.nettali.com\/#personlogo","inLanguage":"fr-FR","url":"https:\/\/secure.gravatar.com\/avatar\/8d143b5a49345098ddcfee1c49c2f47c?s=96&d=mm&r=g","contentUrl":"https:\/\/secure.gravatar.com\/avatar\/8d143b5a49345098ddcfee1c49c2f47c?s=96&d=mm&r=g","caption":"Daouda"},"sameAs":["https:\/\/www.nettali.com"]}]}},"_links":{"self":[{"href":"https:\/\/www.nettali.com\/rest\/wp\/v2\/posts\/137023"}],"collection":[{"href":"https:\/\/www.nettali.com\/rest\/wp\/v2\/posts"}],"about":[{"href":"https:\/\/www.nettali.com\/rest\/wp\/v2\/types\/post"}],"author":[{"embeddable":true,"href":"https:\/\/www.nettali.com\/rest\/wp\/v2\/users\/4"}],"replies":[{"embeddable":true,"href":"https:\/\/www.nettali.com\/rest\/wp\/v2\/comments?post=137023"}],"version-history":[{"count":1,"href":"https:\/\/www.nettali.com\/rest\/wp\/v2\/posts\/137023\/revisions"}],"predecessor-version":[{"id":137024,"href":"https:\/\/www.nettali.com\/rest\/wp\/v2\/posts\/137023\/revisions\/137024"}],"wp:featuredmedia":[{"embeddable":true,"href":"https:\/\/www.nettali.com\/rest\/wp\/v2\/media\/133398"}],"wp:attachment":[{"href":"https:\/\/www.nettali.com\/rest\/wp\/v2\/media?parent=137023"}],"wp:term":[{"taxonomy":"category","embeddable":true,"href":"https:\/\/www.nettali.com\/rest\/wp\/v2\/categories?post=137023"},{"taxonomy":"post_tag","embeddable":true,"href":"https:\/\/www.nettali.com\/rest\/wp\/v2\/tags?post=137023"}],"curies":[{"name":"wp","href":"https:\/\/api.w.org\/{rel}","templated":true}]}}