{"id":136998,"date":"2024-07-15T15:40:55","date_gmt":"2024-07-15T15:40:55","guid":{"rendered":"https:\/\/www.nettali.com\/?p=136998"},"modified":"2024-07-15T20:32:01","modified_gmt":"2024-07-15T20:32:01","slug":"mbodiene-letat-du-senegal-retire-50-hectares-a-akon","status":"publish","type":"post","link":"https:\/\/www.nettali.com\/2024\/07\/15\/mbodiene-letat-du-senegal-retire-50-hectares-a-akon\/","title":{"rendered":"MBODI\u00c8NE - L\u2019\u00c9tat du S\u00e9n\u00e9gal retire 50 hectares \u00e0 Akon"},"content":{"rendered":"<p><strong>NETTALI.COM - Mauvaise nouvelle pour Akon. Le rappeur s\u00e9n\u00e9galais va se voir retirer fin juillet 50 hectares donn\u00e9s en bail par l\u2019\u00c9tat du S\u00e9n\u00e9gal \u00e0 Mbodi\u00e8ne pour son projet de ville nouvelle, \"<em>Akon City<\/em>\", selon Africa Intelligence.<\/strong><\/p>\n<p>Cependant le r\u00e9gime de Diomaye Faye a d\u00e9cid\u00e9 de lui laisser 5 hectares qu\u2019il a achet\u00e9 en titre foncier avec les Domaines. Toujours selon les informations de la revue cit\u00e9e, \"<em>Akon n\u2019a pas pu trouver les milliards de dollars n\u00e9cessaires pour lancer sa ville et devrait se contenter finalement de faire une r\u00e9sidence avec des villas<\/em>\".<\/p>\n<p>En guise de rappel, le gouvernement s\u00e9n\u00e9galais avait averti fin 2023 qu\u2019il romprait le contrat et r\u00e9cup\u00e9rerait les terres dans les prochains mois, si aucune avanc\u00e9e concr\u00e8te n\u2019\u00e9tait constat\u00e9e.<\/p>\n<p>Officialis\u00e9 en 2018, le projet \"<em>Akon City<\/em>\" avait suscit\u00e9 un fort enthousiasme au S\u00e9n\u00e9gal, o\u00f9 il a b\u00e9n\u00e9fici\u00e9 du soutien initial des autorit\u00e9s et notamment du chef de l\u2019\u00c9tat, Macky Sall.<\/p>\n<div class='share-to-whatsapp-wrapper'><div class='share-on-whsp'>PARTAGER SUR : <\/div><a data-text='MBODI\u00c8NE - L\u2019\u00c9tat du S\u00e9n\u00e9gal retire 50 hectares \u00e0 Akon' data-link='https:\/\/www.nettali.com\/2024\/07\/15\/mbodiene-letat-du-senegal-retire-50-hectares-a-akon\/' class='whatsapp-button whatsapp-share'>WhatsApp<\/a><div class='clear '><\/div><\/div>","protected":false},"excerpt":{"rendered":"<p>NETTALI.COM - Mauvaise nouvelle pour Akon. Le rappeur s\u00e9n\u00e9galais va se voir retirer fin juillet 50 hectares donn\u00e9s en bail par l\u2019\u00c9tat du S\u00e9n\u00e9gal \u00e0 Mbodi\u00e8ne pour son projet de ville nouvelle, \"Akon City\", selon Africa Intelligence. Cependant le r\u00e9gime de Diomaye Faye a d\u00e9cid\u00e9 de lui laisser 5 hectares qu\u2019il a achet\u00e9 en titre [&hellip;]<\/p>\n","protected":false},"author":5,"featured_media":136999,"comment_status":"open","ping_status":"open","sticky":false,"template":"","format":"standard","meta":{"_et_pb_use_builder":"","_et_pb_old_content":""},"categories":[3],"tags":[],"yoast_head":"<!-- This site is optimized with the Yoast SEO Premium plugin v17.8 (Yoast SEO v17.8) - https:\/\/yoast.com\/wordpress\/plugins\/seo\/ -->\n<title>MBODI\u00c8NE - L\u2019\u00c9tat du S\u00e9n\u00e9gal retire 50 hectares \u00e0 Akon | Nettali.com<\/title>\n<meta name=\"robots\" content=\"index, follow, max-snippet:-1, max-image-preview:large, max-video-preview:-1\" \/>\n<link rel=\"canonical\" href=\"https:\/\/www.nettali.com\/2024\/07\/15\/mbodiene-letat-du-senegal-retire-50-hectares-a-akon\/\" \/>\n<meta property=\"og:locale\" content=\"fr_FR\" \/>\n<meta property=\"og:type\" content=\"article\" \/>\n<meta property=\"og:title\" content=\"MBODI\u00c8NE - L\u2019\u00c9tat du S\u00e9n\u00e9gal retire 50 hectares \u00e0 Akon\" \/>\n<meta property=\"og:description\" content=\"NETTALI.COM - Mauvaise nouvelle pour Akon. Le rappeur s\u00e9n\u00e9galais va se voir retirer fin juillet 50 hectares donn\u00e9s en bail par l\u2019\u00c9tat du S\u00e9n\u00e9gal \u00e0 Mbodi\u00e8ne pour son projet de ville nouvelle, &quot;Akon City&quot;, selon Africa Intelligence. Cependant le r\u00e9gime de Diomaye Faye a d\u00e9cid\u00e9 de lui laisser 5 hectares qu\u2019il a achet\u00e9 en titre [&hellip;]\" \/>\n<meta property=\"og:url\" content=\"https:\/\/www.nettali.com\/2024\/07\/15\/mbodiene-letat-du-senegal-retire-50-hectares-a-akon\/\" \/>\n<meta property=\"og:site_name\" content=\"Nettali.com\" \/>\n<meta property=\"article:publisher\" content=\"https:\/\/www.facebook.com\/nettalicom\" \/>\n<meta property=\"article:published_time\" content=\"2024-07-15T15:40:55+00:00\" \/>\n<meta property=\"article:modified_time\" content=\"2024-07-15T20:32:01+00:00\" \/>\n<meta property=\"og:image\" content=\"https:\/\/www.nettali.com\/wp-content\/uploads\/2024\/07\/Akon-City-Senegal.jpg\" \/>\n\t<meta property=\"og:image:width\" content=\"1082\" \/>\n\t<meta property=\"og:image:height\" content=\"600\" \/>\n<meta name=\"twitter:card\" content=\"summary_large_image\" \/>\n<meta name=\"twitter:label1\" content=\"\u00c9crit par\" \/>\n\t<meta name=\"twitter:data1\" content=\"Ibrahima\" \/>\n\t<meta name=\"twitter:label2\" content=\"Dur\u00e9e de lecture estim\u00e9e\" \/>\n\t<meta name=\"twitter:data2\" content=\"1 minute\" \/>\n<script type=\"application\/ld+json\" class=\"yoast-schema-graph\">{\"@context\":\"https:\/\/schema.org\",\"@graph\":[{\"@type\":\"WebSite\",\"@id\":\"https:\/\/www.nettali.com\/#website\",\"url\":\"https:\/\/www.nettali.com\/\",\"name\":\"Nettali.com\",\"description\":\"Le rendez-vous critique du Net\",\"potentialAction\":[{\"@type\":\"SearchAction\",\"target\":{\"@type\":\"EntryPoint\",\"urlTemplate\":\"https:\/\/www.nettali.com\/?s={search_term_string}\"},\"query-input\":\"required name=search_term_string\"}],\"inLanguage\":\"fr-FR\"},{\"@type\":\"ImageObject\",\"@id\":\"https:\/\/www.nettali.com\/2024\/07\/15\/mbodiene-letat-du-senegal-retire-50-hectares-a-akon\/#primaryimage\",\"inLanguage\":\"fr-FR\",\"url\":\"https:\/\/www.nettali.com\/wp-content\/uploads\/2024\/07\/Akon-City-Senegal.jpg\",\"contentUrl\":\"https:\/\/www.nettali.com\/wp-content\/uploads\/2024\/07\/Akon-City-Senegal.jpg\",\"width\":1082,\"height\":600},{\"@type\":\"WebPage\",\"@id\":\"https:\/\/www.nettali.com\/2024\/07\/15\/mbodiene-letat-du-senegal-retire-50-hectares-a-akon\/#webpage\",\"url\":\"https:\/\/www.nettali.com\/2024\/07\/15\/mbodiene-letat-du-senegal-retire-50-hectares-a-akon\/\",\"name\":\"MBODI\\u00c8NE - L\\u2019\\u00c9tat du S\\u00e9n\\u00e9gal retire 50 hectares \\u00e0 Akon | Nettali.com\",\"isPartOf\":{\"@id\":\"https:\/\/www.nettali.com\/#website\"},\"primaryImageOfPage\":{\"@id\":\"https:\/\/www.nettali.com\/2024\/07\/15\/mbodiene-letat-du-senegal-retire-50-hectares-a-akon\/#primaryimage\"},\"datePublished\":\"2024-07-15T15:40:55+00:00\",\"dateModified\":\"2024-07-15T20:32:01+00:00\",\"author\":{\"@id\":\"https:\/\/www.nettali.com\/#\/schema\/person\/bb147657c2986240405a608162b9bb23\"},\"breadcrumb\":{\"@id\":\"https:\/\/www.nettali.com\/2024\/07\/15\/mbodiene-letat-du-senegal-retire-50-hectares-a-akon\/#breadcrumb\"},\"inLanguage\":\"fr-FR\",\"potentialAction\":[{\"@type\":\"ReadAction\",\"target\":[\"https:\/\/www.nettali.com\/2024\/07\/15\/mbodiene-letat-du-senegal-retire-50-hectares-a-akon\/\"]}]},{\"@type\":\"BreadcrumbList\",\"@id\":\"https:\/\/www.nettali.com\/2024\/07\/15\/mbodiene-letat-du-senegal-retire-50-hectares-a-akon\/#breadcrumb\",\"itemListElement\":[{\"@type\":\"ListItem\",\"position\":1,\"name\":\"Accueil\",\"item\":\"https:\/\/www.nettali.com\/\"},{\"@type\":\"ListItem\",\"position\":2,\"name\":\"MBODI\\u00c8NE - L\\u2019\\u00c9tat du S\\u00e9n\\u00e9gal retire 50 hectares \\u00e0 Akon\"}]},{\"@type\":\"Person\",\"@id\":\"https:\/\/www.nettali.com\/#\/schema\/person\/bb147657c2986240405a608162b9bb23\",\"name\":\"Ibrahima\",\"image\":{\"@type\":\"ImageObject\",\"@id\":\"https:\/\/www.nettali.com\/#personlogo\",\"inLanguage\":\"fr-FR\",\"url\":\"https:\/\/secure.gravatar.com\/avatar\/26a8a81f09f0dd7624c9d5c36c9ba3a2?s=96&d=mm&r=g\",\"contentUrl\":\"https:\/\/secure.gravatar.com\/avatar\/26a8a81f09f0dd7624c9d5c36c9ba3a2?s=96&d=mm&r=g\",\"caption\":\"Ibrahima\"},\"sameAs\":[\"https:\/\/www.nettali.com\"]}]}<\/script>\n<!-- \/ Yoast SEO Premium plugin. -->","yoast_head_json":{"title":"MBODI\u00c8NE - L\u2019\u00c9tat du S\u00e9n\u00e9gal retire 50 hectares \u00e0 Akon | Nettali.com","robots":{"index":"index","follow":"follow","max-snippet":"max-snippet:-1","max-image-preview":"max-image-preview:large","max-video-preview":"max-video-preview:-1"},"canonical":"https:\/\/www.nettali.com\/2024\/07\/15\/mbodiene-letat-du-senegal-retire-50-hectares-a-akon\/","og_locale":"fr_FR","og_type":"article","og_title":"MBODI\u00c8NE - L\u2019\u00c9tat du S\u00e9n\u00e9gal retire 50 hectares \u00e0 Akon","og_description":"NETTALI.COM - Mauvaise nouvelle pour Akon. Le rappeur s\u00e9n\u00e9galais va se voir retirer fin juillet 50 hectares donn\u00e9s en bail par l\u2019\u00c9tat du S\u00e9n\u00e9gal \u00e0 Mbodi\u00e8ne pour son projet de ville nouvelle, \"Akon City\", selon Africa Intelligence. Cependant le r\u00e9gime de Diomaye Faye a d\u00e9cid\u00e9 de lui laisser 5 hectares qu\u2019il a achet\u00e9 en titre [&hellip;]","og_url":"https:\/\/www.nettali.com\/2024\/07\/15\/mbodiene-letat-du-senegal-retire-50-hectares-a-akon\/","og_site_name":"Nettali.com","article_publisher":"https:\/\/www.facebook.com\/nettalicom","article_published_time":"2024-07-15T15:40:55+00:00","article_modified_time":"2024-07-15T20:32:01+00:00","og_image":[{"width":1082,"height":600,"url":"https:\/\/www.nettali.com\/wp-content\/uploads\/2024\/07\/Akon-City-Senegal.jpg","type":"image\/jpeg"}],"twitter_card":"summary_large_image","twitter_misc":{"\u00c9crit par":"Ibrahima","Dur\u00e9e de lecture estim\u00e9e":"1 minute"},"schema":{"@context":"https:\/\/schema.org","@graph":[{"@type":"WebSite","@id":"https:\/\/www.nettali.com\/#website","url":"https:\/\/www.nettali.com\/","name":"Nettali.com","description":"Le rendez-vous critique du Net","potentialAction":[{"@type":"SearchAction","target":{"@type":"EntryPoint","urlTemplate":"https:\/\/www.nettali.com\/?s={search_term_string}"},"query-input":"required name=search_term_string"}],"inLanguage":"fr-FR"},{"@type":"ImageObject","@id":"https:\/\/www.nettali.com\/2024\/07\/15\/mbodiene-letat-du-senegal-retire-50-hectares-a-akon\/#primaryimage","inLanguage":"fr-FR","url":"https:\/\/www.nettali.com\/wp-content\/uploads\/2024\/07\/Akon-City-Senegal.jpg","contentUrl":"https:\/\/www.nettali.com\/wp-content\/uploads\/2024\/07\/Akon-City-Senegal.jpg","width":1082,"height":600},{"@type":"WebPage","@id":"https:\/\/www.nettali.com\/2024\/07\/15\/mbodiene-letat-du-senegal-retire-50-hectares-a-akon\/#webpage","url":"https:\/\/www.nettali.com\/2024\/07\/15\/mbodiene-letat-du-senegal-retire-50-hectares-a-akon\/","name":"MBODI\u00c8NE - L\u2019\u00c9tat du S\u00e9n\u00e9gal retire 50 hectares \u00e0 Akon | Nettali.com","isPartOf":{"@id":"https:\/\/www.nettali.com\/#website"},"primaryImageOfPage":{"@id":"https:\/\/www.nettali.com\/2024\/07\/15\/mbodiene-letat-du-senegal-retire-50-hectares-a-akon\/#primaryimage"},"datePublished":"2024-07-15T15:40:55+00:00","dateModified":"2024-07-15T20:32:01+00:00","author":{"@id":"https:\/\/www.nettali.com\/#\/schema\/person\/bb147657c2986240405a608162b9bb23"},"breadcrumb":{"@id":"https:\/\/www.nettali.com\/2024\/07\/15\/mbodiene-letat-du-senegal-retire-50-hectares-a-akon\/#breadcrumb"},"inLanguage":"fr-FR","potentialAction":[{"@type":"ReadAction","target":["https:\/\/www.nettali.com\/2024\/07\/15\/mbodiene-letat-du-senegal-retire-50-hectares-a-akon\/"]}]},{"@type":"BreadcrumbList","@id":"https:\/\/www.nettali.com\/2024\/07\/15\/mbodiene-letat-du-senegal-retire-50-hectares-a-akon\/#breadcrumb","itemListElement":[{"@type":"ListItem","position":1,"name":"Accueil","item":"https:\/\/www.nettali.com\/"},{"@type":"ListItem","position":2,"name":"MBODI\u00c8NE - L\u2019\u00c9tat du S\u00e9n\u00e9gal retire 50 hectares \u00e0 Akon"}]},{"@type":"Person","@id":"https:\/\/www.nettali.com\/#\/schema\/person\/bb147657c2986240405a608162b9bb23","name":"Ibrahima","image":{"@type":"ImageObject","@id":"https:\/\/www.nettali.com\/#personlogo","inLanguage":"fr-FR","url":"https:\/\/secure.gravatar.com\/avatar\/26a8a81f09f0dd7624c9d5c36c9ba3a2?s=96&d=mm&r=g","contentUrl":"https:\/\/secure.gravatar.com\/avatar\/26a8a81f09f0dd7624c9d5c36c9ba3a2?s=96&d=mm&r=g","caption":"Ibrahima"},"sameAs":["https:\/\/www.nettali.com"]}]}},"_links":{"self":[{"href":"https:\/\/www.nettali.com\/rest\/wp\/v2\/posts\/136998"}],"collection":[{"href":"https:\/\/www.nettali.com\/rest\/wp\/v2\/posts"}],"about":[{"href":"https:\/\/www.nettali.com\/rest\/wp\/v2\/types\/post"}],"author":[{"embeddable":true,"href":"https:\/\/www.nettali.com\/rest\/wp\/v2\/users\/5"}],"replies":[{"embeddable":true,"href":"https:\/\/www.nettali.com\/rest\/wp\/v2\/comments?post=136998"}],"version-history":[{"count":1,"href":"https:\/\/www.nettali.com\/rest\/wp\/v2\/posts\/136998\/revisions"}],"predecessor-version":[{"id":137000,"href":"https:\/\/www.nettali.com\/rest\/wp\/v2\/posts\/136998\/revisions\/137000"}],"wp:featuredmedia":[{"embeddable":true,"href":"https:\/\/www.nettali.com\/rest\/wp\/v2\/media\/136999"}],"wp:attachment":[{"href":"https:\/\/www.nettali.com\/rest\/wp\/v2\/media?parent=136998"}],"wp:term":[{"taxonomy":"category","embeddable":true,"href":"https:\/\/www.nettali.com\/rest\/wp\/v2\/categories?post=136998"},{"taxonomy":"post_tag","embeddable":true,"href":"https:\/\/www.nettali.com\/rest\/wp\/v2\/tags?post=136998"}],"curies":[{"name":"wp","href":"https:\/\/api.w.org\/{rel}","templated":true}]}}