{"id":136995,"date":"2024-07-15T20:30:27","date_gmt":"2024-07-15T20:30:27","guid":{"rendered":"https:\/\/www.nettali.com\/?p=136995"},"modified":"2024-07-16T09:23:49","modified_gmt":"2024-07-16T09:23:49","slug":"presidence-abdou-mbow-demande-a-diomaye-de-ceder-son-fauteuil-a-sonko","status":"publish","type":"post","link":"https:\/\/www.nettali.com\/2024\/07\/15\/presidence-abdou-mbow-demande-a-diomaye-de-ceder-son-fauteuil-a-sonko\/","title":{"rendered":"PR\u00c9SIDENCE - Abdou Mbow demande \u00e0 Diomaye de c\u00e9der son fauteuil \u00e0 Sonko"},"content":{"rendered":"<p><strong>NETTALI.COM - Suite aux propos tenus par le Pr\u00e9sident, Bassirou Diomaye Faye, samedi face \u00e0 la presse, les r\u00e9actions ne se sont pas fait attendre du c\u00f4t\u00e9 des hommes politiques, surtout la nouvelle opposition. Sur cette lanc\u00e9e, Abdou Mbow, pr\u00e9sident du groupe parlementaire Benno Bokk Yaakaar (BBY), ne semble pas appr\u00e9cier les t\u00e9moignages du Pr\u00e9sident \u00e0 l'endroit de son Premier ministre.<\/strong><\/p>\n<p>Ainsi, sans tourner autour du pot, le d\u00e9put\u00e9 de Bby qui s\u2019est confi\u00e9 \u00e0 Rfm, demande la d\u00e9mission du chef de l\u2019Etat, afin que des \u00e9lections soient organis\u00e9es pour \u00e9lire Ousmane Sonko, au vu de ce qu\u2019il a dit sur l\u2019Assembl\u00e9e nationale. Il a m\u00eame annonc\u00e9 une d\u00e9claration prochaine pour r\u00e9tablir la v\u00e9rit\u00e9.<\/p>\n<p>Pour revenir sur ses propos : \"<em>Je voudrai montrer ma d\u00e9ception qui est une d\u00e9ception grande. Quand un Pr\u00e9sident mobilise la presse, je pensais qu\u2019il allait dire enfin o\u00f9 son r\u00e9gime va aller, o\u00f9 se trouve le Projet que l\u2019on cherche et qui est invisible ; et nous dire enfin que son Premier ministre va aller faire sa d\u00e9claration de politique g\u00e9n\u00e9rale. Nous avons vu un pr\u00e9sident de la R\u00e9publique qui a montr\u00e9 qu\u2019il n\u2019est pas l\u2019homme qu\u2019il faut \u00e0 la place qu\u2019il faut. Ousmane Sonko, je ne lui dis pas de lorgner le fauteuil, mais de le regarder. Mais, s\u2019il n\u2019est pas capable de diriger le S\u00e9n\u00e9gal, au nom de Dieu, il n\u2019a qu\u2019\u00e0 d\u00e9missionner et organiser des \u00e9lections anticip\u00e9es pour \u00e9lire Sonko comme il le souhaite<\/em>\", a d\u00e9clar\u00e9 le pr\u00e9sident du groupe parlementaire BBY.<\/p>\n<p>Poursuivant\u00a0 celui-ci de dire : \"t<em>out ce qu\u2019il a dit sur l\u2019Assembl\u00e9e Nationale en prot\u00e9geant son Premier ministre est loin de la v\u00e9rit\u00e9. Le S\u00e9n\u00e9gal ne m\u00e9rite pas des hommes d\u2019Etat comme \u00e7a. Dans les prochains jours, on fera une d\u00e9claration pour \u00e9claircir tout ce qu\u2019il a dit. Parce que tout ce qu\u2019il a dit est faux\u2026 Et, \u00e7a n\u2019a rien \u00e0 voir avec la r\u00e9alit\u00e9<\/em>\".<\/p>\n<div class='share-to-whatsapp-wrapper'><div class='share-on-whsp'>PARTAGER SUR : <\/div><a data-text='PR\u00c9SIDENCE - Abdou Mbow demande \u00e0 Diomaye de c\u00e9der son fauteuil \u00e0 Sonko' data-link='https:\/\/www.nettali.com\/2024\/07\/15\/presidence-abdou-mbow-demande-a-diomaye-de-ceder-son-fauteuil-a-sonko\/' class='whatsapp-button whatsapp-share'>WhatsApp<\/a><div class='clear '><\/div><\/div>","protected":false},"excerpt":{"rendered":"<p>NETTALI.COM - Suite aux propos tenus par le Pr\u00e9sident, Bassirou Diomaye Faye, samedi face \u00e0 la presse, les r\u00e9actions ne se sont pas fait attendre du c\u00f4t\u00e9 des hommes politiques, surtout la nouvelle opposition. Sur cette lanc\u00e9e, Abdou Mbow, pr\u00e9sident du groupe parlementaire Benno Bokk Yaakaar (BBY), ne semble pas appr\u00e9cier les t\u00e9moignages du Pr\u00e9sident [&hellip;]<\/p>\n","protected":false},"author":6,"featured_media":136996,"comment_status":"open","ping_status":"open","sticky":false,"template":"","format":"standard","meta":{"_et_pb_use_builder":"","_et_pb_old_content":""},"categories":[2],"tags":[],"yoast_head":"<!-- This site is optimized with the Yoast SEO Premium plugin v17.8 (Yoast SEO v17.8) - https:\/\/yoast.com\/wordpress\/plugins\/seo\/ -->\n<title>PR\u00c9SIDENCE - Abdou Mbow demande \u00e0 Diomaye de c\u00e9der son fauteuil \u00e0 Sonko | Nettali.com<\/title>\n<meta name=\"robots\" content=\"index, follow, max-snippet:-1, max-image-preview:large, max-video-preview:-1\" \/>\n<link rel=\"canonical\" href=\"https:\/\/www.nettali.com\/2024\/07\/15\/presidence-abdou-mbow-demande-a-diomaye-de-ceder-son-fauteuil-a-sonko\/\" \/>\n<meta property=\"og:locale\" content=\"fr_FR\" \/>\n<meta property=\"og:type\" content=\"article\" \/>\n<meta property=\"og:title\" content=\"PR\u00c9SIDENCE - Abdou Mbow demande \u00e0 Diomaye de c\u00e9der son fauteuil \u00e0 Sonko\" \/>\n<meta property=\"og:description\" content=\"NETTALI.COM - Suite aux propos tenus par le Pr\u00e9sident, Bassirou Diomaye Faye, samedi face \u00e0 la presse, les r\u00e9actions ne se sont pas fait attendre du c\u00f4t\u00e9 des hommes politiques, surtout la nouvelle opposition. Sur cette lanc\u00e9e, Abdou Mbow, pr\u00e9sident du groupe parlementaire Benno Bokk Yaakaar (BBY), ne semble pas appr\u00e9cier les t\u00e9moignages du Pr\u00e9sident [&hellip;]\" \/>\n<meta property=\"og:url\" content=\"https:\/\/www.nettali.com\/2024\/07\/15\/presidence-abdou-mbow-demande-a-diomaye-de-ceder-son-fauteuil-a-sonko\/\" \/>\n<meta property=\"og:site_name\" content=\"Nettali.com\" \/>\n<meta property=\"article:publisher\" content=\"https:\/\/www.facebook.com\/nettalicom\" \/>\n<meta property=\"article:published_time\" content=\"2024-07-15T20:30:27+00:00\" \/>\n<meta property=\"article:modified_time\" content=\"2024-07-16T09:23:49+00:00\" \/>\n<meta property=\"og:image\" content=\"https:\/\/www.nettali.com\/wp-content\/uploads\/2024\/07\/73961744-51440888.jpg\" \/>\n\t<meta property=\"og:image:width\" content=\"755\" \/>\n\t<meta property=\"og:image:height\" content=\"449\" \/>\n<meta name=\"twitter:card\" content=\"summary_large_image\" \/>\n<meta name=\"twitter:label1\" content=\"\u00c9crit par\" \/>\n\t<meta name=\"twitter:data1\" content=\"Fatou\" \/>\n\t<meta name=\"twitter:label2\" content=\"Dur\u00e9e de lecture estim\u00e9e\" \/>\n\t<meta name=\"twitter:data2\" content=\"2 minutes\" \/>\n<script type=\"application\/ld+json\" class=\"yoast-schema-graph\">{\"@context\":\"https:\/\/schema.org\",\"@graph\":[{\"@type\":\"WebSite\",\"@id\":\"https:\/\/www.nettali.com\/#website\",\"url\":\"https:\/\/www.nettali.com\/\",\"name\":\"Nettali.com\",\"description\":\"Le rendez-vous critique du Net\",\"potentialAction\":[{\"@type\":\"SearchAction\",\"target\":{\"@type\":\"EntryPoint\",\"urlTemplate\":\"https:\/\/www.nettali.com\/?s={search_term_string}\"},\"query-input\":\"required name=search_term_string\"}],\"inLanguage\":\"fr-FR\"},{\"@type\":\"ImageObject\",\"@id\":\"https:\/\/www.nettali.com\/2024\/07\/15\/presidence-abdou-mbow-demande-a-diomaye-de-ceder-son-fauteuil-a-sonko\/#primaryimage\",\"inLanguage\":\"fr-FR\",\"url\":\"https:\/\/www.nettali.com\/wp-content\/uploads\/2024\/07\/73961744-51440888.jpg\",\"contentUrl\":\"https:\/\/www.nettali.com\/wp-content\/uploads\/2024\/07\/73961744-51440888.jpg\",\"width\":755,\"height\":449},{\"@type\":\"WebPage\",\"@id\":\"https:\/\/www.nettali.com\/2024\/07\/15\/presidence-abdou-mbow-demande-a-diomaye-de-ceder-son-fauteuil-a-sonko\/#webpage\",\"url\":\"https:\/\/www.nettali.com\/2024\/07\/15\/presidence-abdou-mbow-demande-a-diomaye-de-ceder-son-fauteuil-a-sonko\/\",\"name\":\"PR\\u00c9SIDENCE - Abdou Mbow demande \\u00e0 Diomaye de c\\u00e9der son fauteuil \\u00e0 Sonko | Nettali.com\",\"isPartOf\":{\"@id\":\"https:\/\/www.nettali.com\/#website\"},\"primaryImageOfPage\":{\"@id\":\"https:\/\/www.nettali.com\/2024\/07\/15\/presidence-abdou-mbow-demande-a-diomaye-de-ceder-son-fauteuil-a-sonko\/#primaryimage\"},\"datePublished\":\"2024-07-15T20:30:27+00:00\",\"dateModified\":\"2024-07-16T09:23:49+00:00\",\"author\":{\"@id\":\"https:\/\/www.nettali.com\/#\/schema\/person\/418274a86bdf87caff7a3ef476bd0bbf\"},\"breadcrumb\":{\"@id\":\"https:\/\/www.nettali.com\/2024\/07\/15\/presidence-abdou-mbow-demande-a-diomaye-de-ceder-son-fauteuil-a-sonko\/#breadcrumb\"},\"inLanguage\":\"fr-FR\",\"potentialAction\":[{\"@type\":\"ReadAction\",\"target\":[\"https:\/\/www.nettali.com\/2024\/07\/15\/presidence-abdou-mbow-demande-a-diomaye-de-ceder-son-fauteuil-a-sonko\/\"]}]},{\"@type\":\"BreadcrumbList\",\"@id\":\"https:\/\/www.nettali.com\/2024\/07\/15\/presidence-abdou-mbow-demande-a-diomaye-de-ceder-son-fauteuil-a-sonko\/#breadcrumb\",\"itemListElement\":[{\"@type\":\"ListItem\",\"position\":1,\"name\":\"Accueil\",\"item\":\"https:\/\/www.nettali.com\/\"},{\"@type\":\"ListItem\",\"position\":2,\"name\":\"PR\\u00c9SIDENCE - Abdou Mbow demande \\u00e0 Diomaye de c\\u00e9der son fauteuil \\u00e0 Sonko\"}]},{\"@type\":\"Person\",\"@id\":\"https:\/\/www.nettali.com\/#\/schema\/person\/418274a86bdf87caff7a3ef476bd0bbf\",\"name\":\"Fatou\",\"image\":{\"@type\":\"ImageObject\",\"@id\":\"https:\/\/www.nettali.com\/#personlogo\",\"inLanguage\":\"fr-FR\",\"url\":\"https:\/\/secure.gravatar.com\/avatar\/5a9442a2bee7b4dcf167cab035858e9a?s=96&d=mm&r=g\",\"contentUrl\":\"https:\/\/secure.gravatar.com\/avatar\/5a9442a2bee7b4dcf167cab035858e9a?s=96&d=mm&r=g\",\"caption\":\"Fatou\"},\"sameAs\":[\"https:\/\/www.nettali.com\"]}]}<\/script>\n<!-- \/ Yoast SEO Premium plugin. -->","yoast_head_json":{"title":"PR\u00c9SIDENCE - Abdou Mbow demande \u00e0 Diomaye de c\u00e9der son fauteuil \u00e0 Sonko | Nettali.com","robots":{"index":"index","follow":"follow","max-snippet":"max-snippet:-1","max-image-preview":"max-image-preview:large","max-video-preview":"max-video-preview:-1"},"canonical":"https:\/\/www.nettali.com\/2024\/07\/15\/presidence-abdou-mbow-demande-a-diomaye-de-ceder-son-fauteuil-a-sonko\/","og_locale":"fr_FR","og_type":"article","og_title":"PR\u00c9SIDENCE - Abdou Mbow demande \u00e0 Diomaye de c\u00e9der son fauteuil \u00e0 Sonko","og_description":"NETTALI.COM - Suite aux propos tenus par le Pr\u00e9sident, Bassirou Diomaye Faye, samedi face \u00e0 la presse, les r\u00e9actions ne se sont pas fait attendre du c\u00f4t\u00e9 des hommes politiques, surtout la nouvelle opposition. Sur cette lanc\u00e9e, Abdou Mbow, pr\u00e9sident du groupe parlementaire Benno Bokk Yaakaar (BBY), ne semble pas appr\u00e9cier les t\u00e9moignages du Pr\u00e9sident [&hellip;]","og_url":"https:\/\/www.nettali.com\/2024\/07\/15\/presidence-abdou-mbow-demande-a-diomaye-de-ceder-son-fauteuil-a-sonko\/","og_site_name":"Nettali.com","article_publisher":"https:\/\/www.facebook.com\/nettalicom","article_published_time":"2024-07-15T20:30:27+00:00","article_modified_time":"2024-07-16T09:23:49+00:00","og_image":[{"width":755,"height":449,"url":"https:\/\/www.nettali.com\/wp-content\/uploads\/2024\/07\/73961744-51440888.jpg","type":"image\/jpeg"}],"twitter_card":"summary_large_image","twitter_misc":{"\u00c9crit par":"Fatou","Dur\u00e9e de lecture estim\u00e9e":"2 minutes"},"schema":{"@context":"https:\/\/schema.org","@graph":[{"@type":"WebSite","@id":"https:\/\/www.nettali.com\/#website","url":"https:\/\/www.nettali.com\/","name":"Nettali.com","description":"Le rendez-vous critique du Net","potentialAction":[{"@type":"SearchAction","target":{"@type":"EntryPoint","urlTemplate":"https:\/\/www.nettali.com\/?s={search_term_string}"},"query-input":"required name=search_term_string"}],"inLanguage":"fr-FR"},{"@type":"ImageObject","@id":"https:\/\/www.nettali.com\/2024\/07\/15\/presidence-abdou-mbow-demande-a-diomaye-de-ceder-son-fauteuil-a-sonko\/#primaryimage","inLanguage":"fr-FR","url":"https:\/\/www.nettali.com\/wp-content\/uploads\/2024\/07\/73961744-51440888.jpg","contentUrl":"https:\/\/www.nettali.com\/wp-content\/uploads\/2024\/07\/73961744-51440888.jpg","width":755,"height":449},{"@type":"WebPage","@id":"https:\/\/www.nettali.com\/2024\/07\/15\/presidence-abdou-mbow-demande-a-diomaye-de-ceder-son-fauteuil-a-sonko\/#webpage","url":"https:\/\/www.nettali.com\/2024\/07\/15\/presidence-abdou-mbow-demande-a-diomaye-de-ceder-son-fauteuil-a-sonko\/","name":"PR\u00c9SIDENCE - Abdou Mbow demande \u00e0 Diomaye de c\u00e9der son fauteuil \u00e0 Sonko | Nettali.com","isPartOf":{"@id":"https:\/\/www.nettali.com\/#website"},"primaryImageOfPage":{"@id":"https:\/\/www.nettali.com\/2024\/07\/15\/presidence-abdou-mbow-demande-a-diomaye-de-ceder-son-fauteuil-a-sonko\/#primaryimage"},"datePublished":"2024-07-15T20:30:27+00:00","dateModified":"2024-07-16T09:23:49+00:00","author":{"@id":"https:\/\/www.nettali.com\/#\/schema\/person\/418274a86bdf87caff7a3ef476bd0bbf"},"breadcrumb":{"@id":"https:\/\/www.nettali.com\/2024\/07\/15\/presidence-abdou-mbow-demande-a-diomaye-de-ceder-son-fauteuil-a-sonko\/#breadcrumb"},"inLanguage":"fr-FR","potentialAction":[{"@type":"ReadAction","target":["https:\/\/www.nettali.com\/2024\/07\/15\/presidence-abdou-mbow-demande-a-diomaye-de-ceder-son-fauteuil-a-sonko\/"]}]},{"@type":"BreadcrumbList","@id":"https:\/\/www.nettali.com\/2024\/07\/15\/presidence-abdou-mbow-demande-a-diomaye-de-ceder-son-fauteuil-a-sonko\/#breadcrumb","itemListElement":[{"@type":"ListItem","position":1,"name":"Accueil","item":"https:\/\/www.nettali.com\/"},{"@type":"ListItem","position":2,"name":"PR\u00c9SIDENCE - Abdou Mbow demande \u00e0 Diomaye de c\u00e9der son fauteuil \u00e0 Sonko"}]},{"@type":"Person","@id":"https:\/\/www.nettali.com\/#\/schema\/person\/418274a86bdf87caff7a3ef476bd0bbf","name":"Fatou","image":{"@type":"ImageObject","@id":"https:\/\/www.nettali.com\/#personlogo","inLanguage":"fr-FR","url":"https:\/\/secure.gravatar.com\/avatar\/5a9442a2bee7b4dcf167cab035858e9a?s=96&d=mm&r=g","contentUrl":"https:\/\/secure.gravatar.com\/avatar\/5a9442a2bee7b4dcf167cab035858e9a?s=96&d=mm&r=g","caption":"Fatou"},"sameAs":["https:\/\/www.nettali.com"]}]}},"_links":{"self":[{"href":"https:\/\/www.nettali.com\/rest\/wp\/v2\/posts\/136995"}],"collection":[{"href":"https:\/\/www.nettali.com\/rest\/wp\/v2\/posts"}],"about":[{"href":"https:\/\/www.nettali.com\/rest\/wp\/v2\/types\/post"}],"author":[{"embeddable":true,"href":"https:\/\/www.nettali.com\/rest\/wp\/v2\/users\/6"}],"replies":[{"embeddable":true,"href":"https:\/\/www.nettali.com\/rest\/wp\/v2\/comments?post=136995"}],"version-history":[{"count":5,"href":"https:\/\/www.nettali.com\/rest\/wp\/v2\/posts\/136995\/revisions"}],"predecessor-version":[{"id":137010,"href":"https:\/\/www.nettali.com\/rest\/wp\/v2\/posts\/136995\/revisions\/137010"}],"wp:featuredmedia":[{"embeddable":true,"href":"https:\/\/www.nettali.com\/rest\/wp\/v2\/media\/136996"}],"wp:attachment":[{"href":"https:\/\/www.nettali.com\/rest\/wp\/v2\/media?parent=136995"}],"wp:term":[{"taxonomy":"category","embeddable":true,"href":"https:\/\/www.nettali.com\/rest\/wp\/v2\/categories?post=136995"},{"taxonomy":"post_tag","embeddable":true,"href":"https:\/\/www.nettali.com\/rest\/wp\/v2\/tags?post=136995"}],"curies":[{"name":"wp","href":"https:\/\/api.w.org\/{rel}","templated":true}]}}