{"id":136970,"date":"2024-07-15T07:18:32","date_gmt":"2024-07-15T07:18:32","guid":{"rendered":"https:\/\/www.nettali.com\/?p=136970"},"modified":"2024-07-15T07:48:08","modified_gmt":"2024-07-15T07:48:08","slug":"face-a-face-du-president-bassirou-faye-avec-la-presse-les-notes-dalioune-tine","status":"publish","type":"post","link":"https:\/\/www.nettali.com\/2024\/07\/15\/face-a-face-du-president-bassirou-faye-avec-la-presse-les-notes-dalioune-tine\/","title":{"rendered":"FACE-\u00c0-FACE DU PR\u00c9SIDENT BASSIROU FAYE AVEC LA PRESSE - Les notes d\u2019Alioune Tine"},"content":{"rendered":"<div class=\"page\" title=\"Page 2\">\n<div class=\"section\">\n<div class=\"layoutArea\">\n<div class=\"column\">\n<p><strong>NETTALI.COM -<\/strong> Apre\u0300s son face-a\u0300-face avec la presse, a\u0300 l'occasion de ses 100 jours, le pre\u0301sident de la Re\u0301publique, Bassirou Diomaye Diakhar Faye, a e\u0301te\u0301 fe\u0301licite\u0301 par le pre\u0301sident d\u2019Afrikajom Center, Alioune Tine. Dans un post sur X, il a appre\u0301cie\u0301 la \"lucidite\u0301 sereine\" du chef de l'E\u0301tat et a plaide\u0301 pour le dialogue et la flexibilite\u0301, concernant la question des impo\u0302ts que doivent payer les entreprises prive\u0301es, notamment la presse.<\/p>\n<p>\"<em>Un pre\u0301sident qui de\u0301missionne de son parti, qui reconnai\u0302t la forte le\u0301gitimite\u0301 et le leadership de son charismatique Premier ministre Ousmane Sonko, un Premier ministre de\u0301bordant d'e\u0301nergie, fin politicien espie\u0300gle et provocateur a\u0300 souhait. Travailleur boulimique et infatigable, qui jouit de sa confiance totale, de sa profonde amitie\u0301 et de son admiration sans faille. En retour, Sonko, loyal, reconnai\u0302t son autorite\u0301. Il faut rappeler ici les mots de Mamadou Dia : \u2018Apre\u0300s la prison, j'avais une admiration irrationnelle pour Senghor. J'e\u0301tais son \u2018bayfal\u2019, je suis incapable de haine contre Senghor.\u2019 Dia e\u0301tait un homme de Dieu, un humaniste profond. Une lec\u0327on a\u0300 me\u0301diter dans notre long parcours politique. Le chef de l\u2019E\u0301tat est un re\u0301gulateur efficace qui re\u0300gle les proble\u0300mes sans bruit ni trompette. Bassirou est un pre\u0301sident re\u0301gulateur efficace et discret ; son ro\u0302le dans le conflit qui oppose les de\u0301pute\u0301s a\u0300 Ousmane Sonko sur le re\u0300glement inte\u0301rieur de l'Assemble\u0301e nationale a e\u0301te\u0301 re\u0301gle\u0301 sans bruit ni trompette, en parlant au pre\u0301sident de l'Assemble\u0301e nationale. C'est cela re\u0301guler, en tant que gar- dien de la Constitution et garant du bon fonctionnement des institutions\"<\/em>, lit-on dans son tweet.<\/p>\n<\/div>\n<div class=\"column\">\n<p>Sur la re\u0301vision des contrats miniers, selon lui, le chef de l\u2019E\u0301tat a explique\u0301 cela de fac\u0327on rationnelle, pour tirer le meilleur parti pour le pays. \"<em>C'est le bon sens le plus e\u0301le\u0301mentaire. Ailleurs, des leaders sont alle\u0301s plus loin avec la nationalisation des ressources et cela n'a pas entrai\u0302ne\u0301 la fin du monde. Il est donc possible de re\u0301viser les contrats miniers ou autres sans difficulte\u0301 par le dialogue et sans stress. La rupture avec le passe\u0301, c'est c\u0327a aussi. Les impo\u0302ts et les ATD (avis a\u0300 tiers de\u0301tenteur), en ce moment, cela fait grand bruit, c\u0327a fait peur et c\u0327a inquie\u0300te au-dela\u0300 des entreprises de presse. Ici, la rupture est brutale. Le pre\u0301sident, tout en invoquant la loi et les principes e\u0301le\u0301mentaires qui incombent a\u0300 tous, reste inflexible : il faut payer l'impo\u0302t. C'est un re\u0301flexe et une de\u0301formation professionnelle qu'il avoue tranquillement. Qui peut contester son raisonnement ? Personne. Cependant, je plaide pour le dialogue et la flexibilite\u0301 sur cette question. S'il s'agit de pe\u0301dagogie, je peux assurer au pre\u0301sident que la lec\u0327on est sue. Bien su\u0302r me\u0302me. Beaucoup de patrons touche\u0301s m'ont parle\u0301, pas seulement les entreprises de presse. Il y a de l'angoisse, de la peur et du stress qui gagnent du terrain. Il faut les recevoir, les e\u0301couter, les rassurer et leur proposer des moratoires\"<\/em>, a- t-il pre\u0301cise\u0301.<\/p>\n<\/div>\n<div class=\"column\">\n<p>Il a e\u0301galement salue\u0301 la nomination du professeur Abdoulaye Bathily, qui cumule un parcours poli- tique, acade\u0301mique et diplomatique comme envoye\u0301 spe\u0301cial<\/p>\n<\/div>\n<\/div>\n<\/div>\n<\/div>\n<div class='share-to-whatsapp-wrapper'><div class='share-on-whsp'>PARTAGER SUR : <\/div><a data-text='FACE-\u00c0-FACE DU PR\u00c9SIDENT BASSIROU FAYE AVEC LA PRESSE - Les notes d\u2019Alioune Tine' data-link='https:\/\/www.nettali.com\/2024\/07\/15\/face-a-face-du-president-bassirou-faye-avec-la-presse-les-notes-dalioune-tine\/' class='whatsapp-button whatsapp-share'>WhatsApp<\/a><div class='clear '><\/div><\/div>","protected":false},"excerpt":{"rendered":"<p>NETTALI.COM - Apre\u0300s son face-a\u0300-face avec la presse, a\u0300 l'occasion de ses 100 jours, le pre\u0301sident de la Re\u0301publique, Bassirou Diomaye Diakhar Faye, a e\u0301te\u0301 fe\u0301licite\u0301 par le pre\u0301sident d\u2019Afrikajom Center, Alioune Tine. Dans un post sur X, il a appre\u0301cie\u0301 la \"lucidite\u0301 sereine\" du chef de l'E\u0301tat et a plaide\u0301 pour le dialogue et [&hellip;]<\/p>\n","protected":false},"author":2,"featured_media":136971,"comment_status":"open","ping_status":"open","sticky":false,"template":"","format":"standard","meta":{"_et_pb_use_builder":"","_et_pb_old_content":""},"categories":[2],"tags":[],"yoast_head":"<!-- This site is optimized with the Yoast SEO Premium plugin v17.8 (Yoast SEO v17.8) - https:\/\/yoast.com\/wordpress\/plugins\/seo\/ -->\n<title>FACE-\u00c0-FACE DU PR\u00c9SIDENT BASSIROU FAYE AVEC LA PRESSE - Les notes d\u2019Alioune Tine | Nettali.com<\/title>\n<meta name=\"robots\" content=\"index, follow, max-snippet:-1, max-image-preview:large, max-video-preview:-1\" \/>\n<link rel=\"canonical\" href=\"https:\/\/www.nettali.com\/2024\/07\/15\/face-a-face-du-president-bassirou-faye-avec-la-presse-les-notes-dalioune-tine\/\" \/>\n<meta property=\"og:locale\" content=\"fr_FR\" \/>\n<meta property=\"og:type\" content=\"article\" \/>\n<meta property=\"og:title\" content=\"FACE-\u00c0-FACE DU PR\u00c9SIDENT BASSIROU FAYE AVEC LA PRESSE - Les notes d\u2019Alioune Tine\" \/>\n<meta property=\"og:description\" content=\"NETTALI.COM - Apre\u0300s son face-a\u0300-face avec la presse, a\u0300 l&#039;occasion de ses 100 jours, le pre\u0301sident de la Re\u0301publique, Bassirou Diomaye Diakhar Faye, a e\u0301te\u0301 fe\u0301licite\u0301 par le pre\u0301sident d\u2019Afrikajom Center, Alioune Tine. Dans un post sur X, il a appre\u0301cie\u0301 la &quot;lucidite\u0301 sereine&quot; du chef de l&#039;E\u0301tat et a plaide\u0301 pour le dialogue et [&hellip;]\" \/>\n<meta property=\"og:url\" content=\"https:\/\/www.nettali.com\/2024\/07\/15\/face-a-face-du-president-bassirou-faye-avec-la-presse-les-notes-dalioune-tine\/\" \/>\n<meta property=\"og:site_name\" content=\"Nettali.com\" \/>\n<meta property=\"article:publisher\" content=\"https:\/\/www.facebook.com\/nettalicom\" \/>\n<meta property=\"article:published_time\" content=\"2024-07-15T07:18:32+00:00\" \/>\n<meta property=\"article:modified_time\" content=\"2024-07-15T07:48:08+00:00\" \/>\n<meta property=\"og:image\" content=\"https:\/\/www.nettali.com\/wp-content\/uploads\/2024\/07\/IMG_9468.jpeg\" \/>\n\t<meta property=\"og:image:width\" content=\"600\" \/>\n\t<meta property=\"og:image:height\" content=\"400\" \/>\n<meta name=\"twitter:card\" content=\"summary_large_image\" \/>\n<meta name=\"twitter:label1\" content=\"\u00c9crit par\" \/>\n\t<meta name=\"twitter:data1\" content=\"CK\" \/>\n\t<meta name=\"twitter:label2\" content=\"Dur\u00e9e de lecture estim\u00e9e\" \/>\n\t<meta name=\"twitter:data2\" content=\"3 minutes\" \/>\n<script type=\"application\/ld+json\" class=\"yoast-schema-graph\">{\"@context\":\"https:\/\/schema.org\",\"@graph\":[{\"@type\":\"WebSite\",\"@id\":\"https:\/\/www.nettali.com\/#website\",\"url\":\"https:\/\/www.nettali.com\/\",\"name\":\"Nettali.com\",\"description\":\"Le rendez-vous critique du Net\",\"potentialAction\":[{\"@type\":\"SearchAction\",\"target\":{\"@type\":\"EntryPoint\",\"urlTemplate\":\"https:\/\/www.nettali.com\/?s={search_term_string}\"},\"query-input\":\"required name=search_term_string\"}],\"inLanguage\":\"fr-FR\"},{\"@type\":\"ImageObject\",\"@id\":\"https:\/\/www.nettali.com\/2024\/07\/15\/face-a-face-du-president-bassirou-faye-avec-la-presse-les-notes-dalioune-tine\/#primaryimage\",\"inLanguage\":\"fr-FR\",\"url\":\"https:\/\/www.nettali.com\/wp-content\/uploads\/2024\/07\/IMG_9468.jpeg\",\"contentUrl\":\"https:\/\/www.nettali.com\/wp-content\/uploads\/2024\/07\/IMG_9468.jpeg\",\"width\":600,\"height\":400},{\"@type\":\"WebPage\",\"@id\":\"https:\/\/www.nettali.com\/2024\/07\/15\/face-a-face-du-president-bassirou-faye-avec-la-presse-les-notes-dalioune-tine\/#webpage\",\"url\":\"https:\/\/www.nettali.com\/2024\/07\/15\/face-a-face-du-president-bassirou-faye-avec-la-presse-les-notes-dalioune-tine\/\",\"name\":\"FACE-\\u00c0-FACE DU PR\\u00c9SIDENT BASSIROU FAYE AVEC LA PRESSE - Les notes d\\u2019Alioune Tine | Nettali.com\",\"isPartOf\":{\"@id\":\"https:\/\/www.nettali.com\/#website\"},\"primaryImageOfPage\":{\"@id\":\"https:\/\/www.nettali.com\/2024\/07\/15\/face-a-face-du-president-bassirou-faye-avec-la-presse-les-notes-dalioune-tine\/#primaryimage\"},\"datePublished\":\"2024-07-15T07:18:32+00:00\",\"dateModified\":\"2024-07-15T07:48:08+00:00\",\"author\":{\"@id\":\"https:\/\/www.nettali.com\/#\/schema\/person\/d8ac7b7e27ddad43f1c0d2ef090d7f71\"},\"breadcrumb\":{\"@id\":\"https:\/\/www.nettali.com\/2024\/07\/15\/face-a-face-du-president-bassirou-faye-avec-la-presse-les-notes-dalioune-tine\/#breadcrumb\"},\"inLanguage\":\"fr-FR\",\"potentialAction\":[{\"@type\":\"ReadAction\",\"target\":[\"https:\/\/www.nettali.com\/2024\/07\/15\/face-a-face-du-president-bassirou-faye-avec-la-presse-les-notes-dalioune-tine\/\"]}]},{\"@type\":\"BreadcrumbList\",\"@id\":\"https:\/\/www.nettali.com\/2024\/07\/15\/face-a-face-du-president-bassirou-faye-avec-la-presse-les-notes-dalioune-tine\/#breadcrumb\",\"itemListElement\":[{\"@type\":\"ListItem\",\"position\":1,\"name\":\"Accueil\",\"item\":\"https:\/\/www.nettali.com\/\"},{\"@type\":\"ListItem\",\"position\":2,\"name\":\"FACE-\\u00c0-FACE DU PR\\u00c9SIDENT BASSIROU FAYE AVEC LA PRESSE - Les notes d\\u2019Alioune Tine\"}]},{\"@type\":\"Person\",\"@id\":\"https:\/\/www.nettali.com\/#\/schema\/person\/d8ac7b7e27ddad43f1c0d2ef090d7f71\",\"name\":\"CK\",\"image\":{\"@type\":\"ImageObject\",\"@id\":\"https:\/\/www.nettali.com\/#personlogo\",\"inLanguage\":\"fr-FR\",\"url\":\"https:\/\/secure.gravatar.com\/avatar\/1d8d5118b9327d94da7cd4ce7f17fec2?s=96&d=mm&r=g\",\"contentUrl\":\"https:\/\/secure.gravatar.com\/avatar\/1d8d5118b9327d94da7cd4ce7f17fec2?s=96&d=mm&r=g\",\"caption\":\"CK\"},\"sameAs\":[\"https:\/\/www.nettali.com\"]}]}<\/script>\n<!-- \/ Yoast SEO Premium plugin. -->","yoast_head_json":{"title":"FACE-\u00c0-FACE DU PR\u00c9SIDENT BASSIROU FAYE AVEC LA PRESSE - Les notes d\u2019Alioune Tine | Nettali.com","robots":{"index":"index","follow":"follow","max-snippet":"max-snippet:-1","max-image-preview":"max-image-preview:large","max-video-preview":"max-video-preview:-1"},"canonical":"https:\/\/www.nettali.com\/2024\/07\/15\/face-a-face-du-president-bassirou-faye-avec-la-presse-les-notes-dalioune-tine\/","og_locale":"fr_FR","og_type":"article","og_title":"FACE-\u00c0-FACE DU PR\u00c9SIDENT BASSIROU FAYE AVEC LA PRESSE - Les notes d\u2019Alioune Tine","og_description":"NETTALI.COM - Apre\u0300s son face-a\u0300-face avec la presse, a\u0300 l'occasion de ses 100 jours, le pre\u0301sident de la Re\u0301publique, Bassirou Diomaye Diakhar Faye, a e\u0301te\u0301 fe\u0301licite\u0301 par le pre\u0301sident d\u2019Afrikajom Center, Alioune Tine. Dans un post sur X, il a appre\u0301cie\u0301 la \"lucidite\u0301 sereine\" du chef de l'E\u0301tat et a plaide\u0301 pour le dialogue et [&hellip;]","og_url":"https:\/\/www.nettali.com\/2024\/07\/15\/face-a-face-du-president-bassirou-faye-avec-la-presse-les-notes-dalioune-tine\/","og_site_name":"Nettali.com","article_publisher":"https:\/\/www.facebook.com\/nettalicom","article_published_time":"2024-07-15T07:18:32+00:00","article_modified_time":"2024-07-15T07:48:08+00:00","og_image":[{"width":600,"height":400,"url":"https:\/\/www.nettali.com\/wp-content\/uploads\/2024\/07\/IMG_9468.jpeg","type":"image\/jpeg"}],"twitter_card":"summary_large_image","twitter_misc":{"\u00c9crit par":"CK","Dur\u00e9e de lecture estim\u00e9e":"3 minutes"},"schema":{"@context":"https:\/\/schema.org","@graph":[{"@type":"WebSite","@id":"https:\/\/www.nettali.com\/#website","url":"https:\/\/www.nettali.com\/","name":"Nettali.com","description":"Le rendez-vous critique du Net","potentialAction":[{"@type":"SearchAction","target":{"@type":"EntryPoint","urlTemplate":"https:\/\/www.nettali.com\/?s={search_term_string}"},"query-input":"required name=search_term_string"}],"inLanguage":"fr-FR"},{"@type":"ImageObject","@id":"https:\/\/www.nettali.com\/2024\/07\/15\/face-a-face-du-president-bassirou-faye-avec-la-presse-les-notes-dalioune-tine\/#primaryimage","inLanguage":"fr-FR","url":"https:\/\/www.nettali.com\/wp-content\/uploads\/2024\/07\/IMG_9468.jpeg","contentUrl":"https:\/\/www.nettali.com\/wp-content\/uploads\/2024\/07\/IMG_9468.jpeg","width":600,"height":400},{"@type":"WebPage","@id":"https:\/\/www.nettali.com\/2024\/07\/15\/face-a-face-du-president-bassirou-faye-avec-la-presse-les-notes-dalioune-tine\/#webpage","url":"https:\/\/www.nettali.com\/2024\/07\/15\/face-a-face-du-president-bassirou-faye-avec-la-presse-les-notes-dalioune-tine\/","name":"FACE-\u00c0-FACE DU PR\u00c9SIDENT BASSIROU FAYE AVEC LA PRESSE - Les notes d\u2019Alioune Tine | Nettali.com","isPartOf":{"@id":"https:\/\/www.nettali.com\/#website"},"primaryImageOfPage":{"@id":"https:\/\/www.nettali.com\/2024\/07\/15\/face-a-face-du-president-bassirou-faye-avec-la-presse-les-notes-dalioune-tine\/#primaryimage"},"datePublished":"2024-07-15T07:18:32+00:00","dateModified":"2024-07-15T07:48:08+00:00","author":{"@id":"https:\/\/www.nettali.com\/#\/schema\/person\/d8ac7b7e27ddad43f1c0d2ef090d7f71"},"breadcrumb":{"@id":"https:\/\/www.nettali.com\/2024\/07\/15\/face-a-face-du-president-bassirou-faye-avec-la-presse-les-notes-dalioune-tine\/#breadcrumb"},"inLanguage":"fr-FR","potentialAction":[{"@type":"ReadAction","target":["https:\/\/www.nettali.com\/2024\/07\/15\/face-a-face-du-president-bassirou-faye-avec-la-presse-les-notes-dalioune-tine\/"]}]},{"@type":"BreadcrumbList","@id":"https:\/\/www.nettali.com\/2024\/07\/15\/face-a-face-du-president-bassirou-faye-avec-la-presse-les-notes-dalioune-tine\/#breadcrumb","itemListElement":[{"@type":"ListItem","position":1,"name":"Accueil","item":"https:\/\/www.nettali.com\/"},{"@type":"ListItem","position":2,"name":"FACE-\u00c0-FACE DU PR\u00c9SIDENT BASSIROU FAYE AVEC LA PRESSE - Les notes d\u2019Alioune Tine"}]},{"@type":"Person","@id":"https:\/\/www.nettali.com\/#\/schema\/person\/d8ac7b7e27ddad43f1c0d2ef090d7f71","name":"CK","image":{"@type":"ImageObject","@id":"https:\/\/www.nettali.com\/#personlogo","inLanguage":"fr-FR","url":"https:\/\/secure.gravatar.com\/avatar\/1d8d5118b9327d94da7cd4ce7f17fec2?s=96&d=mm&r=g","contentUrl":"https:\/\/secure.gravatar.com\/avatar\/1d8d5118b9327d94da7cd4ce7f17fec2?s=96&d=mm&r=g","caption":"CK"},"sameAs":["https:\/\/www.nettali.com"]}]}},"_links":{"self":[{"href":"https:\/\/www.nettali.com\/rest\/wp\/v2\/posts\/136970"}],"collection":[{"href":"https:\/\/www.nettali.com\/rest\/wp\/v2\/posts"}],"about":[{"href":"https:\/\/www.nettali.com\/rest\/wp\/v2\/types\/post"}],"author":[{"embeddable":true,"href":"https:\/\/www.nettali.com\/rest\/wp\/v2\/users\/2"}],"replies":[{"embeddable":true,"href":"https:\/\/www.nettali.com\/rest\/wp\/v2\/comments?post=136970"}],"version-history":[{"count":1,"href":"https:\/\/www.nettali.com\/rest\/wp\/v2\/posts\/136970\/revisions"}],"predecessor-version":[{"id":136972,"href":"https:\/\/www.nettali.com\/rest\/wp\/v2\/posts\/136970\/revisions\/136972"}],"wp:featuredmedia":[{"embeddable":true,"href":"https:\/\/www.nettali.com\/rest\/wp\/v2\/media\/136971"}],"wp:attachment":[{"href":"https:\/\/www.nettali.com\/rest\/wp\/v2\/media?parent=136970"}],"wp:term":[{"taxonomy":"category","embeddable":true,"href":"https:\/\/www.nettali.com\/rest\/wp\/v2\/categories?post=136970"},{"taxonomy":"post_tag","embeddable":true,"href":"https:\/\/www.nettali.com\/rest\/wp\/v2\/tags?post=136970"}],"curies":[{"name":"wp","href":"https:\/\/api.w.org\/{rel}","templated":true}]}}