{"id":136903,"date":"2024-07-14T05:21:45","date_gmt":"2024-07-14T05:21:45","guid":{"rendered":"https:\/\/www.nettali.com\/?p=136903"},"modified":"2024-07-14T05:21:45","modified_gmt":"2024-07-14T05:21:45","slug":"afrique-laes-denonce-lingerence-de-lunion-africaine-dans-les-decisions-souveraines-de-ses-etats-membres","status":"publish","type":"post","link":"https:\/\/www.nettali.com\/2024\/07\/14\/afrique-laes-denonce-lingerence-de-lunion-africaine-dans-les-decisions-souveraines-de-ses-etats-membres\/","title":{"rendered":"AFRIQUE - L'AES de\u0301nonce l'inge\u0301rence de l'Union africaine dans les de\u0301cisions souveraines de ses E\u0301tats membres"},"content":{"rendered":"<div class=\"page\" title=\"Page 7\">\n<div class=\"layoutArea\">\n<div class=\"column\">\n<div class=\"page\" title=\"Page 7\">\n<div class=\"layoutArea\">\n<div class=\"column\">\n<p><strong>NETTALI.COM - Vendredi 12 juillet, dans un communique\u0301, les ministres des Affaires e\u0301trange\u0300res de la Confe\u0301de\u0301ration des E\u0301tats du Sahel (AES) ont exprime\u0301 leur de\u0301sapprobation, a\u0300 la suite des commentaires e\u0301mis par le commissaire de l'Union africaine (UA) charge\u0301 des Affaires politiques, de la Paix et de la Se\u0301curite\u0301, lors de la 65e session ordinaire de la Confe\u0301rence des chefs d'E\u0301tat et de gouvernement de la Communaute\u0301 e\u0301conomique des E\u0301tats de l'Afrique de l'Ouest (CEDEAO) qui s\u2019est tenue le 7 juillet dernier a\u0300 Abuja.<\/strong><\/p>\n<\/div>\n<\/div>\n<\/div>\n<p>Le Sommet de la 65e session ordinaire de la Confe\u0301rence des chefs d'E\u0301tat et de gouvernement de la Communaute\u0301 e\u0301conomique des E\u0301tats de l'Afrique de l'Ouest (CEDEAO) s\u2019est tenu le 7 juillet dernier a\u0300 Abuja. Lors de cette session, le commissaire de l'UA, repre\u0301sentant le pre\u0301sident de la Commission de l'Union africaine, a qualifie\u0301 d\u2019inacceptable le retrait du Burkina Faso, du Mali et du Niger. \"<em>Le retrait de trois pays de la CEDEAO est inacceptable pour l'Union africaine et nous croyons en une seule CEDEAO<\/em>\", a-t-il de\u0301clare\u0301.<\/p>\n<p>Par ailleurs, selon le communique\u0301, cette de\u0301claration a e\u0301te\u0301 perc\u0327ue par les ministres des Affaires e\u0301trange\u0300res de l'AES comme une inge\u0301rence inadmissible dans les affaires inte\u0301rieures des E\u0301tats membres de l'Union africaine. \"<em>Ce jugement de valeur est aussi surprenant qu\u2019inhabituel de la part d\u2019un fonctionnaire statutaire, dont les missions et les attributions, ne lui confe\u0300rent aucun droit d\u2019inge\u0301rence dans les affaires inte\u0301rieures d\u2019E\u0301tats membres de l\u2019Union africaine<\/em>\", expliquent-ils.<\/p>\n<\/div>\n<div class=\"column\">\n<p>C\u2019est en ce sens que les ministres de l'AES ont rappele\u0301 que le retrait de ces trois pays de la CEDEAO est une de\u0301cision souveraine. \"Conforme\u0301ment au communique\u0301 conjoint du 28 janvier 2024 des E\u0301tats membres de l\u2019AES, suivi des notifications nationales transmises a\u0300 la Commission de la CEDEAO, le retrait du Burkina, du Mali et du Niger de la CEDEAO est une de\u0301cision souveraine et conforme aux dispositions du Traite\u0301 re\u0301vise\u0301 de la CEDEAO du 24 juillet 1993. Ils ont e\u0301galement souligne\u0301 que toute critique externe de cette de\u0301cision constitue une inge\u0301rence dans les affaires inte\u0301rieures des E\u0301tats membres de l'AES et une violation des principes de la Charte des Nations Unies, de l'Acte constitutif de l'Union africaine et du droit international.<\/p>\n<\/div>\n<div class=\"column\">\n<p>De plus, les repre\u0301sentants de l'AES ont condamne\u0301 l'attitude du commissaire de l'UA, qu'ils trouvent contraire au devoir de re\u0301serve et a\u0300 l'obligation d'impartialite\u0301 requise des fonctionnaires d'une organisation intergouvernementale. \"I<em>ls ont e\u0301galement critique\u0301 les jugements de valeur variables de la Commission de l'UA, notant que ce dernier n'avait pas juge\u0301 ne\u0301cessaire de qualifier d'\"inacceptable\" le retrait d'un membre pre\u0301ce\u0301dent de la CEDEAO<\/em>\", indique le communique\u0301.<\/p>\n<p>Les repre\u0301sentants de l\u2019AES demandent a\u0300 la Commission de l\u2019UA d\u2019indiquer la de\u0301cision ou l\u2019acte d\u2019un des organes politiques de l\u2019Union africaine sur lequel elle se fonde pour faire de telles affirmations. Soulignant qu\u2019ils regrettent, par ailleurs, \"<em>les jugements de valeur a\u0300 ge\u0301ome\u0301trie variable de la Commission, qui n\u2019avait pas cru utile, en 2000, de juger \u2018inacceptable\u2019 le retrait d\u2019un pre\u0301ce\u0301dent membre de la CEDEAO<\/em>\". Qualifiant cette prise de position d\u2019inapproprie\u0301e, d\u2019inopportune et de contreproductive contraire aux principes, aux re\u0300gles et a\u0300 la pratique de l\u2019UA.<\/p>\n<\/div>\n<div class=\"column\">\n<p>Les ministres des Affaires e\u0301trange\u0300res de la Confe\u0301de\u0301ration des E\u0301tats du Sahel (AES) rappellent \"<em>que le Burkina, le Mali et le Niger ont, depuis les premie\u0300res anne\u0301es des inde\u0301pendances, e\u0301te\u0301 a\u0300 la pointe du combat pour l\u2019unite\u0301 du continent, la de\u0301fense de sa dignite\u0301 et la re\u0301alisation d\u2019une ve\u0301ritable inte\u0301gration africaine<\/em>\".<\/p>\n<p>Toujours selon le communique\u0301, les ministres des Affaires e\u0301trange\u0300res de l'AES ont re\u0301affirme\u0301 leur engagement a\u0300 coope\u0301rer avec la Commission et les autres organes de l'Union africaine dans le respect strict des choix souverains de leurs E\u0301tats membres. \"<em>Conforme\u0301ment au communique\u0301 conjoint du 28 janvier 2024 des E\u0301tats membres de l\u2019AES, suivi des notifications nationales transmises a\u0300 la Commission de la CEDEAO, le retrait du Burkina, du Mali et du Niger de la CEDEAO est une de\u0301cision souveraine et conforme aux dispositions du Traite\u0301 re\u0301vise\u0301 de la CEDEAO du 24 juillet 1993<\/em>\".<\/p>\n<div class=\"page\" title=\"Page 7\">\n<div class=\"layoutArea\">\n<div class=\"column\">\n<p>Rappelant qu\u2019ils sont appele\u0301s les organes politiques intergouvernementaux de l'Union africaine pour garantir le respect de la souverainete\u0301 des E\u0301tats membres afin de pre\u0301venir les re\u0301gressions. \"<em>L\u2019approbation d\u2019un acteur tiers ne s\u2019inscrit pas dans la dynamique responsable de la Confe\u0301de\u0301ration des E\u0301tats du Sahel (AES), dont la priorite\u0301 est et demeure la pre\u0301servation de l\u2019inte\u0301grite\u0301 territoriale de ses E\u0301tats membres et la de\u0301fense des inte\u0301re\u0302ts vitaux de ses populations<\/em>\".<\/p>\n<p>Ainsi, la Confe\u0301de\u0301ration des E\u0301tats du Sahel (AES) a rappele\u0301 que le Burkina Faso, le Mali et le Niger ont toujours e\u0301te\u0301 a\u0300 l'avant-garde de la lutte pour l'unite\u0301 et l'inte\u0301gration africaine. La de\u0301claration conjointe des ministres des Affaires e\u0301trange\u0300res de l'AES refle\u0300te une de\u0301termination a\u0300 de\u0301fendre l'inte\u0301grite\u0301 territoriale et les inte\u0301re\u0302ts vitaux de leurs populations.<\/p>\n<\/div>\n<\/div>\n<\/div>\n<\/div>\n<\/div>\n<\/div>\n<div class='share-to-whatsapp-wrapper'><div class='share-on-whsp'>PARTAGER SUR : <\/div><a data-text='AFRIQUE - L'AES de\u0301nonce l'inge\u0301rence de l'Union africaine dans les de\u0301cisions souveraines de ses E\u0301tats membres' data-link='https:\/\/www.nettali.com\/2024\/07\/14\/afrique-laes-denonce-lingerence-de-lunion-africaine-dans-les-decisions-souveraines-de-ses-etats-membres\/' class='whatsapp-button whatsapp-share'>WhatsApp<\/a><div class='clear '><\/div><\/div>","protected":false},"excerpt":{"rendered":"<p>NETTALI.COM - Vendredi 12 juillet, dans un communique\u0301, les ministres des Affaires e\u0301trange\u0300res de la Confe\u0301de\u0301ration des E\u0301tats du Sahel (AES) ont exprime\u0301 leur de\u0301sapprobation, a\u0300 la suite des commentaires e\u0301mis par le commissaire de l'Union africaine (UA) charge\u0301 des Affaires politiques, de la Paix et de la Se\u0301curite\u0301, lors de la 65e session ordinaire [&hellip;]<\/p>\n","protected":false},"author":2,"featured_media":136480,"comment_status":"open","ping_status":"open","sticky":false,"template":"","format":"standard","meta":{"_et_pb_use_builder":"","_et_pb_old_content":""},"categories":[8],"tags":[],"yoast_head":"<!-- This site is optimized with the Yoast SEO Premium plugin v17.8 (Yoast SEO v17.8) - https:\/\/yoast.com\/wordpress\/plugins\/seo\/ -->\n<title>AFRIQUE - L&#039;AES de\u0301nonce l&#039;inge\u0301rence de l&#039;Union africaine dans les de\u0301cisions souveraines de ses E\u0301tats membres | Nettali.com<\/title>\n<meta name=\"robots\" content=\"index, follow, max-snippet:-1, max-image-preview:large, max-video-preview:-1\" \/>\n<link rel=\"canonical\" href=\"https:\/\/www.nettali.com\/2024\/07\/14\/afrique-laes-denonce-lingerence-de-lunion-africaine-dans-les-decisions-souveraines-de-ses-etats-membres\/\" \/>\n<meta property=\"og:locale\" content=\"fr_FR\" \/>\n<meta property=\"og:type\" content=\"article\" \/>\n<meta property=\"og:title\" content=\"AFRIQUE - L&#039;AES de\u0301nonce l&#039;inge\u0301rence de l&#039;Union africaine dans les de\u0301cisions souveraines de ses E\u0301tats membres\" \/>\n<meta property=\"og:description\" content=\"NETTALI.COM - Vendredi 12 juillet, dans un communique\u0301, les ministres des Affaires e\u0301trange\u0300res de la Confe\u0301de\u0301ration des E\u0301tats du Sahel (AES) ont exprime\u0301 leur de\u0301sapprobation, a\u0300 la suite des commentaires e\u0301mis par le commissaire de l&#039;Union africaine (UA) charge\u0301 des Affaires politiques, de la Paix et de la Se\u0301curite\u0301, lors de la 65e session ordinaire [&hellip;]\" \/>\n<meta property=\"og:url\" content=\"https:\/\/www.nettali.com\/2024\/07\/14\/afrique-laes-denonce-lingerence-de-lunion-africaine-dans-les-decisions-souveraines-de-ses-etats-membres\/\" \/>\n<meta property=\"og:site_name\" content=\"Nettali.com\" \/>\n<meta property=\"article:publisher\" content=\"https:\/\/www.facebook.com\/nettalicom\" \/>\n<meta property=\"article:published_time\" content=\"2024-07-14T05:21:45+00:00\" \/>\n<meta property=\"og:image\" content=\"https:\/\/www.nettali.com\/wp-content\/uploads\/2024\/07\/Capture-de\u0301cran-2024-07-07-a\u0300-13.27.44.png\" \/>\n\t<meta property=\"og:image:width\" content=\"748\" \/>\n\t<meta property=\"og:image:height\" content=\"435\" \/>\n<meta name=\"twitter:card\" content=\"summary_large_image\" \/>\n<meta name=\"twitter:label1\" content=\"\u00c9crit par\" \/>\n\t<meta name=\"twitter:data1\" content=\"CK\" \/>\n\t<meta name=\"twitter:label2\" content=\"Dur\u00e9e de lecture estim\u00e9e\" \/>\n\t<meta name=\"twitter:data2\" content=\"5 minutes\" \/>\n<script type=\"application\/ld+json\" class=\"yoast-schema-graph\">{\"@context\":\"https:\/\/schema.org\",\"@graph\":[{\"@type\":\"WebSite\",\"@id\":\"https:\/\/www.nettali.com\/#website\",\"url\":\"https:\/\/www.nettali.com\/\",\"name\":\"Nettali.com\",\"description\":\"Le rendez-vous critique du Net\",\"potentialAction\":[{\"@type\":\"SearchAction\",\"target\":{\"@type\":\"EntryPoint\",\"urlTemplate\":\"https:\/\/www.nettali.com\/?s={search_term_string}\"},\"query-input\":\"required name=search_term_string\"}],\"inLanguage\":\"fr-FR\"},{\"@type\":\"ImageObject\",\"@id\":\"https:\/\/www.nettali.com\/2024\/07\/14\/afrique-laes-denonce-lingerence-de-lunion-africaine-dans-les-decisions-souveraines-de-ses-etats-membres\/#primaryimage\",\"inLanguage\":\"fr-FR\",\"url\":\"https:\/\/www.nettali.com\/wp-content\/uploads\/2024\/07\/Capture-de\\u0301cran-2024-07-07-a\\u0300-13.27.44.png\",\"contentUrl\":\"https:\/\/www.nettali.com\/wp-content\/uploads\/2024\/07\/Capture-de\\u0301cran-2024-07-07-a\\u0300-13.27.44.png\",\"width\":748,\"height\":435},{\"@type\":\"WebPage\",\"@id\":\"https:\/\/www.nettali.com\/2024\/07\/14\/afrique-laes-denonce-lingerence-de-lunion-africaine-dans-les-decisions-souveraines-de-ses-etats-membres\/#webpage\",\"url\":\"https:\/\/www.nettali.com\/2024\/07\/14\/afrique-laes-denonce-lingerence-de-lunion-africaine-dans-les-decisions-souveraines-de-ses-etats-membres\/\",\"name\":\"AFRIQUE - L'AES de\\u0301nonce l'inge\\u0301rence de l'Union africaine dans les de\\u0301cisions souveraines de ses E\\u0301tats membres | Nettali.com\",\"isPartOf\":{\"@id\":\"https:\/\/www.nettali.com\/#website\"},\"primaryImageOfPage\":{\"@id\":\"https:\/\/www.nettali.com\/2024\/07\/14\/afrique-laes-denonce-lingerence-de-lunion-africaine-dans-les-decisions-souveraines-de-ses-etats-membres\/#primaryimage\"},\"datePublished\":\"2024-07-14T05:21:45+00:00\",\"dateModified\":\"2024-07-14T05:21:45+00:00\",\"author\":{\"@id\":\"https:\/\/www.nettali.com\/#\/schema\/person\/d8ac7b7e27ddad43f1c0d2ef090d7f71\"},\"breadcrumb\":{\"@id\":\"https:\/\/www.nettali.com\/2024\/07\/14\/afrique-laes-denonce-lingerence-de-lunion-africaine-dans-les-decisions-souveraines-de-ses-etats-membres\/#breadcrumb\"},\"inLanguage\":\"fr-FR\",\"potentialAction\":[{\"@type\":\"ReadAction\",\"target\":[\"https:\/\/www.nettali.com\/2024\/07\/14\/afrique-laes-denonce-lingerence-de-lunion-africaine-dans-les-decisions-souveraines-de-ses-etats-membres\/\"]}]},{\"@type\":\"BreadcrumbList\",\"@id\":\"https:\/\/www.nettali.com\/2024\/07\/14\/afrique-laes-denonce-lingerence-de-lunion-africaine-dans-les-decisions-souveraines-de-ses-etats-membres\/#breadcrumb\",\"itemListElement\":[{\"@type\":\"ListItem\",\"position\":1,\"name\":\"Accueil\",\"item\":\"https:\/\/www.nettali.com\/\"},{\"@type\":\"ListItem\",\"position\":2,\"name\":\"AFRIQUE - L'AES de\\u0301nonce l'inge\\u0301rence de l'Union africaine dans les de\\u0301cisions souveraines de ses E\\u0301tats membres\"}]},{\"@type\":\"Person\",\"@id\":\"https:\/\/www.nettali.com\/#\/schema\/person\/d8ac7b7e27ddad43f1c0d2ef090d7f71\",\"name\":\"CK\",\"image\":{\"@type\":\"ImageObject\",\"@id\":\"https:\/\/www.nettali.com\/#personlogo\",\"inLanguage\":\"fr-FR\",\"url\":\"https:\/\/secure.gravatar.com\/avatar\/1d8d5118b9327d94da7cd4ce7f17fec2?s=96&d=mm&r=g\",\"contentUrl\":\"https:\/\/secure.gravatar.com\/avatar\/1d8d5118b9327d94da7cd4ce7f17fec2?s=96&d=mm&r=g\",\"caption\":\"CK\"},\"sameAs\":[\"https:\/\/www.nettali.com\"]}]}<\/script>\n<!-- \/ Yoast SEO Premium plugin. -->","yoast_head_json":{"title":"AFRIQUE - L'AES de\u0301nonce l'inge\u0301rence de l'Union africaine dans les de\u0301cisions souveraines de ses E\u0301tats membres | Nettali.com","robots":{"index":"index","follow":"follow","max-snippet":"max-snippet:-1","max-image-preview":"max-image-preview:large","max-video-preview":"max-video-preview:-1"},"canonical":"https:\/\/www.nettali.com\/2024\/07\/14\/afrique-laes-denonce-lingerence-de-lunion-africaine-dans-les-decisions-souveraines-de-ses-etats-membres\/","og_locale":"fr_FR","og_type":"article","og_title":"AFRIQUE - L'AES de\u0301nonce l'inge\u0301rence de l'Union africaine dans les de\u0301cisions souveraines de ses E\u0301tats membres","og_description":"NETTALI.COM - Vendredi 12 juillet, dans un communique\u0301, les ministres des Affaires e\u0301trange\u0300res de la Confe\u0301de\u0301ration des E\u0301tats du Sahel (AES) ont exprime\u0301 leur de\u0301sapprobation, a\u0300 la suite des commentaires e\u0301mis par le commissaire de l'Union africaine (UA) charge\u0301 des Affaires politiques, de la Paix et de la Se\u0301curite\u0301, lors de la 65e session ordinaire [&hellip;]","og_url":"https:\/\/www.nettali.com\/2024\/07\/14\/afrique-laes-denonce-lingerence-de-lunion-africaine-dans-les-decisions-souveraines-de-ses-etats-membres\/","og_site_name":"Nettali.com","article_publisher":"https:\/\/www.facebook.com\/nettalicom","article_published_time":"2024-07-14T05:21:45+00:00","og_image":[{"width":748,"height":435,"url":"https:\/\/www.nettali.com\/wp-content\/uploads\/2024\/07\/Capture-de\u0301cran-2024-07-07-a\u0300-13.27.44.png","type":"image\/png"}],"twitter_card":"summary_large_image","twitter_misc":{"\u00c9crit par":"CK","Dur\u00e9e de lecture estim\u00e9e":"5 minutes"},"schema":{"@context":"https:\/\/schema.org","@graph":[{"@type":"WebSite","@id":"https:\/\/www.nettali.com\/#website","url":"https:\/\/www.nettali.com\/","name":"Nettali.com","description":"Le rendez-vous critique du Net","potentialAction":[{"@type":"SearchAction","target":{"@type":"EntryPoint","urlTemplate":"https:\/\/www.nettali.com\/?s={search_term_string}"},"query-input":"required name=search_term_string"}],"inLanguage":"fr-FR"},{"@type":"ImageObject","@id":"https:\/\/www.nettali.com\/2024\/07\/14\/afrique-laes-denonce-lingerence-de-lunion-africaine-dans-les-decisions-souveraines-de-ses-etats-membres\/#primaryimage","inLanguage":"fr-FR","url":"https:\/\/www.nettali.com\/wp-content\/uploads\/2024\/07\/Capture-de\u0301cran-2024-07-07-a\u0300-13.27.44.png","contentUrl":"https:\/\/www.nettali.com\/wp-content\/uploads\/2024\/07\/Capture-de\u0301cran-2024-07-07-a\u0300-13.27.44.png","width":748,"height":435},{"@type":"WebPage","@id":"https:\/\/www.nettali.com\/2024\/07\/14\/afrique-laes-denonce-lingerence-de-lunion-africaine-dans-les-decisions-souveraines-de-ses-etats-membres\/#webpage","url":"https:\/\/www.nettali.com\/2024\/07\/14\/afrique-laes-denonce-lingerence-de-lunion-africaine-dans-les-decisions-souveraines-de-ses-etats-membres\/","name":"AFRIQUE - L'AES de\u0301nonce l'inge\u0301rence de l'Union africaine dans les de\u0301cisions souveraines de ses E\u0301tats membres | Nettali.com","isPartOf":{"@id":"https:\/\/www.nettali.com\/#website"},"primaryImageOfPage":{"@id":"https:\/\/www.nettali.com\/2024\/07\/14\/afrique-laes-denonce-lingerence-de-lunion-africaine-dans-les-decisions-souveraines-de-ses-etats-membres\/#primaryimage"},"datePublished":"2024-07-14T05:21:45+00:00","dateModified":"2024-07-14T05:21:45+00:00","author":{"@id":"https:\/\/www.nettali.com\/#\/schema\/person\/d8ac7b7e27ddad43f1c0d2ef090d7f71"},"breadcrumb":{"@id":"https:\/\/www.nettali.com\/2024\/07\/14\/afrique-laes-denonce-lingerence-de-lunion-africaine-dans-les-decisions-souveraines-de-ses-etats-membres\/#breadcrumb"},"inLanguage":"fr-FR","potentialAction":[{"@type":"ReadAction","target":["https:\/\/www.nettali.com\/2024\/07\/14\/afrique-laes-denonce-lingerence-de-lunion-africaine-dans-les-decisions-souveraines-de-ses-etats-membres\/"]}]},{"@type":"BreadcrumbList","@id":"https:\/\/www.nettali.com\/2024\/07\/14\/afrique-laes-denonce-lingerence-de-lunion-africaine-dans-les-decisions-souveraines-de-ses-etats-membres\/#breadcrumb","itemListElement":[{"@type":"ListItem","position":1,"name":"Accueil","item":"https:\/\/www.nettali.com\/"},{"@type":"ListItem","position":2,"name":"AFRIQUE - L'AES de\u0301nonce l'inge\u0301rence de l'Union africaine dans les de\u0301cisions souveraines de ses E\u0301tats membres"}]},{"@type":"Person","@id":"https:\/\/www.nettali.com\/#\/schema\/person\/d8ac7b7e27ddad43f1c0d2ef090d7f71","name":"CK","image":{"@type":"ImageObject","@id":"https:\/\/www.nettali.com\/#personlogo","inLanguage":"fr-FR","url":"https:\/\/secure.gravatar.com\/avatar\/1d8d5118b9327d94da7cd4ce7f17fec2?s=96&d=mm&r=g","contentUrl":"https:\/\/secure.gravatar.com\/avatar\/1d8d5118b9327d94da7cd4ce7f17fec2?s=96&d=mm&r=g","caption":"CK"},"sameAs":["https:\/\/www.nettali.com"]}]}},"_links":{"self":[{"href":"https:\/\/www.nettali.com\/rest\/wp\/v2\/posts\/136903"}],"collection":[{"href":"https:\/\/www.nettali.com\/rest\/wp\/v2\/posts"}],"about":[{"href":"https:\/\/www.nettali.com\/rest\/wp\/v2\/types\/post"}],"author":[{"embeddable":true,"href":"https:\/\/www.nettali.com\/rest\/wp\/v2\/users\/2"}],"replies":[{"embeddable":true,"href":"https:\/\/www.nettali.com\/rest\/wp\/v2\/comments?post=136903"}],"version-history":[{"count":1,"href":"https:\/\/www.nettali.com\/rest\/wp\/v2\/posts\/136903\/revisions"}],"predecessor-version":[{"id":136904,"href":"https:\/\/www.nettali.com\/rest\/wp\/v2\/posts\/136903\/revisions\/136904"}],"wp:featuredmedia":[{"embeddable":true,"href":"https:\/\/www.nettali.com\/rest\/wp\/v2\/media\/136480"}],"wp:attachment":[{"href":"https:\/\/www.nettali.com\/rest\/wp\/v2\/media?parent=136903"}],"wp:term":[{"taxonomy":"category","embeddable":true,"href":"https:\/\/www.nettali.com\/rest\/wp\/v2\/categories?post=136903"},{"taxonomy":"post_tag","embeddable":true,"href":"https:\/\/www.nettali.com\/rest\/wp\/v2\/tags?post=136903"}],"curies":[{"name":"wp","href":"https:\/\/api.w.org\/{rel}","templated":true}]}}