{"id":136888,"date":"2024-07-13T23:13:32","date_gmt":"2024-07-13T23:13:32","guid":{"rendered":"https:\/\/www.nettali.com\/?p=136888"},"modified":"2024-07-14T05:30:54","modified_gmt":"2024-07-14T05:30:54","slug":"diomaye-faye-jencourage-ousmane-sonko-non-pas-a-lorgner-mon-fauteuil-mais","status":"publish","type":"post","link":"https:\/\/www.nettali.com\/2024\/07\/13\/diomaye-faye-jencourage-ousmane-sonko-non-pas-a-lorgner-mon-fauteuil-mais\/","title":{"rendered":"DIOMAYE FAYE : \"J'encourage Ousmane Sonko non pas \u00e0 lorgner mon fauteuil, mais...\""},"content":{"rendered":"<p><strong>NETTALI.COM - Face \u00e0 la presse le samedi 13 juillet, Bassirou Diomaye Faye a \u00e9t\u00e9 interpell\u00e9 sur sa relation avec le Premier ministre Ousmane Sonko. Et sa r\u00e9ponse a \u00e9t\u00e9 des plus claires.\u00a0<\/strong><\/p>\n<p>\"<em>Il faut que les S\u00e9n\u00e9galais comprennent la nature de ma relation avec Ousmane Sonko<\/em>\", a commenc\u00e9 par dire le pr\u00e9sident de la R\u00e9publique, r\u00e9pondant \u00e0 une interpellation sur sa relation avec son Premier ministre. De l'avis de Bassirou Diomaye Faye, ceux qui disent que son Premier ministre lui fait de l'ombre, n'ont rien compris.<\/p>\n<p>\"<em>Depuis longtemps, on dit que le Premier ministre lorgne le fauteuil du pr\u00e9sident de la R\u00e9publique. En un moment, on a m\u00eame parl\u00e9 de coup d'Etat rampant. Moi, je ne peux pas et je ne veux pas fonctionner comme \u00e7a<\/em>\", soutient Bassirou Diomaye Faye. Avant de poursuivre : \"<em>J'encourage le Premier ministre non pas \u00e0 lorgner mon fauteuil, mais \u00e0 le regarder clairement<\/em>.\"<\/p>\n<p>\"<em>Depuis dix ans, je me bats pour l'installer sur le fauteuil. Et je n'ai pas encore abandonn\u00e9 ce combat. Je veux qu'il devienne pr\u00e9sident de la R\u00e9publique parce que j'aime le S\u00e9n\u00e9gal et je sais ce qu'il peut faire pour ce pays<\/em>\", a soulign\u00e9 Bassirou Diomaye Faye. Qui ajoute : \"<em>Pendant dix ans, j'ai \u00e9volu\u00e9 sous son ombre. Aujourd'hui, je suis son sup\u00e9rieur et il me le rend bien. Je suis un homme lucide, froid et humble. Personne ne peut me monter la t\u00eate avec cette histoire du Premier ministre qui me ferait de l'ombre. Je ne crains pas qu'il me fasse de l'ombre parce que pendant dix ans, j'ai \u00e9t\u00e9 sous son ombre.\"<\/em><\/p>\n<div class='share-to-whatsapp-wrapper'><div class='share-on-whsp'>PARTAGER SUR : <\/div><a data-text='DIOMAYE FAYE : \"J'encourage Ousmane Sonko non pas \u00e0 lorgner mon fauteuil, mais...\"' data-link='https:\/\/www.nettali.com\/2024\/07\/13\/diomaye-faye-jencourage-ousmane-sonko-non-pas-a-lorgner-mon-fauteuil-mais\/' class='whatsapp-button whatsapp-share'>WhatsApp<\/a><div class='clear '><\/div><\/div>","protected":false},"excerpt":{"rendered":"<p>NETTALI.COM - Face \u00e0 la presse le samedi 13 juillet, Bassirou Diomaye Faye a \u00e9t\u00e9 interpell\u00e9 sur sa relation avec le Premier ministre Ousmane Sonko. Et sa r\u00e9ponse a \u00e9t\u00e9 des plus claires.\u00a0 \"Il faut que les S\u00e9n\u00e9galais comprennent la nature de ma relation avec Ousmane Sonko\", a commenc\u00e9 par dire le pr\u00e9sident de la [&hellip;]<\/p>\n","protected":false},"author":3,"featured_media":136889,"comment_status":"open","ping_status":"open","sticky":false,"template":"","format":"standard","meta":{"_et_pb_use_builder":"","_et_pb_old_content":""},"categories":[2],"tags":[],"yoast_head":"<!-- This site is optimized with the Yoast SEO Premium plugin v17.8 (Yoast SEO v17.8) - https:\/\/yoast.com\/wordpress\/plugins\/seo\/ -->\n<title>DIOMAYE FAYE : &quot;J&#039;encourage Ousmane Sonko non pas \u00e0 lorgner mon fauteuil, mais...&quot; | Nettali.com<\/title>\n<meta name=\"robots\" content=\"index, follow, max-snippet:-1, max-image-preview:large, max-video-preview:-1\" \/>\n<link rel=\"canonical\" href=\"https:\/\/www.nettali.com\/2024\/07\/13\/diomaye-faye-jencourage-ousmane-sonko-non-pas-a-lorgner-mon-fauteuil-mais\/\" \/>\n<meta property=\"og:locale\" content=\"fr_FR\" \/>\n<meta property=\"og:type\" content=\"article\" \/>\n<meta property=\"og:title\" content=\"DIOMAYE FAYE : &quot;J&#039;encourage Ousmane Sonko non pas \u00e0 lorgner mon fauteuil, mais...&quot;\" \/>\n<meta property=\"og:description\" content=\"NETTALI.COM - Face \u00e0 la presse le samedi 13 juillet, Bassirou Diomaye Faye a \u00e9t\u00e9 interpell\u00e9 sur sa relation avec le Premier ministre Ousmane Sonko. Et sa r\u00e9ponse a \u00e9t\u00e9 des plus claires.\u00a0 &quot;Il faut que les S\u00e9n\u00e9galais comprennent la nature de ma relation avec Ousmane Sonko&quot;, a commenc\u00e9 par dire le pr\u00e9sident de la [&hellip;]\" \/>\n<meta property=\"og:url\" content=\"https:\/\/www.nettali.com\/2024\/07\/13\/diomaye-faye-jencourage-ousmane-sonko-non-pas-a-lorgner-mon-fauteuil-mais\/\" \/>\n<meta property=\"og:site_name\" content=\"Nettali.com\" \/>\n<meta property=\"article:publisher\" content=\"https:\/\/www.facebook.com\/nettalicom\" \/>\n<meta property=\"article:published_time\" content=\"2024-07-13T23:13:32+00:00\" \/>\n<meta property=\"article:modified_time\" content=\"2024-07-14T05:30:54+00:00\" \/>\n<meta property=\"og:image\" content=\"https:\/\/www.nettali.com\/wp-content\/uploads\/2024\/07\/scr-20240524-ovmu.png\" \/>\n\t<meta property=\"og:image:width\" content=\"628\" \/>\n\t<meta property=\"og:image:height\" content=\"445\" \/>\n<meta name=\"twitter:card\" content=\"summary_large_image\" \/>\n<meta name=\"twitter:label1\" content=\"\u00c9crit par\" \/>\n\t<meta name=\"twitter:data1\" content=\"Moustapha\" \/>\n\t<meta name=\"twitter:label2\" content=\"Dur\u00e9e de lecture estim\u00e9e\" \/>\n\t<meta name=\"twitter:data2\" content=\"2 minutes\" \/>\n<script type=\"application\/ld+json\" class=\"yoast-schema-graph\">{\"@context\":\"https:\/\/schema.org\",\"@graph\":[{\"@type\":\"WebSite\",\"@id\":\"https:\/\/www.nettali.com\/#website\",\"url\":\"https:\/\/www.nettali.com\/\",\"name\":\"Nettali.com\",\"description\":\"Le rendez-vous critique du Net\",\"potentialAction\":[{\"@type\":\"SearchAction\",\"target\":{\"@type\":\"EntryPoint\",\"urlTemplate\":\"https:\/\/www.nettali.com\/?s={search_term_string}\"},\"query-input\":\"required name=search_term_string\"}],\"inLanguage\":\"fr-FR\"},{\"@type\":\"ImageObject\",\"@id\":\"https:\/\/www.nettali.com\/2024\/07\/13\/diomaye-faye-jencourage-ousmane-sonko-non-pas-a-lorgner-mon-fauteuil-mais\/#primaryimage\",\"inLanguage\":\"fr-FR\",\"url\":\"https:\/\/www.nettali.com\/wp-content\/uploads\/2024\/07\/scr-20240524-ovmu.png\",\"contentUrl\":\"https:\/\/www.nettali.com\/wp-content\/uploads\/2024\/07\/scr-20240524-ovmu.png\",\"width\":628,\"height\":445},{\"@type\":\"WebPage\",\"@id\":\"https:\/\/www.nettali.com\/2024\/07\/13\/diomaye-faye-jencourage-ousmane-sonko-non-pas-a-lorgner-mon-fauteuil-mais\/#webpage\",\"url\":\"https:\/\/www.nettali.com\/2024\/07\/13\/diomaye-faye-jencourage-ousmane-sonko-non-pas-a-lorgner-mon-fauteuil-mais\/\",\"name\":\"DIOMAYE FAYE : \\\"J'encourage Ousmane Sonko non pas \\u00e0 lorgner mon fauteuil, mais...\\\" | Nettali.com\",\"isPartOf\":{\"@id\":\"https:\/\/www.nettali.com\/#website\"},\"primaryImageOfPage\":{\"@id\":\"https:\/\/www.nettali.com\/2024\/07\/13\/diomaye-faye-jencourage-ousmane-sonko-non-pas-a-lorgner-mon-fauteuil-mais\/#primaryimage\"},\"datePublished\":\"2024-07-13T23:13:32+00:00\",\"dateModified\":\"2024-07-14T05:30:54+00:00\",\"author\":{\"@id\":\"https:\/\/www.nettali.com\/#\/schema\/person\/7962a12a6e0267f88f0ffa544c36469a\"},\"breadcrumb\":{\"@id\":\"https:\/\/www.nettali.com\/2024\/07\/13\/diomaye-faye-jencourage-ousmane-sonko-non-pas-a-lorgner-mon-fauteuil-mais\/#breadcrumb\"},\"inLanguage\":\"fr-FR\",\"potentialAction\":[{\"@type\":\"ReadAction\",\"target\":[\"https:\/\/www.nettali.com\/2024\/07\/13\/diomaye-faye-jencourage-ousmane-sonko-non-pas-a-lorgner-mon-fauteuil-mais\/\"]}]},{\"@type\":\"BreadcrumbList\",\"@id\":\"https:\/\/www.nettali.com\/2024\/07\/13\/diomaye-faye-jencourage-ousmane-sonko-non-pas-a-lorgner-mon-fauteuil-mais\/#breadcrumb\",\"itemListElement\":[{\"@type\":\"ListItem\",\"position\":1,\"name\":\"Accueil\",\"item\":\"https:\/\/www.nettali.com\/\"},{\"@type\":\"ListItem\",\"position\":2,\"name\":\"DIOMAYE FAYE : \\\"J'encourage Ousmane Sonko non pas \\u00e0 lorgner mon fauteuil, mais...\\\"\"}]},{\"@type\":\"Person\",\"@id\":\"https:\/\/www.nettali.com\/#\/schema\/person\/7962a12a6e0267f88f0ffa544c36469a\",\"name\":\"Moustapha\",\"image\":{\"@type\":\"ImageObject\",\"@id\":\"https:\/\/www.nettali.com\/#personlogo\",\"inLanguage\":\"fr-FR\",\"url\":\"https:\/\/secure.gravatar.com\/avatar\/10fdf6a071cccdcf374e3dbe45159590?s=96&d=mm&r=g\",\"contentUrl\":\"https:\/\/secure.gravatar.com\/avatar\/10fdf6a071cccdcf374e3dbe45159590?s=96&d=mm&r=g\",\"caption\":\"Moustapha\"},\"sameAs\":[\"https:\/\/www.nettali.com\"]}]}<\/script>\n<!-- \/ Yoast SEO Premium plugin. -->","yoast_head_json":{"title":"DIOMAYE FAYE : \"J'encourage Ousmane Sonko non pas \u00e0 lorgner mon fauteuil, mais...\" | Nettali.com","robots":{"index":"index","follow":"follow","max-snippet":"max-snippet:-1","max-image-preview":"max-image-preview:large","max-video-preview":"max-video-preview:-1"},"canonical":"https:\/\/www.nettali.com\/2024\/07\/13\/diomaye-faye-jencourage-ousmane-sonko-non-pas-a-lorgner-mon-fauteuil-mais\/","og_locale":"fr_FR","og_type":"article","og_title":"DIOMAYE FAYE : \"J'encourage Ousmane Sonko non pas \u00e0 lorgner mon fauteuil, mais...\"","og_description":"NETTALI.COM - Face \u00e0 la presse le samedi 13 juillet, Bassirou Diomaye Faye a \u00e9t\u00e9 interpell\u00e9 sur sa relation avec le Premier ministre Ousmane Sonko. Et sa r\u00e9ponse a \u00e9t\u00e9 des plus claires.\u00a0 \"Il faut que les S\u00e9n\u00e9galais comprennent la nature de ma relation avec Ousmane Sonko\", a commenc\u00e9 par dire le pr\u00e9sident de la [&hellip;]","og_url":"https:\/\/www.nettali.com\/2024\/07\/13\/diomaye-faye-jencourage-ousmane-sonko-non-pas-a-lorgner-mon-fauteuil-mais\/","og_site_name":"Nettali.com","article_publisher":"https:\/\/www.facebook.com\/nettalicom","article_published_time":"2024-07-13T23:13:32+00:00","article_modified_time":"2024-07-14T05:30:54+00:00","og_image":[{"width":628,"height":445,"url":"https:\/\/www.nettali.com\/wp-content\/uploads\/2024\/07\/scr-20240524-ovmu.png","type":"image\/png"}],"twitter_card":"summary_large_image","twitter_misc":{"\u00c9crit par":"Moustapha","Dur\u00e9e de lecture estim\u00e9e":"2 minutes"},"schema":{"@context":"https:\/\/schema.org","@graph":[{"@type":"WebSite","@id":"https:\/\/www.nettali.com\/#website","url":"https:\/\/www.nettali.com\/","name":"Nettali.com","description":"Le rendez-vous critique du Net","potentialAction":[{"@type":"SearchAction","target":{"@type":"EntryPoint","urlTemplate":"https:\/\/www.nettali.com\/?s={search_term_string}"},"query-input":"required name=search_term_string"}],"inLanguage":"fr-FR"},{"@type":"ImageObject","@id":"https:\/\/www.nettali.com\/2024\/07\/13\/diomaye-faye-jencourage-ousmane-sonko-non-pas-a-lorgner-mon-fauteuil-mais\/#primaryimage","inLanguage":"fr-FR","url":"https:\/\/www.nettali.com\/wp-content\/uploads\/2024\/07\/scr-20240524-ovmu.png","contentUrl":"https:\/\/www.nettali.com\/wp-content\/uploads\/2024\/07\/scr-20240524-ovmu.png","width":628,"height":445},{"@type":"WebPage","@id":"https:\/\/www.nettali.com\/2024\/07\/13\/diomaye-faye-jencourage-ousmane-sonko-non-pas-a-lorgner-mon-fauteuil-mais\/#webpage","url":"https:\/\/www.nettali.com\/2024\/07\/13\/diomaye-faye-jencourage-ousmane-sonko-non-pas-a-lorgner-mon-fauteuil-mais\/","name":"DIOMAYE FAYE : \"J'encourage Ousmane Sonko non pas \u00e0 lorgner mon fauteuil, mais...\" | Nettali.com","isPartOf":{"@id":"https:\/\/www.nettali.com\/#website"},"primaryImageOfPage":{"@id":"https:\/\/www.nettali.com\/2024\/07\/13\/diomaye-faye-jencourage-ousmane-sonko-non-pas-a-lorgner-mon-fauteuil-mais\/#primaryimage"},"datePublished":"2024-07-13T23:13:32+00:00","dateModified":"2024-07-14T05:30:54+00:00","author":{"@id":"https:\/\/www.nettali.com\/#\/schema\/person\/7962a12a6e0267f88f0ffa544c36469a"},"breadcrumb":{"@id":"https:\/\/www.nettali.com\/2024\/07\/13\/diomaye-faye-jencourage-ousmane-sonko-non-pas-a-lorgner-mon-fauteuil-mais\/#breadcrumb"},"inLanguage":"fr-FR","potentialAction":[{"@type":"ReadAction","target":["https:\/\/www.nettali.com\/2024\/07\/13\/diomaye-faye-jencourage-ousmane-sonko-non-pas-a-lorgner-mon-fauteuil-mais\/"]}]},{"@type":"BreadcrumbList","@id":"https:\/\/www.nettali.com\/2024\/07\/13\/diomaye-faye-jencourage-ousmane-sonko-non-pas-a-lorgner-mon-fauteuil-mais\/#breadcrumb","itemListElement":[{"@type":"ListItem","position":1,"name":"Accueil","item":"https:\/\/www.nettali.com\/"},{"@type":"ListItem","position":2,"name":"DIOMAYE FAYE : \"J'encourage Ousmane Sonko non pas \u00e0 lorgner mon fauteuil, mais...\""}]},{"@type":"Person","@id":"https:\/\/www.nettali.com\/#\/schema\/person\/7962a12a6e0267f88f0ffa544c36469a","name":"Moustapha","image":{"@type":"ImageObject","@id":"https:\/\/www.nettali.com\/#personlogo","inLanguage":"fr-FR","url":"https:\/\/secure.gravatar.com\/avatar\/10fdf6a071cccdcf374e3dbe45159590?s=96&d=mm&r=g","contentUrl":"https:\/\/secure.gravatar.com\/avatar\/10fdf6a071cccdcf374e3dbe45159590?s=96&d=mm&r=g","caption":"Moustapha"},"sameAs":["https:\/\/www.nettali.com"]}]}},"_links":{"self":[{"href":"https:\/\/www.nettali.com\/rest\/wp\/v2\/posts\/136888"}],"collection":[{"href":"https:\/\/www.nettali.com\/rest\/wp\/v2\/posts"}],"about":[{"href":"https:\/\/www.nettali.com\/rest\/wp\/v2\/types\/post"}],"author":[{"embeddable":true,"href":"https:\/\/www.nettali.com\/rest\/wp\/v2\/users\/3"}],"replies":[{"embeddable":true,"href":"https:\/\/www.nettali.com\/rest\/wp\/v2\/comments?post=136888"}],"version-history":[{"count":4,"href":"https:\/\/www.nettali.com\/rest\/wp\/v2\/posts\/136888\/revisions"}],"predecessor-version":[{"id":136911,"href":"https:\/\/www.nettali.com\/rest\/wp\/v2\/posts\/136888\/revisions\/136911"}],"wp:featuredmedia":[{"embeddable":true,"href":"https:\/\/www.nettali.com\/rest\/wp\/v2\/media\/136889"}],"wp:attachment":[{"href":"https:\/\/www.nettali.com\/rest\/wp\/v2\/media?parent=136888"}],"wp:term":[{"taxonomy":"category","embeddable":true,"href":"https:\/\/www.nettali.com\/rest\/wp\/v2\/categories?post=136888"},{"taxonomy":"post_tag","embeddable":true,"href":"https:\/\/www.nettali.com\/rest\/wp\/v2\/tags?post=136888"}],"curies":[{"name":"wp","href":"https:\/\/api.w.org\/{rel}","templated":true}]}}