{"id":136830,"date":"2024-07-12T14:38:43","date_gmt":"2024-07-12T14:38:43","guid":{"rendered":"https:\/\/www.nettali.com\/?p=136830"},"modified":"2024-07-12T14:38:43","modified_gmt":"2024-07-12T14:38:43","slug":"assemblee-nationale-gabriel-attal-se-declare-officiellement-candidat-a-la-tete-du-groupe-macroniste","status":"publish","type":"post","link":"https:\/\/www.nettali.com\/2024\/07\/12\/assemblee-nationale-gabriel-attal-se-declare-officiellement-candidat-a-la-tete-du-groupe-macroniste\/","title":{"rendered":"ASSEMBL\u00c9E NATIONALE -  Gabriel Attal se d\u00e9clare officiellement candidat \u00e0 la t\u00eate du groupe macroniste"},"content":{"rendered":"<article>\n<div class=\"fig-ad-content fig-ad-content--native_atf fig-ad-content--complete fig-ad-content--filled\" data-format=\"native_atf\">\n<div id=\"native_atf\" data-figtag=\"native_atf\" data-google-query-id=\"CJuYsMTcoYcDFRtZpAQdWawFjg\">\n<div id=\"google_ads_iframe_\/31695825\/lefigaro\/web_desktop_nos\/desktop_lefigaro_actualite-elections-articles_native_atf_0__container__\"><strong>NETTALI.COM - Il veut \u00eatre pr\u00e9sident. Ce vendredi matin, Gabriel Attal\u00a0a officiellement annonc\u00e9 sa candidature pour prendre la t\u00eate du groupe macroniste \u00e0 l\u2019Assembl\u00e9e nationale.\u00a0<\/strong><\/div>\n<div><\/div>\n<div><em>\u00abJ'ai l'honneur de vous pr\u00e9senter ma candidature \u00e0 la Pr\u00e9sidence de notre groupe\u00bb.\u00a0<\/em>Dans un message \u00e0 ses coll\u00e8gues d\u00e9put\u00e9s \u2013 consult\u00e9 par\u00a0<em>le Figaro<\/em>\u00a0\u2013, l'actuel premier ministre a mis fin au faux suspens qui planait autour de sa candidature. Alors que ces derniers jours, les noms de\u00a0G\u00e9rald Darmanin et d\u2019\u00c9lisabeth Borne \u00e9taient aussi \u00e9voqu\u00e9s pour briguer la pr\u00e9sidence du groupe, le chef de l\u2019actuel gouvernement devrait \u00eatre finalement, seul sur la ligne de d\u00e9part pour cette \u00e9lection qui aura lieu ce samedi matin.<\/div>\n<\/div>\n<\/div>\n<div class=\"fig-content-body\" data-agora-base-url=\"https:\/\/connect.lefigaro.fr\" data-component=\"fig-content-body\" data-context=\"was @visible\" data-id=\"bGVmaWdhcm8uZnJfXzFlZjNjODc0LWUwNWMtNjYyYy1iN2I5LWZmMGIzZGIwNDk4ZF9fTmV3c0ZsYXNo\" data-module=\"fig-body\" data-premium=\"false\" data-mrf-recirculation=\"fig-body\">\n<p class=\"fig-paragraph\"><em>\u00abComme je l'ai indiqu\u00e9 d\u00e8s dimanche soir, j'assumerai mes fonctions de premier ministre tant que le devoir l'exigera. Je pourrai si\u00e9ger sur vos bancs d\u00e8s lors que le pr\u00e9sident de la R\u00e9publique aura accept\u00e9 ma d\u00e9mission et qu'avec mon Gouvernement, nous exp\u00e9dierons les affaires courantes\u00bb<\/em>, a pr\u00e9cis\u00e9 le premier ministre dans le m\u00eame message.<\/p>\n<p class=\"fig-paragraph\"><em>\u00abAvec la dissolution et les \u00e9lections l\u00e9gislatives anticip\u00e9es, nous avons fr\u00f4l\u00e9 la disparition\u00bb<\/em>, admet l\u2019\u00e9ph\u00e9m\u00e8re ministre de l\u2019\u00c9ducation d\u00e8s les premiers mots de sa profession de foi. \u00c0 la veille de son \u00e9lection probable \u00e0 la t\u00eate du groupe Renaissance, la premi\u00e8re mesure propos\u00e9e par le d\u00e9put\u00e9 des Hauts-de-Seine est de rebaptiser le groupe\u00a0<em>\u00abEnsemble pour la R\u00e9publique\u00bb<\/em>. Comme ses pr\u00e9d\u00e9cesseurs, Gabriel Attal promet davantage de\u00a0<em>\u00abcoll\u00e9gialit\u00e9\u00bb<\/em>\u00a0dans les prises de d\u00e9cision. Pour cela, il souhaite organiser des \u00e9lections afin d\u2019\u00e9lire les vice-pr\u00e9sidents du groupe et\u00a0<em>\u00abd\u2019ouvrir la r\u00e9union hebdomadaire du bureau du groupe \u00e0 tous les d\u00e9put\u00e9s\u00bb<\/em>.<\/p>\n<p class=\"fig-paragraph\">Apr\u00e8s son bail \u00e0 Matignon, Gabriel Attal aura un r\u00f4le central au sein du dispositif macroniste, d\u2019autant plus dans une configuration sans majorit\u00e9 claire \u00e0 l\u2019Assembl\u00e9e. Une fois \u00e9lu pr\u00e9sident, il retrouvera lors d\u2019une r\u00e9union hebdomadaire l\u2019ensemble des chefs de groupe. Ce rendez-vous r\u00e9unira de nombreux poids lourds de la sc\u00e8ne politique avec notamment\u00a0Marine Le Pen\u00a0(RN),\u00a0Laurent Wauquiez\u00a0(LR),\u00a0Mathilde Panot(LFI) ou encore\u00a0\u00c9ric Ciotti\u00a0(A Droite).<\/p>\n<\/div>\n<\/article>\n<div class=\"fig-recommended\" data-mrf-recirculation=\"Fig Recommended\">\n<div class=\"fig-recommended__title\"><\/div>\n<\/div>\n<div class='share-to-whatsapp-wrapper'><div class='share-on-whsp'>PARTAGER SUR : <\/div><a data-text='ASSEMBL\u00c9E NATIONALE -  Gabriel Attal se d\u00e9clare officiellement candidat \u00e0 la t\u00eate du groupe macroniste' data-link='https:\/\/www.nettali.com\/2024\/07\/12\/assemblee-nationale-gabriel-attal-se-declare-officiellement-candidat-a-la-tete-du-groupe-macroniste\/' class='whatsapp-button whatsapp-share'>WhatsApp<\/a><div class='clear '><\/div><\/div>","protected":false},"excerpt":{"rendered":"<p>NETTALI.COM - Il veut \u00eatre pr\u00e9sident. Ce vendredi matin, Gabriel Attal\u00a0a officiellement annonc\u00e9 sa candidature pour prendre la t\u00eate du groupe macroniste \u00e0 l\u2019Assembl\u00e9e nationale.\u00a0 \u00abJ'ai l'honneur de vous pr\u00e9senter ma candidature \u00e0 la Pr\u00e9sidence de notre groupe\u00bb.\u00a0Dans un message \u00e0 ses coll\u00e8gues d\u00e9put\u00e9s \u2013 consult\u00e9 par\u00a0le Figaro\u00a0\u2013, l'actuel premier ministre a mis fin au [&hellip;]<\/p>\n","protected":false},"author":4,"featured_media":136590,"comment_status":"open","ping_status":"open","sticky":false,"template":"","format":"standard","meta":{"_et_pb_use_builder":"","_et_pb_old_content":""},"categories":[2],"tags":[],"yoast_head":"<!-- This site is optimized with the Yoast SEO Premium plugin v17.8 (Yoast SEO v17.8) - https:\/\/yoast.com\/wordpress\/plugins\/seo\/ -->\n<title>ASSEMBL\u00c9E NATIONALE - Gabriel Attal se d\u00e9clare officiellement candidat \u00e0 la t\u00eate du groupe macroniste | Nettali.com<\/title>\n<meta name=\"robots\" content=\"index, follow, max-snippet:-1, max-image-preview:large, max-video-preview:-1\" \/>\n<link rel=\"canonical\" href=\"https:\/\/www.nettali.com\/2024\/07\/12\/assemblee-nationale-gabriel-attal-se-declare-officiellement-candidat-a-la-tete-du-groupe-macroniste\/\" \/>\n<meta property=\"og:locale\" content=\"fr_FR\" \/>\n<meta property=\"og:type\" content=\"article\" \/>\n<meta property=\"og:title\" content=\"ASSEMBL\u00c9E NATIONALE - Gabriel Attal se d\u00e9clare officiellement candidat \u00e0 la t\u00eate du groupe macroniste\" \/>\n<meta property=\"og:description\" content=\"NETTALI.COM - Il veut \u00eatre pr\u00e9sident. Ce vendredi matin, Gabriel Attal\u00a0a officiellement annonc\u00e9 sa candidature pour prendre la t\u00eate du groupe macroniste \u00e0 l\u2019Assembl\u00e9e nationale.\u00a0 \u00abJ&#039;ai l&#039;honneur de vous pr\u00e9senter ma candidature \u00e0 la Pr\u00e9sidence de notre groupe\u00bb.\u00a0Dans un message \u00e0 ses coll\u00e8gues d\u00e9put\u00e9s \u2013 consult\u00e9 par\u00a0le Figaro\u00a0\u2013, l&#039;actuel premier ministre a mis fin au [&hellip;]\" \/>\n<meta property=\"og:url\" content=\"https:\/\/www.nettali.com\/2024\/07\/12\/assemblee-nationale-gabriel-attal-se-declare-officiellement-candidat-a-la-tete-du-groupe-macroniste\/\" \/>\n<meta property=\"og:site_name\" content=\"Nettali.com\" \/>\n<meta property=\"article:publisher\" content=\"https:\/\/www.facebook.com\/nettalicom\" \/>\n<meta property=\"article:published_time\" content=\"2024-07-12T14:38:43+00:00\" \/>\n<meta property=\"og:image\" content=\"https:\/\/www.nettali.com\/wp-content\/uploads\/2024\/07\/Gabriel-Attal-et-Emmanuel-Macron-le-14-fevrier-2024-a-Paris-1809303.jpg\" \/>\n\t<meta property=\"og:image:width\" content=\"2048\" \/>\n\t<meta property=\"og:image:height\" content=\"1152\" \/>\n<meta name=\"twitter:card\" content=\"summary_large_image\" \/>\n<meta name=\"twitter:label1\" content=\"\u00c9crit par\" \/>\n\t<meta name=\"twitter:data1\" content=\"Daouda\" \/>\n\t<meta name=\"twitter:label2\" content=\"Dur\u00e9e de lecture estim\u00e9e\" \/>\n\t<meta name=\"twitter:data2\" content=\"2 minutes\" \/>\n<script type=\"application\/ld+json\" class=\"yoast-schema-graph\">{\"@context\":\"https:\/\/schema.org\",\"@graph\":[{\"@type\":\"WebSite\",\"@id\":\"https:\/\/www.nettali.com\/#website\",\"url\":\"https:\/\/www.nettali.com\/\",\"name\":\"Nettali.com\",\"description\":\"Le rendez-vous critique du Net\",\"potentialAction\":[{\"@type\":\"SearchAction\",\"target\":{\"@type\":\"EntryPoint\",\"urlTemplate\":\"https:\/\/www.nettali.com\/?s={search_term_string}\"},\"query-input\":\"required name=search_term_string\"}],\"inLanguage\":\"fr-FR\"},{\"@type\":\"ImageObject\",\"@id\":\"https:\/\/www.nettali.com\/2024\/07\/12\/assemblee-nationale-gabriel-attal-se-declare-officiellement-candidat-a-la-tete-du-groupe-macroniste\/#primaryimage\",\"inLanguage\":\"fr-FR\",\"url\":\"https:\/\/www.nettali.com\/wp-content\/uploads\/2024\/07\/Gabriel-Attal-et-Emmanuel-Macron-le-14-fevrier-2024-a-Paris-1809303.jpg\",\"contentUrl\":\"https:\/\/www.nettali.com\/wp-content\/uploads\/2024\/07\/Gabriel-Attal-et-Emmanuel-Macron-le-14-fevrier-2024-a-Paris-1809303.jpg\",\"width\":2048,\"height\":1152},{\"@type\":\"WebPage\",\"@id\":\"https:\/\/www.nettali.com\/2024\/07\/12\/assemblee-nationale-gabriel-attal-se-declare-officiellement-candidat-a-la-tete-du-groupe-macroniste\/#webpage\",\"url\":\"https:\/\/www.nettali.com\/2024\/07\/12\/assemblee-nationale-gabriel-attal-se-declare-officiellement-candidat-a-la-tete-du-groupe-macroniste\/\",\"name\":\"ASSEMBL\\u00c9E NATIONALE - Gabriel Attal se d\\u00e9clare officiellement candidat \\u00e0 la t\\u00eate du groupe macroniste | Nettali.com\",\"isPartOf\":{\"@id\":\"https:\/\/www.nettali.com\/#website\"},\"primaryImageOfPage\":{\"@id\":\"https:\/\/www.nettali.com\/2024\/07\/12\/assemblee-nationale-gabriel-attal-se-declare-officiellement-candidat-a-la-tete-du-groupe-macroniste\/#primaryimage\"},\"datePublished\":\"2024-07-12T14:38:43+00:00\",\"dateModified\":\"2024-07-12T14:38:43+00:00\",\"author\":{\"@id\":\"https:\/\/www.nettali.com\/#\/schema\/person\/3317e0bb3aa1da309fbf7b2780901bf4\"},\"breadcrumb\":{\"@id\":\"https:\/\/www.nettali.com\/2024\/07\/12\/assemblee-nationale-gabriel-attal-se-declare-officiellement-candidat-a-la-tete-du-groupe-macroniste\/#breadcrumb\"},\"inLanguage\":\"fr-FR\",\"potentialAction\":[{\"@type\":\"ReadAction\",\"target\":[\"https:\/\/www.nettali.com\/2024\/07\/12\/assemblee-nationale-gabriel-attal-se-declare-officiellement-candidat-a-la-tete-du-groupe-macroniste\/\"]}]},{\"@type\":\"BreadcrumbList\",\"@id\":\"https:\/\/www.nettali.com\/2024\/07\/12\/assemblee-nationale-gabriel-attal-se-declare-officiellement-candidat-a-la-tete-du-groupe-macroniste\/#breadcrumb\",\"itemListElement\":[{\"@type\":\"ListItem\",\"position\":1,\"name\":\"Accueil\",\"item\":\"https:\/\/www.nettali.com\/\"},{\"@type\":\"ListItem\",\"position\":2,\"name\":\"ASSEMBL\\u00c9E NATIONALE - Gabriel Attal se d\\u00e9clare officiellement candidat \\u00e0 la t\\u00eate du groupe macroniste\"}]},{\"@type\":\"Person\",\"@id\":\"https:\/\/www.nettali.com\/#\/schema\/person\/3317e0bb3aa1da309fbf7b2780901bf4\",\"name\":\"Daouda\",\"image\":{\"@type\":\"ImageObject\",\"@id\":\"https:\/\/www.nettali.com\/#personlogo\",\"inLanguage\":\"fr-FR\",\"url\":\"https:\/\/secure.gravatar.com\/avatar\/8d143b5a49345098ddcfee1c49c2f47c?s=96&d=mm&r=g\",\"contentUrl\":\"https:\/\/secure.gravatar.com\/avatar\/8d143b5a49345098ddcfee1c49c2f47c?s=96&d=mm&r=g\",\"caption\":\"Daouda\"},\"sameAs\":[\"https:\/\/www.nettali.com\"]}]}<\/script>\n<!-- \/ Yoast SEO Premium plugin. -->","yoast_head_json":{"title":"ASSEMBL\u00c9E NATIONALE - Gabriel Attal se d\u00e9clare officiellement candidat \u00e0 la t\u00eate du groupe macroniste | Nettali.com","robots":{"index":"index","follow":"follow","max-snippet":"max-snippet:-1","max-image-preview":"max-image-preview:large","max-video-preview":"max-video-preview:-1"},"canonical":"https:\/\/www.nettali.com\/2024\/07\/12\/assemblee-nationale-gabriel-attal-se-declare-officiellement-candidat-a-la-tete-du-groupe-macroniste\/","og_locale":"fr_FR","og_type":"article","og_title":"ASSEMBL\u00c9E NATIONALE - Gabriel Attal se d\u00e9clare officiellement candidat \u00e0 la t\u00eate du groupe macroniste","og_description":"NETTALI.COM - Il veut \u00eatre pr\u00e9sident. Ce vendredi matin, Gabriel Attal\u00a0a officiellement annonc\u00e9 sa candidature pour prendre la t\u00eate du groupe macroniste \u00e0 l\u2019Assembl\u00e9e nationale.\u00a0 \u00abJ'ai l'honneur de vous pr\u00e9senter ma candidature \u00e0 la Pr\u00e9sidence de notre groupe\u00bb.\u00a0Dans un message \u00e0 ses coll\u00e8gues d\u00e9put\u00e9s \u2013 consult\u00e9 par\u00a0le Figaro\u00a0\u2013, l'actuel premier ministre a mis fin au [&hellip;]","og_url":"https:\/\/www.nettali.com\/2024\/07\/12\/assemblee-nationale-gabriel-attal-se-declare-officiellement-candidat-a-la-tete-du-groupe-macroniste\/","og_site_name":"Nettali.com","article_publisher":"https:\/\/www.facebook.com\/nettalicom","article_published_time":"2024-07-12T14:38:43+00:00","og_image":[{"width":2048,"height":1152,"url":"https:\/\/www.nettali.com\/wp-content\/uploads\/2024\/07\/Gabriel-Attal-et-Emmanuel-Macron-le-14-fevrier-2024-a-Paris-1809303.jpg","type":"image\/jpeg"}],"twitter_card":"summary_large_image","twitter_misc":{"\u00c9crit par":"Daouda","Dur\u00e9e de lecture estim\u00e9e":"2 minutes"},"schema":{"@context":"https:\/\/schema.org","@graph":[{"@type":"WebSite","@id":"https:\/\/www.nettali.com\/#website","url":"https:\/\/www.nettali.com\/","name":"Nettali.com","description":"Le rendez-vous critique du Net","potentialAction":[{"@type":"SearchAction","target":{"@type":"EntryPoint","urlTemplate":"https:\/\/www.nettali.com\/?s={search_term_string}"},"query-input":"required name=search_term_string"}],"inLanguage":"fr-FR"},{"@type":"ImageObject","@id":"https:\/\/www.nettali.com\/2024\/07\/12\/assemblee-nationale-gabriel-attal-se-declare-officiellement-candidat-a-la-tete-du-groupe-macroniste\/#primaryimage","inLanguage":"fr-FR","url":"https:\/\/www.nettali.com\/wp-content\/uploads\/2024\/07\/Gabriel-Attal-et-Emmanuel-Macron-le-14-fevrier-2024-a-Paris-1809303.jpg","contentUrl":"https:\/\/www.nettali.com\/wp-content\/uploads\/2024\/07\/Gabriel-Attal-et-Emmanuel-Macron-le-14-fevrier-2024-a-Paris-1809303.jpg","width":2048,"height":1152},{"@type":"WebPage","@id":"https:\/\/www.nettali.com\/2024\/07\/12\/assemblee-nationale-gabriel-attal-se-declare-officiellement-candidat-a-la-tete-du-groupe-macroniste\/#webpage","url":"https:\/\/www.nettali.com\/2024\/07\/12\/assemblee-nationale-gabriel-attal-se-declare-officiellement-candidat-a-la-tete-du-groupe-macroniste\/","name":"ASSEMBL\u00c9E NATIONALE - Gabriel Attal se d\u00e9clare officiellement candidat \u00e0 la t\u00eate du groupe macroniste | Nettali.com","isPartOf":{"@id":"https:\/\/www.nettali.com\/#website"},"primaryImageOfPage":{"@id":"https:\/\/www.nettali.com\/2024\/07\/12\/assemblee-nationale-gabriel-attal-se-declare-officiellement-candidat-a-la-tete-du-groupe-macroniste\/#primaryimage"},"datePublished":"2024-07-12T14:38:43+00:00","dateModified":"2024-07-12T14:38:43+00:00","author":{"@id":"https:\/\/www.nettali.com\/#\/schema\/person\/3317e0bb3aa1da309fbf7b2780901bf4"},"breadcrumb":{"@id":"https:\/\/www.nettali.com\/2024\/07\/12\/assemblee-nationale-gabriel-attal-se-declare-officiellement-candidat-a-la-tete-du-groupe-macroniste\/#breadcrumb"},"inLanguage":"fr-FR","potentialAction":[{"@type":"ReadAction","target":["https:\/\/www.nettali.com\/2024\/07\/12\/assemblee-nationale-gabriel-attal-se-declare-officiellement-candidat-a-la-tete-du-groupe-macroniste\/"]}]},{"@type":"BreadcrumbList","@id":"https:\/\/www.nettali.com\/2024\/07\/12\/assemblee-nationale-gabriel-attal-se-declare-officiellement-candidat-a-la-tete-du-groupe-macroniste\/#breadcrumb","itemListElement":[{"@type":"ListItem","position":1,"name":"Accueil","item":"https:\/\/www.nettali.com\/"},{"@type":"ListItem","position":2,"name":"ASSEMBL\u00c9E NATIONALE - Gabriel Attal se d\u00e9clare officiellement candidat \u00e0 la t\u00eate du groupe macroniste"}]},{"@type":"Person","@id":"https:\/\/www.nettali.com\/#\/schema\/person\/3317e0bb3aa1da309fbf7b2780901bf4","name":"Daouda","image":{"@type":"ImageObject","@id":"https:\/\/www.nettali.com\/#personlogo","inLanguage":"fr-FR","url":"https:\/\/secure.gravatar.com\/avatar\/8d143b5a49345098ddcfee1c49c2f47c?s=96&d=mm&r=g","contentUrl":"https:\/\/secure.gravatar.com\/avatar\/8d143b5a49345098ddcfee1c49c2f47c?s=96&d=mm&r=g","caption":"Daouda"},"sameAs":["https:\/\/www.nettali.com"]}]}},"_links":{"self":[{"href":"https:\/\/www.nettali.com\/rest\/wp\/v2\/posts\/136830"}],"collection":[{"href":"https:\/\/www.nettali.com\/rest\/wp\/v2\/posts"}],"about":[{"href":"https:\/\/www.nettali.com\/rest\/wp\/v2\/types\/post"}],"author":[{"embeddable":true,"href":"https:\/\/www.nettali.com\/rest\/wp\/v2\/users\/4"}],"replies":[{"embeddable":true,"href":"https:\/\/www.nettali.com\/rest\/wp\/v2\/comments?post=136830"}],"version-history":[{"count":1,"href":"https:\/\/www.nettali.com\/rest\/wp\/v2\/posts\/136830\/revisions"}],"predecessor-version":[{"id":136831,"href":"https:\/\/www.nettali.com\/rest\/wp\/v2\/posts\/136830\/revisions\/136831"}],"wp:featuredmedia":[{"embeddable":true,"href":"https:\/\/www.nettali.com\/rest\/wp\/v2\/media\/136590"}],"wp:attachment":[{"href":"https:\/\/www.nettali.com\/rest\/wp\/v2\/media?parent=136830"}],"wp:term":[{"taxonomy":"category","embeddable":true,"href":"https:\/\/www.nettali.com\/rest\/wp\/v2\/categories?post=136830"},{"taxonomy":"post_tag","embeddable":true,"href":"https:\/\/www.nettali.com\/rest\/wp\/v2\/tags?post=136830"}],"curies":[{"name":"wp","href":"https:\/\/api.w.org\/{rel}","templated":true}]}}