{"id":136758,"date":"2024-07-11T11:00:46","date_gmt":"2024-07-11T11:00:46","guid":{"rendered":"https:\/\/www.nettali.com\/?p=136758"},"modified":"2024-07-11T10:02:35","modified_gmt":"2024-07-11T10:02:35","slug":"enfant-de-8-mois-retrouve-au-fond-dun-bassin-a-darou-miname-la-faute-a-la-maman-qui-a-tout-avoue","status":"publish","type":"post","link":"https:\/\/www.nettali.com\/2024\/07\/11\/enfant-de-8-mois-retrouve-au-fond-dun-bassin-a-darou-miname-la-faute-a-la-maman-qui-a-tout-avoue\/","title":{"rendered":"ENFANT DE 8 MOIS RETROUV\u00c9 AU FOND D\u2019UN BASSIN \u00c0 DAROU MINAME - La faute \u00e0 la maman qui a tout avou\u00e9"},"content":{"rendered":"<p><strong>NETTAL.COM - Le 6 juillet dernier, A.N, un b\u00e9b\u00e9 \u00e2g\u00e9 d\u2019\u00e0 peine 8 mois avait \u00e9t\u00e9 retrouv\u00e9 mort, au fond d\u2019un bassin situ\u00e9 \u00e0 Darou Miname (Touba). La maman du b\u00e9b\u00e9, A.L\u00f4 \u00e2g\u00e9e de 18 ans, est en garde \u00e0 vue depuis mardi au commissariat sp\u00e9cial de Touba apr\u00e8s avoir fait des aveux.<\/strong><\/p>\n<p>Il ressort de l\u2019enqu\u00eate que cette derni\u00e8re avait pos\u00e9 son b\u00e9b\u00e9 sur les rebords du bassin avant de se rendre dans la cuisine.<br \/>\nA un moment, elle a entendu du bruit comme si quelque chose tombait dans le bassin. Le temps qu\u2019elle comprenne ce qui \u00e9tait arriv\u00e9, l\u2019irr\u00e9parable s\u2019\u00e9tait d\u00e9j\u00e0 produit. Manifestement, la jeune maman avait oubli\u00e9 son b\u00e9b\u00e9 sur les rebords du bassin.<br \/>\nPrise de panique, elle a cri\u00e9 partout que le b\u00e9b\u00e9 avait disparu, participant elle\u2010m\u00eame aux recherches. Elle continuera \u00e0 garder le silence lorsque l\u2019enfant a \u00e9t\u00e9 retrouv\u00e9 au fond du bassin avant de passer aux aveux face aux enqu\u00eateurs qui avaient formellement \u00e9tabli qu\u2019elle \u00e9tait la derni\u00e8re \u00e0 avoir \u00e9t\u00e9 vue avec l\u2019enfant.<\/p>\n<p>Malgr\u00e9 sa double peine, A.L\u00f4 sera d\u00e9f\u00e9r\u00e9e ce jeudi pour homicide involontaire.<\/p>\n<div class='share-to-whatsapp-wrapper'><div class='share-on-whsp'>PARTAGER SUR : <\/div><a data-text='ENFANT DE 8 MOIS RETROUV\u00c9 AU FOND D\u2019UN BASSIN \u00c0 DAROU MINAME - La faute \u00e0 la maman qui a tout avou\u00e9' data-link='https:\/\/www.nettali.com\/2024\/07\/11\/enfant-de-8-mois-retrouve-au-fond-dun-bassin-a-darou-miname-la-faute-a-la-maman-qui-a-tout-avoue\/' class='whatsapp-button whatsapp-share'>WhatsApp<\/a><div class='clear '><\/div><\/div>","protected":false},"excerpt":{"rendered":"<p>NETTAL.COM - Le 6 juillet dernier, A.N, un b\u00e9b\u00e9 \u00e2g\u00e9 d\u2019\u00e0 peine 8 mois avait \u00e9t\u00e9 retrouv\u00e9 mort, au fond d\u2019un bassin situ\u00e9 \u00e0 Darou Miname (Touba). La maman du b\u00e9b\u00e9, A.L\u00f4 \u00e2g\u00e9e de 18 ans, est en garde \u00e0 vue depuis mardi au commissariat sp\u00e9cial de Touba apr\u00e8s avoir fait des aveux. Il ressort [&hellip;]<\/p>\n","protected":false},"author":6,"featured_media":7676,"comment_status":"open","ping_status":"open","sticky":false,"template":"","format":"standard","meta":{"_et_pb_use_builder":"","_et_pb_old_content":""},"categories":[3],"tags":[],"yoast_head":"<!-- This site is optimized with the Yoast SEO Premium plugin v17.8 (Yoast SEO v17.8) - https:\/\/yoast.com\/wordpress\/plugins\/seo\/ -->\n<title>ENFANT DE 8 MOIS RETROUV\u00c9 AU FOND D\u2019UN BASSIN \u00c0 DAROU MINAME - La faute \u00e0 la maman qui a tout avou\u00e9 | Nettali.com<\/title>\n<meta name=\"robots\" content=\"index, follow, max-snippet:-1, max-image-preview:large, max-video-preview:-1\" \/>\n<link rel=\"canonical\" href=\"https:\/\/www.nettali.com\/2024\/07\/11\/enfant-de-8-mois-retrouve-au-fond-dun-bassin-a-darou-miname-la-faute-a-la-maman-qui-a-tout-avoue\/\" \/>\n<meta property=\"og:locale\" content=\"fr_FR\" \/>\n<meta property=\"og:type\" content=\"article\" \/>\n<meta property=\"og:title\" content=\"ENFANT DE 8 MOIS RETROUV\u00c9 AU FOND D\u2019UN BASSIN \u00c0 DAROU MINAME - La faute \u00e0 la maman qui a tout avou\u00e9\" \/>\n<meta property=\"og:description\" content=\"NETTAL.COM - Le 6 juillet dernier, A.N, un b\u00e9b\u00e9 \u00e2g\u00e9 d\u2019\u00e0 peine 8 mois avait \u00e9t\u00e9 retrouv\u00e9 mort, au fond d\u2019un bassin situ\u00e9 \u00e0 Darou Miname (Touba). La maman du b\u00e9b\u00e9, A.L\u00f4 \u00e2g\u00e9e de 18 ans, est en garde \u00e0 vue depuis mardi au commissariat sp\u00e9cial de Touba apr\u00e8s avoir fait des aveux. Il ressort [&hellip;]\" \/>\n<meta property=\"og:url\" content=\"https:\/\/www.nettali.com\/2024\/07\/11\/enfant-de-8-mois-retrouve-au-fond-dun-bassin-a-darou-miname-la-faute-a-la-maman-qui-a-tout-avoue\/\" \/>\n<meta property=\"og:site_name\" content=\"Nettali.com\" \/>\n<meta property=\"article:publisher\" content=\"https:\/\/www.facebook.com\/nettalicom\" \/>\n<meta property=\"article:published_time\" content=\"2024-07-11T11:00:46+00:00\" \/>\n<meta property=\"article:modified_time\" content=\"2024-07-11T10:02:35+00:00\" \/>\n<meta property=\"og:image\" content=\"https:\/\/www.nettali.com\/wp-content\/uploads\/2019\/04\/arrestation.jpg\" \/>\n\t<meta property=\"og:image:width\" content=\"779\" \/>\n\t<meta property=\"og:image:height\" content=\"517\" \/>\n<meta name=\"twitter:card\" content=\"summary_large_image\" \/>\n<meta name=\"twitter:label1\" content=\"\u00c9crit par\" \/>\n\t<meta name=\"twitter:data1\" content=\"Fatou\" \/>\n\t<meta name=\"twitter:label2\" content=\"Dur\u00e9e de lecture estim\u00e9e\" \/>\n\t<meta name=\"twitter:data2\" content=\"1 minute\" \/>\n<script type=\"application\/ld+json\" class=\"yoast-schema-graph\">{\"@context\":\"https:\/\/schema.org\",\"@graph\":[{\"@type\":\"WebSite\",\"@id\":\"https:\/\/www.nettali.com\/#website\",\"url\":\"https:\/\/www.nettali.com\/\",\"name\":\"Nettali.com\",\"description\":\"Le rendez-vous critique du Net\",\"potentialAction\":[{\"@type\":\"SearchAction\",\"target\":{\"@type\":\"EntryPoint\",\"urlTemplate\":\"https:\/\/www.nettali.com\/?s={search_term_string}\"},\"query-input\":\"required name=search_term_string\"}],\"inLanguage\":\"fr-FR\"},{\"@type\":\"ImageObject\",\"@id\":\"https:\/\/www.nettali.com\/2024\/07\/11\/enfant-de-8-mois-retrouve-au-fond-dun-bassin-a-darou-miname-la-faute-a-la-maman-qui-a-tout-avoue\/#primaryimage\",\"inLanguage\":\"fr-FR\",\"url\":\"https:\/\/www.nettali.com\/wp-content\/uploads\/2019\/04\/arrestation.jpg\",\"contentUrl\":\"https:\/\/www.nettali.com\/wp-content\/uploads\/2019\/04\/arrestation.jpg\",\"width\":779,\"height\":517},{\"@type\":\"WebPage\",\"@id\":\"https:\/\/www.nettali.com\/2024\/07\/11\/enfant-de-8-mois-retrouve-au-fond-dun-bassin-a-darou-miname-la-faute-a-la-maman-qui-a-tout-avoue\/#webpage\",\"url\":\"https:\/\/www.nettali.com\/2024\/07\/11\/enfant-de-8-mois-retrouve-au-fond-dun-bassin-a-darou-miname-la-faute-a-la-maman-qui-a-tout-avoue\/\",\"name\":\"ENFANT DE 8 MOIS RETROUV\\u00c9 AU FOND D\\u2019UN BASSIN \\u00c0 DAROU MINAME - La faute \\u00e0 la maman qui a tout avou\\u00e9 | Nettali.com\",\"isPartOf\":{\"@id\":\"https:\/\/www.nettali.com\/#website\"},\"primaryImageOfPage\":{\"@id\":\"https:\/\/www.nettali.com\/2024\/07\/11\/enfant-de-8-mois-retrouve-au-fond-dun-bassin-a-darou-miname-la-faute-a-la-maman-qui-a-tout-avoue\/#primaryimage\"},\"datePublished\":\"2024-07-11T11:00:46+00:00\",\"dateModified\":\"2024-07-11T10:02:35+00:00\",\"author\":{\"@id\":\"https:\/\/www.nettali.com\/#\/schema\/person\/418274a86bdf87caff7a3ef476bd0bbf\"},\"breadcrumb\":{\"@id\":\"https:\/\/www.nettali.com\/2024\/07\/11\/enfant-de-8-mois-retrouve-au-fond-dun-bassin-a-darou-miname-la-faute-a-la-maman-qui-a-tout-avoue\/#breadcrumb\"},\"inLanguage\":\"fr-FR\",\"potentialAction\":[{\"@type\":\"ReadAction\",\"target\":[\"https:\/\/www.nettali.com\/2024\/07\/11\/enfant-de-8-mois-retrouve-au-fond-dun-bassin-a-darou-miname-la-faute-a-la-maman-qui-a-tout-avoue\/\"]}]},{\"@type\":\"BreadcrumbList\",\"@id\":\"https:\/\/www.nettali.com\/2024\/07\/11\/enfant-de-8-mois-retrouve-au-fond-dun-bassin-a-darou-miname-la-faute-a-la-maman-qui-a-tout-avoue\/#breadcrumb\",\"itemListElement\":[{\"@type\":\"ListItem\",\"position\":1,\"name\":\"Accueil\",\"item\":\"https:\/\/www.nettali.com\/\"},{\"@type\":\"ListItem\",\"position\":2,\"name\":\"ENFANT DE 8 MOIS RETROUV\\u00c9 AU FOND D\\u2019UN BASSIN \\u00c0 DAROU MINAME - La faute \\u00e0 la maman qui a tout avou\\u00e9\"}]},{\"@type\":\"Person\",\"@id\":\"https:\/\/www.nettali.com\/#\/schema\/person\/418274a86bdf87caff7a3ef476bd0bbf\",\"name\":\"Fatou\",\"image\":{\"@type\":\"ImageObject\",\"@id\":\"https:\/\/www.nettali.com\/#personlogo\",\"inLanguage\":\"fr-FR\",\"url\":\"https:\/\/secure.gravatar.com\/avatar\/5a9442a2bee7b4dcf167cab035858e9a?s=96&d=mm&r=g\",\"contentUrl\":\"https:\/\/secure.gravatar.com\/avatar\/5a9442a2bee7b4dcf167cab035858e9a?s=96&d=mm&r=g\",\"caption\":\"Fatou\"},\"sameAs\":[\"https:\/\/www.nettali.com\"]}]}<\/script>\n<!-- \/ Yoast SEO Premium plugin. -->","yoast_head_json":{"title":"ENFANT DE 8 MOIS RETROUV\u00c9 AU FOND D\u2019UN BASSIN \u00c0 DAROU MINAME - La faute \u00e0 la maman qui a tout avou\u00e9 | Nettali.com","robots":{"index":"index","follow":"follow","max-snippet":"max-snippet:-1","max-image-preview":"max-image-preview:large","max-video-preview":"max-video-preview:-1"},"canonical":"https:\/\/www.nettali.com\/2024\/07\/11\/enfant-de-8-mois-retrouve-au-fond-dun-bassin-a-darou-miname-la-faute-a-la-maman-qui-a-tout-avoue\/","og_locale":"fr_FR","og_type":"article","og_title":"ENFANT DE 8 MOIS RETROUV\u00c9 AU FOND D\u2019UN BASSIN \u00c0 DAROU MINAME - La faute \u00e0 la maman qui a tout avou\u00e9","og_description":"NETTAL.COM - Le 6 juillet dernier, A.N, un b\u00e9b\u00e9 \u00e2g\u00e9 d\u2019\u00e0 peine 8 mois avait \u00e9t\u00e9 retrouv\u00e9 mort, au fond d\u2019un bassin situ\u00e9 \u00e0 Darou Miname (Touba). La maman du b\u00e9b\u00e9, A.L\u00f4 \u00e2g\u00e9e de 18 ans, est en garde \u00e0 vue depuis mardi au commissariat sp\u00e9cial de Touba apr\u00e8s avoir fait des aveux. Il ressort [&hellip;]","og_url":"https:\/\/www.nettali.com\/2024\/07\/11\/enfant-de-8-mois-retrouve-au-fond-dun-bassin-a-darou-miname-la-faute-a-la-maman-qui-a-tout-avoue\/","og_site_name":"Nettali.com","article_publisher":"https:\/\/www.facebook.com\/nettalicom","article_published_time":"2024-07-11T11:00:46+00:00","article_modified_time":"2024-07-11T10:02:35+00:00","og_image":[{"width":779,"height":517,"url":"https:\/\/www.nettali.com\/wp-content\/uploads\/2019\/04\/arrestation.jpg","type":"image\/jpeg"}],"twitter_card":"summary_large_image","twitter_misc":{"\u00c9crit par":"Fatou","Dur\u00e9e de lecture estim\u00e9e":"1 minute"},"schema":{"@context":"https:\/\/schema.org","@graph":[{"@type":"WebSite","@id":"https:\/\/www.nettali.com\/#website","url":"https:\/\/www.nettali.com\/","name":"Nettali.com","description":"Le rendez-vous critique du Net","potentialAction":[{"@type":"SearchAction","target":{"@type":"EntryPoint","urlTemplate":"https:\/\/www.nettali.com\/?s={search_term_string}"},"query-input":"required name=search_term_string"}],"inLanguage":"fr-FR"},{"@type":"ImageObject","@id":"https:\/\/www.nettali.com\/2024\/07\/11\/enfant-de-8-mois-retrouve-au-fond-dun-bassin-a-darou-miname-la-faute-a-la-maman-qui-a-tout-avoue\/#primaryimage","inLanguage":"fr-FR","url":"https:\/\/www.nettali.com\/wp-content\/uploads\/2019\/04\/arrestation.jpg","contentUrl":"https:\/\/www.nettali.com\/wp-content\/uploads\/2019\/04\/arrestation.jpg","width":779,"height":517},{"@type":"WebPage","@id":"https:\/\/www.nettali.com\/2024\/07\/11\/enfant-de-8-mois-retrouve-au-fond-dun-bassin-a-darou-miname-la-faute-a-la-maman-qui-a-tout-avoue\/#webpage","url":"https:\/\/www.nettali.com\/2024\/07\/11\/enfant-de-8-mois-retrouve-au-fond-dun-bassin-a-darou-miname-la-faute-a-la-maman-qui-a-tout-avoue\/","name":"ENFANT DE 8 MOIS RETROUV\u00c9 AU FOND D\u2019UN BASSIN \u00c0 DAROU MINAME - La faute \u00e0 la maman qui a tout avou\u00e9 | Nettali.com","isPartOf":{"@id":"https:\/\/www.nettali.com\/#website"},"primaryImageOfPage":{"@id":"https:\/\/www.nettali.com\/2024\/07\/11\/enfant-de-8-mois-retrouve-au-fond-dun-bassin-a-darou-miname-la-faute-a-la-maman-qui-a-tout-avoue\/#primaryimage"},"datePublished":"2024-07-11T11:00:46+00:00","dateModified":"2024-07-11T10:02:35+00:00","author":{"@id":"https:\/\/www.nettali.com\/#\/schema\/person\/418274a86bdf87caff7a3ef476bd0bbf"},"breadcrumb":{"@id":"https:\/\/www.nettali.com\/2024\/07\/11\/enfant-de-8-mois-retrouve-au-fond-dun-bassin-a-darou-miname-la-faute-a-la-maman-qui-a-tout-avoue\/#breadcrumb"},"inLanguage":"fr-FR","potentialAction":[{"@type":"ReadAction","target":["https:\/\/www.nettali.com\/2024\/07\/11\/enfant-de-8-mois-retrouve-au-fond-dun-bassin-a-darou-miname-la-faute-a-la-maman-qui-a-tout-avoue\/"]}]},{"@type":"BreadcrumbList","@id":"https:\/\/www.nettali.com\/2024\/07\/11\/enfant-de-8-mois-retrouve-au-fond-dun-bassin-a-darou-miname-la-faute-a-la-maman-qui-a-tout-avoue\/#breadcrumb","itemListElement":[{"@type":"ListItem","position":1,"name":"Accueil","item":"https:\/\/www.nettali.com\/"},{"@type":"ListItem","position":2,"name":"ENFANT DE 8 MOIS RETROUV\u00c9 AU FOND D\u2019UN BASSIN \u00c0 DAROU MINAME - La faute \u00e0 la maman qui a tout avou\u00e9"}]},{"@type":"Person","@id":"https:\/\/www.nettali.com\/#\/schema\/person\/418274a86bdf87caff7a3ef476bd0bbf","name":"Fatou","image":{"@type":"ImageObject","@id":"https:\/\/www.nettali.com\/#personlogo","inLanguage":"fr-FR","url":"https:\/\/secure.gravatar.com\/avatar\/5a9442a2bee7b4dcf167cab035858e9a?s=96&d=mm&r=g","contentUrl":"https:\/\/secure.gravatar.com\/avatar\/5a9442a2bee7b4dcf167cab035858e9a?s=96&d=mm&r=g","caption":"Fatou"},"sameAs":["https:\/\/www.nettali.com"]}]}},"_links":{"self":[{"href":"https:\/\/www.nettali.com\/rest\/wp\/v2\/posts\/136758"}],"collection":[{"href":"https:\/\/www.nettali.com\/rest\/wp\/v2\/posts"}],"about":[{"href":"https:\/\/www.nettali.com\/rest\/wp\/v2\/types\/post"}],"author":[{"embeddable":true,"href":"https:\/\/www.nettali.com\/rest\/wp\/v2\/users\/6"}],"replies":[{"embeddable":true,"href":"https:\/\/www.nettali.com\/rest\/wp\/v2\/comments?post=136758"}],"version-history":[{"count":3,"href":"https:\/\/www.nettali.com\/rest\/wp\/v2\/posts\/136758\/revisions"}],"predecessor-version":[{"id":136764,"href":"https:\/\/www.nettali.com\/rest\/wp\/v2\/posts\/136758\/revisions\/136764"}],"wp:featuredmedia":[{"embeddable":true,"href":"https:\/\/www.nettali.com\/rest\/wp\/v2\/media\/7676"}],"wp:attachment":[{"href":"https:\/\/www.nettali.com\/rest\/wp\/v2\/media?parent=136758"}],"wp:term":[{"taxonomy":"category","embeddable":true,"href":"https:\/\/www.nettali.com\/rest\/wp\/v2\/categories?post=136758"},{"taxonomy":"post_tag","embeddable":true,"href":"https:\/\/www.nettali.com\/rest\/wp\/v2\/tags?post=136758"}],"curies":[{"name":"wp","href":"https:\/\/api.w.org\/{rel}","templated":true}]}}