{"id":136743,"date":"2024-07-11T09:15:17","date_gmt":"2024-07-11T09:15:17","guid":{"rendered":"https:\/\/www.nettali.com\/?p=136743"},"modified":"2024-07-11T09:15:17","modified_gmt":"2024-07-11T09:15:17","slug":"65e-sommet-de-la-cedeao-bassirou-diomaye-faye-annonce-sa-participation","status":"publish","type":"post","link":"https:\/\/www.nettali.com\/2024\/07\/11\/65e-sommet-de-la-cedeao-bassirou-diomaye-faye-annonce-sa-participation\/","title":{"rendered":"65\u00c8 SOMMET DE LA CEDEAO - Bassirou Diomaye Faye annonce sa participation"},"content":{"rendered":"<p><strong>NETTAL.COM - En conseil des ministres, le chef de l\u2019Etat s\u00e9n\u00e9galais a inform\u00e9 le Conseil de sa participation, le 7 juillet 2024 \u00e0 Abuja, au 65\u00e8me Sommet des Chefs d\u2019Etat et de Gouvernement de la CEDEAO.<\/strong><\/p>\n<p>Dans sa communication, le chef de l\u2019\u00c9tat a aussi pr\u00e9sent\u00e9 ses meilleurs v\u0153ux de sant\u00e9, de paix et de bonheur \u00e0 la Oummah Islamique au seuil du nouvel an musulman1446. Non sans saisir l\u2019occasion pour demander au gouvernement de prendre toutes les mesures requises pour assurer le bon d\u00e9roulement des \u00e9v\u00e8nements religieux \u00e0 savoir le Grand Magal de Touba, le Maouloud et l\u2019Assomption qui se tiendront dans les prochaines semaines au S\u00e9n\u00e9gal.<\/p>\n<div class='share-to-whatsapp-wrapper'><div class='share-on-whsp'>PARTAGER SUR : <\/div><a data-text='65\u00c8 SOMMET DE LA CEDEAO - Bassirou Diomaye Faye annonce sa participation' data-link='https:\/\/www.nettali.com\/2024\/07\/11\/65e-sommet-de-la-cedeao-bassirou-diomaye-faye-annonce-sa-participation\/' class='whatsapp-button whatsapp-share'>WhatsApp<\/a><div class='clear '><\/div><\/div>","protected":false},"excerpt":{"rendered":"<p>NETTAL.COM - En conseil des ministres, le chef de l\u2019Etat s\u00e9n\u00e9galais a inform\u00e9 le Conseil de sa participation, le 7 juillet 2024 \u00e0 Abuja, au 65\u00e8me Sommet des Chefs d\u2019Etat et de Gouvernement de la CEDEAO. Dans sa communication, le chef de l\u2019\u00c9tat a aussi pr\u00e9sent\u00e9 ses meilleurs v\u0153ux de sant\u00e9, de paix et de [&hellip;]<\/p>\n","protected":false},"author":6,"featured_media":136744,"comment_status":"open","ping_status":"open","sticky":false,"template":"","format":"standard","meta":{"_et_pb_use_builder":"","_et_pb_old_content":""},"categories":[3],"tags":[],"yoast_head":"<!-- This site is optimized with the Yoast SEO Premium plugin v17.8 (Yoast SEO v17.8) - https:\/\/yoast.com\/wordpress\/plugins\/seo\/ -->\n<title>65\u00c8 SOMMET DE LA CEDEAO - Bassirou Diomaye Faye annonce sa participation | Nettali.com<\/title>\n<meta name=\"robots\" content=\"index, follow, max-snippet:-1, max-image-preview:large, max-video-preview:-1\" \/>\n<link rel=\"canonical\" href=\"https:\/\/www.nettali.com\/2024\/07\/11\/65e-sommet-de-la-cedeao-bassirou-diomaye-faye-annonce-sa-participation\/\" \/>\n<meta property=\"og:locale\" content=\"fr_FR\" \/>\n<meta property=\"og:type\" content=\"article\" \/>\n<meta property=\"og:title\" content=\"65\u00c8 SOMMET DE LA CEDEAO - Bassirou Diomaye Faye annonce sa participation\" \/>\n<meta property=\"og:description\" content=\"NETTAL.COM - En conseil des ministres, le chef de l\u2019Etat s\u00e9n\u00e9galais a inform\u00e9 le Conseil de sa participation, le 7 juillet 2024 \u00e0 Abuja, au 65\u00e8me Sommet des Chefs d\u2019Etat et de Gouvernement de la CEDEAO. Dans sa communication, le chef de l\u2019\u00c9tat a aussi pr\u00e9sent\u00e9 ses meilleurs v\u0153ux de sant\u00e9, de paix et de [&hellip;]\" \/>\n<meta property=\"og:url\" content=\"https:\/\/www.nettali.com\/2024\/07\/11\/65e-sommet-de-la-cedeao-bassirou-diomaye-faye-annonce-sa-participation\/\" \/>\n<meta property=\"og:site_name\" content=\"Nettali.com\" \/>\n<meta property=\"article:publisher\" content=\"https:\/\/www.facebook.com\/nettalicom\" \/>\n<meta property=\"article:published_time\" content=\"2024-07-11T09:15:17+00:00\" \/>\n<meta property=\"og:image\" content=\"https:\/\/www.nettali.com\/wp-content\/uploads\/2024\/07\/jad20240709-senegal-dissolution.jpg\" \/>\n\t<meta property=\"og:image:width\" content=\"1215\" \/>\n\t<meta property=\"og:image:height\" content=\"810\" \/>\n<meta name=\"twitter:card\" content=\"summary_large_image\" \/>\n<meta name=\"twitter:label1\" content=\"\u00c9crit par\" \/>\n\t<meta name=\"twitter:data1\" content=\"Fatou\" \/>\n\t<meta name=\"twitter:label2\" content=\"Dur\u00e9e de lecture estim\u00e9e\" \/>\n\t<meta name=\"twitter:data2\" content=\"1 minute\" \/>\n<script type=\"application\/ld+json\" class=\"yoast-schema-graph\">{\"@context\":\"https:\/\/schema.org\",\"@graph\":[{\"@type\":\"WebSite\",\"@id\":\"https:\/\/www.nettali.com\/#website\",\"url\":\"https:\/\/www.nettali.com\/\",\"name\":\"Nettali.com\",\"description\":\"Le rendez-vous critique du Net\",\"potentialAction\":[{\"@type\":\"SearchAction\",\"target\":{\"@type\":\"EntryPoint\",\"urlTemplate\":\"https:\/\/www.nettali.com\/?s={search_term_string}\"},\"query-input\":\"required name=search_term_string\"}],\"inLanguage\":\"fr-FR\"},{\"@type\":\"ImageObject\",\"@id\":\"https:\/\/www.nettali.com\/2024\/07\/11\/65e-sommet-de-la-cedeao-bassirou-diomaye-faye-annonce-sa-participation\/#primaryimage\",\"inLanguage\":\"fr-FR\",\"url\":\"https:\/\/www.nettali.com\/wp-content\/uploads\/2024\/07\/jad20240709-senegal-dissolution.jpg\",\"contentUrl\":\"https:\/\/www.nettali.com\/wp-content\/uploads\/2024\/07\/jad20240709-senegal-dissolution.jpg\",\"width\":1215,\"height\":810},{\"@type\":\"WebPage\",\"@id\":\"https:\/\/www.nettali.com\/2024\/07\/11\/65e-sommet-de-la-cedeao-bassirou-diomaye-faye-annonce-sa-participation\/#webpage\",\"url\":\"https:\/\/www.nettali.com\/2024\/07\/11\/65e-sommet-de-la-cedeao-bassirou-diomaye-faye-annonce-sa-participation\/\",\"name\":\"65\\u00c8 SOMMET DE LA CEDEAO - Bassirou Diomaye Faye annonce sa participation | Nettali.com\",\"isPartOf\":{\"@id\":\"https:\/\/www.nettali.com\/#website\"},\"primaryImageOfPage\":{\"@id\":\"https:\/\/www.nettali.com\/2024\/07\/11\/65e-sommet-de-la-cedeao-bassirou-diomaye-faye-annonce-sa-participation\/#primaryimage\"},\"datePublished\":\"2024-07-11T09:15:17+00:00\",\"dateModified\":\"2024-07-11T09:15:17+00:00\",\"author\":{\"@id\":\"https:\/\/www.nettali.com\/#\/schema\/person\/418274a86bdf87caff7a3ef476bd0bbf\"},\"breadcrumb\":{\"@id\":\"https:\/\/www.nettali.com\/2024\/07\/11\/65e-sommet-de-la-cedeao-bassirou-diomaye-faye-annonce-sa-participation\/#breadcrumb\"},\"inLanguage\":\"fr-FR\",\"potentialAction\":[{\"@type\":\"ReadAction\",\"target\":[\"https:\/\/www.nettali.com\/2024\/07\/11\/65e-sommet-de-la-cedeao-bassirou-diomaye-faye-annonce-sa-participation\/\"]}]},{\"@type\":\"BreadcrumbList\",\"@id\":\"https:\/\/www.nettali.com\/2024\/07\/11\/65e-sommet-de-la-cedeao-bassirou-diomaye-faye-annonce-sa-participation\/#breadcrumb\",\"itemListElement\":[{\"@type\":\"ListItem\",\"position\":1,\"name\":\"Accueil\",\"item\":\"https:\/\/www.nettali.com\/\"},{\"@type\":\"ListItem\",\"position\":2,\"name\":\"65\\u00c8 SOMMET DE LA CEDEAO - Bassirou Diomaye Faye annonce sa participation\"}]},{\"@type\":\"Person\",\"@id\":\"https:\/\/www.nettali.com\/#\/schema\/person\/418274a86bdf87caff7a3ef476bd0bbf\",\"name\":\"Fatou\",\"image\":{\"@type\":\"ImageObject\",\"@id\":\"https:\/\/www.nettali.com\/#personlogo\",\"inLanguage\":\"fr-FR\",\"url\":\"https:\/\/secure.gravatar.com\/avatar\/5a9442a2bee7b4dcf167cab035858e9a?s=96&d=mm&r=g\",\"contentUrl\":\"https:\/\/secure.gravatar.com\/avatar\/5a9442a2bee7b4dcf167cab035858e9a?s=96&d=mm&r=g\",\"caption\":\"Fatou\"},\"sameAs\":[\"https:\/\/www.nettali.com\"]}]}<\/script>\n<!-- \/ Yoast SEO Premium plugin. -->","yoast_head_json":{"title":"65\u00c8 SOMMET DE LA CEDEAO - Bassirou Diomaye Faye annonce sa participation | Nettali.com","robots":{"index":"index","follow":"follow","max-snippet":"max-snippet:-1","max-image-preview":"max-image-preview:large","max-video-preview":"max-video-preview:-1"},"canonical":"https:\/\/www.nettali.com\/2024\/07\/11\/65e-sommet-de-la-cedeao-bassirou-diomaye-faye-annonce-sa-participation\/","og_locale":"fr_FR","og_type":"article","og_title":"65\u00c8 SOMMET DE LA CEDEAO - Bassirou Diomaye Faye annonce sa participation","og_description":"NETTAL.COM - En conseil des ministres, le chef de l\u2019Etat s\u00e9n\u00e9galais a inform\u00e9 le Conseil de sa participation, le 7 juillet 2024 \u00e0 Abuja, au 65\u00e8me Sommet des Chefs d\u2019Etat et de Gouvernement de la CEDEAO. Dans sa communication, le chef de l\u2019\u00c9tat a aussi pr\u00e9sent\u00e9 ses meilleurs v\u0153ux de sant\u00e9, de paix et de [&hellip;]","og_url":"https:\/\/www.nettali.com\/2024\/07\/11\/65e-sommet-de-la-cedeao-bassirou-diomaye-faye-annonce-sa-participation\/","og_site_name":"Nettali.com","article_publisher":"https:\/\/www.facebook.com\/nettalicom","article_published_time":"2024-07-11T09:15:17+00:00","og_image":[{"width":1215,"height":810,"url":"https:\/\/www.nettali.com\/wp-content\/uploads\/2024\/07\/jad20240709-senegal-dissolution.jpg","type":"image\/jpeg"}],"twitter_card":"summary_large_image","twitter_misc":{"\u00c9crit par":"Fatou","Dur\u00e9e de lecture estim\u00e9e":"1 minute"},"schema":{"@context":"https:\/\/schema.org","@graph":[{"@type":"WebSite","@id":"https:\/\/www.nettali.com\/#website","url":"https:\/\/www.nettali.com\/","name":"Nettali.com","description":"Le rendez-vous critique du Net","potentialAction":[{"@type":"SearchAction","target":{"@type":"EntryPoint","urlTemplate":"https:\/\/www.nettali.com\/?s={search_term_string}"},"query-input":"required name=search_term_string"}],"inLanguage":"fr-FR"},{"@type":"ImageObject","@id":"https:\/\/www.nettali.com\/2024\/07\/11\/65e-sommet-de-la-cedeao-bassirou-diomaye-faye-annonce-sa-participation\/#primaryimage","inLanguage":"fr-FR","url":"https:\/\/www.nettali.com\/wp-content\/uploads\/2024\/07\/jad20240709-senegal-dissolution.jpg","contentUrl":"https:\/\/www.nettali.com\/wp-content\/uploads\/2024\/07\/jad20240709-senegal-dissolution.jpg","width":1215,"height":810},{"@type":"WebPage","@id":"https:\/\/www.nettali.com\/2024\/07\/11\/65e-sommet-de-la-cedeao-bassirou-diomaye-faye-annonce-sa-participation\/#webpage","url":"https:\/\/www.nettali.com\/2024\/07\/11\/65e-sommet-de-la-cedeao-bassirou-diomaye-faye-annonce-sa-participation\/","name":"65\u00c8 SOMMET DE LA CEDEAO - Bassirou Diomaye Faye annonce sa participation | Nettali.com","isPartOf":{"@id":"https:\/\/www.nettali.com\/#website"},"primaryImageOfPage":{"@id":"https:\/\/www.nettali.com\/2024\/07\/11\/65e-sommet-de-la-cedeao-bassirou-diomaye-faye-annonce-sa-participation\/#primaryimage"},"datePublished":"2024-07-11T09:15:17+00:00","dateModified":"2024-07-11T09:15:17+00:00","author":{"@id":"https:\/\/www.nettali.com\/#\/schema\/person\/418274a86bdf87caff7a3ef476bd0bbf"},"breadcrumb":{"@id":"https:\/\/www.nettali.com\/2024\/07\/11\/65e-sommet-de-la-cedeao-bassirou-diomaye-faye-annonce-sa-participation\/#breadcrumb"},"inLanguage":"fr-FR","potentialAction":[{"@type":"ReadAction","target":["https:\/\/www.nettali.com\/2024\/07\/11\/65e-sommet-de-la-cedeao-bassirou-diomaye-faye-annonce-sa-participation\/"]}]},{"@type":"BreadcrumbList","@id":"https:\/\/www.nettali.com\/2024\/07\/11\/65e-sommet-de-la-cedeao-bassirou-diomaye-faye-annonce-sa-participation\/#breadcrumb","itemListElement":[{"@type":"ListItem","position":1,"name":"Accueil","item":"https:\/\/www.nettali.com\/"},{"@type":"ListItem","position":2,"name":"65\u00c8 SOMMET DE LA CEDEAO - Bassirou Diomaye Faye annonce sa participation"}]},{"@type":"Person","@id":"https:\/\/www.nettali.com\/#\/schema\/person\/418274a86bdf87caff7a3ef476bd0bbf","name":"Fatou","image":{"@type":"ImageObject","@id":"https:\/\/www.nettali.com\/#personlogo","inLanguage":"fr-FR","url":"https:\/\/secure.gravatar.com\/avatar\/5a9442a2bee7b4dcf167cab035858e9a?s=96&d=mm&r=g","contentUrl":"https:\/\/secure.gravatar.com\/avatar\/5a9442a2bee7b4dcf167cab035858e9a?s=96&d=mm&r=g","caption":"Fatou"},"sameAs":["https:\/\/www.nettali.com"]}]}},"_links":{"self":[{"href":"https:\/\/www.nettali.com\/rest\/wp\/v2\/posts\/136743"}],"collection":[{"href":"https:\/\/www.nettali.com\/rest\/wp\/v2\/posts"}],"about":[{"href":"https:\/\/www.nettali.com\/rest\/wp\/v2\/types\/post"}],"author":[{"embeddable":true,"href":"https:\/\/www.nettali.com\/rest\/wp\/v2\/users\/6"}],"replies":[{"embeddable":true,"href":"https:\/\/www.nettali.com\/rest\/wp\/v2\/comments?post=136743"}],"version-history":[{"count":1,"href":"https:\/\/www.nettali.com\/rest\/wp\/v2\/posts\/136743\/revisions"}],"predecessor-version":[{"id":136745,"href":"https:\/\/www.nettali.com\/rest\/wp\/v2\/posts\/136743\/revisions\/136745"}],"wp:featuredmedia":[{"embeddable":true,"href":"https:\/\/www.nettali.com\/rest\/wp\/v2\/media\/136744"}],"wp:attachment":[{"href":"https:\/\/www.nettali.com\/rest\/wp\/v2\/media?parent=136743"}],"wp:term":[{"taxonomy":"category","embeddable":true,"href":"https:\/\/www.nettali.com\/rest\/wp\/v2\/categories?post=136743"},{"taxonomy":"post_tag","embeddable":true,"href":"https:\/\/www.nettali.com\/rest\/wp\/v2\/tags?post=136743"}],"curies":[{"name":"wp","href":"https:\/\/api.w.org\/{rel}","templated":true}]}}