{"id":136641,"date":"2024-07-09T12:33:38","date_gmt":"2024-07-09T12:33:38","guid":{"rendered":"https:\/\/www.nettali.com\/?p=136641"},"modified":"2024-07-21T21:17:56","modified_gmt":"2024-07-21T21:17:56","slug":"legislatives-en-france-pas-de-majorite-absolue-a-lassemblee-nationale","status":"publish","type":"post","link":"https:\/\/www.nettali.com\/2024\/07\/09\/legislatives-en-france-pas-de-majorite-absolue-a-lassemblee-nationale\/","title":{"rendered":"LEGISLATIVES EN FRANCE - Pas de majorit\u00e9 absolue \u00e0 l\u2019Assembl\u00e9e nationale"},"content":{"rendered":"<p><strong>NETTALI.COM - Aucun des trois blocs politiques en lice pour les \u00e9lections l\u00e9gislatives anticip\u00e9es en France n\u2019est parvenu \u00e0 avoir le quorum de d\u00e9put\u00e9s requis pour disposer d\u2019une majorit\u00e9 absolue \u00e0 l\u2019Assembl\u00e9e nationale.<\/strong><\/p>\n<p>Le Nouveau front populaire, constitu\u00e9 autour du Parti socialiste, des Insoumis et des \u00e9cologistes a remport\u00e9\u00a0 le plus grand nombre d\u2019\u00e9lus avec ses 182 d\u00e9put\u00e9s.<\/p>\n<p>L\u2019extr\u00eame droite incarn\u00e9e par le Rassemblement national, que beaucoup d\u2019observateurs de la vie politique fran\u00e7aise voyaient d\u00e9j\u00e0 en capacit\u00e9 de pouvoir former le prochain gouvernement, s\u2019est retrouv\u00e9e avec 143 \u00e9lus.<\/p>\n<p>Le RN entendait surfer sur son score m\u00e9morable du premier tour et sur sa victoire aux \u00e9lections europ\u00e9ennes de cette ann\u00e9e pour remporter haut la main les \u00e9lections l\u00e9gislatives.<\/p>\n<p>Le parti de Marine Le Pen n\u2019a pas pu obtenir la majorit\u00e9 \u00e0 l\u2019Assembl\u00e9e.<\/p>\n<p>La liste amen\u00e9e par Jordan Bardella n\u2019a pu r\u00e9\u00e9diter son score du premier tour en raison de d\u00e9sistements dans ses rangs, indiquent des observateurs sur place.<\/p>\n<p>Il devance le parti pr\u00e9sidentiel sous la banni\u00e8re d\u2019Ensemble qui a obtenu 156 d\u00e9put\u00e9s.<\/p>\n<p>Le Nouveau front populaire n\u2019a pas pour autant atteint le nombre de d\u00e9put\u00e9s requis (289) pour esp\u00e9rer avoir une majorit\u00e9 absolue au sein de l\u2019h\u00e9micycle.<\/p>\n<p>Les Fran\u00e7ais \u00e9taient appel\u00e9s aux urnes ce dimanche pour le deuxi\u00e8me tour des \u00e9lections anticip\u00e9es dont le premier s\u2019\u00e9tait tenu le 30 juin dernier.<\/p>\n<p>Ces \u00e9lections anticip\u00e9es font suite \u00e0 la d\u00e9cision presque quatre semaines plut\u00f4t du pr\u00e9sident fran\u00e7ais Emmanuel Macron de dissoudre l\u2019Assembl\u00e9e nationale apr\u00e8s une perc\u00e9e historique de l\u2019extr\u00eame droite lors des \u00e9lections europ\u00e9ennes.<\/p>\n<p>Trois principaux blocs politiques se d\u00e9marquaient dans le cadre de ces \u00e9lections.<\/p>\n<p>Il s\u2019agit de l\u2019extr\u00eame droite, avec le Rassemblement national, du parti pr\u00e9sidentiel et ses alli\u00e9s, sous la banni\u00e8re Ensemble et les partis dits de gauche qui se sont rassembl\u00e9s au sein du Nouveau Front populaire.<\/p>\n<div class='share-to-whatsapp-wrapper'><div class='share-on-whsp'>PARTAGER SUR : <\/div><a data-text='LEGISLATIVES EN FRANCE - Pas de majorit\u00e9 absolue \u00e0 l\u2019Assembl\u00e9e nationale' data-link='https:\/\/www.nettali.com\/2024\/07\/09\/legislatives-en-france-pas-de-majorite-absolue-a-lassemblee-nationale\/' class='whatsapp-button whatsapp-share'>WhatsApp<\/a><div class='clear '><\/div><\/div>","protected":false},"excerpt":{"rendered":"<p>NETTALI.COM - Aucun des trois blocs politiques en lice pour les \u00e9lections l\u00e9gislatives anticip\u00e9es en France n\u2019est parvenu \u00e0 avoir le quorum de d\u00e9put\u00e9s requis pour disposer d\u2019une majorit\u00e9 absolue \u00e0 l\u2019Assembl\u00e9e nationale. Le Nouveau front populaire, constitu\u00e9 autour du Parti socialiste, des Insoumis et des \u00e9cologistes a remport\u00e9\u00a0 le plus grand nombre d\u2019\u00e9lus avec [&hellip;]<\/p>\n","protected":false},"author":6,"featured_media":136642,"comment_status":"open","ping_status":"open","sticky":false,"template":"","format":"standard","meta":{"_et_pb_use_builder":"","_et_pb_old_content":""},"categories":[2],"tags":[],"yoast_head":"<!-- This site is optimized with the Yoast SEO Premium plugin v17.8 (Yoast SEO v17.8) - https:\/\/yoast.com\/wordpress\/plugins\/seo\/ -->\n<title>LEGISLATIVES EN FRANCE - Pas de majorit\u00e9 absolue \u00e0 l\u2019Assembl\u00e9e nationale | Nettali.com<\/title>\n<meta name=\"robots\" content=\"index, follow, max-snippet:-1, max-image-preview:large, max-video-preview:-1\" \/>\n<link rel=\"canonical\" href=\"https:\/\/www.nettali.com\/2024\/07\/09\/legislatives-en-france-pas-de-majorite-absolue-a-lassemblee-nationale\/\" \/>\n<meta property=\"og:locale\" content=\"fr_FR\" \/>\n<meta property=\"og:type\" content=\"article\" \/>\n<meta property=\"og:title\" content=\"LEGISLATIVES EN FRANCE - Pas de majorit\u00e9 absolue \u00e0 l\u2019Assembl\u00e9e nationale\" \/>\n<meta property=\"og:description\" content=\"NETTALI.COM - Aucun des trois blocs politiques en lice pour les \u00e9lections l\u00e9gislatives anticip\u00e9es en France n\u2019est parvenu \u00e0 avoir le quorum de d\u00e9put\u00e9s requis pour disposer d\u2019une majorit\u00e9 absolue \u00e0 l\u2019Assembl\u00e9e nationale. Le Nouveau front populaire, constitu\u00e9 autour du Parti socialiste, des Insoumis et des \u00e9cologistes a remport\u00e9\u00a0 le plus grand nombre d\u2019\u00e9lus avec [&hellip;]\" \/>\n<meta property=\"og:url\" content=\"https:\/\/www.nettali.com\/2024\/07\/09\/legislatives-en-france-pas-de-majorite-absolue-a-lassemblee-nationale\/\" \/>\n<meta property=\"og:site_name\" content=\"Nettali.com\" \/>\n<meta property=\"article:publisher\" content=\"https:\/\/www.facebook.com\/nettalicom\" \/>\n<meta property=\"article:published_time\" content=\"2024-07-09T12:33:38+00:00\" \/>\n<meta property=\"article:modified_time\" content=\"2024-07-21T21:17:56+00:00\" \/>\n<meta property=\"og:image\" content=\"https:\/\/www.nettali.com\/wp-content\/uploads\/2024\/07\/Assemble\u0301e-nationale-France.jpeg\" \/>\n\t<meta property=\"og:image:width\" content=\"1024\" \/>\n\t<meta property=\"og:image:height\" content=\"580\" \/>\n<meta name=\"twitter:card\" content=\"summary_large_image\" \/>\n<meta name=\"twitter:label1\" content=\"\u00c9crit par\" \/>\n\t<meta name=\"twitter:data1\" content=\"Fatou\" \/>\n\t<meta name=\"twitter:label2\" content=\"Dur\u00e9e de lecture estim\u00e9e\" \/>\n\t<meta name=\"twitter:data2\" content=\"2 minutes\" \/>\n<script type=\"application\/ld+json\" class=\"yoast-schema-graph\">{\"@context\":\"https:\/\/schema.org\",\"@graph\":[{\"@type\":\"WebSite\",\"@id\":\"https:\/\/www.nettali.com\/#website\",\"url\":\"https:\/\/www.nettali.com\/\",\"name\":\"Nettali.com\",\"description\":\"Le rendez-vous critique du Net\",\"potentialAction\":[{\"@type\":\"SearchAction\",\"target\":{\"@type\":\"EntryPoint\",\"urlTemplate\":\"https:\/\/www.nettali.com\/?s={search_term_string}\"},\"query-input\":\"required name=search_term_string\"}],\"inLanguage\":\"fr-FR\"},{\"@type\":\"ImageObject\",\"@id\":\"https:\/\/www.nettali.com\/2024\/07\/09\/legislatives-en-france-pas-de-majorite-absolue-a-lassemblee-nationale\/#primaryimage\",\"inLanguage\":\"fr-FR\",\"url\":\"https:\/\/www.nettali.com\/wp-content\/uploads\/2024\/07\/Assemble\\u0301e-nationale-France.jpeg\",\"contentUrl\":\"https:\/\/www.nettali.com\/wp-content\/uploads\/2024\/07\/Assemble\\u0301e-nationale-France.jpeg\",\"width\":1024,\"height\":580},{\"@type\":\"WebPage\",\"@id\":\"https:\/\/www.nettali.com\/2024\/07\/09\/legislatives-en-france-pas-de-majorite-absolue-a-lassemblee-nationale\/#webpage\",\"url\":\"https:\/\/www.nettali.com\/2024\/07\/09\/legislatives-en-france-pas-de-majorite-absolue-a-lassemblee-nationale\/\",\"name\":\"LEGISLATIVES EN FRANCE - Pas de majorit\\u00e9 absolue \\u00e0 l\\u2019Assembl\\u00e9e nationale | Nettali.com\",\"isPartOf\":{\"@id\":\"https:\/\/www.nettali.com\/#website\"},\"primaryImageOfPage\":{\"@id\":\"https:\/\/www.nettali.com\/2024\/07\/09\/legislatives-en-france-pas-de-majorite-absolue-a-lassemblee-nationale\/#primaryimage\"},\"datePublished\":\"2024-07-09T12:33:38+00:00\",\"dateModified\":\"2024-07-21T21:17:56+00:00\",\"author\":{\"@id\":\"https:\/\/www.nettali.com\/#\/schema\/person\/418274a86bdf87caff7a3ef476bd0bbf\"},\"breadcrumb\":{\"@id\":\"https:\/\/www.nettali.com\/2024\/07\/09\/legislatives-en-france-pas-de-majorite-absolue-a-lassemblee-nationale\/#breadcrumb\"},\"inLanguage\":\"fr-FR\",\"potentialAction\":[{\"@type\":\"ReadAction\",\"target\":[\"https:\/\/www.nettali.com\/2024\/07\/09\/legislatives-en-france-pas-de-majorite-absolue-a-lassemblee-nationale\/\"]}]},{\"@type\":\"BreadcrumbList\",\"@id\":\"https:\/\/www.nettali.com\/2024\/07\/09\/legislatives-en-france-pas-de-majorite-absolue-a-lassemblee-nationale\/#breadcrumb\",\"itemListElement\":[{\"@type\":\"ListItem\",\"position\":1,\"name\":\"Accueil\",\"item\":\"https:\/\/www.nettali.com\/\"},{\"@type\":\"ListItem\",\"position\":2,\"name\":\"LEGISLATIVES EN FRANCE - Pas de majorit\\u00e9 absolue \\u00e0 l\\u2019Assembl\\u00e9e nationale\"}]},{\"@type\":\"Person\",\"@id\":\"https:\/\/www.nettali.com\/#\/schema\/person\/418274a86bdf87caff7a3ef476bd0bbf\",\"name\":\"Fatou\",\"image\":{\"@type\":\"ImageObject\",\"@id\":\"https:\/\/www.nettali.com\/#personlogo\",\"inLanguage\":\"fr-FR\",\"url\":\"https:\/\/secure.gravatar.com\/avatar\/5a9442a2bee7b4dcf167cab035858e9a?s=96&d=mm&r=g\",\"contentUrl\":\"https:\/\/secure.gravatar.com\/avatar\/5a9442a2bee7b4dcf167cab035858e9a?s=96&d=mm&r=g\",\"caption\":\"Fatou\"},\"sameAs\":[\"https:\/\/www.nettali.com\"]}]}<\/script>\n<!-- \/ Yoast SEO Premium plugin. -->","yoast_head_json":{"title":"LEGISLATIVES EN FRANCE - Pas de majorit\u00e9 absolue \u00e0 l\u2019Assembl\u00e9e nationale | Nettali.com","robots":{"index":"index","follow":"follow","max-snippet":"max-snippet:-1","max-image-preview":"max-image-preview:large","max-video-preview":"max-video-preview:-1"},"canonical":"https:\/\/www.nettali.com\/2024\/07\/09\/legislatives-en-france-pas-de-majorite-absolue-a-lassemblee-nationale\/","og_locale":"fr_FR","og_type":"article","og_title":"LEGISLATIVES EN FRANCE - Pas de majorit\u00e9 absolue \u00e0 l\u2019Assembl\u00e9e nationale","og_description":"NETTALI.COM - Aucun des trois blocs politiques en lice pour les \u00e9lections l\u00e9gislatives anticip\u00e9es en France n\u2019est parvenu \u00e0 avoir le quorum de d\u00e9put\u00e9s requis pour disposer d\u2019une majorit\u00e9 absolue \u00e0 l\u2019Assembl\u00e9e nationale. Le Nouveau front populaire, constitu\u00e9 autour du Parti socialiste, des Insoumis et des \u00e9cologistes a remport\u00e9\u00a0 le plus grand nombre d\u2019\u00e9lus avec [&hellip;]","og_url":"https:\/\/www.nettali.com\/2024\/07\/09\/legislatives-en-france-pas-de-majorite-absolue-a-lassemblee-nationale\/","og_site_name":"Nettali.com","article_publisher":"https:\/\/www.facebook.com\/nettalicom","article_published_time":"2024-07-09T12:33:38+00:00","article_modified_time":"2024-07-21T21:17:56+00:00","og_image":[{"width":1024,"height":580,"url":"https:\/\/www.nettali.com\/wp-content\/uploads\/2024\/07\/Assemble\u0301e-nationale-France.jpeg","type":"image\/jpeg"}],"twitter_card":"summary_large_image","twitter_misc":{"\u00c9crit par":"Fatou","Dur\u00e9e de lecture estim\u00e9e":"2 minutes"},"schema":{"@context":"https:\/\/schema.org","@graph":[{"@type":"WebSite","@id":"https:\/\/www.nettali.com\/#website","url":"https:\/\/www.nettali.com\/","name":"Nettali.com","description":"Le rendez-vous critique du Net","potentialAction":[{"@type":"SearchAction","target":{"@type":"EntryPoint","urlTemplate":"https:\/\/www.nettali.com\/?s={search_term_string}"},"query-input":"required name=search_term_string"}],"inLanguage":"fr-FR"},{"@type":"ImageObject","@id":"https:\/\/www.nettali.com\/2024\/07\/09\/legislatives-en-france-pas-de-majorite-absolue-a-lassemblee-nationale\/#primaryimage","inLanguage":"fr-FR","url":"https:\/\/www.nettali.com\/wp-content\/uploads\/2024\/07\/Assemble\u0301e-nationale-France.jpeg","contentUrl":"https:\/\/www.nettali.com\/wp-content\/uploads\/2024\/07\/Assemble\u0301e-nationale-France.jpeg","width":1024,"height":580},{"@type":"WebPage","@id":"https:\/\/www.nettali.com\/2024\/07\/09\/legislatives-en-france-pas-de-majorite-absolue-a-lassemblee-nationale\/#webpage","url":"https:\/\/www.nettali.com\/2024\/07\/09\/legislatives-en-france-pas-de-majorite-absolue-a-lassemblee-nationale\/","name":"LEGISLATIVES EN FRANCE - Pas de majorit\u00e9 absolue \u00e0 l\u2019Assembl\u00e9e nationale | Nettali.com","isPartOf":{"@id":"https:\/\/www.nettali.com\/#website"},"primaryImageOfPage":{"@id":"https:\/\/www.nettali.com\/2024\/07\/09\/legislatives-en-france-pas-de-majorite-absolue-a-lassemblee-nationale\/#primaryimage"},"datePublished":"2024-07-09T12:33:38+00:00","dateModified":"2024-07-21T21:17:56+00:00","author":{"@id":"https:\/\/www.nettali.com\/#\/schema\/person\/418274a86bdf87caff7a3ef476bd0bbf"},"breadcrumb":{"@id":"https:\/\/www.nettali.com\/2024\/07\/09\/legislatives-en-france-pas-de-majorite-absolue-a-lassemblee-nationale\/#breadcrumb"},"inLanguage":"fr-FR","potentialAction":[{"@type":"ReadAction","target":["https:\/\/www.nettali.com\/2024\/07\/09\/legislatives-en-france-pas-de-majorite-absolue-a-lassemblee-nationale\/"]}]},{"@type":"BreadcrumbList","@id":"https:\/\/www.nettali.com\/2024\/07\/09\/legislatives-en-france-pas-de-majorite-absolue-a-lassemblee-nationale\/#breadcrumb","itemListElement":[{"@type":"ListItem","position":1,"name":"Accueil","item":"https:\/\/www.nettali.com\/"},{"@type":"ListItem","position":2,"name":"LEGISLATIVES EN FRANCE - Pas de majorit\u00e9 absolue \u00e0 l\u2019Assembl\u00e9e nationale"}]},{"@type":"Person","@id":"https:\/\/www.nettali.com\/#\/schema\/person\/418274a86bdf87caff7a3ef476bd0bbf","name":"Fatou","image":{"@type":"ImageObject","@id":"https:\/\/www.nettali.com\/#personlogo","inLanguage":"fr-FR","url":"https:\/\/secure.gravatar.com\/avatar\/5a9442a2bee7b4dcf167cab035858e9a?s=96&d=mm&r=g","contentUrl":"https:\/\/secure.gravatar.com\/avatar\/5a9442a2bee7b4dcf167cab035858e9a?s=96&d=mm&r=g","caption":"Fatou"},"sameAs":["https:\/\/www.nettali.com"]}]}},"_links":{"self":[{"href":"https:\/\/www.nettali.com\/rest\/wp\/v2\/posts\/136641"}],"collection":[{"href":"https:\/\/www.nettali.com\/rest\/wp\/v2\/posts"}],"about":[{"href":"https:\/\/www.nettali.com\/rest\/wp\/v2\/types\/post"}],"author":[{"embeddable":true,"href":"https:\/\/www.nettali.com\/rest\/wp\/v2\/users\/6"}],"replies":[{"embeddable":true,"href":"https:\/\/www.nettali.com\/rest\/wp\/v2\/comments?post=136641"}],"version-history":[{"count":1,"href":"https:\/\/www.nettali.com\/rest\/wp\/v2\/posts\/136641\/revisions"}],"predecessor-version":[{"id":136643,"href":"https:\/\/www.nettali.com\/rest\/wp\/v2\/posts\/136641\/revisions\/136643"}],"wp:featuredmedia":[{"embeddable":true,"href":"https:\/\/www.nettali.com\/rest\/wp\/v2\/media\/136642"}],"wp:attachment":[{"href":"https:\/\/www.nettali.com\/rest\/wp\/v2\/media?parent=136641"}],"wp:term":[{"taxonomy":"category","embeddable":true,"href":"https:\/\/www.nettali.com\/rest\/wp\/v2\/categories?post=136641"},{"taxonomy":"post_tag","embeddable":true,"href":"https:\/\/www.nettali.com\/rest\/wp\/v2\/tags?post=136641"}],"curies":[{"name":"wp","href":"https:\/\/api.w.org\/{rel}","templated":true}]}}