{"id":136636,"date":"2024-07-09T12:16:04","date_gmt":"2024-07-09T12:16:04","guid":{"rendered":"https:\/\/www.nettali.com\/?p=136636"},"modified":"2024-07-09T12:16:04","modified_gmt":"2024-07-09T12:16:04","slug":"revision-du-reglement-interieur-de-lassemblee-le-pds-encense-ses-deputes","status":"publish","type":"post","link":"https:\/\/www.nettali.com\/2024\/07\/09\/revision-du-reglement-interieur-de-lassemblee-le-pds-encense-ses-deputes\/","title":{"rendered":"R\u00c9VISION DU R\u00c9GLEMENT INTERIEUR DE L'ASSEMBL\u00c9E - Le PDS encense ses d\u00e9put\u00e9s"},"content":{"rendered":"<p><strong>NETTALI.COM - La proposition de loi de d\u00e9put\u00e9s du Parti d\u00e9mocratique s\u00e9n\u00e9galais (PDS) visant \u00e0 harmoniser le r\u00e8glement int\u00e9rieur de l'Assembl\u00e9e nationale avec les dispositions constitutionnelles concernant les fonctions du Premier ministre, fait r\u00e9agir la formation politique de Me Abdoulaye Wade.<\/strong><\/p>\n<p>Dans un communiqu\u00e9 publi\u00e9 ce lundi 8 juillet, le PDS se f\u00e9licite de l'initiative prise par ses d\u00e9put\u00e9s.<br \/>\n\"<em>Cette mesure l\u00e9gislative est indispensable pour assurer que le Premier ministre puisse effectuer sa d\u00e9claration de politique g\u00e9n\u00e9rale conform\u00e9ment \u00e0 l'article 55 de la Constitution, dans le respect de la s\u00e9paration des pouvoirs et du fonctionnement d\u00e9mocratique de notre \u00c9tat<\/em>\", a fait remarquer le PDS.<\/p>\n<p>\"<em>Cette initiative l\u00e9gislative n'est pas seulement une question de conformit\u00e9 l\u00e9gale ; elle repr\u00e9sente un engagement vers plus de transparence et de responsabilit\u00e9 dans la gouvernance de notre pays. En clarifiant le cadre l\u00e9gal pour la d\u00e9claration de politique g\u00e9n\u00e9rale du Premier ministre, nous renfor\u00e7ons les fondements de notre d\u00e9mocratie et facilitons un dialogue constructif entre le gouvernement et le l\u00e9gislatif, essentiel pour aborder efficacement les d\u00e9fis que <\/em><em>rencontre notre pays<\/em>\", s'est dit la direction du PDS qui invite tous les acteurs politiques \u00e0 faire preuve de retenue et \u00e0 mettre l'int\u00e9r\u00eat national au\u2010dessus des int\u00e9r\u00eats partisans.<\/p>\n<p>\"<em>Le S\u00e9n\u00e9gal m\u00e9rite une politique qui transcende les clivages habituels pour se focaliser sur les enjeux majeurs du moment<\/em>\".<br \/>\nPour cela, le PDS appelle son groupe parlementaire \u00e0 appuyer activement cette proposition et incite tous les groupes parlementaires ainsi que les d\u00e9put\u00e9s non-inscrits, \u00e0 se rallier \u00e0 cette cause.<br \/>\n\"<em>L'adoption de cette loi est essentielle pour pr\u00e9venir la grave crise institutionnelle qui se dessine entre l'Ex\u00e9cutif et le L\u00e9gislatif. Son adoption garantira une stabilit\u00e9 politique n\u00e9cessaire au d\u00e9veloppement du S\u00e9n\u00e9gal et le gouvernement pourra ainsi se pencher sur les priorit\u00e9s et les urgences des S\u00e9n\u00e9galais dont notamment leur pouvoir d\u2019achat<\/em>\", a dit le PDS.<\/p>\n<div class='share-to-whatsapp-wrapper'><div class='share-on-whsp'>PARTAGER SUR : <\/div><a data-text='R\u00c9VISION DU R\u00c9GLEMENT INTERIEUR DE L'ASSEMBL\u00c9E - Le PDS encense ses d\u00e9put\u00e9s' data-link='https:\/\/www.nettali.com\/2024\/07\/09\/revision-du-reglement-interieur-de-lassemblee-le-pds-encense-ses-deputes\/' class='whatsapp-button whatsapp-share'>WhatsApp<\/a><div class='clear '><\/div><\/div>","protected":false},"excerpt":{"rendered":"<p>NETTALI.COM - La proposition de loi de d\u00e9put\u00e9s du Parti d\u00e9mocratique s\u00e9n\u00e9galais (PDS) visant \u00e0 harmoniser le r\u00e8glement int\u00e9rieur de l'Assembl\u00e9e nationale avec les dispositions constitutionnelles concernant les fonctions du Premier ministre, fait r\u00e9agir la formation politique de Me Abdoulaye Wade. Dans un communiqu\u00e9 publi\u00e9 ce lundi 8 juillet, le PDS se f\u00e9licite de l'initiative [&hellip;]<\/p>\n","protected":false},"author":6,"featured_media":136637,"comment_status":"open","ping_status":"open","sticky":false,"template":"","format":"standard","meta":{"_et_pb_use_builder":"","_et_pb_old_content":""},"categories":[2],"tags":[],"yoast_head":"<!-- This site is optimized with the Yoast SEO Premium plugin v17.8 (Yoast SEO v17.8) - https:\/\/yoast.com\/wordpress\/plugins\/seo\/ -->\n<title>R\u00c9VISION DU R\u00c9GLEMENT INTERIEUR DE L&#039;ASSEMBL\u00c9E - Le PDS encense ses d\u00e9put\u00e9s | Nettali.com<\/title>\n<meta name=\"robots\" content=\"index, follow, max-snippet:-1, max-image-preview:large, max-video-preview:-1\" \/>\n<link rel=\"canonical\" href=\"https:\/\/www.nettali.com\/2024\/07\/09\/revision-du-reglement-interieur-de-lassemblee-le-pds-encense-ses-deputes\/\" \/>\n<meta property=\"og:locale\" content=\"fr_FR\" \/>\n<meta property=\"og:type\" content=\"article\" \/>\n<meta property=\"og:title\" content=\"R\u00c9VISION DU R\u00c9GLEMENT INTERIEUR DE L&#039;ASSEMBL\u00c9E - Le PDS encense ses d\u00e9put\u00e9s\" \/>\n<meta property=\"og:description\" content=\"NETTALI.COM - La proposition de loi de d\u00e9put\u00e9s du Parti d\u00e9mocratique s\u00e9n\u00e9galais (PDS) visant \u00e0 harmoniser le r\u00e8glement int\u00e9rieur de l&#039;Assembl\u00e9e nationale avec les dispositions constitutionnelles concernant les fonctions du Premier ministre, fait r\u00e9agir la formation politique de Me Abdoulaye Wade. Dans un communiqu\u00e9 publi\u00e9 ce lundi 8 juillet, le PDS se f\u00e9licite de l&#039;initiative [&hellip;]\" \/>\n<meta property=\"og:url\" content=\"https:\/\/www.nettali.com\/2024\/07\/09\/revision-du-reglement-interieur-de-lassemblee-le-pds-encense-ses-deputes\/\" \/>\n<meta property=\"og:site_name\" content=\"Nettali.com\" \/>\n<meta property=\"article:publisher\" content=\"https:\/\/www.facebook.com\/nettalicom\" \/>\n<meta property=\"article:published_time\" content=\"2024-07-09T12:16:04+00:00\" \/>\n<meta property=\"og:image\" content=\"https:\/\/www.nettali.com\/wp-content\/uploads\/2024\/07\/79065680-57316588.jpg\" \/>\n\t<meta property=\"og:image:width\" content=\"800\" \/>\n\t<meta property=\"og:image:height\" content=\"600\" \/>\n<meta name=\"twitter:card\" content=\"summary_large_image\" \/>\n<meta name=\"twitter:label1\" content=\"\u00c9crit par\" \/>\n\t<meta name=\"twitter:data1\" content=\"Fatou\" \/>\n\t<meta name=\"twitter:label2\" content=\"Dur\u00e9e de lecture estim\u00e9e\" \/>\n\t<meta name=\"twitter:data2\" content=\"2 minutes\" \/>\n<script type=\"application\/ld+json\" class=\"yoast-schema-graph\">{\"@context\":\"https:\/\/schema.org\",\"@graph\":[{\"@type\":\"WebSite\",\"@id\":\"https:\/\/www.nettali.com\/#website\",\"url\":\"https:\/\/www.nettali.com\/\",\"name\":\"Nettali.com\",\"description\":\"Le rendez-vous critique du Net\",\"potentialAction\":[{\"@type\":\"SearchAction\",\"target\":{\"@type\":\"EntryPoint\",\"urlTemplate\":\"https:\/\/www.nettali.com\/?s={search_term_string}\"},\"query-input\":\"required name=search_term_string\"}],\"inLanguage\":\"fr-FR\"},{\"@type\":\"ImageObject\",\"@id\":\"https:\/\/www.nettali.com\/2024\/07\/09\/revision-du-reglement-interieur-de-lassemblee-le-pds-encense-ses-deputes\/#primaryimage\",\"inLanguage\":\"fr-FR\",\"url\":\"https:\/\/www.nettali.com\/wp-content\/uploads\/2024\/07\/79065680-57316588.jpg\",\"contentUrl\":\"https:\/\/www.nettali.com\/wp-content\/uploads\/2024\/07\/79065680-57316588.jpg\",\"width\":800,\"height\":600},{\"@type\":\"WebPage\",\"@id\":\"https:\/\/www.nettali.com\/2024\/07\/09\/revision-du-reglement-interieur-de-lassemblee-le-pds-encense-ses-deputes\/#webpage\",\"url\":\"https:\/\/www.nettali.com\/2024\/07\/09\/revision-du-reglement-interieur-de-lassemblee-le-pds-encense-ses-deputes\/\",\"name\":\"R\\u00c9VISION DU R\\u00c9GLEMENT INTERIEUR DE L'ASSEMBL\\u00c9E - Le PDS encense ses d\\u00e9put\\u00e9s | Nettali.com\",\"isPartOf\":{\"@id\":\"https:\/\/www.nettali.com\/#website\"},\"primaryImageOfPage\":{\"@id\":\"https:\/\/www.nettali.com\/2024\/07\/09\/revision-du-reglement-interieur-de-lassemblee-le-pds-encense-ses-deputes\/#primaryimage\"},\"datePublished\":\"2024-07-09T12:16:04+00:00\",\"dateModified\":\"2024-07-09T12:16:04+00:00\",\"author\":{\"@id\":\"https:\/\/www.nettali.com\/#\/schema\/person\/418274a86bdf87caff7a3ef476bd0bbf\"},\"breadcrumb\":{\"@id\":\"https:\/\/www.nettali.com\/2024\/07\/09\/revision-du-reglement-interieur-de-lassemblee-le-pds-encense-ses-deputes\/#breadcrumb\"},\"inLanguage\":\"fr-FR\",\"potentialAction\":[{\"@type\":\"ReadAction\",\"target\":[\"https:\/\/www.nettali.com\/2024\/07\/09\/revision-du-reglement-interieur-de-lassemblee-le-pds-encense-ses-deputes\/\"]}]},{\"@type\":\"BreadcrumbList\",\"@id\":\"https:\/\/www.nettali.com\/2024\/07\/09\/revision-du-reglement-interieur-de-lassemblee-le-pds-encense-ses-deputes\/#breadcrumb\",\"itemListElement\":[{\"@type\":\"ListItem\",\"position\":1,\"name\":\"Accueil\",\"item\":\"https:\/\/www.nettali.com\/\"},{\"@type\":\"ListItem\",\"position\":2,\"name\":\"R\\u00c9VISION DU R\\u00c9GLEMENT INTERIEUR DE L'ASSEMBL\\u00c9E - Le PDS encense ses d\\u00e9put\\u00e9s\"}]},{\"@type\":\"Person\",\"@id\":\"https:\/\/www.nettali.com\/#\/schema\/person\/418274a86bdf87caff7a3ef476bd0bbf\",\"name\":\"Fatou\",\"image\":{\"@type\":\"ImageObject\",\"@id\":\"https:\/\/www.nettali.com\/#personlogo\",\"inLanguage\":\"fr-FR\",\"url\":\"https:\/\/secure.gravatar.com\/avatar\/5a9442a2bee7b4dcf167cab035858e9a?s=96&d=mm&r=g\",\"contentUrl\":\"https:\/\/secure.gravatar.com\/avatar\/5a9442a2bee7b4dcf167cab035858e9a?s=96&d=mm&r=g\",\"caption\":\"Fatou\"},\"sameAs\":[\"https:\/\/www.nettali.com\"]}]}<\/script>\n<!-- \/ Yoast SEO Premium plugin. -->","yoast_head_json":{"title":"R\u00c9VISION DU R\u00c9GLEMENT INTERIEUR DE L'ASSEMBL\u00c9E - Le PDS encense ses d\u00e9put\u00e9s | Nettali.com","robots":{"index":"index","follow":"follow","max-snippet":"max-snippet:-1","max-image-preview":"max-image-preview:large","max-video-preview":"max-video-preview:-1"},"canonical":"https:\/\/www.nettali.com\/2024\/07\/09\/revision-du-reglement-interieur-de-lassemblee-le-pds-encense-ses-deputes\/","og_locale":"fr_FR","og_type":"article","og_title":"R\u00c9VISION DU R\u00c9GLEMENT INTERIEUR DE L'ASSEMBL\u00c9E - Le PDS encense ses d\u00e9put\u00e9s","og_description":"NETTALI.COM - La proposition de loi de d\u00e9put\u00e9s du Parti d\u00e9mocratique s\u00e9n\u00e9galais (PDS) visant \u00e0 harmoniser le r\u00e8glement int\u00e9rieur de l'Assembl\u00e9e nationale avec les dispositions constitutionnelles concernant les fonctions du Premier ministre, fait r\u00e9agir la formation politique de Me Abdoulaye Wade. Dans un communiqu\u00e9 publi\u00e9 ce lundi 8 juillet, le PDS se f\u00e9licite de l'initiative [&hellip;]","og_url":"https:\/\/www.nettali.com\/2024\/07\/09\/revision-du-reglement-interieur-de-lassemblee-le-pds-encense-ses-deputes\/","og_site_name":"Nettali.com","article_publisher":"https:\/\/www.facebook.com\/nettalicom","article_published_time":"2024-07-09T12:16:04+00:00","og_image":[{"width":800,"height":600,"url":"https:\/\/www.nettali.com\/wp-content\/uploads\/2024\/07\/79065680-57316588.jpg","type":"image\/jpeg"}],"twitter_card":"summary_large_image","twitter_misc":{"\u00c9crit par":"Fatou","Dur\u00e9e de lecture estim\u00e9e":"2 minutes"},"schema":{"@context":"https:\/\/schema.org","@graph":[{"@type":"WebSite","@id":"https:\/\/www.nettali.com\/#website","url":"https:\/\/www.nettali.com\/","name":"Nettali.com","description":"Le rendez-vous critique du Net","potentialAction":[{"@type":"SearchAction","target":{"@type":"EntryPoint","urlTemplate":"https:\/\/www.nettali.com\/?s={search_term_string}"},"query-input":"required name=search_term_string"}],"inLanguage":"fr-FR"},{"@type":"ImageObject","@id":"https:\/\/www.nettali.com\/2024\/07\/09\/revision-du-reglement-interieur-de-lassemblee-le-pds-encense-ses-deputes\/#primaryimage","inLanguage":"fr-FR","url":"https:\/\/www.nettali.com\/wp-content\/uploads\/2024\/07\/79065680-57316588.jpg","contentUrl":"https:\/\/www.nettali.com\/wp-content\/uploads\/2024\/07\/79065680-57316588.jpg","width":800,"height":600},{"@type":"WebPage","@id":"https:\/\/www.nettali.com\/2024\/07\/09\/revision-du-reglement-interieur-de-lassemblee-le-pds-encense-ses-deputes\/#webpage","url":"https:\/\/www.nettali.com\/2024\/07\/09\/revision-du-reglement-interieur-de-lassemblee-le-pds-encense-ses-deputes\/","name":"R\u00c9VISION DU R\u00c9GLEMENT INTERIEUR DE L'ASSEMBL\u00c9E - Le PDS encense ses d\u00e9put\u00e9s | Nettali.com","isPartOf":{"@id":"https:\/\/www.nettali.com\/#website"},"primaryImageOfPage":{"@id":"https:\/\/www.nettali.com\/2024\/07\/09\/revision-du-reglement-interieur-de-lassemblee-le-pds-encense-ses-deputes\/#primaryimage"},"datePublished":"2024-07-09T12:16:04+00:00","dateModified":"2024-07-09T12:16:04+00:00","author":{"@id":"https:\/\/www.nettali.com\/#\/schema\/person\/418274a86bdf87caff7a3ef476bd0bbf"},"breadcrumb":{"@id":"https:\/\/www.nettali.com\/2024\/07\/09\/revision-du-reglement-interieur-de-lassemblee-le-pds-encense-ses-deputes\/#breadcrumb"},"inLanguage":"fr-FR","potentialAction":[{"@type":"ReadAction","target":["https:\/\/www.nettali.com\/2024\/07\/09\/revision-du-reglement-interieur-de-lassemblee-le-pds-encense-ses-deputes\/"]}]},{"@type":"BreadcrumbList","@id":"https:\/\/www.nettali.com\/2024\/07\/09\/revision-du-reglement-interieur-de-lassemblee-le-pds-encense-ses-deputes\/#breadcrumb","itemListElement":[{"@type":"ListItem","position":1,"name":"Accueil","item":"https:\/\/www.nettali.com\/"},{"@type":"ListItem","position":2,"name":"R\u00c9VISION DU R\u00c9GLEMENT INTERIEUR DE L'ASSEMBL\u00c9E - Le PDS encense ses d\u00e9put\u00e9s"}]},{"@type":"Person","@id":"https:\/\/www.nettali.com\/#\/schema\/person\/418274a86bdf87caff7a3ef476bd0bbf","name":"Fatou","image":{"@type":"ImageObject","@id":"https:\/\/www.nettali.com\/#personlogo","inLanguage":"fr-FR","url":"https:\/\/secure.gravatar.com\/avatar\/5a9442a2bee7b4dcf167cab035858e9a?s=96&d=mm&r=g","contentUrl":"https:\/\/secure.gravatar.com\/avatar\/5a9442a2bee7b4dcf167cab035858e9a?s=96&d=mm&r=g","caption":"Fatou"},"sameAs":["https:\/\/www.nettali.com"]}]}},"_links":{"self":[{"href":"https:\/\/www.nettali.com\/rest\/wp\/v2\/posts\/136636"}],"collection":[{"href":"https:\/\/www.nettali.com\/rest\/wp\/v2\/posts"}],"about":[{"href":"https:\/\/www.nettali.com\/rest\/wp\/v2\/types\/post"}],"author":[{"embeddable":true,"href":"https:\/\/www.nettali.com\/rest\/wp\/v2\/users\/6"}],"replies":[{"embeddable":true,"href":"https:\/\/www.nettali.com\/rest\/wp\/v2\/comments?post=136636"}],"version-history":[{"count":1,"href":"https:\/\/www.nettali.com\/rest\/wp\/v2\/posts\/136636\/revisions"}],"predecessor-version":[{"id":136640,"href":"https:\/\/www.nettali.com\/rest\/wp\/v2\/posts\/136636\/revisions\/136640"}],"wp:featuredmedia":[{"embeddable":true,"href":"https:\/\/www.nettali.com\/rest\/wp\/v2\/media\/136637"}],"wp:attachment":[{"href":"https:\/\/www.nettali.com\/rest\/wp\/v2\/media?parent=136636"}],"wp:term":[{"taxonomy":"category","embeddable":true,"href":"https:\/\/www.nettali.com\/rest\/wp\/v2\/categories?post=136636"},{"taxonomy":"post_tag","embeddable":true,"href":"https:\/\/www.nettali.com\/rest\/wp\/v2\/tags?post=136636"}],"curies":[{"name":"wp","href":"https:\/\/api.w.org\/{rel}","templated":true}]}}