{"id":136627,"date":"2024-07-09T08:18:47","date_gmt":"2024-07-09T08:18:47","guid":{"rendered":"https:\/\/www.nettali.com\/?p=136627"},"modified":"2024-07-11T07:35:01","modified_gmt":"2024-07-11T07:35:01","slug":"136627","status":"publish","type":"post","link":"https:\/\/www.nettali.com\/2024\/07\/09\/136627\/","title":{"rendered":"GENDARMERIE NATIONALE - Le G\u00e9n\u00e9ral Martin Faye place ses hommes"},"content":{"rendered":"<div class=\"page\" title=\"Page 4\">\n<div class=\"layoutArea\">\n<div class=\"column\">\n<div class=\"page\" title=\"Page 4\">\n<div class=\"layoutArea\">\n<div class=\"column\">\n<p><strong>NETTALI.COM - Le ge\u0301ne\u0301ral de division Martin Faye a effectue\u0301 quelques changements au niveau des le\u0301gions de la gendarmerie de Saint-Louis, Dakar, Thie\u0300s, a\u0300 la Section de recherches et a\u0300 l\u2019Inspection interne de la gendarmerie (IDG). Dans l\u2019ensemble, le haut commandant de la Gendarmerie nationale et directeur de la Justice militaire, a\u0300 travers ce petit chamboulement, a fait d'apr\u00e8s nos informations, la promotion des jeunes, mais aussi la valorisation des diplo\u0302mes.<\/strong><\/p>\n<\/div>\n<\/div>\n<\/div>\n<p>Nomme\u0301 comme haut commandant de la Gendarmerie nationale et directeur de la Justice militaire au mois d\u2019avril par le pre\u0301sident de la Re\u0301publique Bassirou Diomaye Diakhar Faye et installe\u0301 dans ses nouvelles fonctions dans la foule\u0301e, le ge\u0301ne\u0301ral de division Martin Faye, selon nos informations, a effectue\u0301 quelques changements au sein des le\u0301gions et autres structures de la grande mare\u0301chausse\u0301e.<\/p>\n<\/div>\n<div class=\"column\">\n<p>Le colonel Abdou Mbengue qui e\u0301tait jusqu'ici le commandant de la le\u0301gion Ouest (Dakar) va e\u0302tre remplace\u0301 par le colonel Malick Faye qui vient de la le\u0301gion Quartier ge\u0301ne\u0301ral. Le colonel Mbengue va donc he\u0301riter de l\u2019Inspection interne de la gendarmerie.<\/p>\n<\/div>\n<div class=\"column\">\n<p>L\u2019actuel patron de la Section de recherches de Colobane, le colonel Arona Sarr he\u0301rite de la le\u0301gion Centre-Ouest (Thie\u0300s). Il sera remplace\u0301 par le colonel Alexandre Sarr qui vient de la compagnie de Ziguinchor. La le\u0301gion Nord (Saint- Louis) elle, sera dirige\u0301e par le colonel Mody Ka qui vient de la section du transport ferroviaire de la gendarmerie en chargee du Train express re\u0301gional (TER) et des rails. Il remplace a\u0300 son nouveau poste le colonel Cheikh Diouf qui a e\u0301te\u0301 nomme\u0301, il y a de cela quelques jours, par le pre\u0301sident de la Re\u0301publique comme gouverneur du palais de la Re\u0301publique.<\/p>\n<p>Le colonel Papa Saboury Ndiaye, l\u2019ancien patron de la Direction de la surveillance et du contro\u0302le de l'occupation du sol (Dscos) va diriger la le\u0301gion Sud de Ziguinchor.Pour l\u2019instant seules celles de Tambacounda et de Kaolack n\u2019ont pas e\u0301te\u0301 touche\u0301es au niveau national.<\/p>\n<div class=\"page\" title=\"Page 4\">\n<div class=\"layoutArea\">\n<div class=\"column\">\n<p>D\u2019autres nominations en dehors des l\u00e9gions, ont \u00e9t\u00e9 op\u00e9r\u00e9es. D\u2019apre\u0300s nos m\u00eames sources, l\u2019ancien patron de la Division de la communication de la gendarmerie nationale, le commandant Mamadou Faye, qui e\u0301tait a\u0300 l\u2019Institut de de\u0301fense du Se\u0301ne\u0301gal, devient le directeur de cabinet du haut commandant de la Gendarmerie nationale et directeur de la Justice militaire.<\/p>\n<p>Il y a e\u0301galement le groupement de se\u0301curite\u0301 routie\u0300re qui a e\u0301te\u0301 cre\u0301e\u0301 pour lutter contre les accidents de la circulation et autres de\u0301lits commis sur les routes. Elle sera pilote\u0301e par le lieutenant-colonel Ibrahima Ngom.<\/p>\n<p>Par ailleurs, l\u2019on nous signale qu\u2019en sus de ces mutations qui concernent des grade\u0301s de la gendarmerie, d\u2019autres se feront dans les prochains jours. Elles vont concerner les brigades de gendarmerie, les unite\u0301s et d\u2019autres structures de la grande mare\u0301chausse\u0301e.<\/p>\n<p>Dans l\u2019ensemble, le haut commandant de la Gendarmerie nationale et directeur de la Justice militaire, a fait la promotion des jeunes, mais aussi mis en avant la valorisation des diplo\u0302mes, si l'on en croit l'appr\u00e9ciation de nos sources.<\/p>\n<\/div>\n<\/div>\n<\/div>\n<\/div>\n<p>&nbsp;<\/p>\n<\/div>\n<\/div>\n<div class='share-to-whatsapp-wrapper'><div class='share-on-whsp'>PARTAGER SUR : <\/div><a data-text='GENDARMERIE NATIONALE - Le G\u00e9n\u00e9ral Martin Faye place ses hommes' data-link='https:\/\/www.nettali.com\/2024\/07\/09\/136627\/' class='whatsapp-button whatsapp-share'>WhatsApp<\/a><div class='clear '><\/div><\/div>","protected":false},"excerpt":{"rendered":"<p>NETTALI.COM - Le ge\u0301ne\u0301ral de division Martin Faye a effectue\u0301 quelques changements au niveau des le\u0301gions de la gendarmerie de Saint-Louis, Dakar, Thie\u0300s, a\u0300 la Section de recherches et a\u0300 l\u2019Inspection interne de la gendarmerie (IDG). Dans l\u2019ensemble, le haut commandant de la Gendarmerie nationale et directeur de la Justice militaire, a\u0300 travers ce petit [&hellip;]<\/p>\n","protected":false},"author":2,"featured_media":136628,"comment_status":"open","ping_status":"open","sticky":false,"template":"","format":"standard","meta":{"_et_pb_use_builder":"","_et_pb_old_content":""},"categories":[3],"tags":[],"yoast_head":"<!-- This site is optimized with the Yoast SEO Premium plugin v17.8 (Yoast SEO v17.8) - https:\/\/yoast.com\/wordpress\/plugins\/seo\/ -->\n<title>GENDARMERIE NATIONALE - Le G\u00e9n\u00e9ral Martin Faye place ses hommes | Nettali.com<\/title>\n<meta name=\"robots\" content=\"index, follow, max-snippet:-1, max-image-preview:large, max-video-preview:-1\" \/>\n<link rel=\"canonical\" href=\"https:\/\/www.nettali.com\/2024\/07\/09\/136627\/\" \/>\n<meta property=\"og:locale\" content=\"fr_FR\" \/>\n<meta property=\"og:type\" content=\"article\" \/>\n<meta property=\"og:title\" content=\"GENDARMERIE NATIONALE - Le G\u00e9n\u00e9ral Martin Faye place ses hommes\" \/>\n<meta property=\"og:description\" content=\"NETTALI.COM - Le ge\u0301ne\u0301ral de division Martin Faye a effectue\u0301 quelques changements au niveau des le\u0301gions de la gendarmerie de Saint-Louis, Dakar, Thie\u0300s, a\u0300 la Section de recherches et a\u0300 l\u2019Inspection interne de la gendarmerie (IDG). Dans l\u2019ensemble, le haut commandant de la Gendarmerie nationale et directeur de la Justice militaire, a\u0300 travers ce petit [&hellip;]\" \/>\n<meta property=\"og:url\" content=\"https:\/\/www.nettali.com\/2024\/07\/09\/136627\/\" \/>\n<meta property=\"og:site_name\" content=\"Nettali.com\" \/>\n<meta property=\"article:publisher\" content=\"https:\/\/www.facebook.com\/nettalicom\" \/>\n<meta property=\"article:published_time\" content=\"2024-07-09T08:18:47+00:00\" \/>\n<meta property=\"article:modified_time\" content=\"2024-07-11T07:35:01+00:00\" \/>\n<meta property=\"og:image\" content=\"https:\/\/www.nettali.com\/wp-content\/uploads\/2024\/07\/martin-faye.jpg\" \/>\n\t<meta property=\"og:image:width\" content=\"687\" \/>\n\t<meta property=\"og:image:height\" content=\"405\" \/>\n<meta name=\"twitter:card\" content=\"summary_large_image\" \/>\n<meta name=\"twitter:label1\" content=\"\u00c9crit par\" \/>\n\t<meta name=\"twitter:data1\" content=\"CK\" \/>\n\t<meta name=\"twitter:label2\" content=\"Dur\u00e9e de lecture estim\u00e9e\" \/>\n\t<meta name=\"twitter:data2\" content=\"3 minutes\" \/>\n<script type=\"application\/ld+json\" class=\"yoast-schema-graph\">{\"@context\":\"https:\/\/schema.org\",\"@graph\":[{\"@type\":\"WebSite\",\"@id\":\"https:\/\/www.nettali.com\/#website\",\"url\":\"https:\/\/www.nettali.com\/\",\"name\":\"Nettali.com\",\"description\":\"Le rendez-vous critique du Net\",\"potentialAction\":[{\"@type\":\"SearchAction\",\"target\":{\"@type\":\"EntryPoint\",\"urlTemplate\":\"https:\/\/www.nettali.com\/?s={search_term_string}\"},\"query-input\":\"required name=search_term_string\"}],\"inLanguage\":\"fr-FR\"},{\"@type\":\"ImageObject\",\"@id\":\"https:\/\/www.nettali.com\/2024\/07\/09\/136627\/#primaryimage\",\"inLanguage\":\"fr-FR\",\"url\":\"https:\/\/www.nettali.com\/wp-content\/uploads\/2024\/07\/martin-faye.jpg\",\"contentUrl\":\"https:\/\/www.nettali.com\/wp-content\/uploads\/2024\/07\/martin-faye.jpg\",\"width\":687,\"height\":405},{\"@type\":\"WebPage\",\"@id\":\"https:\/\/www.nettali.com\/2024\/07\/09\/136627\/#webpage\",\"url\":\"https:\/\/www.nettali.com\/2024\/07\/09\/136627\/\",\"name\":\"GENDARMERIE NATIONALE - Le G\\u00e9n\\u00e9ral Martin Faye place ses hommes | Nettali.com\",\"isPartOf\":{\"@id\":\"https:\/\/www.nettali.com\/#website\"},\"primaryImageOfPage\":{\"@id\":\"https:\/\/www.nettali.com\/2024\/07\/09\/136627\/#primaryimage\"},\"datePublished\":\"2024-07-09T08:18:47+00:00\",\"dateModified\":\"2024-07-11T07:35:01+00:00\",\"author\":{\"@id\":\"https:\/\/www.nettali.com\/#\/schema\/person\/d8ac7b7e27ddad43f1c0d2ef090d7f71\"},\"breadcrumb\":{\"@id\":\"https:\/\/www.nettali.com\/2024\/07\/09\/136627\/#breadcrumb\"},\"inLanguage\":\"fr-FR\",\"potentialAction\":[{\"@type\":\"ReadAction\",\"target\":[\"https:\/\/www.nettali.com\/2024\/07\/09\/136627\/\"]}]},{\"@type\":\"BreadcrumbList\",\"@id\":\"https:\/\/www.nettali.com\/2024\/07\/09\/136627\/#breadcrumb\",\"itemListElement\":[{\"@type\":\"ListItem\",\"position\":1,\"name\":\"Accueil\",\"item\":\"https:\/\/www.nettali.com\/\"},{\"@type\":\"ListItem\",\"position\":2,\"name\":\"GENDARMERIE NATIONALE - Le G\\u00e9n\\u00e9ral Martin Faye place ses hommes\"}]},{\"@type\":\"Person\",\"@id\":\"https:\/\/www.nettali.com\/#\/schema\/person\/d8ac7b7e27ddad43f1c0d2ef090d7f71\",\"name\":\"CK\",\"image\":{\"@type\":\"ImageObject\",\"@id\":\"https:\/\/www.nettali.com\/#personlogo\",\"inLanguage\":\"fr-FR\",\"url\":\"https:\/\/secure.gravatar.com\/avatar\/1d8d5118b9327d94da7cd4ce7f17fec2?s=96&d=mm&r=g\",\"contentUrl\":\"https:\/\/secure.gravatar.com\/avatar\/1d8d5118b9327d94da7cd4ce7f17fec2?s=96&d=mm&r=g\",\"caption\":\"CK\"},\"sameAs\":[\"https:\/\/www.nettali.com\"]}]}<\/script>\n<!-- \/ Yoast SEO Premium plugin. -->","yoast_head_json":{"title":"GENDARMERIE NATIONALE - Le G\u00e9n\u00e9ral Martin Faye place ses hommes | Nettali.com","robots":{"index":"index","follow":"follow","max-snippet":"max-snippet:-1","max-image-preview":"max-image-preview:large","max-video-preview":"max-video-preview:-1"},"canonical":"https:\/\/www.nettali.com\/2024\/07\/09\/136627\/","og_locale":"fr_FR","og_type":"article","og_title":"GENDARMERIE NATIONALE - Le G\u00e9n\u00e9ral Martin Faye place ses hommes","og_description":"NETTALI.COM - Le ge\u0301ne\u0301ral de division Martin Faye a effectue\u0301 quelques changements au niveau des le\u0301gions de la gendarmerie de Saint-Louis, Dakar, Thie\u0300s, a\u0300 la Section de recherches et a\u0300 l\u2019Inspection interne de la gendarmerie (IDG). Dans l\u2019ensemble, le haut commandant de la Gendarmerie nationale et directeur de la Justice militaire, a\u0300 travers ce petit [&hellip;]","og_url":"https:\/\/www.nettali.com\/2024\/07\/09\/136627\/","og_site_name":"Nettali.com","article_publisher":"https:\/\/www.facebook.com\/nettalicom","article_published_time":"2024-07-09T08:18:47+00:00","article_modified_time":"2024-07-11T07:35:01+00:00","og_image":[{"width":687,"height":405,"url":"https:\/\/www.nettali.com\/wp-content\/uploads\/2024\/07\/martin-faye.jpg","type":"image\/jpeg"}],"twitter_card":"summary_large_image","twitter_misc":{"\u00c9crit par":"CK","Dur\u00e9e de lecture estim\u00e9e":"3 minutes"},"schema":{"@context":"https:\/\/schema.org","@graph":[{"@type":"WebSite","@id":"https:\/\/www.nettali.com\/#website","url":"https:\/\/www.nettali.com\/","name":"Nettali.com","description":"Le rendez-vous critique du Net","potentialAction":[{"@type":"SearchAction","target":{"@type":"EntryPoint","urlTemplate":"https:\/\/www.nettali.com\/?s={search_term_string}"},"query-input":"required name=search_term_string"}],"inLanguage":"fr-FR"},{"@type":"ImageObject","@id":"https:\/\/www.nettali.com\/2024\/07\/09\/136627\/#primaryimage","inLanguage":"fr-FR","url":"https:\/\/www.nettali.com\/wp-content\/uploads\/2024\/07\/martin-faye.jpg","contentUrl":"https:\/\/www.nettali.com\/wp-content\/uploads\/2024\/07\/martin-faye.jpg","width":687,"height":405},{"@type":"WebPage","@id":"https:\/\/www.nettali.com\/2024\/07\/09\/136627\/#webpage","url":"https:\/\/www.nettali.com\/2024\/07\/09\/136627\/","name":"GENDARMERIE NATIONALE - Le G\u00e9n\u00e9ral Martin Faye place ses hommes | Nettali.com","isPartOf":{"@id":"https:\/\/www.nettali.com\/#website"},"primaryImageOfPage":{"@id":"https:\/\/www.nettali.com\/2024\/07\/09\/136627\/#primaryimage"},"datePublished":"2024-07-09T08:18:47+00:00","dateModified":"2024-07-11T07:35:01+00:00","author":{"@id":"https:\/\/www.nettali.com\/#\/schema\/person\/d8ac7b7e27ddad43f1c0d2ef090d7f71"},"breadcrumb":{"@id":"https:\/\/www.nettali.com\/2024\/07\/09\/136627\/#breadcrumb"},"inLanguage":"fr-FR","potentialAction":[{"@type":"ReadAction","target":["https:\/\/www.nettali.com\/2024\/07\/09\/136627\/"]}]},{"@type":"BreadcrumbList","@id":"https:\/\/www.nettali.com\/2024\/07\/09\/136627\/#breadcrumb","itemListElement":[{"@type":"ListItem","position":1,"name":"Accueil","item":"https:\/\/www.nettali.com\/"},{"@type":"ListItem","position":2,"name":"GENDARMERIE NATIONALE - Le G\u00e9n\u00e9ral Martin Faye place ses hommes"}]},{"@type":"Person","@id":"https:\/\/www.nettali.com\/#\/schema\/person\/d8ac7b7e27ddad43f1c0d2ef090d7f71","name":"CK","image":{"@type":"ImageObject","@id":"https:\/\/www.nettali.com\/#personlogo","inLanguage":"fr-FR","url":"https:\/\/secure.gravatar.com\/avatar\/1d8d5118b9327d94da7cd4ce7f17fec2?s=96&d=mm&r=g","contentUrl":"https:\/\/secure.gravatar.com\/avatar\/1d8d5118b9327d94da7cd4ce7f17fec2?s=96&d=mm&r=g","caption":"CK"},"sameAs":["https:\/\/www.nettali.com"]}]}},"_links":{"self":[{"href":"https:\/\/www.nettali.com\/rest\/wp\/v2\/posts\/136627"}],"collection":[{"href":"https:\/\/www.nettali.com\/rest\/wp\/v2\/posts"}],"about":[{"href":"https:\/\/www.nettali.com\/rest\/wp\/v2\/types\/post"}],"author":[{"embeddable":true,"href":"https:\/\/www.nettali.com\/rest\/wp\/v2\/users\/2"}],"replies":[{"embeddable":true,"href":"https:\/\/www.nettali.com\/rest\/wp\/v2\/comments?post=136627"}],"version-history":[{"count":3,"href":"https:\/\/www.nettali.com\/rest\/wp\/v2\/posts\/136627\/revisions"}],"predecessor-version":[{"id":136631,"href":"https:\/\/www.nettali.com\/rest\/wp\/v2\/posts\/136627\/revisions\/136631"}],"wp:featuredmedia":[{"embeddable":true,"href":"https:\/\/www.nettali.com\/rest\/wp\/v2\/media\/136628"}],"wp:attachment":[{"href":"https:\/\/www.nettali.com\/rest\/wp\/v2\/media?parent=136627"}],"wp:term":[{"taxonomy":"category","embeddable":true,"href":"https:\/\/www.nettali.com\/rest\/wp\/v2\/categories?post=136627"},{"taxonomy":"post_tag","embeddable":true,"href":"https:\/\/www.nettali.com\/rest\/wp\/v2\/tags?post=136627"}],"curies":[{"name":"wp","href":"https:\/\/api.w.org\/{rel}","templated":true}]}}