{"id":136531,"date":"2024-07-08T00:18:55","date_gmt":"2024-07-08T00:18:55","guid":{"rendered":"https:\/\/www.nettali.com\/?p=136531"},"modified":"2024-07-08T00:18:55","modified_gmt":"2024-07-08T00:18:55","slug":"assemblee-nationale-le-pds-pour-une-harmonisation-du-reglement-interieur","status":"publish","type":"post","link":"https:\/\/www.nettali.com\/2024\/07\/08\/assemblee-nationale-le-pds-pour-une-harmonisation-du-reglement-interieur\/","title":{"rendered":"ASSEMBLEE NATIONALE - Le PDS pour une harmonisation du R\u00e8glement int\u00e9rieur"},"content":{"rendered":"<p><strong>NETTALI.COM - Le R\u00e8glement int\u00e9rieur de l'Assembl\u00e9e nationale doit \u00eatre corrig\u00e9 afin de permettre au Premier ministre de faire sa D\u00e9claration de politique g\u00e9n\u00e9rale (DPG). Telle est la position du Parti d\u00e9mocratique s\u00e9n\u00e9galais (PDS) qui soutient ainsi une initiative prise par trois d\u00e9put\u00e9s lib\u00e9raux.\u00a0<\/strong><\/p>\n<p>Nafissatou Diallo, Abo Mback\u00e9 Thiam et Ibrahima Diop. Ces trois d\u00e9put\u00e9s ont pris l'initiative de d\u00e9poser une proposition de loi portant r\u00e9vision du R\u00e8glement int\u00e9rieur de l'Assembl\u00e9e nationale. Objectif: restaurer toutes les dispositions relatives au poste de Premier ministre et ainsi mettre fin \u00e0 la pol\u00e9mique sur la D\u00e9claration de politique g\u00e9n\u00e9rale (DPG). Et l'initiative est soutenu par le Parti d\u00e9mocratique s\u00e9n\u00e9galais (PDS). Dans un communiqu\u00e9 sign\u00e9 par son porte-parole, le parti de Wade dit se f\u00e9liciter de l'initiative prise par des d\u00e9put\u00e9s du PDS qui ont d\u00e9pos\u00e9 une proposition de loi visant \u00e0 harmoniser le R\u00e8glement int\u00e9rieur de l'Assembl\u00e9e nationale avec les dispositions constitutionnelles concernant les fonctions du Premier ministre.<\/p>\n<p>\"<em>Cette mesure l\u00e9gislative est indispensable pour assurer que le Premier ministre puisse effectuer sa D\u00e9claration de politique g\u00e9n\u00e9rale conform\u00e9ment \u00e0 l'article 55 de la Constitution, dans le respect de la s\u00e9paration des pouvoirs et du fonctionnement d\u00e9mocratique de notre \u00c9tat<\/em>\", lit-on dans le communiqu\u00e9 du PDS. Et la m\u00eame source d'ajouter: \"<em>Cette initiative l\u00e9gislative n'est pas seulement une question de conformit\u00e9 l\u00e9gale; elle repr\u00e9sente un engagement vers plus de transparence et de responsabilit\u00e9 dans la gouvernance de notre pays<\/em>.\" Parce que, pour le PDS, \"<em>en clarifiant le cadre l\u00e9gal pour la D\u00e9claration de politique g\u00e9n\u00e9rale du Premier Ministre, nous renfor\u00e7ons les fondements de notre d\u00e9mocratie et facilitons un dialogue constructif entre le gouvernement et le l\u00e9gislatif, essentiel pour aborder efficacement les d\u00e9fis que rencontre notre pays<\/em>.\"<\/p>\n<p>Ainsi, le PDS appelle son groupe parlementaire \u00e0 appuyer activement cette proposition et incite tous les groupes parlementaires, ainsi que les d\u00e9put\u00e9s non inscrits, \u00e0 se rallier \u00e0 cette cause. \"<em>L'adoption de cette loi est essentielle pour pr\u00e9venir la grave crise institutionnelle qui se dessine entre l'ex\u00e9cutif et le l\u00e9gislatif. Son adoption garantira une <\/em><em>stabilit\u00e9 politique n\u00e9cessaire au d\u00e9veloppement du S\u00e9n\u00e9gal et le gouvernement pourra ainsi se pencher sur les priorit\u00e9s et les urgences des s\u00e9n\u00e9galais dont notamment leur pouvoir d\u2019achat<\/em>\", conclut le communiqu\u00e9.<\/p>\n<div class='share-to-whatsapp-wrapper'><div class='share-on-whsp'>PARTAGER SUR : <\/div><a data-text='ASSEMBLEE NATIONALE - Le PDS pour une harmonisation du R\u00e8glement int\u00e9rieur' data-link='https:\/\/www.nettali.com\/2024\/07\/08\/assemblee-nationale-le-pds-pour-une-harmonisation-du-reglement-interieur\/' class='whatsapp-button whatsapp-share'>WhatsApp<\/a><div class='clear '><\/div><\/div>","protected":false},"excerpt":{"rendered":"<p>NETTALI.COM - Le R\u00e8glement int\u00e9rieur de l'Assembl\u00e9e nationale doit \u00eatre corrig\u00e9 afin de permettre au Premier ministre de faire sa D\u00e9claration de politique g\u00e9n\u00e9rale (DPG). Telle est la position du Parti d\u00e9mocratique s\u00e9n\u00e9galais (PDS) qui soutient ainsi une initiative prise par trois d\u00e9put\u00e9s lib\u00e9raux.\u00a0 Nafissatou Diallo, Abo Mback\u00e9 Thiam et Ibrahima Diop. Ces trois d\u00e9put\u00e9s [&hellip;]<\/p>\n","protected":false},"author":3,"featured_media":136532,"comment_status":"open","ping_status":"open","sticky":false,"template":"","format":"standard","meta":{"_et_pb_use_builder":"","_et_pb_old_content":""},"categories":[2],"tags":[],"yoast_head":"<!-- This site is optimized with the Yoast SEO Premium plugin v17.8 (Yoast SEO v17.8) - https:\/\/yoast.com\/wordpress\/plugins\/seo\/ -->\n<title>ASSEMBLEE NATIONALE - Le PDS pour une harmonisation du R\u00e8glement int\u00e9rieur | Nettali.com<\/title>\n<meta name=\"robots\" content=\"index, follow, max-snippet:-1, max-image-preview:large, max-video-preview:-1\" \/>\n<link rel=\"canonical\" href=\"https:\/\/www.nettali.com\/2024\/07\/08\/assemblee-nationale-le-pds-pour-une-harmonisation-du-reglement-interieur\/\" \/>\n<meta property=\"og:locale\" content=\"fr_FR\" \/>\n<meta property=\"og:type\" content=\"article\" \/>\n<meta property=\"og:title\" content=\"ASSEMBLEE NATIONALE - Le PDS pour une harmonisation du R\u00e8glement int\u00e9rieur\" \/>\n<meta property=\"og:description\" content=\"NETTALI.COM - Le R\u00e8glement int\u00e9rieur de l&#039;Assembl\u00e9e nationale doit \u00eatre corrig\u00e9 afin de permettre au Premier ministre de faire sa D\u00e9claration de politique g\u00e9n\u00e9rale (DPG). Telle est la position du Parti d\u00e9mocratique s\u00e9n\u00e9galais (PDS) qui soutient ainsi une initiative prise par trois d\u00e9put\u00e9s lib\u00e9raux.\u00a0 Nafissatou Diallo, Abo Mback\u00e9 Thiam et Ibrahima Diop. Ces trois d\u00e9put\u00e9s [&hellip;]\" \/>\n<meta property=\"og:url\" content=\"https:\/\/www.nettali.com\/2024\/07\/08\/assemblee-nationale-le-pds-pour-une-harmonisation-du-reglement-interieur\/\" \/>\n<meta property=\"og:site_name\" content=\"Nettali.com\" \/>\n<meta property=\"article:publisher\" content=\"https:\/\/www.facebook.com\/nettalicom\" \/>\n<meta property=\"article:published_time\" content=\"2024-07-08T00:18:55+00:00\" \/>\n<meta property=\"og:image\" content=\"https:\/\/www.nettali.com\/wp-content\/uploads\/2024\/07\/NAFI-DIALLO.jpg\" \/>\n\t<meta property=\"og:image:width\" content=\"900\" \/>\n\t<meta property=\"og:image:height\" content=\"601\" \/>\n<meta name=\"twitter:card\" content=\"summary_large_image\" \/>\n<meta name=\"twitter:label1\" content=\"\u00c9crit par\" \/>\n\t<meta name=\"twitter:data1\" content=\"Moustapha\" \/>\n\t<meta name=\"twitter:label2\" content=\"Dur\u00e9e de lecture estim\u00e9e\" \/>\n\t<meta name=\"twitter:data2\" content=\"2 minutes\" \/>\n<script type=\"application\/ld+json\" class=\"yoast-schema-graph\">{\"@context\":\"https:\/\/schema.org\",\"@graph\":[{\"@type\":\"WebSite\",\"@id\":\"https:\/\/www.nettali.com\/#website\",\"url\":\"https:\/\/www.nettali.com\/\",\"name\":\"Nettali.com\",\"description\":\"Le rendez-vous critique du Net\",\"potentialAction\":[{\"@type\":\"SearchAction\",\"target\":{\"@type\":\"EntryPoint\",\"urlTemplate\":\"https:\/\/www.nettali.com\/?s={search_term_string}\"},\"query-input\":\"required name=search_term_string\"}],\"inLanguage\":\"fr-FR\"},{\"@type\":\"ImageObject\",\"@id\":\"https:\/\/www.nettali.com\/2024\/07\/08\/assemblee-nationale-le-pds-pour-une-harmonisation-du-reglement-interieur\/#primaryimage\",\"inLanguage\":\"fr-FR\",\"url\":\"https:\/\/www.nettali.com\/wp-content\/uploads\/2024\/07\/NAFI-DIALLO.jpg\",\"contentUrl\":\"https:\/\/www.nettali.com\/wp-content\/uploads\/2024\/07\/NAFI-DIALLO.jpg\",\"width\":900,\"height\":601},{\"@type\":\"WebPage\",\"@id\":\"https:\/\/www.nettali.com\/2024\/07\/08\/assemblee-nationale-le-pds-pour-une-harmonisation-du-reglement-interieur\/#webpage\",\"url\":\"https:\/\/www.nettali.com\/2024\/07\/08\/assemblee-nationale-le-pds-pour-une-harmonisation-du-reglement-interieur\/\",\"name\":\"ASSEMBLEE NATIONALE - Le PDS pour une harmonisation du R\\u00e8glement int\\u00e9rieur | Nettali.com\",\"isPartOf\":{\"@id\":\"https:\/\/www.nettali.com\/#website\"},\"primaryImageOfPage\":{\"@id\":\"https:\/\/www.nettali.com\/2024\/07\/08\/assemblee-nationale-le-pds-pour-une-harmonisation-du-reglement-interieur\/#primaryimage\"},\"datePublished\":\"2024-07-08T00:18:55+00:00\",\"dateModified\":\"2024-07-08T00:18:55+00:00\",\"author\":{\"@id\":\"https:\/\/www.nettali.com\/#\/schema\/person\/7962a12a6e0267f88f0ffa544c36469a\"},\"breadcrumb\":{\"@id\":\"https:\/\/www.nettali.com\/2024\/07\/08\/assemblee-nationale-le-pds-pour-une-harmonisation-du-reglement-interieur\/#breadcrumb\"},\"inLanguage\":\"fr-FR\",\"potentialAction\":[{\"@type\":\"ReadAction\",\"target\":[\"https:\/\/www.nettali.com\/2024\/07\/08\/assemblee-nationale-le-pds-pour-une-harmonisation-du-reglement-interieur\/\"]}]},{\"@type\":\"BreadcrumbList\",\"@id\":\"https:\/\/www.nettali.com\/2024\/07\/08\/assemblee-nationale-le-pds-pour-une-harmonisation-du-reglement-interieur\/#breadcrumb\",\"itemListElement\":[{\"@type\":\"ListItem\",\"position\":1,\"name\":\"Accueil\",\"item\":\"https:\/\/www.nettali.com\/\"},{\"@type\":\"ListItem\",\"position\":2,\"name\":\"ASSEMBLEE NATIONALE - Le PDS pour une harmonisation du R\\u00e8glement int\\u00e9rieur\"}]},{\"@type\":\"Person\",\"@id\":\"https:\/\/www.nettali.com\/#\/schema\/person\/7962a12a6e0267f88f0ffa544c36469a\",\"name\":\"Moustapha\",\"image\":{\"@type\":\"ImageObject\",\"@id\":\"https:\/\/www.nettali.com\/#personlogo\",\"inLanguage\":\"fr-FR\",\"url\":\"https:\/\/secure.gravatar.com\/avatar\/10fdf6a071cccdcf374e3dbe45159590?s=96&d=mm&r=g\",\"contentUrl\":\"https:\/\/secure.gravatar.com\/avatar\/10fdf6a071cccdcf374e3dbe45159590?s=96&d=mm&r=g\",\"caption\":\"Moustapha\"},\"sameAs\":[\"https:\/\/www.nettali.com\"]}]}<\/script>\n<!-- \/ Yoast SEO Premium plugin. -->","yoast_head_json":{"title":"ASSEMBLEE NATIONALE - Le PDS pour une harmonisation du R\u00e8glement int\u00e9rieur | Nettali.com","robots":{"index":"index","follow":"follow","max-snippet":"max-snippet:-1","max-image-preview":"max-image-preview:large","max-video-preview":"max-video-preview:-1"},"canonical":"https:\/\/www.nettali.com\/2024\/07\/08\/assemblee-nationale-le-pds-pour-une-harmonisation-du-reglement-interieur\/","og_locale":"fr_FR","og_type":"article","og_title":"ASSEMBLEE NATIONALE - Le PDS pour une harmonisation du R\u00e8glement int\u00e9rieur","og_description":"NETTALI.COM - Le R\u00e8glement int\u00e9rieur de l'Assembl\u00e9e nationale doit \u00eatre corrig\u00e9 afin de permettre au Premier ministre de faire sa D\u00e9claration de politique g\u00e9n\u00e9rale (DPG). Telle est la position du Parti d\u00e9mocratique s\u00e9n\u00e9galais (PDS) qui soutient ainsi une initiative prise par trois d\u00e9put\u00e9s lib\u00e9raux.\u00a0 Nafissatou Diallo, Abo Mback\u00e9 Thiam et Ibrahima Diop. Ces trois d\u00e9put\u00e9s [&hellip;]","og_url":"https:\/\/www.nettali.com\/2024\/07\/08\/assemblee-nationale-le-pds-pour-une-harmonisation-du-reglement-interieur\/","og_site_name":"Nettali.com","article_publisher":"https:\/\/www.facebook.com\/nettalicom","article_published_time":"2024-07-08T00:18:55+00:00","og_image":[{"width":900,"height":601,"url":"https:\/\/www.nettali.com\/wp-content\/uploads\/2024\/07\/NAFI-DIALLO.jpg","type":"image\/jpeg"}],"twitter_card":"summary_large_image","twitter_misc":{"\u00c9crit par":"Moustapha","Dur\u00e9e de lecture estim\u00e9e":"2 minutes"},"schema":{"@context":"https:\/\/schema.org","@graph":[{"@type":"WebSite","@id":"https:\/\/www.nettali.com\/#website","url":"https:\/\/www.nettali.com\/","name":"Nettali.com","description":"Le rendez-vous critique du Net","potentialAction":[{"@type":"SearchAction","target":{"@type":"EntryPoint","urlTemplate":"https:\/\/www.nettali.com\/?s={search_term_string}"},"query-input":"required name=search_term_string"}],"inLanguage":"fr-FR"},{"@type":"ImageObject","@id":"https:\/\/www.nettali.com\/2024\/07\/08\/assemblee-nationale-le-pds-pour-une-harmonisation-du-reglement-interieur\/#primaryimage","inLanguage":"fr-FR","url":"https:\/\/www.nettali.com\/wp-content\/uploads\/2024\/07\/NAFI-DIALLO.jpg","contentUrl":"https:\/\/www.nettali.com\/wp-content\/uploads\/2024\/07\/NAFI-DIALLO.jpg","width":900,"height":601},{"@type":"WebPage","@id":"https:\/\/www.nettali.com\/2024\/07\/08\/assemblee-nationale-le-pds-pour-une-harmonisation-du-reglement-interieur\/#webpage","url":"https:\/\/www.nettali.com\/2024\/07\/08\/assemblee-nationale-le-pds-pour-une-harmonisation-du-reglement-interieur\/","name":"ASSEMBLEE NATIONALE - Le PDS pour une harmonisation du R\u00e8glement int\u00e9rieur | Nettali.com","isPartOf":{"@id":"https:\/\/www.nettali.com\/#website"},"primaryImageOfPage":{"@id":"https:\/\/www.nettali.com\/2024\/07\/08\/assemblee-nationale-le-pds-pour-une-harmonisation-du-reglement-interieur\/#primaryimage"},"datePublished":"2024-07-08T00:18:55+00:00","dateModified":"2024-07-08T00:18:55+00:00","author":{"@id":"https:\/\/www.nettali.com\/#\/schema\/person\/7962a12a6e0267f88f0ffa544c36469a"},"breadcrumb":{"@id":"https:\/\/www.nettali.com\/2024\/07\/08\/assemblee-nationale-le-pds-pour-une-harmonisation-du-reglement-interieur\/#breadcrumb"},"inLanguage":"fr-FR","potentialAction":[{"@type":"ReadAction","target":["https:\/\/www.nettali.com\/2024\/07\/08\/assemblee-nationale-le-pds-pour-une-harmonisation-du-reglement-interieur\/"]}]},{"@type":"BreadcrumbList","@id":"https:\/\/www.nettali.com\/2024\/07\/08\/assemblee-nationale-le-pds-pour-une-harmonisation-du-reglement-interieur\/#breadcrumb","itemListElement":[{"@type":"ListItem","position":1,"name":"Accueil","item":"https:\/\/www.nettali.com\/"},{"@type":"ListItem","position":2,"name":"ASSEMBLEE NATIONALE - Le PDS pour une harmonisation du R\u00e8glement int\u00e9rieur"}]},{"@type":"Person","@id":"https:\/\/www.nettali.com\/#\/schema\/person\/7962a12a6e0267f88f0ffa544c36469a","name":"Moustapha","image":{"@type":"ImageObject","@id":"https:\/\/www.nettali.com\/#personlogo","inLanguage":"fr-FR","url":"https:\/\/secure.gravatar.com\/avatar\/10fdf6a071cccdcf374e3dbe45159590?s=96&d=mm&r=g","contentUrl":"https:\/\/secure.gravatar.com\/avatar\/10fdf6a071cccdcf374e3dbe45159590?s=96&d=mm&r=g","caption":"Moustapha"},"sameAs":["https:\/\/www.nettali.com"]}]}},"_links":{"self":[{"href":"https:\/\/www.nettali.com\/rest\/wp\/v2\/posts\/136531"}],"collection":[{"href":"https:\/\/www.nettali.com\/rest\/wp\/v2\/posts"}],"about":[{"href":"https:\/\/www.nettali.com\/rest\/wp\/v2\/types\/post"}],"author":[{"embeddable":true,"href":"https:\/\/www.nettali.com\/rest\/wp\/v2\/users\/3"}],"replies":[{"embeddable":true,"href":"https:\/\/www.nettali.com\/rest\/wp\/v2\/comments?post=136531"}],"version-history":[{"count":1,"href":"https:\/\/www.nettali.com\/rest\/wp\/v2\/posts\/136531\/revisions"}],"predecessor-version":[{"id":136533,"href":"https:\/\/www.nettali.com\/rest\/wp\/v2\/posts\/136531\/revisions\/136533"}],"wp:featuredmedia":[{"embeddable":true,"href":"https:\/\/www.nettali.com\/rest\/wp\/v2\/media\/136532"}],"wp:attachment":[{"href":"https:\/\/www.nettali.com\/rest\/wp\/v2\/media?parent=136531"}],"wp:term":[{"taxonomy":"category","embeddable":true,"href":"https:\/\/www.nettali.com\/rest\/wp\/v2\/categories?post=136531"},{"taxonomy":"post_tag","embeddable":true,"href":"https:\/\/www.nettali.com\/rest\/wp\/v2\/tags?post=136531"}],"curies":[{"name":"wp","href":"https:\/\/api.w.org\/{rel}","templated":true}]}}