{"id":136513,"date":"2024-07-07T20:47:09","date_gmt":"2024-07-07T20:47:09","guid":{"rendered":"https:\/\/www.nettali.com\/?p=136513"},"modified":"2024-07-08T13:24:02","modified_gmt":"2024-07-08T13:24:02","slug":"france-le-premier-ministre-gabriel-attal-annonce-quil-remettra-sa-demission-ce-lundi","status":"publish","type":"post","link":"https:\/\/www.nettali.com\/2024\/07\/07\/france-le-premier-ministre-gabriel-attal-annonce-quil-remettra-sa-demission-ce-lundi\/","title":{"rendered":"FRANCE - Le Premier ministre Gabriel Attal annonce qu\u2019il remettra sa d\u00e9mission, ce lundi"},"content":{"rendered":"<p><strong>NETTALI.COM - Le premier ministre, Gabriel Attal, a annonc\u00e9 dimanche 7 juillet au soir qu\u2019il pr\u00e9senterait lundi matin sa d\u00e9mission au pr\u00e9sident Emmanuel Macron apr\u00e8s les \u00e9lections l\u00e9gislatives qui ont plac\u00e9 la gauche en t\u00eate, mais s\u2019est dit pr\u00eat \u00e0 rester \u00e0 Matignon <em>\u00ab\u00a0aussi longtemps que le devoir l\u2019exigera\u00a0\u00bb,<\/em> dans le contexte des Jeux olympiques.<\/strong><\/p>\n<p class=\"article__paragraph \"><em>\u00ab\u00a0Ce soir, la formation politique que j\u2019ai repr\u00e9sent\u00e9e dans cette campagne, quand bien m\u00eame elle a r\u00e9alis\u00e9 un score trois fois sup\u00e9rieur \u00e0 ce qui \u00e9tait pr\u00e9dit ces derni\u00e8res semaines, ne dispose pas d\u2019une majorit\u00e9. Ainsi, fid\u00e8le \u00e0 la tradition r\u00e9publicaine et conform\u00e9ment \u00e0 mes principes, je remettrai demain matin ma d\u00e9mission au pr\u00e9sident de la R\u00e9publique\u00a0\u00bb<\/em>, a-t-il d\u00e9clar\u00e9 sur le perron de Matignon.<\/p>\n<p class=\"article__paragraph \">Mais alors que la France <em>\u00ab\u00a0se pr\u00e9pare \u00e0 accueillir le monde dans quelques semaines\u00a0\u00bb<\/em> pour les Jeux olympiques, <em>\u00ab\u00a0j\u2019assumerai bien \u00e9videmment mes fonctions aussi longtemps que le devoir l\u2019exigera\u00a0\u00bb<\/em>, a-t-il ajout\u00e9.<\/p>\n<p class=\"article__paragraph \">Plus t\u00f4t, l\u2019Elys\u00e9e avait fait savoir qu\u2019Emmanuel Macron ne ferait pas appel dans l\u2019imm\u00e9diat \u00e0 un nouveau premier ministre, le chef de l\u2019Etat souhaitant attendre que l\u2019Assembl\u00e9e nationale <em>\u00ab\u00a0se structure\u00a0\u00bb <\/em>avant de nommer un nouveau chef du gouvernement.<\/p>\n<h2 class=\"article__sub-title\">\u00ab\u00a0Inventer quelque chose de neuf\u00a0\u00bb<\/h2>\n<p class=\"article__paragraph \"><em>\u00ab\u00a0Cette dissolution, je ne l\u2019ai pas choisie, mais j\u2019ai refus\u00e9 de la subir\u00a0\u00bb<\/em>, a soulign\u00e9 le chef du gouvernement, qui avait choisi de conduire la campagne de son camp.<\/p>\n<p class=\"article__paragraph \">Il a fait valoir que <em>\u00ab\u00a0trois risques\u00a0\u00bb<\/em> \u00e0 ses yeux avaient \u00e9t\u00e9 <em>\u00ab\u00a0\u00e9cart\u00e9s par les Fran\u00e7ais\u00a0\u00bb<\/em> aux l\u00e9gislatives\u00a0: <em>\u00ab\u00a0Le risque d\u2019une majorit\u00e9 absolue domin\u00e9e par La France insoumise. Le risque d\u2019une majorit\u00e9 absolue domin\u00e9e par le Rassemblement national et le risque d\u2019une disparition du mouvement qui incarne nos id\u00e9es et nos valeurs\u00a0\u00bb<\/em>, si bien qu\u2019<em>\u00ab\u00a0aucune majorit\u00e9 absolue ne peut \u00eatre conduite par les extr\u00eames\u00a0\u00bb<\/em>.<\/p>\n<p class=\"article__paragraph \"><em>\u00ab\u00a0Le centre de gravit\u00e9 du pouvoir sera <\/em>(\u2026) <em>d\u00e9sormais, plus que jamais, entre les mains du Parlement\u00a0\u00bb<\/em>, a-t-il poursuivi en invitant les d\u00e9put\u00e9s \u00e0 <em>\u00ab\u00a0inventer quelque chose de neuf, de grand, d\u2019utile\u00a0\u00bb<\/em>.<\/p>\n<p class=\"article__paragraph \"><em>\u00ab\u00a0Pour cela, nous devrons assumer de tout remettre en question d\u00e8s demain. Notre espace politique devra se mettre au travail pour b\u00e2tir une offre politique nouvelle\u00a0\u00bb<\/em> bas\u00e9e sur des <em>\u00ab\u00a0valeurs claires\u00a0: garantir l\u2019union et ne jamais c\u00e9der \u00e0 la division, incarner l\u2019autorit\u00e9 tout en conservant notre humanit\u00e9, agir pour la s\u00e9curit\u00e9\u00a0\u00bb<\/em>, a d\u00e9velopp\u00e9 Gabriel Attal.<\/p>\n<p class=\"article__paragraph \">L\u2019alliance de gauche du Nouveau Front populaire est arriv\u00e9e en t\u00eate des l\u00e9gislatives avec entre 171 et 199 d\u00e9put\u00e9s, selon les derni\u00e8res estimations. Aucun bloc n\u2019obtient toutefois la majorit\u00e9 absolue. La majorit\u00e9 sortante est arriv\u00e9e deuxi\u00e8me avec entre 152 \u00e0 169 d\u00e9put\u00e9s (contre 250 dans l\u2019Assembl\u00e9e sortante) et le Rassemblement national troisi\u00e8me (entre 134 \u00e0 152 si\u00e8ges).<\/p>\n<section class=\"author\">\n<p class=\"author__detail\"><strong><span class=\"author__name\">Le Monde avec AFP<\/span><\/strong><\/p>\n<\/section>\n<div class='share-to-whatsapp-wrapper'><div class='share-on-whsp'>PARTAGER SUR : <\/div><a data-text='FRANCE - Le Premier ministre Gabriel Attal annonce qu\u2019il remettra sa d\u00e9mission, ce lundi' data-link='https:\/\/www.nettali.com\/2024\/07\/07\/france-le-premier-ministre-gabriel-attal-annonce-quil-remettra-sa-demission-ce-lundi\/' class='whatsapp-button whatsapp-share'>WhatsApp<\/a><div class='clear '><\/div><\/div>","protected":false},"excerpt":{"rendered":"<p>NETTALI.COM - Le premier ministre, Gabriel Attal, a annonc\u00e9 dimanche 7 juillet au soir qu\u2019il pr\u00e9senterait lundi matin sa d\u00e9mission au pr\u00e9sident Emmanuel Macron apr\u00e8s les \u00e9lections l\u00e9gislatives qui ont plac\u00e9 la gauche en t\u00eate, mais s\u2019est dit pr\u00eat \u00e0 rester \u00e0 Matignon \u00ab\u00a0aussi longtemps que le devoir l\u2019exigera\u00a0\u00bb, dans le contexte des Jeux olympiques. [&hellip;]<\/p>\n","protected":false},"author":4,"featured_media":136514,"comment_status":"open","ping_status":"open","sticky":false,"template":"","format":"standard","meta":{"_et_pb_use_builder":"","_et_pb_old_content":""},"categories":[2],"tags":[],"yoast_head":"<!-- This site is optimized with the Yoast SEO Premium plugin v17.8 (Yoast SEO v17.8) - https:\/\/yoast.com\/wordpress\/plugins\/seo\/ -->\n<title>FRANCE - Le Premier ministre Gabriel Attal annonce qu\u2019il remettra sa d\u00e9mission, ce lundi | Nettali.com<\/title>\n<meta name=\"robots\" content=\"index, follow, max-snippet:-1, max-image-preview:large, max-video-preview:-1\" \/>\n<link rel=\"canonical\" href=\"https:\/\/www.nettali.com\/2024\/07\/07\/france-le-premier-ministre-gabriel-attal-annonce-quil-remettra-sa-demission-ce-lundi\/\" \/>\n<meta property=\"og:locale\" content=\"fr_FR\" \/>\n<meta property=\"og:type\" content=\"article\" \/>\n<meta property=\"og:title\" content=\"FRANCE - Le Premier ministre Gabriel Attal annonce qu\u2019il remettra sa d\u00e9mission, ce lundi\" \/>\n<meta property=\"og:description\" content=\"NETTALI.COM - Le premier ministre, Gabriel Attal, a annonc\u00e9 dimanche 7 juillet au soir qu\u2019il pr\u00e9senterait lundi matin sa d\u00e9mission au pr\u00e9sident Emmanuel Macron apr\u00e8s les \u00e9lections l\u00e9gislatives qui ont plac\u00e9 la gauche en t\u00eate, mais s\u2019est dit pr\u00eat \u00e0 rester \u00e0 Matignon \u00ab\u00a0aussi longtemps que le devoir l\u2019exigera\u00a0\u00bb, dans le contexte des Jeux olympiques. [&hellip;]\" \/>\n<meta property=\"og:url\" content=\"https:\/\/www.nettali.com\/2024\/07\/07\/france-le-premier-ministre-gabriel-attal-annonce-quil-remettra-sa-demission-ce-lundi\/\" \/>\n<meta property=\"og:site_name\" content=\"Nettali.com\" \/>\n<meta property=\"article:publisher\" content=\"https:\/\/www.facebook.com\/nettalicom\" \/>\n<meta property=\"article:published_time\" content=\"2024-07-07T20:47:09+00:00\" \/>\n<meta property=\"article:modified_time\" content=\"2024-07-08T13:24:02+00:00\" \/>\n<meta property=\"og:image\" content=\"https:\/\/www.nettali.com\/wp-content\/uploads\/2024\/07\/gabriel-attal.jpeg\" \/>\n\t<meta property=\"og:image:width\" content=\"1422\" \/>\n\t<meta property=\"og:image:height\" content=\"1067\" \/>\n<meta name=\"twitter:card\" content=\"summary_large_image\" \/>\n<meta name=\"twitter:label1\" content=\"\u00c9crit par\" \/>\n\t<meta name=\"twitter:data1\" content=\"Daouda\" \/>\n\t<meta name=\"twitter:label2\" content=\"Dur\u00e9e de lecture estim\u00e9e\" \/>\n\t<meta name=\"twitter:data2\" content=\"3 minutes\" \/>\n<script type=\"application\/ld+json\" class=\"yoast-schema-graph\">{\"@context\":\"https:\/\/schema.org\",\"@graph\":[{\"@type\":\"WebSite\",\"@id\":\"https:\/\/www.nettali.com\/#website\",\"url\":\"https:\/\/www.nettali.com\/\",\"name\":\"Nettali.com\",\"description\":\"Le rendez-vous critique du Net\",\"potentialAction\":[{\"@type\":\"SearchAction\",\"target\":{\"@type\":\"EntryPoint\",\"urlTemplate\":\"https:\/\/www.nettali.com\/?s={search_term_string}\"},\"query-input\":\"required name=search_term_string\"}],\"inLanguage\":\"fr-FR\"},{\"@type\":\"ImageObject\",\"@id\":\"https:\/\/www.nettali.com\/2024\/07\/07\/france-le-premier-ministre-gabriel-attal-annonce-quil-remettra-sa-demission-ce-lundi\/#primaryimage\",\"inLanguage\":\"fr-FR\",\"url\":\"https:\/\/www.nettali.com\/wp-content\/uploads\/2024\/07\/gabriel-attal.jpeg\",\"contentUrl\":\"https:\/\/www.nettali.com\/wp-content\/uploads\/2024\/07\/gabriel-attal.jpeg\",\"width\":1422,\"height\":1067},{\"@type\":\"WebPage\",\"@id\":\"https:\/\/www.nettali.com\/2024\/07\/07\/france-le-premier-ministre-gabriel-attal-annonce-quil-remettra-sa-demission-ce-lundi\/#webpage\",\"url\":\"https:\/\/www.nettali.com\/2024\/07\/07\/france-le-premier-ministre-gabriel-attal-annonce-quil-remettra-sa-demission-ce-lundi\/\",\"name\":\"FRANCE - Le Premier ministre Gabriel Attal annonce qu\\u2019il remettra sa d\\u00e9mission, ce lundi | Nettali.com\",\"isPartOf\":{\"@id\":\"https:\/\/www.nettali.com\/#website\"},\"primaryImageOfPage\":{\"@id\":\"https:\/\/www.nettali.com\/2024\/07\/07\/france-le-premier-ministre-gabriel-attal-annonce-quil-remettra-sa-demission-ce-lundi\/#primaryimage\"},\"datePublished\":\"2024-07-07T20:47:09+00:00\",\"dateModified\":\"2024-07-08T13:24:02+00:00\",\"author\":{\"@id\":\"https:\/\/www.nettali.com\/#\/schema\/person\/3317e0bb3aa1da309fbf7b2780901bf4\"},\"breadcrumb\":{\"@id\":\"https:\/\/www.nettali.com\/2024\/07\/07\/france-le-premier-ministre-gabriel-attal-annonce-quil-remettra-sa-demission-ce-lundi\/#breadcrumb\"},\"inLanguage\":\"fr-FR\",\"potentialAction\":[{\"@type\":\"ReadAction\",\"target\":[\"https:\/\/www.nettali.com\/2024\/07\/07\/france-le-premier-ministre-gabriel-attal-annonce-quil-remettra-sa-demission-ce-lundi\/\"]}]},{\"@type\":\"BreadcrumbList\",\"@id\":\"https:\/\/www.nettali.com\/2024\/07\/07\/france-le-premier-ministre-gabriel-attal-annonce-quil-remettra-sa-demission-ce-lundi\/#breadcrumb\",\"itemListElement\":[{\"@type\":\"ListItem\",\"position\":1,\"name\":\"Accueil\",\"item\":\"https:\/\/www.nettali.com\/\"},{\"@type\":\"ListItem\",\"position\":2,\"name\":\"FRANCE - Le Premier ministre Gabriel Attal annonce qu\\u2019il remettra sa d\\u00e9mission, ce lundi\"}]},{\"@type\":\"Person\",\"@id\":\"https:\/\/www.nettali.com\/#\/schema\/person\/3317e0bb3aa1da309fbf7b2780901bf4\",\"name\":\"Daouda\",\"image\":{\"@type\":\"ImageObject\",\"@id\":\"https:\/\/www.nettali.com\/#personlogo\",\"inLanguage\":\"fr-FR\",\"url\":\"https:\/\/secure.gravatar.com\/avatar\/8d143b5a49345098ddcfee1c49c2f47c?s=96&d=mm&r=g\",\"contentUrl\":\"https:\/\/secure.gravatar.com\/avatar\/8d143b5a49345098ddcfee1c49c2f47c?s=96&d=mm&r=g\",\"caption\":\"Daouda\"},\"sameAs\":[\"https:\/\/www.nettali.com\"]}]}<\/script>\n<!-- \/ Yoast SEO Premium plugin. -->","yoast_head_json":{"title":"FRANCE - Le Premier ministre Gabriel Attal annonce qu\u2019il remettra sa d\u00e9mission, ce lundi | Nettali.com","robots":{"index":"index","follow":"follow","max-snippet":"max-snippet:-1","max-image-preview":"max-image-preview:large","max-video-preview":"max-video-preview:-1"},"canonical":"https:\/\/www.nettali.com\/2024\/07\/07\/france-le-premier-ministre-gabriel-attal-annonce-quil-remettra-sa-demission-ce-lundi\/","og_locale":"fr_FR","og_type":"article","og_title":"FRANCE - Le Premier ministre Gabriel Attal annonce qu\u2019il remettra sa d\u00e9mission, ce lundi","og_description":"NETTALI.COM - Le premier ministre, Gabriel Attal, a annonc\u00e9 dimanche 7 juillet au soir qu\u2019il pr\u00e9senterait lundi matin sa d\u00e9mission au pr\u00e9sident Emmanuel Macron apr\u00e8s les \u00e9lections l\u00e9gislatives qui ont plac\u00e9 la gauche en t\u00eate, mais s\u2019est dit pr\u00eat \u00e0 rester \u00e0 Matignon \u00ab\u00a0aussi longtemps que le devoir l\u2019exigera\u00a0\u00bb, dans le contexte des Jeux olympiques. [&hellip;]","og_url":"https:\/\/www.nettali.com\/2024\/07\/07\/france-le-premier-ministre-gabriel-attal-annonce-quil-remettra-sa-demission-ce-lundi\/","og_site_name":"Nettali.com","article_publisher":"https:\/\/www.facebook.com\/nettalicom","article_published_time":"2024-07-07T20:47:09+00:00","article_modified_time":"2024-07-08T13:24:02+00:00","og_image":[{"width":1422,"height":1067,"url":"https:\/\/www.nettali.com\/wp-content\/uploads\/2024\/07\/gabriel-attal.jpeg","type":"image\/jpeg"}],"twitter_card":"summary_large_image","twitter_misc":{"\u00c9crit par":"Daouda","Dur\u00e9e de lecture estim\u00e9e":"3 minutes"},"schema":{"@context":"https:\/\/schema.org","@graph":[{"@type":"WebSite","@id":"https:\/\/www.nettali.com\/#website","url":"https:\/\/www.nettali.com\/","name":"Nettali.com","description":"Le rendez-vous critique du Net","potentialAction":[{"@type":"SearchAction","target":{"@type":"EntryPoint","urlTemplate":"https:\/\/www.nettali.com\/?s={search_term_string}"},"query-input":"required name=search_term_string"}],"inLanguage":"fr-FR"},{"@type":"ImageObject","@id":"https:\/\/www.nettali.com\/2024\/07\/07\/france-le-premier-ministre-gabriel-attal-annonce-quil-remettra-sa-demission-ce-lundi\/#primaryimage","inLanguage":"fr-FR","url":"https:\/\/www.nettali.com\/wp-content\/uploads\/2024\/07\/gabriel-attal.jpeg","contentUrl":"https:\/\/www.nettali.com\/wp-content\/uploads\/2024\/07\/gabriel-attal.jpeg","width":1422,"height":1067},{"@type":"WebPage","@id":"https:\/\/www.nettali.com\/2024\/07\/07\/france-le-premier-ministre-gabriel-attal-annonce-quil-remettra-sa-demission-ce-lundi\/#webpage","url":"https:\/\/www.nettali.com\/2024\/07\/07\/france-le-premier-ministre-gabriel-attal-annonce-quil-remettra-sa-demission-ce-lundi\/","name":"FRANCE - Le Premier ministre Gabriel Attal annonce qu\u2019il remettra sa d\u00e9mission, ce lundi | Nettali.com","isPartOf":{"@id":"https:\/\/www.nettali.com\/#website"},"primaryImageOfPage":{"@id":"https:\/\/www.nettali.com\/2024\/07\/07\/france-le-premier-ministre-gabriel-attal-annonce-quil-remettra-sa-demission-ce-lundi\/#primaryimage"},"datePublished":"2024-07-07T20:47:09+00:00","dateModified":"2024-07-08T13:24:02+00:00","author":{"@id":"https:\/\/www.nettali.com\/#\/schema\/person\/3317e0bb3aa1da309fbf7b2780901bf4"},"breadcrumb":{"@id":"https:\/\/www.nettali.com\/2024\/07\/07\/france-le-premier-ministre-gabriel-attal-annonce-quil-remettra-sa-demission-ce-lundi\/#breadcrumb"},"inLanguage":"fr-FR","potentialAction":[{"@type":"ReadAction","target":["https:\/\/www.nettali.com\/2024\/07\/07\/france-le-premier-ministre-gabriel-attal-annonce-quil-remettra-sa-demission-ce-lundi\/"]}]},{"@type":"BreadcrumbList","@id":"https:\/\/www.nettali.com\/2024\/07\/07\/france-le-premier-ministre-gabriel-attal-annonce-quil-remettra-sa-demission-ce-lundi\/#breadcrumb","itemListElement":[{"@type":"ListItem","position":1,"name":"Accueil","item":"https:\/\/www.nettali.com\/"},{"@type":"ListItem","position":2,"name":"FRANCE - Le Premier ministre Gabriel Attal annonce qu\u2019il remettra sa d\u00e9mission, ce lundi"}]},{"@type":"Person","@id":"https:\/\/www.nettali.com\/#\/schema\/person\/3317e0bb3aa1da309fbf7b2780901bf4","name":"Daouda","image":{"@type":"ImageObject","@id":"https:\/\/www.nettali.com\/#personlogo","inLanguage":"fr-FR","url":"https:\/\/secure.gravatar.com\/avatar\/8d143b5a49345098ddcfee1c49c2f47c?s=96&d=mm&r=g","contentUrl":"https:\/\/secure.gravatar.com\/avatar\/8d143b5a49345098ddcfee1c49c2f47c?s=96&d=mm&r=g","caption":"Daouda"},"sameAs":["https:\/\/www.nettali.com"]}]}},"_links":{"self":[{"href":"https:\/\/www.nettali.com\/rest\/wp\/v2\/posts\/136513"}],"collection":[{"href":"https:\/\/www.nettali.com\/rest\/wp\/v2\/posts"}],"about":[{"href":"https:\/\/www.nettali.com\/rest\/wp\/v2\/types\/post"}],"author":[{"embeddable":true,"href":"https:\/\/www.nettali.com\/rest\/wp\/v2\/users\/4"}],"replies":[{"embeddable":true,"href":"https:\/\/www.nettali.com\/rest\/wp\/v2\/comments?post=136513"}],"version-history":[{"count":2,"href":"https:\/\/www.nettali.com\/rest\/wp\/v2\/posts\/136513\/revisions"}],"predecessor-version":[{"id":136534,"href":"https:\/\/www.nettali.com\/rest\/wp\/v2\/posts\/136513\/revisions\/136534"}],"wp:featuredmedia":[{"embeddable":true,"href":"https:\/\/www.nettali.com\/rest\/wp\/v2\/media\/136514"}],"wp:attachment":[{"href":"https:\/\/www.nettali.com\/rest\/wp\/v2\/media?parent=136513"}],"wp:term":[{"taxonomy":"category","embeddable":true,"href":"https:\/\/www.nettali.com\/rest\/wp\/v2\/categories?post=136513"},{"taxonomy":"post_tag","embeddable":true,"href":"https:\/\/www.nettali.com\/rest\/wp\/v2\/tags?post=136513"}],"curies":[{"name":"wp","href":"https:\/\/api.w.org\/{rel}","templated":true}]}}