{"id":136446,"date":"2024-07-06T08:12:09","date_gmt":"2024-07-06T08:12:09","guid":{"rendered":"https:\/\/www.nettali.com\/?p=136446"},"modified":"2024-07-08T08:31:07","modified_gmt":"2024-07-08T08:31:07","slug":"bassirou-diomaye-faye-pr-nous-sommes-determines-a-soutenir-une-presse-libre-et-responsable","status":"publish","type":"post","link":"https:\/\/www.nettali.com\/2024\/07\/06\/bassirou-diomaye-faye-pr-nous-sommes-determines-a-soutenir-une-presse-libre-et-responsable\/","title":{"rendered":"BASSIROU DIOMAYE FAYE : \"Nous sommes d\u00e9termin\u00e9s \u00e0 soutenir une presse libre et responsable...\""},"content":{"rendered":"<div class=\"page\" title=\"Page 2\">\n<div class=\"section\">\n<div class=\"layoutArea\">\n<div class=\"column\">\n<p><strong>NETTALI.COM -<\/strong> Le vendredi 5 juillet, le pre\u0301sident de la Re\u0301publique, Bassirou Diomaye Diakhar Faye, a rec\u0327u des membres de la Convention des Jeunes Reporters du Se\u0301ne\u0301gal (CJRS). Au cours de l\u2019audience, il leur a fait savoir qu'il e\u0301tait conscient du ro\u0302le important de la presse.<\/p>\n<p>\"<em>Votre travail est vital pour notre nation, et nous sommes de\u0301termine\u0301s a\u0300 soutenir une presse libre et responsable<\/em>\", a de\u0301clare\u0301 BDF au pre\u0301sident de la CJRS, Migui Marame Ndiaye, et a\u0300 sa de\u0301le\u0301gation.<\/p>\n<p>Ce dernier, explique-t-on dans un post partage\u0301 sur les re\u0301seaux sociaux de la Pre\u0301sidence, \"<em>a expose\u0301 les de\u0301fis aux- quels sont confronte\u0301s les journalistes se\u0301ne\u0301galais, notamment la pre\u0301carite\u0301 salariale, les besoins en formation et les questions de se\u0301curite\u0301. Les jeunes reporters ont e\u0301gale<\/em><em>ment plaide\u0301 pour une fiscalite\u0301 plus flexible pour les groupes de presse, tout en appelant au respect strict du code de la presse<\/em>\".<\/p>\n<\/div>\n<div class=\"column\">\n<p>Sur ce dernier point, l\u2019ho\u0302te des jeunes reporters \"<em>a insiste\u0301 sur l'importance de la justice fiscale et du respect des lois, des e\u0301le\u0301ments cruciaux pour la consolidation de la de\u0301mocratie se\u0301ne\u0301galaise<\/em>\".<\/p>\n<p>Par ailleurs, il \"<em>a salue\u0301 l'engagement de la CJRS pour une presse e\u0301thique et dynamique, affirmant que ces enjeux s'alignent sur la vision gouvernementale de la bonne gouvernance<\/em>\".<\/p>\n<p>Aussi, Bassirou Diomaye Faye \"<em>a re\u0301ite\u0301re\u0301 son soutien inde\u0301fectible a\u0300 la presse, qu'il conside\u0300re comme un pilier essentiel de la socie\u0301te\u0301 se\u0301ne\u0301galaise<\/em>\".<\/p>\n<p>Il est rappele\u0301 par la Pre\u0301sidence que \"<em>cette rencontre intervient alors que la CJRS ce\u0301le\u0300bre cette anne\u0301e son 20e anniversaire avec un gala et la remise du prix Mame Less Camara pour l'excellence en journalisme d'investigation<\/em>\".<\/p>\n<\/div>\n<\/div>\n<\/div>\n<\/div>\n<div class='share-to-whatsapp-wrapper'><div class='share-on-whsp'>PARTAGER SUR : <\/div><a data-text='BASSIROU DIOMAYE FAYE : \"Nous sommes d\u00e9termin\u00e9s \u00e0 soutenir une presse libre et responsable...\"' data-link='https:\/\/www.nettali.com\/2024\/07\/06\/bassirou-diomaye-faye-pr-nous-sommes-determines-a-soutenir-une-presse-libre-et-responsable\/' class='whatsapp-button whatsapp-share'>WhatsApp<\/a><div class='clear '><\/div><\/div>","protected":false},"excerpt":{"rendered":"<p>NETTALI.COM - Le vendredi 5 juillet, le pre\u0301sident de la Re\u0301publique, Bassirou Diomaye Diakhar Faye, a rec\u0327u des membres de la Convention des Jeunes Reporters du Se\u0301ne\u0301gal (CJRS). Au cours de l\u2019audience, il leur a fait savoir qu'il e\u0301tait conscient du ro\u0302le important de la presse. \"Votre travail est vital pour notre nation, et nous [&hellip;]<\/p>\n","protected":false},"author":6,"featured_media":136437,"comment_status":"open","ping_status":"open","sticky":false,"template":"","format":"standard","meta":{"_et_pb_use_builder":"","_et_pb_old_content":""},"categories":[3],"tags":[],"yoast_head":"<!-- This site is optimized with the Yoast SEO Premium plugin v17.8 (Yoast SEO v17.8) - https:\/\/yoast.com\/wordpress\/plugins\/seo\/ -->\n<title>BASSIROU DIOMAYE FAYE : &quot;Nous sommes d\u00e9termin\u00e9s \u00e0 soutenir une presse libre et responsable...&quot; | Nettali.com<\/title>\n<meta name=\"robots\" content=\"index, follow, max-snippet:-1, max-image-preview:large, max-video-preview:-1\" \/>\n<link rel=\"canonical\" href=\"https:\/\/www.nettali.com\/2024\/07\/06\/bassirou-diomaye-faye-pr-nous-sommes-determines-a-soutenir-une-presse-libre-et-responsable\/\" \/>\n<meta property=\"og:locale\" content=\"fr_FR\" \/>\n<meta property=\"og:type\" content=\"article\" \/>\n<meta property=\"og:title\" content=\"BASSIROU DIOMAYE FAYE : &quot;Nous sommes d\u00e9termin\u00e9s \u00e0 soutenir une presse libre et responsable...&quot;\" \/>\n<meta property=\"og:description\" content=\"NETTALI.COM - Le vendredi 5 juillet, le pre\u0301sident de la Re\u0301publique, Bassirou Diomaye Diakhar Faye, a rec\u0327u des membres de la Convention des Jeunes Reporters du Se\u0301ne\u0301gal (CJRS). Au cours de l\u2019audience, il leur a fait savoir qu&#039;il e\u0301tait conscient du ro\u0302le important de la presse. &quot;Votre travail est vital pour notre nation, et nous [&hellip;]\" \/>\n<meta property=\"og:url\" content=\"https:\/\/www.nettali.com\/2024\/07\/06\/bassirou-diomaye-faye-pr-nous-sommes-determines-a-soutenir-une-presse-libre-et-responsable\/\" \/>\n<meta property=\"og:site_name\" content=\"Nettali.com\" \/>\n<meta property=\"article:publisher\" content=\"https:\/\/www.facebook.com\/nettalicom\" \/>\n<meta property=\"article:published_time\" content=\"2024-07-06T08:12:09+00:00\" \/>\n<meta property=\"article:modified_time\" content=\"2024-07-08T08:31:07+00:00\" \/>\n<meta property=\"og:image\" content=\"https:\/\/www.nettali.com\/wp-content\/uploads\/2024\/07\/be6ca45a-9f90-49e9-bf27-058fa7075930-1-696x450-1.jpg\" \/>\n\t<meta property=\"og:image:width\" content=\"696\" \/>\n\t<meta property=\"og:image:height\" content=\"450\" \/>\n<meta name=\"twitter:card\" content=\"summary_large_image\" \/>\n<meta name=\"twitter:label1\" content=\"\u00c9crit par\" \/>\n\t<meta name=\"twitter:data1\" content=\"Fatou\" \/>\n\t<meta name=\"twitter:label2\" content=\"Dur\u00e9e de lecture estim\u00e9e\" \/>\n\t<meta name=\"twitter:data2\" content=\"2 minutes\" \/>\n<script type=\"application\/ld+json\" class=\"yoast-schema-graph\">{\"@context\":\"https:\/\/schema.org\",\"@graph\":[{\"@type\":\"WebSite\",\"@id\":\"https:\/\/www.nettali.com\/#website\",\"url\":\"https:\/\/www.nettali.com\/\",\"name\":\"Nettali.com\",\"description\":\"Le rendez-vous critique du Net\",\"potentialAction\":[{\"@type\":\"SearchAction\",\"target\":{\"@type\":\"EntryPoint\",\"urlTemplate\":\"https:\/\/www.nettali.com\/?s={search_term_string}\"},\"query-input\":\"required name=search_term_string\"}],\"inLanguage\":\"fr-FR\"},{\"@type\":\"ImageObject\",\"@id\":\"https:\/\/www.nettali.com\/2024\/07\/06\/bassirou-diomaye-faye-pr-nous-sommes-determines-a-soutenir-une-presse-libre-et-responsable\/#primaryimage\",\"inLanguage\":\"fr-FR\",\"url\":\"https:\/\/www.nettali.com\/wp-content\/uploads\/2024\/07\/be6ca45a-9f90-49e9-bf27-058fa7075930-1-696x450-1.jpg\",\"contentUrl\":\"https:\/\/www.nettali.com\/wp-content\/uploads\/2024\/07\/be6ca45a-9f90-49e9-bf27-058fa7075930-1-696x450-1.jpg\",\"width\":696,\"height\":450},{\"@type\":\"WebPage\",\"@id\":\"https:\/\/www.nettali.com\/2024\/07\/06\/bassirou-diomaye-faye-pr-nous-sommes-determines-a-soutenir-une-presse-libre-et-responsable\/#webpage\",\"url\":\"https:\/\/www.nettali.com\/2024\/07\/06\/bassirou-diomaye-faye-pr-nous-sommes-determines-a-soutenir-une-presse-libre-et-responsable\/\",\"name\":\"BASSIROU DIOMAYE FAYE : \\\"Nous sommes d\\u00e9termin\\u00e9s \\u00e0 soutenir une presse libre et responsable...\\\" | Nettali.com\",\"isPartOf\":{\"@id\":\"https:\/\/www.nettali.com\/#website\"},\"primaryImageOfPage\":{\"@id\":\"https:\/\/www.nettali.com\/2024\/07\/06\/bassirou-diomaye-faye-pr-nous-sommes-determines-a-soutenir-une-presse-libre-et-responsable\/#primaryimage\"},\"datePublished\":\"2024-07-06T08:12:09+00:00\",\"dateModified\":\"2024-07-08T08:31:07+00:00\",\"author\":{\"@id\":\"https:\/\/www.nettali.com\/#\/schema\/person\/418274a86bdf87caff7a3ef476bd0bbf\"},\"breadcrumb\":{\"@id\":\"https:\/\/www.nettali.com\/2024\/07\/06\/bassirou-diomaye-faye-pr-nous-sommes-determines-a-soutenir-une-presse-libre-et-responsable\/#breadcrumb\"},\"inLanguage\":\"fr-FR\",\"potentialAction\":[{\"@type\":\"ReadAction\",\"target\":[\"https:\/\/www.nettali.com\/2024\/07\/06\/bassirou-diomaye-faye-pr-nous-sommes-determines-a-soutenir-une-presse-libre-et-responsable\/\"]}]},{\"@type\":\"BreadcrumbList\",\"@id\":\"https:\/\/www.nettali.com\/2024\/07\/06\/bassirou-diomaye-faye-pr-nous-sommes-determines-a-soutenir-une-presse-libre-et-responsable\/#breadcrumb\",\"itemListElement\":[{\"@type\":\"ListItem\",\"position\":1,\"name\":\"Accueil\",\"item\":\"https:\/\/www.nettali.com\/\"},{\"@type\":\"ListItem\",\"position\":2,\"name\":\"BASSIROU DIOMAYE FAYE : \\\"Nous sommes d\\u00e9termin\\u00e9s \\u00e0 soutenir une presse libre et responsable...\\\"\"}]},{\"@type\":\"Person\",\"@id\":\"https:\/\/www.nettali.com\/#\/schema\/person\/418274a86bdf87caff7a3ef476bd0bbf\",\"name\":\"Fatou\",\"image\":{\"@type\":\"ImageObject\",\"@id\":\"https:\/\/www.nettali.com\/#personlogo\",\"inLanguage\":\"fr-FR\",\"url\":\"https:\/\/secure.gravatar.com\/avatar\/5a9442a2bee7b4dcf167cab035858e9a?s=96&d=mm&r=g\",\"contentUrl\":\"https:\/\/secure.gravatar.com\/avatar\/5a9442a2bee7b4dcf167cab035858e9a?s=96&d=mm&r=g\",\"caption\":\"Fatou\"},\"sameAs\":[\"https:\/\/www.nettali.com\"]}]}<\/script>\n<!-- \/ Yoast SEO Premium plugin. -->","yoast_head_json":{"title":"BASSIROU DIOMAYE FAYE : \"Nous sommes d\u00e9termin\u00e9s \u00e0 soutenir une presse libre et responsable...\" | Nettali.com","robots":{"index":"index","follow":"follow","max-snippet":"max-snippet:-1","max-image-preview":"max-image-preview:large","max-video-preview":"max-video-preview:-1"},"canonical":"https:\/\/www.nettali.com\/2024\/07\/06\/bassirou-diomaye-faye-pr-nous-sommes-determines-a-soutenir-une-presse-libre-et-responsable\/","og_locale":"fr_FR","og_type":"article","og_title":"BASSIROU DIOMAYE FAYE : \"Nous sommes d\u00e9termin\u00e9s \u00e0 soutenir une presse libre et responsable...\"","og_description":"NETTALI.COM - Le vendredi 5 juillet, le pre\u0301sident de la Re\u0301publique, Bassirou Diomaye Diakhar Faye, a rec\u0327u des membres de la Convention des Jeunes Reporters du Se\u0301ne\u0301gal (CJRS). Au cours de l\u2019audience, il leur a fait savoir qu'il e\u0301tait conscient du ro\u0302le important de la presse. \"Votre travail est vital pour notre nation, et nous [&hellip;]","og_url":"https:\/\/www.nettali.com\/2024\/07\/06\/bassirou-diomaye-faye-pr-nous-sommes-determines-a-soutenir-une-presse-libre-et-responsable\/","og_site_name":"Nettali.com","article_publisher":"https:\/\/www.facebook.com\/nettalicom","article_published_time":"2024-07-06T08:12:09+00:00","article_modified_time":"2024-07-08T08:31:07+00:00","og_image":[{"width":696,"height":450,"url":"https:\/\/www.nettali.com\/wp-content\/uploads\/2024\/07\/be6ca45a-9f90-49e9-bf27-058fa7075930-1-696x450-1.jpg","type":"image\/jpeg"}],"twitter_card":"summary_large_image","twitter_misc":{"\u00c9crit par":"Fatou","Dur\u00e9e de lecture estim\u00e9e":"2 minutes"},"schema":{"@context":"https:\/\/schema.org","@graph":[{"@type":"WebSite","@id":"https:\/\/www.nettali.com\/#website","url":"https:\/\/www.nettali.com\/","name":"Nettali.com","description":"Le rendez-vous critique du Net","potentialAction":[{"@type":"SearchAction","target":{"@type":"EntryPoint","urlTemplate":"https:\/\/www.nettali.com\/?s={search_term_string}"},"query-input":"required name=search_term_string"}],"inLanguage":"fr-FR"},{"@type":"ImageObject","@id":"https:\/\/www.nettali.com\/2024\/07\/06\/bassirou-diomaye-faye-pr-nous-sommes-determines-a-soutenir-une-presse-libre-et-responsable\/#primaryimage","inLanguage":"fr-FR","url":"https:\/\/www.nettali.com\/wp-content\/uploads\/2024\/07\/be6ca45a-9f90-49e9-bf27-058fa7075930-1-696x450-1.jpg","contentUrl":"https:\/\/www.nettali.com\/wp-content\/uploads\/2024\/07\/be6ca45a-9f90-49e9-bf27-058fa7075930-1-696x450-1.jpg","width":696,"height":450},{"@type":"WebPage","@id":"https:\/\/www.nettali.com\/2024\/07\/06\/bassirou-diomaye-faye-pr-nous-sommes-determines-a-soutenir-une-presse-libre-et-responsable\/#webpage","url":"https:\/\/www.nettali.com\/2024\/07\/06\/bassirou-diomaye-faye-pr-nous-sommes-determines-a-soutenir-une-presse-libre-et-responsable\/","name":"BASSIROU DIOMAYE FAYE : \"Nous sommes d\u00e9termin\u00e9s \u00e0 soutenir une presse libre et responsable...\" | Nettali.com","isPartOf":{"@id":"https:\/\/www.nettali.com\/#website"},"primaryImageOfPage":{"@id":"https:\/\/www.nettali.com\/2024\/07\/06\/bassirou-diomaye-faye-pr-nous-sommes-determines-a-soutenir-une-presse-libre-et-responsable\/#primaryimage"},"datePublished":"2024-07-06T08:12:09+00:00","dateModified":"2024-07-08T08:31:07+00:00","author":{"@id":"https:\/\/www.nettali.com\/#\/schema\/person\/418274a86bdf87caff7a3ef476bd0bbf"},"breadcrumb":{"@id":"https:\/\/www.nettali.com\/2024\/07\/06\/bassirou-diomaye-faye-pr-nous-sommes-determines-a-soutenir-une-presse-libre-et-responsable\/#breadcrumb"},"inLanguage":"fr-FR","potentialAction":[{"@type":"ReadAction","target":["https:\/\/www.nettali.com\/2024\/07\/06\/bassirou-diomaye-faye-pr-nous-sommes-determines-a-soutenir-une-presse-libre-et-responsable\/"]}]},{"@type":"BreadcrumbList","@id":"https:\/\/www.nettali.com\/2024\/07\/06\/bassirou-diomaye-faye-pr-nous-sommes-determines-a-soutenir-une-presse-libre-et-responsable\/#breadcrumb","itemListElement":[{"@type":"ListItem","position":1,"name":"Accueil","item":"https:\/\/www.nettali.com\/"},{"@type":"ListItem","position":2,"name":"BASSIROU DIOMAYE FAYE : \"Nous sommes d\u00e9termin\u00e9s \u00e0 soutenir une presse libre et responsable...\""}]},{"@type":"Person","@id":"https:\/\/www.nettali.com\/#\/schema\/person\/418274a86bdf87caff7a3ef476bd0bbf","name":"Fatou","image":{"@type":"ImageObject","@id":"https:\/\/www.nettali.com\/#personlogo","inLanguage":"fr-FR","url":"https:\/\/secure.gravatar.com\/avatar\/5a9442a2bee7b4dcf167cab035858e9a?s=96&d=mm&r=g","contentUrl":"https:\/\/secure.gravatar.com\/avatar\/5a9442a2bee7b4dcf167cab035858e9a?s=96&d=mm&r=g","caption":"Fatou"},"sameAs":["https:\/\/www.nettali.com"]}]}},"_links":{"self":[{"href":"https:\/\/www.nettali.com\/rest\/wp\/v2\/posts\/136446"}],"collection":[{"href":"https:\/\/www.nettali.com\/rest\/wp\/v2\/posts"}],"about":[{"href":"https:\/\/www.nettali.com\/rest\/wp\/v2\/types\/post"}],"author":[{"embeddable":true,"href":"https:\/\/www.nettali.com\/rest\/wp\/v2\/users\/6"}],"replies":[{"embeddable":true,"href":"https:\/\/www.nettali.com\/rest\/wp\/v2\/comments?post=136446"}],"version-history":[{"count":2,"href":"https:\/\/www.nettali.com\/rest\/wp\/v2\/posts\/136446\/revisions"}],"predecessor-version":[{"id":136456,"href":"https:\/\/www.nettali.com\/rest\/wp\/v2\/posts\/136446\/revisions\/136456"}],"wp:featuredmedia":[{"embeddable":true,"href":"https:\/\/www.nettali.com\/rest\/wp\/v2\/media\/136437"}],"wp:attachment":[{"href":"https:\/\/www.nettali.com\/rest\/wp\/v2\/media?parent=136446"}],"wp:term":[{"taxonomy":"category","embeddable":true,"href":"https:\/\/www.nettali.com\/rest\/wp\/v2\/categories?post=136446"},{"taxonomy":"post_tag","embeddable":true,"href":"https:\/\/www.nettali.com\/rest\/wp\/v2\/tags?post=136446"}],"curies":[{"name":"wp","href":"https:\/\/api.w.org\/{rel}","templated":true}]}}