{"id":136384,"date":"2024-07-05T07:53:14","date_gmt":"2024-07-05T07:53:14","guid":{"rendered":"https:\/\/www.nettali.com\/?p=136384"},"modified":"2024-07-06T08:26:57","modified_gmt":"2024-07-06T08:26:57","slug":"disparition-mysterieuse-de-fulbert-sambou-et-de-didier-badji-en-novembre-2022-ismai%cc%88la-madior-fall-relance-la-controverse-autour-de-cette-affaire","status":"publish","type":"post","link":"https:\/\/www.nettali.com\/2024\/07\/05\/disparition-mysterieuse-de-fulbert-sambou-et-de-didier-badji-en-novembre-2022-ismai%cc%88la-madior-fall-relance-la-controverse-autour-de-cette-affaire\/","title":{"rendered":"DISPARITION MYSTE\u0301RIEUSE DE FULBERT SAMBOU ET DE DIDIER BADJI EN NOVEMBRE 2022 - Ismai\u0308la Madior Fall relance la controverse autour de cette affaire"},"content":{"rendered":"<div class=\"page\" title=\"Page 3\">\n<div class=\"layoutArea\">\n<div class=\"column\">\n<div class=\"page\" title=\"Page 3\">\n<div class=\"layoutArea\">\n<div class=\"column\">\n<p><strong>NETTALI.COM - Les derniers propos d'Ismai\u0308la Madior Fall sur la possibilite\u0301 ou non d\u2019inclure la mort des deux sous-officiers du renseignement, Fulbert Sambou et Didier Badji, dans la loi d\u2019amnistie de mars 2024, ont souleve\u0301 de vives pole\u0301miques. Cette de\u0301claration relance d\u2019ores et de\u0301ja\u0300 cette douloureuse affaire qui tient en haleine l\u2019opinion depuis pre\u0300s de deux ans.<\/strong><\/p>\n<\/div>\n<\/div>\n<\/div>\n<p>La dernie\u0300re sortie de l\u2019ex-garde des Sceaux, Ismai\u0308la Madior Fall relative \u00e0 la disparition des deux sous-officiers Fulbert Sambou, gendarme en service a\u0300 l\u2019Inspection ge\u0301ne\u0301rale d\u2019E\u0301tat et Didier Badji, sous-officier a\u0300 la Direction du renseignement militaire (DRM), a ravive\u0301 la douleur et l\u2019e\u0301moi provoque\u0301s par cette ne\u0301buleuse affaire.<\/p>\n<p>En effet, lors d\u2019une e\u0301mission sur la 7TV, mercredi soir, le professeur Ismai\u0308la Madior Fall a indique\u0301 que la mort des deux gendarmes pouvait e\u0302tre incluse, en principe, dans la loi d'amnistie vote\u0301e en mars 2024. \"<em>La loi d'amnistie est large. Oui, on peut le conside\u0301rer. On a inclus les e\u0301ve\u0301nements lie\u0301s de mars 2021 a\u0300 2024. Donc, en principe, c'est inclus la\u0300- dedans\"<\/em>, avait-il de\u0301clare\u0301 en re\u0301ponse a\u0300 Maimouna Ndour Faye, qui l\u2019interrogeait sur la possibilite\u0301 d\u2019inclure cette affaire dans la loi d\u2019amnistie.<\/p>\n<p>La loi d\u2019amnistie couvre \"<em>tous les faits susceptibles de reve\u0302tir la qualification d\u2019infraction criminelle ou correctionnelle, commis entre le 1er fe\u0301vrier 2021 et le 25 fe\u0301vrier 2024, tant au Se\u0301ne\u0301gal qu\u2019a\u0300 l\u2019e\u0301tranger, se rapportant a\u0300 des manifestations ou ayant des motivations politiques, y compris celles faites par tous sup- ports de communication, que leurs auteurs aient e\u0301te\u0301 juge\u0301s ou non<\/em>\", peut-on lire dans le texte de loi.<\/p>\n<p>Ainsi, cette de\u0301claration a suscite\u0301 un tolle\u0301 au sein de la classe politique. Dans un post sur X, le directeur de la RTS, Pape Ale\u0301 Niang, souligne que \u201cc<em>ette de\u0301claration d\u2019Ismai\u0308la Madior Fall est d'une extre\u0302me gravite\u0301. Dire que la disparition de ces deux gendarmes est lie\u0301e aux e\u0301ve\u0301nements survenus entre 2021 et 2024, dont il e\u0301tait d'ailleurs un acteur majeur qualifie\u0301 de faucon, renforce la conviction des Se\u0301ne\u0301galais sur ce dossier\"<\/em>, a-t-il affirme\u0301.<\/p>\n<\/div>\n<div class=\"column\">\n<p>La re\u0301action la plus symbolique est venue de Fadilou Keita, membre du cabinet du leader de Pastef. Fadilou Keita avait e\u0301te\u0301 poursuivi pour diffusion de fausses nouvelles et emprisonne\u0301 pendant presque une anne\u0301e. Il lui a e\u0301te\u0301 reproche\u0301 d\u2019avoir accuse\u0301 \"<em>sans preuve<\/em>\", a\u0300 travers une publication sur sa page Facebook, l\u2019E\u0301tat du Se\u0301ne\u0301gal dans la disparition du gendarme Didier Badji et la mort de Fulbert Sambou, dont le corps sans vie avait e\u0301te\u0301 repe\u0302che\u0301 pre\u0300s des falaises du Cap Manuel. \"<em>Dossier Didier-Fulbert. Rien n\u2019y fait ! La question loin d\u2019e\u0302tre anodine et l\u2019aveu implicite de l\u2019ancien ministre de la Justice qui s\u2019en est suivi. Le dossier sera bel et bien tire\u0301 au clair\"<\/em>, a-t-il e\u0301crit sur sa page Facebook.<\/p>\n<\/div>\n<div class=\"column\">\n<p>De son co\u0302te\u0301, l\u2019ancienne Premie\u0300re ministre Aminata Toure\u0301 s\u2019interroge entre la disparition par noyade suppose\u0301e des deux sous-officiers et les e\u0301ve\u0301nements politiques amnistie\u0301s. Une raison de plus pour Aminata Toure\u0301 de re\u0301voquer cette loi d\u2019amnistie qui, d\u2019apre\u0300s elle, porte atteinte aux droits des victimes.<\/p>\n<p>Ainsi, cette sortie de l\u2019ex-patron de la diplomatie se\u0301ne\u0301galaise remet au- devant de la sce\u0300ne les questionnements et les accusations autour de la mort des deux gendarmes porte\u0301s disparus dans des conditions troubles. Le corps de Fulbert Sambou a e\u0301te\u0301 retrouve\u0301, mais pas celui de Didier Badji.<\/p>\n<\/div>\n<div class=\"column\">\n<p>Les familles des victimes demandent aux nouvelles autorite\u0301s de faire toute la lumie\u0300re sur cette disparition. Car, jusque-la\u0300, leur demande d\u2019une enque\u0302te plus approfondie est demeure\u0301e lettre morte.<\/p>\n<p>L\u2019e\u0301tat de de\u0301composition avance\u0301e du corps de Fulbert Sambou (repe\u0302che\u0301 le 23 novembre 2022) ne per- mettait pas aux me\u0301decins le\u0301gistes de de\u0301terminer les causes du de\u0301ce\u0300s, avait-on avance\u0301 a\u0300 l\u2019e\u0301poque.<\/p>\n<p>Depuis lors, la disparition des deux sous-officiers est au c\u0153ur de nombreuses spe\u0301culations et rumeurs faisant e\u0301tat d\u2019une volonte\u0301 de faire taire les deux officiers du renseignement.<\/p>\n<p>Cette disparition est-elle lie\u0301e a\u0300 l\u2019affaire Ousmane Sonko et Adji Sarr ? Ces deux officiers de\u0301tenaient-ils des secrets compromettants pour le re\u0301gime et la vague de re\u0301pression poli- tique de mars 2021 ? Autant de questions qui rappellent que cette affaire est loin de connai\u0302tre son e\u0301pi- logue. Surtout que le fait qu\u2019un ancien ministre de Macky Sall ait inconsciemment ou consciemment fait le lien entre la disparition de ces membres des FDS et les e\u0301ve\u0301nements politiques qui ont embrase\u0301s le Se\u0301ne\u0301gal fait nai\u0302tre des suspicions.<\/p>\n<p>Officiellement, les premie\u0300res re\u0301ve\u0301lations concernant cette affaire avaient fait e\u0301tat d\u2019une partie de pe\u0302che ayant mal tourne\u0301. Les autorite\u0301s se\u0301ne\u0301galaises ont e\u0301galement indique\u0301 avoir retrouve\u0301 un filet, des crevettes cense\u0301es servir d\u2019appa\u0302ts, des chaussures et deux te\u0301le\u0301phones qui ont permis de localiser leur dernie\u0300re position, sans toutefois fournir des explications pre\u0301cises sur les vraies raisons de leur disparition.<\/p>\n<div class=\"page\" title=\"Page 3\">\n<div class=\"layoutArea\">\n<div class=\"column\">\n<p>Re\u0301cemment, Ousmane Sonko, lors d\u2019un discours politique au Grand The\u0301a\u0302tre face a\u0300 la jeunesse patriotique, le 10 juin 2024, avait e\u0301galement promis de lever totalement le voile sur cette disparition.<\/p>\n<p><strong>Le re\u0301trope\u0301dalage d\u2019Ismai\u0308la Madior Fall sur son compte X<\/strong><\/p>\n<p>Conscient du tolle\u0301 provoque\u0301 par ses propos, l\u2019ancien ministre de la Justice a de\u0301cide\u0301 de re\u0301trope\u0301daler en e\u0301voquant un \"lapsus\" concernant ses de\u0301clarations sur cette affaire. \u201c<em>Re\u0301agissant a\u0300 une curieuse relance inattendue sur l'e\u0301ventuelle inte\u0301gration de \u2018l'affaire Didier Badji et Fulbert Sambou\u2019 dans le champ d'application de la loi d'amnistie, j'ai, spontane\u0301ment et par inadvertance, re\u0301pondu par \u2018en principe oui\u2019. Je tiens a\u0300 pre\u0301ciser que cette affaire n'a aucun rapport avec la loi d'amnistie. Ma re\u0301ponse est tout simplement un lapsus dont je voudrais m'excuser aupre\u0300s des te\u0301le\u0301spectateurs et de toutes les personnes que ces propos auraient choque\u0301es\"<\/em>, a-t-il de\u0301clare\u0301 hier sur son compte X.<\/p>\n<p>Des explications qui ne semblent pas convaincre certains responsables politiques comme Amadou Ba, de\u0301pute\u0301 de Pastef. \"<em>Ismai\u0308la Madior Fall e\u0301voque de\u0301sormais un \u2018lapsus\u2019, apre\u0300s avoir de\u0301clare\u0301 que les disparitions de Didier Badji et Fulbert Sambou e\u0301taient couvertes par l\u2019amnistie. Le plus dramatique, c\u2019est qu\u2019il renvoie la responsabilite\u0301 du lapsus a\u0300 MNF qui lui aurait servi une 'curieuse et inattendue relance<\/em>\u201d\u2019, a re\u0301agi Amadou Ba.<\/p>\n<p>Cette volonte\u0301 de revenir sur ses propos de la part du responsable \"<em>ape\u0301riste<\/em>\" a\u0300 Rufisque semble vouloir e\u0301teindre la pole\u0301mique et est re\u0301ve\u0301latrice du malaise qu\u2019engendre toujours ce dossier qui est loin d\u2019avoir re\u0301ve\u0301le\u0301 tous ses secrets.<\/p>\n<p>Enqu\u00eate<\/p>\n<\/div>\n<\/div>\n<\/div>\n<\/div>\n<\/div>\n<\/div>\n<div class='share-to-whatsapp-wrapper'><div class='share-on-whsp'>PARTAGER SUR : <\/div><a data-text='DISPARITION MYSTE\u0301RIEUSE DE FULBERT SAMBOU ET DE DIDIER BADJI EN NOVEMBRE 2022 - Ismai\u0308la Madior Fall relance la controverse autour de cette affaire' data-link='https:\/\/www.nettali.com\/2024\/07\/05\/disparition-mysterieuse-de-fulbert-sambou-et-de-didier-badji-en-novembre-2022-ismai%cc%88la-madior-fall-relance-la-controverse-autour-de-cette-affaire\/' class='whatsapp-button whatsapp-share'>WhatsApp<\/a><div class='clear '><\/div><\/div>","protected":false},"excerpt":{"rendered":"<p>NETTALI.COM - Les derniers propos d'Ismai\u0308la Madior Fall sur la possibilite\u0301 ou non d\u2019inclure la mort des deux sous-officiers du renseignement, Fulbert Sambou et Didier Badji, dans la loi d\u2019amnistie de mars 2024, ont souleve\u0301 de vives pole\u0301miques. Cette de\u0301claration relance d\u2019ores et de\u0301ja\u0300 cette douloureuse affaire qui tient en haleine l\u2019opinion depuis pre\u0300s de [&hellip;]<\/p>\n","protected":false},"author":2,"featured_media":136378,"comment_status":"open","ping_status":"open","sticky":false,"template":"","format":"standard","meta":{"_et_pb_use_builder":"","_et_pb_old_content":""},"categories":[3],"tags":[],"yoast_head":"<!-- This site is optimized with the Yoast SEO Premium plugin v17.8 (Yoast SEO v17.8) - https:\/\/yoast.com\/wordpress\/plugins\/seo\/ -->\n<title>DISPARITION MYSTE\u0301RIEUSE DE FULBERT SAMBOU ET DE DIDIER BADJI EN NOVEMBRE 2022 - Ismai\u0308la Madior Fall relance la controverse autour de cette affaire | Nettali.com<\/title>\n<meta name=\"robots\" content=\"index, follow, max-snippet:-1, max-image-preview:large, max-video-preview:-1\" \/>\n<link rel=\"canonical\" href=\"https:\/\/www.nettali.com\/2024\/07\/05\/disparition-mysterieuse-de-fulbert-sambou-et-de-didier-badji-en-novembre-2022-ismai\u0308la-madior-fall-relance-la-controverse-autour-de-cette-affaire\/\" \/>\n<meta property=\"og:locale\" content=\"fr_FR\" \/>\n<meta property=\"og:type\" content=\"article\" \/>\n<meta property=\"og:title\" content=\"DISPARITION MYSTE\u0301RIEUSE DE FULBERT SAMBOU ET DE DIDIER BADJI EN NOVEMBRE 2022 - Ismai\u0308la Madior Fall relance la controverse autour de cette affaire\" \/>\n<meta property=\"og:description\" content=\"NETTALI.COM - Les derniers propos d&#039;Ismai\u0308la Madior Fall sur la possibilite\u0301 ou non d\u2019inclure la mort des deux sous-officiers du renseignement, Fulbert Sambou et Didier Badji, dans la loi d\u2019amnistie de mars 2024, ont souleve\u0301 de vives pole\u0301miques. Cette de\u0301claration relance d\u2019ores et de\u0301ja\u0300 cette douloureuse affaire qui tient en haleine l\u2019opinion depuis pre\u0300s de [&hellip;]\" \/>\n<meta property=\"og:url\" content=\"https:\/\/www.nettali.com\/2024\/07\/05\/disparition-mysterieuse-de-fulbert-sambou-et-de-didier-badji-en-novembre-2022-ismai\u0308la-madior-fall-relance-la-controverse-autour-de-cette-affaire\/\" \/>\n<meta property=\"og:site_name\" content=\"Nettali.com\" \/>\n<meta property=\"article:publisher\" content=\"https:\/\/www.facebook.com\/nettalicom\" \/>\n<meta property=\"article:published_time\" content=\"2024-07-05T07:53:14+00:00\" \/>\n<meta property=\"article:modified_time\" content=\"2024-07-06T08:26:57+00:00\" \/>\n<meta property=\"og:image\" content=\"https:\/\/www.nettali.com\/wp-content\/uploads\/2024\/07\/ISMAILA-MADIOR-FALL.jpg\" \/>\n\t<meta property=\"og:image:width\" content=\"600\" \/>\n\t<meta property=\"og:image:height\" content=\"389\" \/>\n<meta name=\"twitter:card\" content=\"summary_large_image\" \/>\n<meta name=\"twitter:label1\" content=\"\u00c9crit par\" \/>\n\t<meta name=\"twitter:data1\" content=\"CK\" \/>\n\t<meta name=\"twitter:label2\" content=\"Dur\u00e9e de lecture estim\u00e9e\" \/>\n\t<meta name=\"twitter:data2\" content=\"6 minutes\" \/>\n<script type=\"application\/ld+json\" class=\"yoast-schema-graph\">{\"@context\":\"https:\/\/schema.org\",\"@graph\":[{\"@type\":\"WebSite\",\"@id\":\"https:\/\/www.nettali.com\/#website\",\"url\":\"https:\/\/www.nettali.com\/\",\"name\":\"Nettali.com\",\"description\":\"Le rendez-vous critique du Net\",\"potentialAction\":[{\"@type\":\"SearchAction\",\"target\":{\"@type\":\"EntryPoint\",\"urlTemplate\":\"https:\/\/www.nettali.com\/?s={search_term_string}\"},\"query-input\":\"required name=search_term_string\"}],\"inLanguage\":\"fr-FR\"},{\"@type\":\"ImageObject\",\"@id\":\"https:\/\/www.nettali.com\/2024\/07\/05\/disparition-mysterieuse-de-fulbert-sambou-et-de-didier-badji-en-novembre-2022-ismai%cc%88la-madior-fall-relance-la-controverse-autour-de-cette-affaire\/#primaryimage\",\"inLanguage\":\"fr-FR\",\"url\":\"https:\/\/www.nettali.com\/wp-content\/uploads\/2024\/07\/ISMAILA-MADIOR-FALL.jpg\",\"contentUrl\":\"https:\/\/www.nettali.com\/wp-content\/uploads\/2024\/07\/ISMAILA-MADIOR-FALL.jpg\",\"width\":600,\"height\":389},{\"@type\":\"WebPage\",\"@id\":\"https:\/\/www.nettali.com\/2024\/07\/05\/disparition-mysterieuse-de-fulbert-sambou-et-de-didier-badji-en-novembre-2022-ismai%cc%88la-madior-fall-relance-la-controverse-autour-de-cette-affaire\/#webpage\",\"url\":\"https:\/\/www.nettali.com\/2024\/07\/05\/disparition-mysterieuse-de-fulbert-sambou-et-de-didier-badji-en-novembre-2022-ismai%cc%88la-madior-fall-relance-la-controverse-autour-de-cette-affaire\/\",\"name\":\"DISPARITION MYSTE\\u0301RIEUSE DE FULBERT SAMBOU ET DE DIDIER BADJI EN NOVEMBRE 2022 - Ismai\\u0308la Madior Fall relance la controverse autour de cette affaire | Nettali.com\",\"isPartOf\":{\"@id\":\"https:\/\/www.nettali.com\/#website\"},\"primaryImageOfPage\":{\"@id\":\"https:\/\/www.nettali.com\/2024\/07\/05\/disparition-mysterieuse-de-fulbert-sambou-et-de-didier-badji-en-novembre-2022-ismai%cc%88la-madior-fall-relance-la-controverse-autour-de-cette-affaire\/#primaryimage\"},\"datePublished\":\"2024-07-05T07:53:14+00:00\",\"dateModified\":\"2024-07-06T08:26:57+00:00\",\"author\":{\"@id\":\"https:\/\/www.nettali.com\/#\/schema\/person\/d8ac7b7e27ddad43f1c0d2ef090d7f71\"},\"breadcrumb\":{\"@id\":\"https:\/\/www.nettali.com\/2024\/07\/05\/disparition-mysterieuse-de-fulbert-sambou-et-de-didier-badji-en-novembre-2022-ismai%cc%88la-madior-fall-relance-la-controverse-autour-de-cette-affaire\/#breadcrumb\"},\"inLanguage\":\"fr-FR\",\"potentialAction\":[{\"@type\":\"ReadAction\",\"target\":[\"https:\/\/www.nettali.com\/2024\/07\/05\/disparition-mysterieuse-de-fulbert-sambou-et-de-didier-badji-en-novembre-2022-ismai%cc%88la-madior-fall-relance-la-controverse-autour-de-cette-affaire\/\"]}]},{\"@type\":\"BreadcrumbList\",\"@id\":\"https:\/\/www.nettali.com\/2024\/07\/05\/disparition-mysterieuse-de-fulbert-sambou-et-de-didier-badji-en-novembre-2022-ismai%cc%88la-madior-fall-relance-la-controverse-autour-de-cette-affaire\/#breadcrumb\",\"itemListElement\":[{\"@type\":\"ListItem\",\"position\":1,\"name\":\"Accueil\",\"item\":\"https:\/\/www.nettali.com\/\"},{\"@type\":\"ListItem\",\"position\":2,\"name\":\"DISPARITION MYSTE\\u0301RIEUSE DE FULBERT SAMBOU ET DE DIDIER BADJI EN NOVEMBRE 2022 - Ismai\\u0308la Madior Fall relance la controverse autour de cette affaire\"}]},{\"@type\":\"Person\",\"@id\":\"https:\/\/www.nettali.com\/#\/schema\/person\/d8ac7b7e27ddad43f1c0d2ef090d7f71\",\"name\":\"CK\",\"image\":{\"@type\":\"ImageObject\",\"@id\":\"https:\/\/www.nettali.com\/#personlogo\",\"inLanguage\":\"fr-FR\",\"url\":\"https:\/\/secure.gravatar.com\/avatar\/1d8d5118b9327d94da7cd4ce7f17fec2?s=96&d=mm&r=g\",\"contentUrl\":\"https:\/\/secure.gravatar.com\/avatar\/1d8d5118b9327d94da7cd4ce7f17fec2?s=96&d=mm&r=g\",\"caption\":\"CK\"},\"sameAs\":[\"https:\/\/www.nettali.com\"]}]}<\/script>\n<!-- \/ Yoast SEO Premium plugin. -->","yoast_head_json":{"title":"DISPARITION MYSTE\u0301RIEUSE DE FULBERT SAMBOU ET DE DIDIER BADJI EN NOVEMBRE 2022 - Ismai\u0308la Madior Fall relance la controverse autour de cette affaire | Nettali.com","robots":{"index":"index","follow":"follow","max-snippet":"max-snippet:-1","max-image-preview":"max-image-preview:large","max-video-preview":"max-video-preview:-1"},"canonical":"https:\/\/www.nettali.com\/2024\/07\/05\/disparition-mysterieuse-de-fulbert-sambou-et-de-didier-badji-en-novembre-2022-ismai\u0308la-madior-fall-relance-la-controverse-autour-de-cette-affaire\/","og_locale":"fr_FR","og_type":"article","og_title":"DISPARITION MYSTE\u0301RIEUSE DE FULBERT SAMBOU ET DE DIDIER BADJI EN NOVEMBRE 2022 - Ismai\u0308la Madior Fall relance la controverse autour de cette affaire","og_description":"NETTALI.COM - Les derniers propos d'Ismai\u0308la Madior Fall sur la possibilite\u0301 ou non d\u2019inclure la mort des deux sous-officiers du renseignement, Fulbert Sambou et Didier Badji, dans la loi d\u2019amnistie de mars 2024, ont souleve\u0301 de vives pole\u0301miques. Cette de\u0301claration relance d\u2019ores et de\u0301ja\u0300 cette douloureuse affaire qui tient en haleine l\u2019opinion depuis pre\u0300s de [&hellip;]","og_url":"https:\/\/www.nettali.com\/2024\/07\/05\/disparition-mysterieuse-de-fulbert-sambou-et-de-didier-badji-en-novembre-2022-ismai\u0308la-madior-fall-relance-la-controverse-autour-de-cette-affaire\/","og_site_name":"Nettali.com","article_publisher":"https:\/\/www.facebook.com\/nettalicom","article_published_time":"2024-07-05T07:53:14+00:00","article_modified_time":"2024-07-06T08:26:57+00:00","og_image":[{"width":600,"height":389,"url":"https:\/\/www.nettali.com\/wp-content\/uploads\/2024\/07\/ISMAILA-MADIOR-FALL.jpg","type":"image\/jpeg"}],"twitter_card":"summary_large_image","twitter_misc":{"\u00c9crit par":"CK","Dur\u00e9e de lecture estim\u00e9e":"6 minutes"},"schema":{"@context":"https:\/\/schema.org","@graph":[{"@type":"WebSite","@id":"https:\/\/www.nettali.com\/#website","url":"https:\/\/www.nettali.com\/","name":"Nettali.com","description":"Le rendez-vous critique du Net","potentialAction":[{"@type":"SearchAction","target":{"@type":"EntryPoint","urlTemplate":"https:\/\/www.nettali.com\/?s={search_term_string}"},"query-input":"required name=search_term_string"}],"inLanguage":"fr-FR"},{"@type":"ImageObject","@id":"https:\/\/www.nettali.com\/2024\/07\/05\/disparition-mysterieuse-de-fulbert-sambou-et-de-didier-badji-en-novembre-2022-ismai%cc%88la-madior-fall-relance-la-controverse-autour-de-cette-affaire\/#primaryimage","inLanguage":"fr-FR","url":"https:\/\/www.nettali.com\/wp-content\/uploads\/2024\/07\/ISMAILA-MADIOR-FALL.jpg","contentUrl":"https:\/\/www.nettali.com\/wp-content\/uploads\/2024\/07\/ISMAILA-MADIOR-FALL.jpg","width":600,"height":389},{"@type":"WebPage","@id":"https:\/\/www.nettali.com\/2024\/07\/05\/disparition-mysterieuse-de-fulbert-sambou-et-de-didier-badji-en-novembre-2022-ismai%cc%88la-madior-fall-relance-la-controverse-autour-de-cette-affaire\/#webpage","url":"https:\/\/www.nettali.com\/2024\/07\/05\/disparition-mysterieuse-de-fulbert-sambou-et-de-didier-badji-en-novembre-2022-ismai%cc%88la-madior-fall-relance-la-controverse-autour-de-cette-affaire\/","name":"DISPARITION MYSTE\u0301RIEUSE DE FULBERT SAMBOU ET DE DIDIER BADJI EN NOVEMBRE 2022 - Ismai\u0308la Madior Fall relance la controverse autour de cette affaire | Nettali.com","isPartOf":{"@id":"https:\/\/www.nettali.com\/#website"},"primaryImageOfPage":{"@id":"https:\/\/www.nettali.com\/2024\/07\/05\/disparition-mysterieuse-de-fulbert-sambou-et-de-didier-badji-en-novembre-2022-ismai%cc%88la-madior-fall-relance-la-controverse-autour-de-cette-affaire\/#primaryimage"},"datePublished":"2024-07-05T07:53:14+00:00","dateModified":"2024-07-06T08:26:57+00:00","author":{"@id":"https:\/\/www.nettali.com\/#\/schema\/person\/d8ac7b7e27ddad43f1c0d2ef090d7f71"},"breadcrumb":{"@id":"https:\/\/www.nettali.com\/2024\/07\/05\/disparition-mysterieuse-de-fulbert-sambou-et-de-didier-badji-en-novembre-2022-ismai%cc%88la-madior-fall-relance-la-controverse-autour-de-cette-affaire\/#breadcrumb"},"inLanguage":"fr-FR","potentialAction":[{"@type":"ReadAction","target":["https:\/\/www.nettali.com\/2024\/07\/05\/disparition-mysterieuse-de-fulbert-sambou-et-de-didier-badji-en-novembre-2022-ismai%cc%88la-madior-fall-relance-la-controverse-autour-de-cette-affaire\/"]}]},{"@type":"BreadcrumbList","@id":"https:\/\/www.nettali.com\/2024\/07\/05\/disparition-mysterieuse-de-fulbert-sambou-et-de-didier-badji-en-novembre-2022-ismai%cc%88la-madior-fall-relance-la-controverse-autour-de-cette-affaire\/#breadcrumb","itemListElement":[{"@type":"ListItem","position":1,"name":"Accueil","item":"https:\/\/www.nettali.com\/"},{"@type":"ListItem","position":2,"name":"DISPARITION MYSTE\u0301RIEUSE DE FULBERT SAMBOU ET DE DIDIER BADJI EN NOVEMBRE 2022 - Ismai\u0308la Madior Fall relance la controverse autour de cette affaire"}]},{"@type":"Person","@id":"https:\/\/www.nettali.com\/#\/schema\/person\/d8ac7b7e27ddad43f1c0d2ef090d7f71","name":"CK","image":{"@type":"ImageObject","@id":"https:\/\/www.nettali.com\/#personlogo","inLanguage":"fr-FR","url":"https:\/\/secure.gravatar.com\/avatar\/1d8d5118b9327d94da7cd4ce7f17fec2?s=96&d=mm&r=g","contentUrl":"https:\/\/secure.gravatar.com\/avatar\/1d8d5118b9327d94da7cd4ce7f17fec2?s=96&d=mm&r=g","caption":"CK"},"sameAs":["https:\/\/www.nettali.com"]}]}},"_links":{"self":[{"href":"https:\/\/www.nettali.com\/rest\/wp\/v2\/posts\/136384"}],"collection":[{"href":"https:\/\/www.nettali.com\/rest\/wp\/v2\/posts"}],"about":[{"href":"https:\/\/www.nettali.com\/rest\/wp\/v2\/types\/post"}],"author":[{"embeddable":true,"href":"https:\/\/www.nettali.com\/rest\/wp\/v2\/users\/2"}],"replies":[{"embeddable":true,"href":"https:\/\/www.nettali.com\/rest\/wp\/v2\/comments?post=136384"}],"version-history":[{"count":2,"href":"https:\/\/www.nettali.com\/rest\/wp\/v2\/posts\/136384\/revisions"}],"predecessor-version":[{"id":136393,"href":"https:\/\/www.nettali.com\/rest\/wp\/v2\/posts\/136384\/revisions\/136393"}],"wp:featuredmedia":[{"embeddable":true,"href":"https:\/\/www.nettali.com\/rest\/wp\/v2\/media\/136378"}],"wp:attachment":[{"href":"https:\/\/www.nettali.com\/rest\/wp\/v2\/media?parent=136384"}],"wp:term":[{"taxonomy":"category","embeddable":true,"href":"https:\/\/www.nettali.com\/rest\/wp\/v2\/categories?post=136384"},{"taxonomy":"post_tag","embeddable":true,"href":"https:\/\/www.nettali.com\/rest\/wp\/v2\/tags?post=136384"}],"curies":[{"name":"wp","href":"https:\/\/api.w.org\/{rel}","templated":true}]}}