{"id":136367,"date":"2024-07-04T16:53:34","date_gmt":"2024-07-04T16:53:34","guid":{"rendered":"https:\/\/www.nettali.com\/?p=136367"},"modified":"2024-07-04T16:53:34","modified_gmt":"2024-07-04T16:53:34","slug":"nominations-au-ministere-de-la-sante-le-sames-soppose-et-denonce-une-complaisance-de-la-part-du-ministre","status":"publish","type":"post","link":"https:\/\/www.nettali.com\/2024\/07\/04\/nominations-au-ministere-de-la-sante-le-sames-soppose-et-denonce-une-complaisance-de-la-part-du-ministre\/","title":{"rendered":"NOMINATIONS AU MINIST\u00c8RE DE LA SANT\u00c9 - Le Sames s\u2019oppose et d\u00e9nonce une complaisance de la part du ministre"},"content":{"rendered":"<p><strong>NETTALI.COM - Le Bureau Ex\u00e9cutif National (BEN) du Syndicat Autonome des M\u00e9decins, Pharmaciens et Chirurgiens-dentistes du S\u00e9n\u00e9gal (SAMES) dit niet aux r\u00e9centes nominations effectu\u00e9es par le ministre de la Sant\u00e9 et de l\u2019Action sociale, M. Ibrahima Sy. Non sans exiger une r\u00e9paration imm\u00e9diate.<\/strong><\/p>\n<p>Le Bureau Ex\u00e9cutif National (BEN) du SAMES rejette avec extr\u00eame fermet\u00e9 les r\u00e9cents actes de nominations effectu\u00e9s par le Ministre de la Sant\u00e9 et de l\u2019Action sociale, Mr Ibrahima Sy au d\u00e9triment du corps des m\u00e9decins pharmaciens et chirurgiens-dentistes. Les syndicalistes se disent d\u00e9\u00e7us de la posture du ministre.<\/p>\n<p>\"<em>Le BEN exige aupr\u00e8s de Mr Ibrahima Sy, Ministre de la Sant\u00e9 et de l\u2019Action sociale, une r\u00e9paration imm\u00e9diate de ces impairs, seul gage d\u2019une poursuite correcte de collaboration entre lui et les m\u00e9decins, pharmaciens et chirurgiens-dentistes. L\u2019urgence dans le secteur de la Sant\u00e9 c\u2019est de proc\u00e9der \u00e0 une prise en main s\u00e9rieuse des revendications des travailleurs, une correction diligente et sans faiblesse aucune des d\u00e9rives not\u00e9es dans la gestion des services de sant\u00e9, mais non des nominations n\u00e9potiques \u00e0 la limite fantaisistes<\/em>\", note le communiqu\u00e9 du BEN.<\/p>\n<p>Lequel rappel\u00a0\"<em>au ministre en charge de la Sant\u00e9 que le fait de mettre un agent \u00e9conomiste \u00e0 la t\u00eate d\u2019une division technique de lutte contre le SIDA constitue une insulte grave \u00e0 la communaut\u00e9 scientifique, malgr\u00e9 toutes les avanc\u00e9es obtenues dans ce domaine sous la conduite d\u2019un m\u00e9decin infectiologue de renomm\u00e9e mondiale, ayant cumul\u00e9 des d\u00e9cennies de recherche et d\u2019enseignement dans le domaine et aux \u00e9tats de service irr\u00e9prochables<\/em>\".<\/p>\n<p>Ainsi, le syndicat indique en outre au Ministre de la Sant\u00e9 l\u2019obligation qu\u2019il a \"<em>d\u2019inscrire ses actes dans le sillage du \"Jubb Jubbal Jubanti\" et non \u00e0 des nominations avec des penchants de camaraderie\". Ainsi, le BEN appelle les camarades \u00e0 se tenir pr\u00eats pour d\u00e9fendre la corporation et usera de tous les moyens l\u00e9gitimes pour une satisfaction int\u00e9grale des pr\u00e9occupations des m\u00e9decins, pharmaciens et chirurgiens-dentistes<\/em>\".<\/p>\n<div class='share-to-whatsapp-wrapper'><div class='share-on-whsp'>PARTAGER SUR : <\/div><a data-text='NOMINATIONS AU MINIST\u00c8RE DE LA SANT\u00c9 - Le Sames s\u2019oppose et d\u00e9nonce une complaisance de la part du ministre' data-link='https:\/\/www.nettali.com\/2024\/07\/04\/nominations-au-ministere-de-la-sante-le-sames-soppose-et-denonce-une-complaisance-de-la-part-du-ministre\/' class='whatsapp-button whatsapp-share'>WhatsApp<\/a><div class='clear '><\/div><\/div>","protected":false},"excerpt":{"rendered":"<p>NETTALI.COM - Le Bureau Ex\u00e9cutif National (BEN) du Syndicat Autonome des M\u00e9decins, Pharmaciens et Chirurgiens-dentistes du S\u00e9n\u00e9gal (SAMES) dit niet aux r\u00e9centes nominations effectu\u00e9es par le ministre de la Sant\u00e9 et de l\u2019Action sociale, M. Ibrahima Sy. Non sans exiger une r\u00e9paration imm\u00e9diate. Le Bureau Ex\u00e9cutif National (BEN) du SAMES rejette avec extr\u00eame fermet\u00e9 les [&hellip;]<\/p>\n","protected":false},"author":6,"featured_media":136365,"comment_status":"open","ping_status":"open","sticky":false,"template":"","format":"standard","meta":{"_et_pb_use_builder":"","_et_pb_old_content":""},"categories":[22],"tags":[],"yoast_head":"<!-- This site is optimized with the Yoast SEO Premium plugin v17.8 (Yoast SEO v17.8) - https:\/\/yoast.com\/wordpress\/plugins\/seo\/ -->\n<title>NOMINATIONS AU MINIST\u00c8RE DE LA SANT\u00c9 - Le Sames s\u2019oppose et d\u00e9nonce une complaisance de la part du ministre | Nettali.com<\/title>\n<meta name=\"robots\" content=\"index, follow, max-snippet:-1, max-image-preview:large, max-video-preview:-1\" \/>\n<link rel=\"canonical\" href=\"https:\/\/www.nettali.com\/2024\/07\/04\/nominations-au-ministere-de-la-sante-le-sames-soppose-et-denonce-une-complaisance-de-la-part-du-ministre\/\" \/>\n<meta property=\"og:locale\" content=\"fr_FR\" \/>\n<meta property=\"og:type\" content=\"article\" \/>\n<meta property=\"og:title\" content=\"NOMINATIONS AU MINIST\u00c8RE DE LA SANT\u00c9 - Le Sames s\u2019oppose et d\u00e9nonce une complaisance de la part du ministre\" \/>\n<meta property=\"og:description\" content=\"NETTALI.COM - Le Bureau Ex\u00e9cutif National (BEN) du Syndicat Autonome des M\u00e9decins, Pharmaciens et Chirurgiens-dentistes du S\u00e9n\u00e9gal (SAMES) dit niet aux r\u00e9centes nominations effectu\u00e9es par le ministre de la Sant\u00e9 et de l\u2019Action sociale, M. Ibrahima Sy. Non sans exiger une r\u00e9paration imm\u00e9diate. Le Bureau Ex\u00e9cutif National (BEN) du SAMES rejette avec extr\u00eame fermet\u00e9 les [&hellip;]\" \/>\n<meta property=\"og:url\" content=\"https:\/\/www.nettali.com\/2024\/07\/04\/nominations-au-ministere-de-la-sante-le-sames-soppose-et-denonce-une-complaisance-de-la-part-du-ministre\/\" \/>\n<meta property=\"og:site_name\" content=\"Nettali.com\" \/>\n<meta property=\"article:publisher\" content=\"https:\/\/www.facebook.com\/nettalicom\" \/>\n<meta property=\"article:published_time\" content=\"2024-07-04T16:53:34+00:00\" \/>\n<meta property=\"og:image\" content=\"https:\/\/www.nettali.com\/wp-content\/uploads\/2024\/07\/80098886-57878996.jpg\" \/>\n\t<meta property=\"og:image:width\" content=\"960\" \/>\n\t<meta property=\"og:image:height\" content=\"640\" \/>\n<meta name=\"twitter:card\" content=\"summary_large_image\" \/>\n<meta name=\"twitter:label1\" content=\"\u00c9crit par\" \/>\n\t<meta name=\"twitter:data1\" content=\"Fatou\" \/>\n\t<meta name=\"twitter:label2\" content=\"Dur\u00e9e de lecture estim\u00e9e\" \/>\n\t<meta name=\"twitter:data2\" content=\"2 minutes\" \/>\n<script type=\"application\/ld+json\" class=\"yoast-schema-graph\">{\"@context\":\"https:\/\/schema.org\",\"@graph\":[{\"@type\":\"WebSite\",\"@id\":\"https:\/\/www.nettali.com\/#website\",\"url\":\"https:\/\/www.nettali.com\/\",\"name\":\"Nettali.com\",\"description\":\"Le rendez-vous critique du Net\",\"potentialAction\":[{\"@type\":\"SearchAction\",\"target\":{\"@type\":\"EntryPoint\",\"urlTemplate\":\"https:\/\/www.nettali.com\/?s={search_term_string}\"},\"query-input\":\"required name=search_term_string\"}],\"inLanguage\":\"fr-FR\"},{\"@type\":\"ImageObject\",\"@id\":\"https:\/\/www.nettali.com\/2024\/07\/04\/nominations-au-ministere-de-la-sante-le-sames-soppose-et-denonce-une-complaisance-de-la-part-du-ministre\/#primaryimage\",\"inLanguage\":\"fr-FR\",\"url\":\"https:\/\/www.nettali.com\/wp-content\/uploads\/2024\/07\/80098886-57878996.jpg\",\"contentUrl\":\"https:\/\/www.nettali.com\/wp-content\/uploads\/2024\/07\/80098886-57878996.jpg\",\"width\":960,\"height\":640},{\"@type\":\"WebPage\",\"@id\":\"https:\/\/www.nettali.com\/2024\/07\/04\/nominations-au-ministere-de-la-sante-le-sames-soppose-et-denonce-une-complaisance-de-la-part-du-ministre\/#webpage\",\"url\":\"https:\/\/www.nettali.com\/2024\/07\/04\/nominations-au-ministere-de-la-sante-le-sames-soppose-et-denonce-une-complaisance-de-la-part-du-ministre\/\",\"name\":\"NOMINATIONS AU MINIST\\u00c8RE DE LA SANT\\u00c9 - Le Sames s\\u2019oppose et d\\u00e9nonce une complaisance de la part du ministre | Nettali.com\",\"isPartOf\":{\"@id\":\"https:\/\/www.nettali.com\/#website\"},\"primaryImageOfPage\":{\"@id\":\"https:\/\/www.nettali.com\/2024\/07\/04\/nominations-au-ministere-de-la-sante-le-sames-soppose-et-denonce-une-complaisance-de-la-part-du-ministre\/#primaryimage\"},\"datePublished\":\"2024-07-04T16:53:34+00:00\",\"dateModified\":\"2024-07-04T16:53:34+00:00\",\"author\":{\"@id\":\"https:\/\/www.nettali.com\/#\/schema\/person\/418274a86bdf87caff7a3ef476bd0bbf\"},\"breadcrumb\":{\"@id\":\"https:\/\/www.nettali.com\/2024\/07\/04\/nominations-au-ministere-de-la-sante-le-sames-soppose-et-denonce-une-complaisance-de-la-part-du-ministre\/#breadcrumb\"},\"inLanguage\":\"fr-FR\",\"potentialAction\":[{\"@type\":\"ReadAction\",\"target\":[\"https:\/\/www.nettali.com\/2024\/07\/04\/nominations-au-ministere-de-la-sante-le-sames-soppose-et-denonce-une-complaisance-de-la-part-du-ministre\/\"]}]},{\"@type\":\"BreadcrumbList\",\"@id\":\"https:\/\/www.nettali.com\/2024\/07\/04\/nominations-au-ministere-de-la-sante-le-sames-soppose-et-denonce-une-complaisance-de-la-part-du-ministre\/#breadcrumb\",\"itemListElement\":[{\"@type\":\"ListItem\",\"position\":1,\"name\":\"Accueil\",\"item\":\"https:\/\/www.nettali.com\/\"},{\"@type\":\"ListItem\",\"position\":2,\"name\":\"NOMINATIONS AU MINIST\\u00c8RE DE LA SANT\\u00c9 - Le Sames s\\u2019oppose et d\\u00e9nonce une complaisance de la part du ministre\"}]},{\"@type\":\"Person\",\"@id\":\"https:\/\/www.nettali.com\/#\/schema\/person\/418274a86bdf87caff7a3ef476bd0bbf\",\"name\":\"Fatou\",\"image\":{\"@type\":\"ImageObject\",\"@id\":\"https:\/\/www.nettali.com\/#personlogo\",\"inLanguage\":\"fr-FR\",\"url\":\"https:\/\/secure.gravatar.com\/avatar\/5a9442a2bee7b4dcf167cab035858e9a?s=96&d=mm&r=g\",\"contentUrl\":\"https:\/\/secure.gravatar.com\/avatar\/5a9442a2bee7b4dcf167cab035858e9a?s=96&d=mm&r=g\",\"caption\":\"Fatou\"},\"sameAs\":[\"https:\/\/www.nettali.com\"]}]}<\/script>\n<!-- \/ Yoast SEO Premium plugin. -->","yoast_head_json":{"title":"NOMINATIONS AU MINIST\u00c8RE DE LA SANT\u00c9 - Le Sames s\u2019oppose et d\u00e9nonce une complaisance de la part du ministre | Nettali.com","robots":{"index":"index","follow":"follow","max-snippet":"max-snippet:-1","max-image-preview":"max-image-preview:large","max-video-preview":"max-video-preview:-1"},"canonical":"https:\/\/www.nettali.com\/2024\/07\/04\/nominations-au-ministere-de-la-sante-le-sames-soppose-et-denonce-une-complaisance-de-la-part-du-ministre\/","og_locale":"fr_FR","og_type":"article","og_title":"NOMINATIONS AU MINIST\u00c8RE DE LA SANT\u00c9 - Le Sames s\u2019oppose et d\u00e9nonce une complaisance de la part du ministre","og_description":"NETTALI.COM - Le Bureau Ex\u00e9cutif National (BEN) du Syndicat Autonome des M\u00e9decins, Pharmaciens et Chirurgiens-dentistes du S\u00e9n\u00e9gal (SAMES) dit niet aux r\u00e9centes nominations effectu\u00e9es par le ministre de la Sant\u00e9 et de l\u2019Action sociale, M. Ibrahima Sy. Non sans exiger une r\u00e9paration imm\u00e9diate. Le Bureau Ex\u00e9cutif National (BEN) du SAMES rejette avec extr\u00eame fermet\u00e9 les [&hellip;]","og_url":"https:\/\/www.nettali.com\/2024\/07\/04\/nominations-au-ministere-de-la-sante-le-sames-soppose-et-denonce-une-complaisance-de-la-part-du-ministre\/","og_site_name":"Nettali.com","article_publisher":"https:\/\/www.facebook.com\/nettalicom","article_published_time":"2024-07-04T16:53:34+00:00","og_image":[{"width":960,"height":640,"url":"https:\/\/www.nettali.com\/wp-content\/uploads\/2024\/07\/80098886-57878996.jpg","type":"image\/jpeg"}],"twitter_card":"summary_large_image","twitter_misc":{"\u00c9crit par":"Fatou","Dur\u00e9e de lecture estim\u00e9e":"2 minutes"},"schema":{"@context":"https:\/\/schema.org","@graph":[{"@type":"WebSite","@id":"https:\/\/www.nettali.com\/#website","url":"https:\/\/www.nettali.com\/","name":"Nettali.com","description":"Le rendez-vous critique du Net","potentialAction":[{"@type":"SearchAction","target":{"@type":"EntryPoint","urlTemplate":"https:\/\/www.nettali.com\/?s={search_term_string}"},"query-input":"required name=search_term_string"}],"inLanguage":"fr-FR"},{"@type":"ImageObject","@id":"https:\/\/www.nettali.com\/2024\/07\/04\/nominations-au-ministere-de-la-sante-le-sames-soppose-et-denonce-une-complaisance-de-la-part-du-ministre\/#primaryimage","inLanguage":"fr-FR","url":"https:\/\/www.nettali.com\/wp-content\/uploads\/2024\/07\/80098886-57878996.jpg","contentUrl":"https:\/\/www.nettali.com\/wp-content\/uploads\/2024\/07\/80098886-57878996.jpg","width":960,"height":640},{"@type":"WebPage","@id":"https:\/\/www.nettali.com\/2024\/07\/04\/nominations-au-ministere-de-la-sante-le-sames-soppose-et-denonce-une-complaisance-de-la-part-du-ministre\/#webpage","url":"https:\/\/www.nettali.com\/2024\/07\/04\/nominations-au-ministere-de-la-sante-le-sames-soppose-et-denonce-une-complaisance-de-la-part-du-ministre\/","name":"NOMINATIONS AU MINIST\u00c8RE DE LA SANT\u00c9 - Le Sames s\u2019oppose et d\u00e9nonce une complaisance de la part du ministre | Nettali.com","isPartOf":{"@id":"https:\/\/www.nettali.com\/#website"},"primaryImageOfPage":{"@id":"https:\/\/www.nettali.com\/2024\/07\/04\/nominations-au-ministere-de-la-sante-le-sames-soppose-et-denonce-une-complaisance-de-la-part-du-ministre\/#primaryimage"},"datePublished":"2024-07-04T16:53:34+00:00","dateModified":"2024-07-04T16:53:34+00:00","author":{"@id":"https:\/\/www.nettali.com\/#\/schema\/person\/418274a86bdf87caff7a3ef476bd0bbf"},"breadcrumb":{"@id":"https:\/\/www.nettali.com\/2024\/07\/04\/nominations-au-ministere-de-la-sante-le-sames-soppose-et-denonce-une-complaisance-de-la-part-du-ministre\/#breadcrumb"},"inLanguage":"fr-FR","potentialAction":[{"@type":"ReadAction","target":["https:\/\/www.nettali.com\/2024\/07\/04\/nominations-au-ministere-de-la-sante-le-sames-soppose-et-denonce-une-complaisance-de-la-part-du-ministre\/"]}]},{"@type":"BreadcrumbList","@id":"https:\/\/www.nettali.com\/2024\/07\/04\/nominations-au-ministere-de-la-sante-le-sames-soppose-et-denonce-une-complaisance-de-la-part-du-ministre\/#breadcrumb","itemListElement":[{"@type":"ListItem","position":1,"name":"Accueil","item":"https:\/\/www.nettali.com\/"},{"@type":"ListItem","position":2,"name":"NOMINATIONS AU MINIST\u00c8RE DE LA SANT\u00c9 - Le Sames s\u2019oppose et d\u00e9nonce une complaisance de la part du ministre"}]},{"@type":"Person","@id":"https:\/\/www.nettali.com\/#\/schema\/person\/418274a86bdf87caff7a3ef476bd0bbf","name":"Fatou","image":{"@type":"ImageObject","@id":"https:\/\/www.nettali.com\/#personlogo","inLanguage":"fr-FR","url":"https:\/\/secure.gravatar.com\/avatar\/5a9442a2bee7b4dcf167cab035858e9a?s=96&d=mm&r=g","contentUrl":"https:\/\/secure.gravatar.com\/avatar\/5a9442a2bee7b4dcf167cab035858e9a?s=96&d=mm&r=g","caption":"Fatou"},"sameAs":["https:\/\/www.nettali.com"]}]}},"_links":{"self":[{"href":"https:\/\/www.nettali.com\/rest\/wp\/v2\/posts\/136367"}],"collection":[{"href":"https:\/\/www.nettali.com\/rest\/wp\/v2\/posts"}],"about":[{"href":"https:\/\/www.nettali.com\/rest\/wp\/v2\/types\/post"}],"author":[{"embeddable":true,"href":"https:\/\/www.nettali.com\/rest\/wp\/v2\/users\/6"}],"replies":[{"embeddable":true,"href":"https:\/\/www.nettali.com\/rest\/wp\/v2\/comments?post=136367"}],"version-history":[{"count":2,"href":"https:\/\/www.nettali.com\/rest\/wp\/v2\/posts\/136367\/revisions"}],"predecessor-version":[{"id":136369,"href":"https:\/\/www.nettali.com\/rest\/wp\/v2\/posts\/136367\/revisions\/136369"}],"wp:featuredmedia":[{"embeddable":true,"href":"https:\/\/www.nettali.com\/rest\/wp\/v2\/media\/136365"}],"wp:attachment":[{"href":"https:\/\/www.nettali.com\/rest\/wp\/v2\/media?parent=136367"}],"wp:term":[{"taxonomy":"category","embeddable":true,"href":"https:\/\/www.nettali.com\/rest\/wp\/v2\/categories?post=136367"},{"taxonomy":"post_tag","embeddable":true,"href":"https:\/\/www.nettali.com\/rest\/wp\/v2\/tags?post=136367"}],"curies":[{"name":"wp","href":"https:\/\/api.w.org\/{rel}","templated":true}]}}