{"id":136354,"date":"2024-07-04T11:35:57","date_gmt":"2024-07-04T11:35:57","guid":{"rendered":"https:\/\/www.nettali.com\/?p=136354"},"modified":"2024-07-04T11:35:57","modified_gmt":"2024-07-04T11:35:57","slug":"commissariat-de-bel-air-les-raisons-de-la-garde-a-vue-de-famara-ibrahima-cisse-president-de-acsif","status":"publish","type":"post","link":"https:\/\/www.nettali.com\/2024\/07\/04\/commissariat-de-bel-air-les-raisons-de-la-garde-a-vue-de-famara-ibrahima-cisse-president-de-acsif\/","title":{"rendered":"COMMISSARIAT DE BEL AIR - Les raisons de la garde \u00e0 vue de Famara Ibrahima Ciss\u00e9, pr\u00e9sident de Acsif"},"content":{"rendered":"<div class=\"xdj266r x11i5rnm xat24cr x1mh8g0r x1vvkbs x126k92a\">\n<div dir=\"auto\"><strong>NETTALI.COM - Le pr\u00e9sident de l\u2019Association des clients et soci\u00e9taires des institutions financi\u00e8res (Acsif), Famara Ibrahima Ciss\u00e9, est arr\u00eat\u00e9 et plac\u00e9 en garde \u00e0 vue dans les locaux du Commissariat de Hann Bel Air \u00e0 Dakar pour escroquerie et abus de confiance au pr\u00e9judice du sieur P. Mboup qui se trouve \u00eatre son conseiller financier.<\/strong><\/div>\n<div dir=\"auto\"><\/div>\n<\/div>\n<div class=\"x11i5rnm xat24cr x1mh8g0r x1vvkbs xtlvy1s x126k92a\">\n<div dir=\"auto\">Depuis quelques jours, des informations \u00e9taient diffus\u00e9es sur les r\u00e9seaux sociaux faisant croire que le pr\u00e9sident de l\u2019Association des clients et soci\u00e9taires des institutions financi\u00e8res (Acsif), Famara Ibrahima Ciss\u00e9, \u00e9tait port\u00e9 disparu, alors qu'il \u00e9tait en route pour une \u00e9mission \u00e0 Walfadjri.<\/div>\n<div dir=\"auto\">Mais aux derni\u00e8res nouvelles, il a \u00e9t\u00e9 arr\u00eat\u00e9 et se trouve pr\u00e9sentement en garde \u00e0 vue au commissariat de Hann Bel Air.<\/div>\n<div dir=\"auto\"><\/div>\n<div dir=\"auto\">Selon des sources s\u00e9curitaires, le mis en cause aurait re\u00e7u un acompte de 2 millions F Cfa du plaignant, transporteur\/logicien, pour lui r\u00e9gler un pr\u00eat de 50 millions F Cfa au Cr\u00e9dit mutuel du S\u00e9n\u00e9gal (CMS). Mais M. Ciss\u00e9 est rest\u00e9 injoignable depuis qu'il a re\u00e7u la somme, au mois d'avril dernier. Las d'attendre, le plaignant a port\u00e9 plainte contre le pr\u00e9sident de Acsif. Ce dernier est retenu pour les besoins de l'enqu\u00eate, nous signale-t-on.<\/div>\n<\/div>\n<div class='share-to-whatsapp-wrapper'><div class='share-on-whsp'>PARTAGER SUR : <\/div><a data-text='COMMISSARIAT DE BEL AIR - Les raisons de la garde \u00e0 vue de Famara Ibrahima Ciss\u00e9, pr\u00e9sident de Acsif' data-link='https:\/\/www.nettali.com\/2024\/07\/04\/commissariat-de-bel-air-les-raisons-de-la-garde-a-vue-de-famara-ibrahima-cisse-president-de-acsif\/' class='whatsapp-button whatsapp-share'>WhatsApp<\/a><div class='clear '><\/div><\/div>","protected":false},"excerpt":{"rendered":"<p>NETTALI.COM - Le pr\u00e9sident de l\u2019Association des clients et soci\u00e9taires des institutions financi\u00e8res (Acsif), Famara Ibrahima Ciss\u00e9, est arr\u00eat\u00e9 et plac\u00e9 en garde \u00e0 vue dans les locaux du Commissariat de Hann Bel Air \u00e0 Dakar pour escroquerie et abus de confiance au pr\u00e9judice du sieur P. Mboup qui se trouve \u00eatre son conseiller financier. [&hellip;]<\/p>\n","protected":false},"author":4,"featured_media":136355,"comment_status":"open","ping_status":"open","sticky":false,"template":"","format":"standard","meta":{"_et_pb_use_builder":"","_et_pb_old_content":""},"categories":[3],"tags":[],"yoast_head":"<!-- This site is optimized with the Yoast SEO Premium plugin v17.8 (Yoast SEO v17.8) - https:\/\/yoast.com\/wordpress\/plugins\/seo\/ -->\n<title>COMMISSARIAT DE BEL AIR - Les raisons de la garde \u00e0 vue de Famara Ibrahima Ciss\u00e9, pr\u00e9sident de Acsif | Nettali.com<\/title>\n<meta name=\"robots\" content=\"index, follow, max-snippet:-1, max-image-preview:large, max-video-preview:-1\" \/>\n<link rel=\"canonical\" href=\"https:\/\/www.nettali.com\/2024\/07\/04\/commissariat-de-bel-air-les-raisons-de-la-garde-a-vue-de-famara-ibrahima-cisse-president-de-acsif\/\" \/>\n<meta property=\"og:locale\" content=\"fr_FR\" \/>\n<meta property=\"og:type\" content=\"article\" \/>\n<meta property=\"og:title\" content=\"COMMISSARIAT DE BEL AIR - Les raisons de la garde \u00e0 vue de Famara Ibrahima Ciss\u00e9, pr\u00e9sident de Acsif\" \/>\n<meta property=\"og:description\" content=\"NETTALI.COM - Le pr\u00e9sident de l\u2019Association des clients et soci\u00e9taires des institutions financi\u00e8res (Acsif), Famara Ibrahima Ciss\u00e9, est arr\u00eat\u00e9 et plac\u00e9 en garde \u00e0 vue dans les locaux du Commissariat de Hann Bel Air \u00e0 Dakar pour escroquerie et abus de confiance au pr\u00e9judice du sieur P. Mboup qui se trouve \u00eatre son conseiller financier. [&hellip;]\" \/>\n<meta property=\"og:url\" content=\"https:\/\/www.nettali.com\/2024\/07\/04\/commissariat-de-bel-air-les-raisons-de-la-garde-a-vue-de-famara-ibrahima-cisse-president-de-acsif\/\" \/>\n<meta property=\"og:site_name\" content=\"Nettali.com\" \/>\n<meta property=\"article:publisher\" content=\"https:\/\/www.facebook.com\/nettalicom\" \/>\n<meta property=\"article:published_time\" content=\"2024-07-04T11:35:57+00:00\" \/>\n<meta property=\"og:image\" content=\"https:\/\/www.nettali.com\/wp-content\/uploads\/2024\/07\/Famara-Ibrahima-Cisse\u0301.jpeg\" \/>\n\t<meta property=\"og:image:width\" content=\"819\" \/>\n\t<meta property=\"og:image:height\" content=\"461\" \/>\n<meta name=\"twitter:card\" content=\"summary_large_image\" \/>\n<meta name=\"twitter:label1\" content=\"\u00c9crit par\" \/>\n\t<meta name=\"twitter:data1\" content=\"Daouda\" \/>\n\t<meta name=\"twitter:label2\" content=\"Dur\u00e9e de lecture estim\u00e9e\" \/>\n\t<meta name=\"twitter:data2\" content=\"1 minute\" \/>\n<script type=\"application\/ld+json\" class=\"yoast-schema-graph\">{\"@context\":\"https:\/\/schema.org\",\"@graph\":[{\"@type\":\"WebSite\",\"@id\":\"https:\/\/www.nettali.com\/#website\",\"url\":\"https:\/\/www.nettali.com\/\",\"name\":\"Nettali.com\",\"description\":\"Le rendez-vous critique du Net\",\"potentialAction\":[{\"@type\":\"SearchAction\",\"target\":{\"@type\":\"EntryPoint\",\"urlTemplate\":\"https:\/\/www.nettali.com\/?s={search_term_string}\"},\"query-input\":\"required name=search_term_string\"}],\"inLanguage\":\"fr-FR\"},{\"@type\":\"ImageObject\",\"@id\":\"https:\/\/www.nettali.com\/2024\/07\/04\/commissariat-de-bel-air-les-raisons-de-la-garde-a-vue-de-famara-ibrahima-cisse-president-de-acsif\/#primaryimage\",\"inLanguage\":\"fr-FR\",\"url\":\"https:\/\/www.nettali.com\/wp-content\/uploads\/2024\/07\/Famara-Ibrahima-Cisse\\u0301.jpeg\",\"contentUrl\":\"https:\/\/www.nettali.com\/wp-content\/uploads\/2024\/07\/Famara-Ibrahima-Cisse\\u0301.jpeg\",\"width\":819,\"height\":461},{\"@type\":\"WebPage\",\"@id\":\"https:\/\/www.nettali.com\/2024\/07\/04\/commissariat-de-bel-air-les-raisons-de-la-garde-a-vue-de-famara-ibrahima-cisse-president-de-acsif\/#webpage\",\"url\":\"https:\/\/www.nettali.com\/2024\/07\/04\/commissariat-de-bel-air-les-raisons-de-la-garde-a-vue-de-famara-ibrahima-cisse-president-de-acsif\/\",\"name\":\"COMMISSARIAT DE BEL AIR - Les raisons de la garde \\u00e0 vue de Famara Ibrahima Ciss\\u00e9, pr\\u00e9sident de Acsif | Nettali.com\",\"isPartOf\":{\"@id\":\"https:\/\/www.nettali.com\/#website\"},\"primaryImageOfPage\":{\"@id\":\"https:\/\/www.nettali.com\/2024\/07\/04\/commissariat-de-bel-air-les-raisons-de-la-garde-a-vue-de-famara-ibrahima-cisse-president-de-acsif\/#primaryimage\"},\"datePublished\":\"2024-07-04T11:35:57+00:00\",\"dateModified\":\"2024-07-04T11:35:57+00:00\",\"author\":{\"@id\":\"https:\/\/www.nettali.com\/#\/schema\/person\/3317e0bb3aa1da309fbf7b2780901bf4\"},\"breadcrumb\":{\"@id\":\"https:\/\/www.nettali.com\/2024\/07\/04\/commissariat-de-bel-air-les-raisons-de-la-garde-a-vue-de-famara-ibrahima-cisse-president-de-acsif\/#breadcrumb\"},\"inLanguage\":\"fr-FR\",\"potentialAction\":[{\"@type\":\"ReadAction\",\"target\":[\"https:\/\/www.nettali.com\/2024\/07\/04\/commissariat-de-bel-air-les-raisons-de-la-garde-a-vue-de-famara-ibrahima-cisse-president-de-acsif\/\"]}]},{\"@type\":\"BreadcrumbList\",\"@id\":\"https:\/\/www.nettali.com\/2024\/07\/04\/commissariat-de-bel-air-les-raisons-de-la-garde-a-vue-de-famara-ibrahima-cisse-president-de-acsif\/#breadcrumb\",\"itemListElement\":[{\"@type\":\"ListItem\",\"position\":1,\"name\":\"Accueil\",\"item\":\"https:\/\/www.nettali.com\/\"},{\"@type\":\"ListItem\",\"position\":2,\"name\":\"COMMISSARIAT DE BEL AIR - Les raisons de la garde \\u00e0 vue de Famara Ibrahima Ciss\\u00e9, pr\\u00e9sident de Acsif\"}]},{\"@type\":\"Person\",\"@id\":\"https:\/\/www.nettali.com\/#\/schema\/person\/3317e0bb3aa1da309fbf7b2780901bf4\",\"name\":\"Daouda\",\"image\":{\"@type\":\"ImageObject\",\"@id\":\"https:\/\/www.nettali.com\/#personlogo\",\"inLanguage\":\"fr-FR\",\"url\":\"https:\/\/secure.gravatar.com\/avatar\/8d143b5a49345098ddcfee1c49c2f47c?s=96&d=mm&r=g\",\"contentUrl\":\"https:\/\/secure.gravatar.com\/avatar\/8d143b5a49345098ddcfee1c49c2f47c?s=96&d=mm&r=g\",\"caption\":\"Daouda\"},\"sameAs\":[\"https:\/\/www.nettali.com\"]}]}<\/script>\n<!-- \/ Yoast SEO Premium plugin. -->","yoast_head_json":{"title":"COMMISSARIAT DE BEL AIR - Les raisons de la garde \u00e0 vue de Famara Ibrahima Ciss\u00e9, pr\u00e9sident de Acsif | Nettali.com","robots":{"index":"index","follow":"follow","max-snippet":"max-snippet:-1","max-image-preview":"max-image-preview:large","max-video-preview":"max-video-preview:-1"},"canonical":"https:\/\/www.nettali.com\/2024\/07\/04\/commissariat-de-bel-air-les-raisons-de-la-garde-a-vue-de-famara-ibrahima-cisse-president-de-acsif\/","og_locale":"fr_FR","og_type":"article","og_title":"COMMISSARIAT DE BEL AIR - Les raisons de la garde \u00e0 vue de Famara Ibrahima Ciss\u00e9, pr\u00e9sident de Acsif","og_description":"NETTALI.COM - Le pr\u00e9sident de l\u2019Association des clients et soci\u00e9taires des institutions financi\u00e8res (Acsif), Famara Ibrahima Ciss\u00e9, est arr\u00eat\u00e9 et plac\u00e9 en garde \u00e0 vue dans les locaux du Commissariat de Hann Bel Air \u00e0 Dakar pour escroquerie et abus de confiance au pr\u00e9judice du sieur P. Mboup qui se trouve \u00eatre son conseiller financier. [&hellip;]","og_url":"https:\/\/www.nettali.com\/2024\/07\/04\/commissariat-de-bel-air-les-raisons-de-la-garde-a-vue-de-famara-ibrahima-cisse-president-de-acsif\/","og_site_name":"Nettali.com","article_publisher":"https:\/\/www.facebook.com\/nettalicom","article_published_time":"2024-07-04T11:35:57+00:00","og_image":[{"width":819,"height":461,"url":"https:\/\/www.nettali.com\/wp-content\/uploads\/2024\/07\/Famara-Ibrahima-Cisse\u0301.jpeg","type":"image\/jpeg"}],"twitter_card":"summary_large_image","twitter_misc":{"\u00c9crit par":"Daouda","Dur\u00e9e de lecture estim\u00e9e":"1 minute"},"schema":{"@context":"https:\/\/schema.org","@graph":[{"@type":"WebSite","@id":"https:\/\/www.nettali.com\/#website","url":"https:\/\/www.nettali.com\/","name":"Nettali.com","description":"Le rendez-vous critique du Net","potentialAction":[{"@type":"SearchAction","target":{"@type":"EntryPoint","urlTemplate":"https:\/\/www.nettali.com\/?s={search_term_string}"},"query-input":"required name=search_term_string"}],"inLanguage":"fr-FR"},{"@type":"ImageObject","@id":"https:\/\/www.nettali.com\/2024\/07\/04\/commissariat-de-bel-air-les-raisons-de-la-garde-a-vue-de-famara-ibrahima-cisse-president-de-acsif\/#primaryimage","inLanguage":"fr-FR","url":"https:\/\/www.nettali.com\/wp-content\/uploads\/2024\/07\/Famara-Ibrahima-Cisse\u0301.jpeg","contentUrl":"https:\/\/www.nettali.com\/wp-content\/uploads\/2024\/07\/Famara-Ibrahima-Cisse\u0301.jpeg","width":819,"height":461},{"@type":"WebPage","@id":"https:\/\/www.nettali.com\/2024\/07\/04\/commissariat-de-bel-air-les-raisons-de-la-garde-a-vue-de-famara-ibrahima-cisse-president-de-acsif\/#webpage","url":"https:\/\/www.nettali.com\/2024\/07\/04\/commissariat-de-bel-air-les-raisons-de-la-garde-a-vue-de-famara-ibrahima-cisse-president-de-acsif\/","name":"COMMISSARIAT DE BEL AIR - Les raisons de la garde \u00e0 vue de Famara Ibrahima Ciss\u00e9, pr\u00e9sident de Acsif | Nettali.com","isPartOf":{"@id":"https:\/\/www.nettali.com\/#website"},"primaryImageOfPage":{"@id":"https:\/\/www.nettali.com\/2024\/07\/04\/commissariat-de-bel-air-les-raisons-de-la-garde-a-vue-de-famara-ibrahima-cisse-president-de-acsif\/#primaryimage"},"datePublished":"2024-07-04T11:35:57+00:00","dateModified":"2024-07-04T11:35:57+00:00","author":{"@id":"https:\/\/www.nettali.com\/#\/schema\/person\/3317e0bb3aa1da309fbf7b2780901bf4"},"breadcrumb":{"@id":"https:\/\/www.nettali.com\/2024\/07\/04\/commissariat-de-bel-air-les-raisons-de-la-garde-a-vue-de-famara-ibrahima-cisse-president-de-acsif\/#breadcrumb"},"inLanguage":"fr-FR","potentialAction":[{"@type":"ReadAction","target":["https:\/\/www.nettali.com\/2024\/07\/04\/commissariat-de-bel-air-les-raisons-de-la-garde-a-vue-de-famara-ibrahima-cisse-president-de-acsif\/"]}]},{"@type":"BreadcrumbList","@id":"https:\/\/www.nettali.com\/2024\/07\/04\/commissariat-de-bel-air-les-raisons-de-la-garde-a-vue-de-famara-ibrahima-cisse-president-de-acsif\/#breadcrumb","itemListElement":[{"@type":"ListItem","position":1,"name":"Accueil","item":"https:\/\/www.nettali.com\/"},{"@type":"ListItem","position":2,"name":"COMMISSARIAT DE BEL AIR - Les raisons de la garde \u00e0 vue de Famara Ibrahima Ciss\u00e9, pr\u00e9sident de Acsif"}]},{"@type":"Person","@id":"https:\/\/www.nettali.com\/#\/schema\/person\/3317e0bb3aa1da309fbf7b2780901bf4","name":"Daouda","image":{"@type":"ImageObject","@id":"https:\/\/www.nettali.com\/#personlogo","inLanguage":"fr-FR","url":"https:\/\/secure.gravatar.com\/avatar\/8d143b5a49345098ddcfee1c49c2f47c?s=96&d=mm&r=g","contentUrl":"https:\/\/secure.gravatar.com\/avatar\/8d143b5a49345098ddcfee1c49c2f47c?s=96&d=mm&r=g","caption":"Daouda"},"sameAs":["https:\/\/www.nettali.com"]}]}},"_links":{"self":[{"href":"https:\/\/www.nettali.com\/rest\/wp\/v2\/posts\/136354"}],"collection":[{"href":"https:\/\/www.nettali.com\/rest\/wp\/v2\/posts"}],"about":[{"href":"https:\/\/www.nettali.com\/rest\/wp\/v2\/types\/post"}],"author":[{"embeddable":true,"href":"https:\/\/www.nettali.com\/rest\/wp\/v2\/users\/4"}],"replies":[{"embeddable":true,"href":"https:\/\/www.nettali.com\/rest\/wp\/v2\/comments?post=136354"}],"version-history":[{"count":1,"href":"https:\/\/www.nettali.com\/rest\/wp\/v2\/posts\/136354\/revisions"}],"predecessor-version":[{"id":136356,"href":"https:\/\/www.nettali.com\/rest\/wp\/v2\/posts\/136354\/revisions\/136356"}],"wp:featuredmedia":[{"embeddable":true,"href":"https:\/\/www.nettali.com\/rest\/wp\/v2\/media\/136355"}],"wp:attachment":[{"href":"https:\/\/www.nettali.com\/rest\/wp\/v2\/media?parent=136354"}],"wp:term":[{"taxonomy":"category","embeddable":true,"href":"https:\/\/www.nettali.com\/rest\/wp\/v2\/categories?post=136354"},{"taxonomy":"post_tag","embeddable":true,"href":"https:\/\/www.nettali.com\/rest\/wp\/v2\/tags?post=136354"}],"curies":[{"name":"wp","href":"https:\/\/api.w.org\/{rel}","templated":true}]}}