{"id":136320,"date":"2024-07-04T07:28:26","date_gmt":"2024-07-04T07:28:26","guid":{"rendered":"https:\/\/www.nettali.com\/?p=136320"},"modified":"2024-07-04T07:33:41","modified_gmt":"2024-07-04T07:33:41","slug":"secteur-informel-le-president-de-la-republique-veut-une-restructuration-du-programme-de-modernisation-et-de-gestion-des-marches-promogem","status":"publish","type":"post","link":"https:\/\/www.nettali.com\/2024\/07\/04\/secteur-informel-le-president-de-la-republique-veut-une-restructuration-du-programme-de-modernisation-et-de-gestion-des-marches-promogem\/","title":{"rendered":"SECTEUR INFORMEL - Le Pr\u00e9sident de la R\u00e9publique veut une restructuration du Programme de Modernisation et de Gestion des march\u00e9s (PROMOGEM)"},"content":{"rendered":"<p><strong>NETTALI.COM - En conseil des ministres, le mercredi 3 juillet, le Pr\u00e9sident de la R\u00e9publique a demand\u00e9 au premier ministre de restructurer le Programme de Modernisation et de Gestion des march\u00e9s (PROMOGEM). Ce, pour un accompagnement du secteur informel qualifi\u00e9.<\/strong><\/p>\n<p>Le Pr\u00e9sident de la R\u00e9publique\u00a0a \u00e9voqu\u00e9 en conseil des ministres la question de l\u2019accompagnement du secteur informel et de la modernisation de l\u2019urbanisme commercial. Qui, pour lui, devra passer par\u00a0\"<em>la restructuration du Programme de Modernisation et de Gestion des march\u00e9s (PROMOGEM), structure majeure d\u2019accompagnement de la transformation du secteur informel et de l\u2019urbanisme commercial au S\u00e9n\u00e9gal<\/em>\".<\/p>\n<p>Ainsi, Bassirou Diomaye Faye a rappel\u00e9 que le secteur informel occupe \"<em>une frange importante de la population du S\u00e9n\u00e9gal. Il a demand\u00e9 au Gouvernement d\u2019accorder une attention particuli\u00e8re \u00e0 la transformation de ce secteur et \u00e0 l\u2019appui des acteurs concern\u00e9s, \u00e0 travers les diff\u00e9rents m\u00e9canismes et instruments d\u2019encadrement et de financement de l\u2019\u00c9tat et de ses d\u00e9membrements<\/em>\", note le communiqu\u00e9.<\/p>\n<p>En outre,\u00a0il a soulign\u00e9\u00a0\"<em>l\u2019imp\u00e9ratif de nouer un partenariat solide et permanent entre l\u2019\u00c9tat, les collectivit\u00e9s territoriales et le secteur priv\u00e9, national en particulier, pour assurer une mise en \u0153uvre concert\u00e9e des programmes d\u2019am\u00e9lioration du cadre de vie des populations \u00e0 travers notamment : - le respect des r\u00e8gles d\u2019urbanisme, de construction et d\u2019habitat ; - l\u2019organisation concert\u00e9e de la propret\u00e9 des espaces publics ; - l\u2019am\u00e9nagement ad\u00e9quat et la s\u00e9curisation optimale des march\u00e9s et des espaces publics et commerciaux dans les diff\u00e9rentes communes, \u00e0 la satisfaction des populations et des acteurs de la vie \u00e9conomique et sociale<\/em>\".<\/p>\n<p>Concernant la deuxi\u00e8me \u00e9dition de la Journ\u00e9e nationale de mobilisation sociale \"<em>SETAL SUNU REW<\/em>\" pr\u00e9vue le samedi 6 juillet 2024, le chef de l\u2019\u00c9tat a demand\u00e9 au Gouvernement de prendre toutes les dispositions n\u00e9cessaires pour assurer \"<em>le succ\u00e8s de cette seconde journ\u00e9e d\u2019engagement citoyen pour l\u2019am\u00e9lioration de notre cadre de vie en veillant \u00e0 l\u2019implication des collectivit\u00e9s territoriales, des forces vives de la Nation et de toutes les parties prenantes, publiques comme priv\u00e9es<\/em>\".<\/p>\n<div class='share-to-whatsapp-wrapper'><div class='share-on-whsp'>PARTAGER SUR : <\/div><a data-text='SECTEUR INFORMEL - Le Pr\u00e9sident de la R\u00e9publique veut une restructuration du Programme de Modernisation et de Gestion des march\u00e9s (PROMOGEM)' data-link='https:\/\/www.nettali.com\/2024\/07\/04\/secteur-informel-le-president-de-la-republique-veut-une-restructuration-du-programme-de-modernisation-et-de-gestion-des-marches-promogem\/' class='whatsapp-button whatsapp-share'>WhatsApp<\/a><div class='clear '><\/div><\/div>","protected":false},"excerpt":{"rendered":"<p>NETTALI.COM - En conseil des ministres, le mercredi 3 juillet, le Pr\u00e9sident de la R\u00e9publique a demand\u00e9 au premier ministre de restructurer le Programme de Modernisation et de Gestion des march\u00e9s (PROMOGEM). Ce, pour un accompagnement du secteur informel qualifi\u00e9. Le Pr\u00e9sident de la R\u00e9publique\u00a0a \u00e9voqu\u00e9 en conseil des ministres la question de l\u2019accompagnement du [&hellip;]<\/p>\n","protected":false},"author":6,"featured_media":136321,"comment_status":"open","ping_status":"open","sticky":false,"template":"","format":"standard","meta":{"_et_pb_use_builder":"","_et_pb_old_content":""},"categories":[3],"tags":[],"yoast_head":"<!-- This site is optimized with the Yoast SEO Premium plugin v17.8 (Yoast SEO v17.8) - https:\/\/yoast.com\/wordpress\/plugins\/seo\/ -->\n<title>SECTEUR INFORMEL - Le Pr\u00e9sident de la R\u00e9publique veut une restructuration du Programme de Modernisation et de Gestion des march\u00e9s (PROMOGEM) | Nettali.com<\/title>\n<meta name=\"robots\" content=\"index, follow, max-snippet:-1, max-image-preview:large, max-video-preview:-1\" \/>\n<link rel=\"canonical\" href=\"https:\/\/www.nettali.com\/2024\/07\/04\/secteur-informel-le-president-de-la-republique-veut-une-restructuration-du-programme-de-modernisation-et-de-gestion-des-marches-promogem\/\" \/>\n<meta property=\"og:locale\" content=\"fr_FR\" \/>\n<meta property=\"og:type\" content=\"article\" \/>\n<meta property=\"og:title\" content=\"SECTEUR INFORMEL - Le Pr\u00e9sident de la R\u00e9publique veut une restructuration du Programme de Modernisation et de Gestion des march\u00e9s (PROMOGEM)\" \/>\n<meta property=\"og:description\" content=\"NETTALI.COM - En conseil des ministres, le mercredi 3 juillet, le Pr\u00e9sident de la R\u00e9publique a demand\u00e9 au premier ministre de restructurer le Programme de Modernisation et de Gestion des march\u00e9s (PROMOGEM). Ce, pour un accompagnement du secteur informel qualifi\u00e9. Le Pr\u00e9sident de la R\u00e9publique\u00a0a \u00e9voqu\u00e9 en conseil des ministres la question de l\u2019accompagnement du [&hellip;]\" \/>\n<meta property=\"og:url\" content=\"https:\/\/www.nettali.com\/2024\/07\/04\/secteur-informel-le-president-de-la-republique-veut-une-restructuration-du-programme-de-modernisation-et-de-gestion-des-marches-promogem\/\" \/>\n<meta property=\"og:site_name\" content=\"Nettali.com\" \/>\n<meta property=\"article:publisher\" content=\"https:\/\/www.facebook.com\/nettalicom\" \/>\n<meta property=\"article:published_time\" content=\"2024-07-04T07:28:26+00:00\" \/>\n<meta property=\"article:modified_time\" content=\"2024-07-04T07:33:41+00:00\" \/>\n<meta property=\"og:image\" content=\"https:\/\/www.nettali.com\/wp-content\/uploads\/2024\/07\/BB1lRpI4.jpeg\" \/>\n\t<meta property=\"og:image:width\" content=\"700\" \/>\n\t<meta property=\"og:image:height\" content=\"411\" \/>\n<meta name=\"twitter:card\" content=\"summary_large_image\" \/>\n<meta name=\"twitter:label1\" content=\"\u00c9crit par\" \/>\n\t<meta name=\"twitter:data1\" content=\"Fatou\" \/>\n\t<meta name=\"twitter:label2\" content=\"Dur\u00e9e de lecture estim\u00e9e\" \/>\n\t<meta name=\"twitter:data2\" content=\"2 minutes\" \/>\n<script type=\"application\/ld+json\" class=\"yoast-schema-graph\">{\"@context\":\"https:\/\/schema.org\",\"@graph\":[{\"@type\":\"WebSite\",\"@id\":\"https:\/\/www.nettali.com\/#website\",\"url\":\"https:\/\/www.nettali.com\/\",\"name\":\"Nettali.com\",\"description\":\"Le rendez-vous critique du Net\",\"potentialAction\":[{\"@type\":\"SearchAction\",\"target\":{\"@type\":\"EntryPoint\",\"urlTemplate\":\"https:\/\/www.nettali.com\/?s={search_term_string}\"},\"query-input\":\"required name=search_term_string\"}],\"inLanguage\":\"fr-FR\"},{\"@type\":\"ImageObject\",\"@id\":\"https:\/\/www.nettali.com\/2024\/07\/04\/secteur-informel-le-president-de-la-republique-veut-une-restructuration-du-programme-de-modernisation-et-de-gestion-des-marches-promogem\/#primaryimage\",\"inLanguage\":\"fr-FR\",\"url\":\"https:\/\/www.nettali.com\/wp-content\/uploads\/2024\/07\/BB1lRpI4.jpeg\",\"contentUrl\":\"https:\/\/www.nettali.com\/wp-content\/uploads\/2024\/07\/BB1lRpI4.jpeg\",\"width\":700,\"height\":411},{\"@type\":\"WebPage\",\"@id\":\"https:\/\/www.nettali.com\/2024\/07\/04\/secteur-informel-le-president-de-la-republique-veut-une-restructuration-du-programme-de-modernisation-et-de-gestion-des-marches-promogem\/#webpage\",\"url\":\"https:\/\/www.nettali.com\/2024\/07\/04\/secteur-informel-le-president-de-la-republique-veut-une-restructuration-du-programme-de-modernisation-et-de-gestion-des-marches-promogem\/\",\"name\":\"SECTEUR INFORMEL - Le Pr\\u00e9sident de la R\\u00e9publique veut une restructuration du Programme de Modernisation et de Gestion des march\\u00e9s (PROMOGEM) | Nettali.com\",\"isPartOf\":{\"@id\":\"https:\/\/www.nettali.com\/#website\"},\"primaryImageOfPage\":{\"@id\":\"https:\/\/www.nettali.com\/2024\/07\/04\/secteur-informel-le-president-de-la-republique-veut-une-restructuration-du-programme-de-modernisation-et-de-gestion-des-marches-promogem\/#primaryimage\"},\"datePublished\":\"2024-07-04T07:28:26+00:00\",\"dateModified\":\"2024-07-04T07:33:41+00:00\",\"author\":{\"@id\":\"https:\/\/www.nettali.com\/#\/schema\/person\/418274a86bdf87caff7a3ef476bd0bbf\"},\"breadcrumb\":{\"@id\":\"https:\/\/www.nettali.com\/2024\/07\/04\/secteur-informel-le-president-de-la-republique-veut-une-restructuration-du-programme-de-modernisation-et-de-gestion-des-marches-promogem\/#breadcrumb\"},\"inLanguage\":\"fr-FR\",\"potentialAction\":[{\"@type\":\"ReadAction\",\"target\":[\"https:\/\/www.nettali.com\/2024\/07\/04\/secteur-informel-le-president-de-la-republique-veut-une-restructuration-du-programme-de-modernisation-et-de-gestion-des-marches-promogem\/\"]}]},{\"@type\":\"BreadcrumbList\",\"@id\":\"https:\/\/www.nettali.com\/2024\/07\/04\/secteur-informel-le-president-de-la-republique-veut-une-restructuration-du-programme-de-modernisation-et-de-gestion-des-marches-promogem\/#breadcrumb\",\"itemListElement\":[{\"@type\":\"ListItem\",\"position\":1,\"name\":\"Accueil\",\"item\":\"https:\/\/www.nettali.com\/\"},{\"@type\":\"ListItem\",\"position\":2,\"name\":\"SECTEUR INFORMEL - Le Pr\\u00e9sident de la R\\u00e9publique veut une restructuration du Programme de Modernisation et de Gestion des march\\u00e9s (PROMOGEM)\"}]},{\"@type\":\"Person\",\"@id\":\"https:\/\/www.nettali.com\/#\/schema\/person\/418274a86bdf87caff7a3ef476bd0bbf\",\"name\":\"Fatou\",\"image\":{\"@type\":\"ImageObject\",\"@id\":\"https:\/\/www.nettali.com\/#personlogo\",\"inLanguage\":\"fr-FR\",\"url\":\"https:\/\/secure.gravatar.com\/avatar\/5a9442a2bee7b4dcf167cab035858e9a?s=96&d=mm&r=g\",\"contentUrl\":\"https:\/\/secure.gravatar.com\/avatar\/5a9442a2bee7b4dcf167cab035858e9a?s=96&d=mm&r=g\",\"caption\":\"Fatou\"},\"sameAs\":[\"https:\/\/www.nettali.com\"]}]}<\/script>\n<!-- \/ Yoast SEO Premium plugin. -->","yoast_head_json":{"title":"SECTEUR INFORMEL - Le Pr\u00e9sident de la R\u00e9publique veut une restructuration du Programme de Modernisation et de Gestion des march\u00e9s (PROMOGEM) | Nettali.com","robots":{"index":"index","follow":"follow","max-snippet":"max-snippet:-1","max-image-preview":"max-image-preview:large","max-video-preview":"max-video-preview:-1"},"canonical":"https:\/\/www.nettali.com\/2024\/07\/04\/secteur-informel-le-president-de-la-republique-veut-une-restructuration-du-programme-de-modernisation-et-de-gestion-des-marches-promogem\/","og_locale":"fr_FR","og_type":"article","og_title":"SECTEUR INFORMEL - Le Pr\u00e9sident de la R\u00e9publique veut une restructuration du Programme de Modernisation et de Gestion des march\u00e9s (PROMOGEM)","og_description":"NETTALI.COM - En conseil des ministres, le mercredi 3 juillet, le Pr\u00e9sident de la R\u00e9publique a demand\u00e9 au premier ministre de restructurer le Programme de Modernisation et de Gestion des march\u00e9s (PROMOGEM). Ce, pour un accompagnement du secteur informel qualifi\u00e9. Le Pr\u00e9sident de la R\u00e9publique\u00a0a \u00e9voqu\u00e9 en conseil des ministres la question de l\u2019accompagnement du [&hellip;]","og_url":"https:\/\/www.nettali.com\/2024\/07\/04\/secteur-informel-le-president-de-la-republique-veut-une-restructuration-du-programme-de-modernisation-et-de-gestion-des-marches-promogem\/","og_site_name":"Nettali.com","article_publisher":"https:\/\/www.facebook.com\/nettalicom","article_published_time":"2024-07-04T07:28:26+00:00","article_modified_time":"2024-07-04T07:33:41+00:00","og_image":[{"width":700,"height":411,"url":"https:\/\/www.nettali.com\/wp-content\/uploads\/2024\/07\/BB1lRpI4.jpeg","type":"image\/jpeg"}],"twitter_card":"summary_large_image","twitter_misc":{"\u00c9crit par":"Fatou","Dur\u00e9e de lecture estim\u00e9e":"2 minutes"},"schema":{"@context":"https:\/\/schema.org","@graph":[{"@type":"WebSite","@id":"https:\/\/www.nettali.com\/#website","url":"https:\/\/www.nettali.com\/","name":"Nettali.com","description":"Le rendez-vous critique du Net","potentialAction":[{"@type":"SearchAction","target":{"@type":"EntryPoint","urlTemplate":"https:\/\/www.nettali.com\/?s={search_term_string}"},"query-input":"required name=search_term_string"}],"inLanguage":"fr-FR"},{"@type":"ImageObject","@id":"https:\/\/www.nettali.com\/2024\/07\/04\/secteur-informel-le-president-de-la-republique-veut-une-restructuration-du-programme-de-modernisation-et-de-gestion-des-marches-promogem\/#primaryimage","inLanguage":"fr-FR","url":"https:\/\/www.nettali.com\/wp-content\/uploads\/2024\/07\/BB1lRpI4.jpeg","contentUrl":"https:\/\/www.nettali.com\/wp-content\/uploads\/2024\/07\/BB1lRpI4.jpeg","width":700,"height":411},{"@type":"WebPage","@id":"https:\/\/www.nettali.com\/2024\/07\/04\/secteur-informel-le-president-de-la-republique-veut-une-restructuration-du-programme-de-modernisation-et-de-gestion-des-marches-promogem\/#webpage","url":"https:\/\/www.nettali.com\/2024\/07\/04\/secteur-informel-le-president-de-la-republique-veut-une-restructuration-du-programme-de-modernisation-et-de-gestion-des-marches-promogem\/","name":"SECTEUR INFORMEL - Le Pr\u00e9sident de la R\u00e9publique veut une restructuration du Programme de Modernisation et de Gestion des march\u00e9s (PROMOGEM) | Nettali.com","isPartOf":{"@id":"https:\/\/www.nettali.com\/#website"},"primaryImageOfPage":{"@id":"https:\/\/www.nettali.com\/2024\/07\/04\/secteur-informel-le-president-de-la-republique-veut-une-restructuration-du-programme-de-modernisation-et-de-gestion-des-marches-promogem\/#primaryimage"},"datePublished":"2024-07-04T07:28:26+00:00","dateModified":"2024-07-04T07:33:41+00:00","author":{"@id":"https:\/\/www.nettali.com\/#\/schema\/person\/418274a86bdf87caff7a3ef476bd0bbf"},"breadcrumb":{"@id":"https:\/\/www.nettali.com\/2024\/07\/04\/secteur-informel-le-president-de-la-republique-veut-une-restructuration-du-programme-de-modernisation-et-de-gestion-des-marches-promogem\/#breadcrumb"},"inLanguage":"fr-FR","potentialAction":[{"@type":"ReadAction","target":["https:\/\/www.nettali.com\/2024\/07\/04\/secteur-informel-le-president-de-la-republique-veut-une-restructuration-du-programme-de-modernisation-et-de-gestion-des-marches-promogem\/"]}]},{"@type":"BreadcrumbList","@id":"https:\/\/www.nettali.com\/2024\/07\/04\/secteur-informel-le-president-de-la-republique-veut-une-restructuration-du-programme-de-modernisation-et-de-gestion-des-marches-promogem\/#breadcrumb","itemListElement":[{"@type":"ListItem","position":1,"name":"Accueil","item":"https:\/\/www.nettali.com\/"},{"@type":"ListItem","position":2,"name":"SECTEUR INFORMEL - Le Pr\u00e9sident de la R\u00e9publique veut une restructuration du Programme de Modernisation et de Gestion des march\u00e9s (PROMOGEM)"}]},{"@type":"Person","@id":"https:\/\/www.nettali.com\/#\/schema\/person\/418274a86bdf87caff7a3ef476bd0bbf","name":"Fatou","image":{"@type":"ImageObject","@id":"https:\/\/www.nettali.com\/#personlogo","inLanguage":"fr-FR","url":"https:\/\/secure.gravatar.com\/avatar\/5a9442a2bee7b4dcf167cab035858e9a?s=96&d=mm&r=g","contentUrl":"https:\/\/secure.gravatar.com\/avatar\/5a9442a2bee7b4dcf167cab035858e9a?s=96&d=mm&r=g","caption":"Fatou"},"sameAs":["https:\/\/www.nettali.com"]}]}},"_links":{"self":[{"href":"https:\/\/www.nettali.com\/rest\/wp\/v2\/posts\/136320"}],"collection":[{"href":"https:\/\/www.nettali.com\/rest\/wp\/v2\/posts"}],"about":[{"href":"https:\/\/www.nettali.com\/rest\/wp\/v2\/types\/post"}],"author":[{"embeddable":true,"href":"https:\/\/www.nettali.com\/rest\/wp\/v2\/users\/6"}],"replies":[{"embeddable":true,"href":"https:\/\/www.nettali.com\/rest\/wp\/v2\/comments?post=136320"}],"version-history":[{"count":3,"href":"https:\/\/www.nettali.com\/rest\/wp\/v2\/posts\/136320\/revisions"}],"predecessor-version":[{"id":136326,"href":"https:\/\/www.nettali.com\/rest\/wp\/v2\/posts\/136320\/revisions\/136326"}],"wp:featuredmedia":[{"embeddable":true,"href":"https:\/\/www.nettali.com\/rest\/wp\/v2\/media\/136321"}],"wp:attachment":[{"href":"https:\/\/www.nettali.com\/rest\/wp\/v2\/media?parent=136320"}],"wp:term":[{"taxonomy":"category","embeddable":true,"href":"https:\/\/www.nettali.com\/rest\/wp\/v2\/categories?post=136320"},{"taxonomy":"post_tag","embeddable":true,"href":"https:\/\/www.nettali.com\/rest\/wp\/v2\/tags?post=136320"}],"curies":[{"name":"wp","href":"https:\/\/api.w.org\/{rel}","templated":true}]}}