{"id":136297,"date":"2024-07-03T22:47:48","date_gmt":"2024-07-03T22:47:48","guid":{"rendered":"https:\/\/www.nettali.com\/?p=136297"},"modified":"2024-07-03T22:47:48","modified_gmt":"2024-07-03T22:47:48","slug":"afrique-du-sud-lathlete-jacques-freitag-crible-de-balles","status":"publish","type":"post","link":"https:\/\/www.nettali.com\/2024\/07\/03\/afrique-du-sud-lathlete-jacques-freitag-crible-de-balles\/","title":{"rendered":"AFRIQUE DU SUD - L'athl\u00e8te Jacques Freitag cribl\u00e9 de balles"},"content":{"rendered":"<p><strong>NETTALI.COM - Jacques Freitag, le champion du monde 2003 sud-africain du saut en hauteur, a \u00e9t\u00e9 retrouv\u00e9 mort \u00e0 Pretoria, \u00e0 42 ans. Il a \u00e9t\u00e9 abattu, selon la presse sud-africaine.<\/strong><\/p>\n<p>Le monde de l\u2019athl\u00e9tisme est en deuil. Les m\u00e9dias sud-africains rapportent ce mardi que le corps cribl\u00e9 de balles de Jacques Freitag a \u00e9t\u00e9 retrouv\u00e9 pr\u00e8s d\u2019un cimeti\u00e8re de Pretoria, la capitale du pays. L\u2019ancien sauteur en hauteur avait disparu depuis le 12 juin, au lendemain de son 42\u00e8me anniversaire, et sa s\u0153ur avait lanc\u00e9 un appel \u00e0 t\u00e9moins.<\/p>\n<p>Selon divers t\u00e9moignages, un homme l\u2019avait pris dans son v\u00e9hicule alors qu\u2019il \u00e9tait chez sa m\u00e8re, et personne ne l\u2019avait revu depuis. La police a d\u00e9cid\u00e9 d\u2019ouvrir une enqu\u00eate pour meurtre.\u00a0Depuis la fin de sa carri\u00e8re, Jacques Freitag avait connu des probl\u00e8mes avec la drogue et v\u00e9cu dans la rue.<\/p>\n<p>La presse sud-africaine rappelle qu\u2019il avait perdu son travail de coach \u00e0 l\u2019Universit\u00e9 de Pretoria pour avoir demand\u00e9 \u00e0 une personne de la rue de le remplacer alors qu\u2019il n\u2019\u00e9tait pas en mesure de coacher, et pour avoir vol\u00e9 \u00e0 des athl\u00e8tes de l\u2019argent d\u00e9di\u00e9 \u00e0 leur inscription \u00e0 des meetings.<br \/>\n\"<em>Nous n\u2019\u00e9tions plus du tout proches ces derni\u00e8res ann\u00e9es \u00e0 cause des drogues, a d\u00e9clar\u00e9 Lewis, la s\u0153ur de Freitag. Je suis une m\u00e8re c\u00e9libataire et j\u2019ai d\u00fb m\u2019occuper de mes enfants et les prot\u00e9ger. Il \u00e9tait sous l\u2019emprise de la drogue la plupart du temps<\/em>\".<\/p>\n<p><strong>Freitag avait brill\u00e9 \u00e0 Paris<\/strong><\/p>\n<p>Si la fin de sa vie est tragique, la carri\u00e8re de Jacques Freitag a \u00e9t\u00e9 brillante. Il est l\u2019un des rares athl\u00e8tes \u00e0 avoir \u00e9t\u00e9 sacr\u00e9 champion du monde cadets, juniors et seniors dans une m\u00eame discipline, en l\u2019occurrence la hauteur. A seulement 20 ans, il avait battu le record d\u2019Afrique du Sud (2,37m), et l\u2019ann\u00e9e suivante, en 2003, il avait d\u00e9croch\u00e9 son plus grand succ\u00e8s.\u00a0Sur le sautoir du Stade de France, il \u00e9tait devenu champion du monde en sautant \u00e0 2,35m, devenant champion du monde devant Stefan Holm et Mark Boswell (2,32m).<\/p>\n<p>Une premi\u00e8re pour un Africain dans une \u00e9preuve ne se d\u00e9roulant pas piste. Sa carri\u00e8re a ensuite rapidement d\u00e9clin\u00e9. En 2004, lors des Jeux Olympiques d\u2019Ath\u00e8nes, il n\u2019a pas r\u00e9ussi \u00e0 se qualifier pour la finale, tout comme lors des Mondiaux de Helsinki en 2005. Quelques mois auparavant, il avait pourtant port\u00e9 son record d\u2019Afrique \u00e0 2,38m. Un record qui tient toujours.<\/p>\n<div class='share-to-whatsapp-wrapper'><div class='share-on-whsp'>PARTAGER SUR : <\/div><a data-text='AFRIQUE DU SUD - L'athl\u00e8te Jacques Freitag cribl\u00e9 de balles' data-link='https:\/\/www.nettali.com\/2024\/07\/03\/afrique-du-sud-lathlete-jacques-freitag-crible-de-balles\/' class='whatsapp-button whatsapp-share'>WhatsApp<\/a><div class='clear '><\/div><\/div>","protected":false},"excerpt":{"rendered":"<p>NETTALI.COM - Jacques Freitag, le champion du monde 2003 sud-africain du saut en hauteur, a \u00e9t\u00e9 retrouv\u00e9 mort \u00e0 Pretoria, \u00e0 42 ans. Il a \u00e9t\u00e9 abattu, selon la presse sud-africaine. Le monde de l\u2019athl\u00e9tisme est en deuil. Les m\u00e9dias sud-africains rapportent ce mardi que le corps cribl\u00e9 de balles de Jacques Freitag a \u00e9t\u00e9 [&hellip;]<\/p>\n","protected":false},"author":5,"featured_media":136280,"comment_status":"open","ping_status":"open","sticky":false,"template":"","format":"standard","meta":{"_et_pb_use_builder":"","_et_pb_old_content":""},"categories":[8],"tags":[],"yoast_head":"<!-- This site is optimized with the Yoast SEO Premium plugin v17.8 (Yoast SEO v17.8) - https:\/\/yoast.com\/wordpress\/plugins\/seo\/ -->\n<title>AFRIQUE DU SUD - L&#039;athl\u00e8te Jacques Freitag cribl\u00e9 de balles | Nettali.com<\/title>\n<meta name=\"robots\" content=\"index, follow, max-snippet:-1, max-image-preview:large, max-video-preview:-1\" \/>\n<link rel=\"canonical\" href=\"https:\/\/www.nettali.com\/2024\/07\/03\/afrique-du-sud-lathlete-jacques-freitag-crible-de-balles\/\" \/>\n<meta property=\"og:locale\" content=\"fr_FR\" \/>\n<meta property=\"og:type\" content=\"article\" \/>\n<meta property=\"og:title\" content=\"AFRIQUE DU SUD - L&#039;athl\u00e8te Jacques Freitag cribl\u00e9 de balles\" \/>\n<meta property=\"og:description\" content=\"NETTALI.COM - Jacques Freitag, le champion du monde 2003 sud-africain du saut en hauteur, a \u00e9t\u00e9 retrouv\u00e9 mort \u00e0 Pretoria, \u00e0 42 ans. Il a \u00e9t\u00e9 abattu, selon la presse sud-africaine. Le monde de l\u2019athl\u00e9tisme est en deuil. Les m\u00e9dias sud-africains rapportent ce mardi que le corps cribl\u00e9 de balles de Jacques Freitag a \u00e9t\u00e9 [&hellip;]\" \/>\n<meta property=\"og:url\" content=\"https:\/\/www.nettali.com\/2024\/07\/03\/afrique-du-sud-lathlete-jacques-freitag-crible-de-balles\/\" \/>\n<meta property=\"og:site_name\" content=\"Nettali.com\" \/>\n<meta property=\"article:publisher\" content=\"https:\/\/www.facebook.com\/nettalicom\" \/>\n<meta property=\"article:published_time\" content=\"2024-07-03T22:47:48+00:00\" \/>\n<meta property=\"og:image\" content=\"https:\/\/www.nettali.com\/wp-content\/uploads\/2024\/07\/MjAyNDA3ZmIyYjFjOTA3ZGEyOTlkNGQ3MTA1NjEzOWYwZWIyOWU.jpeg\" \/>\n\t<meta property=\"og:image:width\" content=\"1260\" \/>\n\t<meta property=\"og:image:height\" content=\"708\" \/>\n<meta name=\"twitter:card\" content=\"summary_large_image\" \/>\n<meta name=\"twitter:label1\" content=\"\u00c9crit par\" \/>\n\t<meta name=\"twitter:data1\" content=\"Ibrahima\" \/>\n\t<meta name=\"twitter:label2\" content=\"Dur\u00e9e de lecture estim\u00e9e\" \/>\n\t<meta name=\"twitter:data2\" content=\"3 minutes\" \/>\n<script type=\"application\/ld+json\" class=\"yoast-schema-graph\">{\"@context\":\"https:\/\/schema.org\",\"@graph\":[{\"@type\":\"WebSite\",\"@id\":\"https:\/\/www.nettali.com\/#website\",\"url\":\"https:\/\/www.nettali.com\/\",\"name\":\"Nettali.com\",\"description\":\"Le rendez-vous critique du Net\",\"potentialAction\":[{\"@type\":\"SearchAction\",\"target\":{\"@type\":\"EntryPoint\",\"urlTemplate\":\"https:\/\/www.nettali.com\/?s={search_term_string}\"},\"query-input\":\"required name=search_term_string\"}],\"inLanguage\":\"fr-FR\"},{\"@type\":\"ImageObject\",\"@id\":\"https:\/\/www.nettali.com\/2024\/07\/03\/afrique-du-sud-lathlete-jacques-freitag-crible-de-balles\/#primaryimage\",\"inLanguage\":\"fr-FR\",\"url\":\"https:\/\/www.nettali.com\/wp-content\/uploads\/2024\/07\/MjAyNDA3ZmIyYjFjOTA3ZGEyOTlkNGQ3MTA1NjEzOWYwZWIyOWU.jpeg\",\"contentUrl\":\"https:\/\/www.nettali.com\/wp-content\/uploads\/2024\/07\/MjAyNDA3ZmIyYjFjOTA3ZGEyOTlkNGQ3MTA1NjEzOWYwZWIyOWU.jpeg\",\"width\":1260,\"height\":708},{\"@type\":\"WebPage\",\"@id\":\"https:\/\/www.nettali.com\/2024\/07\/03\/afrique-du-sud-lathlete-jacques-freitag-crible-de-balles\/#webpage\",\"url\":\"https:\/\/www.nettali.com\/2024\/07\/03\/afrique-du-sud-lathlete-jacques-freitag-crible-de-balles\/\",\"name\":\"AFRIQUE DU SUD - L'athl\\u00e8te Jacques Freitag cribl\\u00e9 de balles | Nettali.com\",\"isPartOf\":{\"@id\":\"https:\/\/www.nettali.com\/#website\"},\"primaryImageOfPage\":{\"@id\":\"https:\/\/www.nettali.com\/2024\/07\/03\/afrique-du-sud-lathlete-jacques-freitag-crible-de-balles\/#primaryimage\"},\"datePublished\":\"2024-07-03T22:47:48+00:00\",\"dateModified\":\"2024-07-03T22:47:48+00:00\",\"author\":{\"@id\":\"https:\/\/www.nettali.com\/#\/schema\/person\/bb147657c2986240405a608162b9bb23\"},\"breadcrumb\":{\"@id\":\"https:\/\/www.nettali.com\/2024\/07\/03\/afrique-du-sud-lathlete-jacques-freitag-crible-de-balles\/#breadcrumb\"},\"inLanguage\":\"fr-FR\",\"potentialAction\":[{\"@type\":\"ReadAction\",\"target\":[\"https:\/\/www.nettali.com\/2024\/07\/03\/afrique-du-sud-lathlete-jacques-freitag-crible-de-balles\/\"]}]},{\"@type\":\"BreadcrumbList\",\"@id\":\"https:\/\/www.nettali.com\/2024\/07\/03\/afrique-du-sud-lathlete-jacques-freitag-crible-de-balles\/#breadcrumb\",\"itemListElement\":[{\"@type\":\"ListItem\",\"position\":1,\"name\":\"Accueil\",\"item\":\"https:\/\/www.nettali.com\/\"},{\"@type\":\"ListItem\",\"position\":2,\"name\":\"AFRIQUE DU SUD - L'athl\\u00e8te Jacques Freitag cribl\\u00e9 de balles\"}]},{\"@type\":\"Person\",\"@id\":\"https:\/\/www.nettali.com\/#\/schema\/person\/bb147657c2986240405a608162b9bb23\",\"name\":\"Ibrahima\",\"image\":{\"@type\":\"ImageObject\",\"@id\":\"https:\/\/www.nettali.com\/#personlogo\",\"inLanguage\":\"fr-FR\",\"url\":\"https:\/\/secure.gravatar.com\/avatar\/26a8a81f09f0dd7624c9d5c36c9ba3a2?s=96&d=mm&r=g\",\"contentUrl\":\"https:\/\/secure.gravatar.com\/avatar\/26a8a81f09f0dd7624c9d5c36c9ba3a2?s=96&d=mm&r=g\",\"caption\":\"Ibrahima\"},\"sameAs\":[\"https:\/\/www.nettali.com\"]}]}<\/script>\n<!-- \/ Yoast SEO Premium plugin. -->","yoast_head_json":{"title":"AFRIQUE DU SUD - L'athl\u00e8te Jacques Freitag cribl\u00e9 de balles | Nettali.com","robots":{"index":"index","follow":"follow","max-snippet":"max-snippet:-1","max-image-preview":"max-image-preview:large","max-video-preview":"max-video-preview:-1"},"canonical":"https:\/\/www.nettali.com\/2024\/07\/03\/afrique-du-sud-lathlete-jacques-freitag-crible-de-balles\/","og_locale":"fr_FR","og_type":"article","og_title":"AFRIQUE DU SUD - L'athl\u00e8te Jacques Freitag cribl\u00e9 de balles","og_description":"NETTALI.COM - Jacques Freitag, le champion du monde 2003 sud-africain du saut en hauteur, a \u00e9t\u00e9 retrouv\u00e9 mort \u00e0 Pretoria, \u00e0 42 ans. Il a \u00e9t\u00e9 abattu, selon la presse sud-africaine. Le monde de l\u2019athl\u00e9tisme est en deuil. Les m\u00e9dias sud-africains rapportent ce mardi que le corps cribl\u00e9 de balles de Jacques Freitag a \u00e9t\u00e9 [&hellip;]","og_url":"https:\/\/www.nettali.com\/2024\/07\/03\/afrique-du-sud-lathlete-jacques-freitag-crible-de-balles\/","og_site_name":"Nettali.com","article_publisher":"https:\/\/www.facebook.com\/nettalicom","article_published_time":"2024-07-03T22:47:48+00:00","og_image":[{"width":1260,"height":708,"url":"https:\/\/www.nettali.com\/wp-content\/uploads\/2024\/07\/MjAyNDA3ZmIyYjFjOTA3ZGEyOTlkNGQ3MTA1NjEzOWYwZWIyOWU.jpeg","type":"image\/jpeg"}],"twitter_card":"summary_large_image","twitter_misc":{"\u00c9crit par":"Ibrahima","Dur\u00e9e de lecture estim\u00e9e":"3 minutes"},"schema":{"@context":"https:\/\/schema.org","@graph":[{"@type":"WebSite","@id":"https:\/\/www.nettali.com\/#website","url":"https:\/\/www.nettali.com\/","name":"Nettali.com","description":"Le rendez-vous critique du Net","potentialAction":[{"@type":"SearchAction","target":{"@type":"EntryPoint","urlTemplate":"https:\/\/www.nettali.com\/?s={search_term_string}"},"query-input":"required name=search_term_string"}],"inLanguage":"fr-FR"},{"@type":"ImageObject","@id":"https:\/\/www.nettali.com\/2024\/07\/03\/afrique-du-sud-lathlete-jacques-freitag-crible-de-balles\/#primaryimage","inLanguage":"fr-FR","url":"https:\/\/www.nettali.com\/wp-content\/uploads\/2024\/07\/MjAyNDA3ZmIyYjFjOTA3ZGEyOTlkNGQ3MTA1NjEzOWYwZWIyOWU.jpeg","contentUrl":"https:\/\/www.nettali.com\/wp-content\/uploads\/2024\/07\/MjAyNDA3ZmIyYjFjOTA3ZGEyOTlkNGQ3MTA1NjEzOWYwZWIyOWU.jpeg","width":1260,"height":708},{"@type":"WebPage","@id":"https:\/\/www.nettali.com\/2024\/07\/03\/afrique-du-sud-lathlete-jacques-freitag-crible-de-balles\/#webpage","url":"https:\/\/www.nettali.com\/2024\/07\/03\/afrique-du-sud-lathlete-jacques-freitag-crible-de-balles\/","name":"AFRIQUE DU SUD - L'athl\u00e8te Jacques Freitag cribl\u00e9 de balles | Nettali.com","isPartOf":{"@id":"https:\/\/www.nettali.com\/#website"},"primaryImageOfPage":{"@id":"https:\/\/www.nettali.com\/2024\/07\/03\/afrique-du-sud-lathlete-jacques-freitag-crible-de-balles\/#primaryimage"},"datePublished":"2024-07-03T22:47:48+00:00","dateModified":"2024-07-03T22:47:48+00:00","author":{"@id":"https:\/\/www.nettali.com\/#\/schema\/person\/bb147657c2986240405a608162b9bb23"},"breadcrumb":{"@id":"https:\/\/www.nettali.com\/2024\/07\/03\/afrique-du-sud-lathlete-jacques-freitag-crible-de-balles\/#breadcrumb"},"inLanguage":"fr-FR","potentialAction":[{"@type":"ReadAction","target":["https:\/\/www.nettali.com\/2024\/07\/03\/afrique-du-sud-lathlete-jacques-freitag-crible-de-balles\/"]}]},{"@type":"BreadcrumbList","@id":"https:\/\/www.nettali.com\/2024\/07\/03\/afrique-du-sud-lathlete-jacques-freitag-crible-de-balles\/#breadcrumb","itemListElement":[{"@type":"ListItem","position":1,"name":"Accueil","item":"https:\/\/www.nettali.com\/"},{"@type":"ListItem","position":2,"name":"AFRIQUE DU SUD - L'athl\u00e8te Jacques Freitag cribl\u00e9 de balles"}]},{"@type":"Person","@id":"https:\/\/www.nettali.com\/#\/schema\/person\/bb147657c2986240405a608162b9bb23","name":"Ibrahima","image":{"@type":"ImageObject","@id":"https:\/\/www.nettali.com\/#personlogo","inLanguage":"fr-FR","url":"https:\/\/secure.gravatar.com\/avatar\/26a8a81f09f0dd7624c9d5c36c9ba3a2?s=96&d=mm&r=g","contentUrl":"https:\/\/secure.gravatar.com\/avatar\/26a8a81f09f0dd7624c9d5c36c9ba3a2?s=96&d=mm&r=g","caption":"Ibrahima"},"sameAs":["https:\/\/www.nettali.com"]}]}},"_links":{"self":[{"href":"https:\/\/www.nettali.com\/rest\/wp\/v2\/posts\/136297"}],"collection":[{"href":"https:\/\/www.nettali.com\/rest\/wp\/v2\/posts"}],"about":[{"href":"https:\/\/www.nettali.com\/rest\/wp\/v2\/types\/post"}],"author":[{"embeddable":true,"href":"https:\/\/www.nettali.com\/rest\/wp\/v2\/users\/5"}],"replies":[{"embeddable":true,"href":"https:\/\/www.nettali.com\/rest\/wp\/v2\/comments?post=136297"}],"version-history":[{"count":1,"href":"https:\/\/www.nettali.com\/rest\/wp\/v2\/posts\/136297\/revisions"}],"predecessor-version":[{"id":136299,"href":"https:\/\/www.nettali.com\/rest\/wp\/v2\/posts\/136297\/revisions\/136299"}],"wp:featuredmedia":[{"embeddable":true,"href":"https:\/\/www.nettali.com\/rest\/wp\/v2\/media\/136280"}],"wp:attachment":[{"href":"https:\/\/www.nettali.com\/rest\/wp\/v2\/media?parent=136297"}],"wp:term":[{"taxonomy":"category","embeddable":true,"href":"https:\/\/www.nettali.com\/rest\/wp\/v2\/categories?post=136297"},{"taxonomy":"post_tag","embeddable":true,"href":"https:\/\/www.nettali.com\/rest\/wp\/v2\/tags?post=136297"}],"curies":[{"name":"wp","href":"https:\/\/api.w.org\/{rel}","templated":true}]}}