{"id":136246,"date":"2024-07-03T08:58:31","date_gmt":"2024-07-03T08:58:31","guid":{"rendered":"https:\/\/www.nettali.com\/?p=136246"},"modified":"2024-07-03T08:58:31","modified_gmt":"2024-07-03T08:58:31","slug":"concours-general-2024-le-prytanee-militaire-et-les-cours-prives-racine-scholl-tronent-en-tete","status":"publish","type":"post","link":"https:\/\/www.nettali.com\/2024\/07\/03\/concours-general-2024-le-prytanee-militaire-et-les-cours-prives-racine-scholl-tronent-en-tete\/","title":{"rendered":"CONCOURS GENERAL 2024 -\u00a0Le Prytan\u00e9e militaire et les Cours priv\u00e9s Racine Scholl tr\u00f4nent en t\u00eate"},"content":{"rendered":"<p><strong>NETTALI.COM - Les meilleurs \u00e9l\u00e8ves du Concours g\u00e9n\u00e9ral pour l\u2019ann\u00e9e 2024 sont connus. Le ministre de l\u2019\u00c9ducation nationale, Moustapha Guirassy, a donn\u00e9 les r\u00e9sultats. Dans le classement des laur\u00e9ats des classes de Terminales, c\u2019est Ahmadou Bachir Tour\u00e9, \u00e9l\u00e8ve au Prytan\u00e9e militaire Charles Tchor\u00e9r\u00e9 de Saint-Louis, qui sera honor\u00e9 avec un premier prix de G\u00e9ographie et un premier\u00a0prix d\u2019Histoire.\u00a0Chez les candidats en classe de Premi\u00e8res, c\u2019est Zeinab Di\u00e8ne Samb, \u00e9l\u00e8ve aux Cours priv\u00e9s Racine School de Dakar, qui sort du lot avec le premier prix de Math\u00e9matiques et un premier\u00a0prix de Sciences physiques. <\/strong><\/p>\n<p>Selon Moustapha Guirassy, la c\u00e9r\u00e9monie de distribution des prix aux laur\u00e9at(e)s se tiendra le jeudi 25 juillet 2024 au Grand Th\u00e9\u00e2tre Doudou Ndiaye Coumba Rose. Elle sera pr\u00e9sid\u00e9e par le Chef de l\u2019Etat Bassirou Diomaye Faye. Le discours d\u2019usage portera sur le th\u00e8me : <em>\u00abEnjeux, d\u00e9fis et perspectives pour une Ecole au service de la souverainet\u00e9 nationale.\u00bb<\/em><\/p>\n<p>Le ministre a inform\u00e9 que pour cette ann\u00e9e, le Concours a recens\u00e9<strong>\u00a0<\/strong>1 695<strong>\u00a0<\/strong>inscrits en classe de Premi\u00e8res, dont 1 039 (61,29%) filles et 656 gar\u00e7ons (Public et Priv\u00e9)\u00a0et 1 508<strong>\u00a0<\/strong>inscrits en Terminales, dont 826 filles (54,77%) et 678 gar\u00e7ons<strong>\u00a0<\/strong>(Public et Priv\u00e9).<strong>\u00a0<\/strong>\u00abAu titre des distinctions,<strong>\u00a0<\/strong>nous avons enregistr\u00e9 au total 112 distinctions, dont 64 prix et 48 accessits.<strong>\u00a0<\/strong>En fonction des niveaux, on note\u00a063<strong>\u00a0<\/strong>distinctions en Premi\u00e8res, 49<strong>\u00a0<\/strong>en<strong>\u00a0<\/strong>Terminales\u00bb, signale le ministre.<strong>\u00a0<\/strong><\/p>\n<p>Par rapport au statut, en Premi\u00e8res, c\u2019est le public qui domine avec 59 prix et 09 pour le priv\u00e9. De m\u00eame qu\u2019en Terminales avec 41 prix pour le public et 08 pour le priv\u00e9. Au total, on d\u00e9nombre 95 distinctions pour le public,<strong>\u00a0<\/strong>soit un pourcentage de 84,82%, et 17<strong>\u00a0<\/strong>distinctions pour le priv\u00e9, soit 15,17%.<strong>\u00a0<\/strong><\/p>\n<p>Selon le sexe, les filles coiffent au poteau les gar\u00e7ons avec au totale 57 distinctions, dont 32 prix et 25 accessits. Quant aux gar\u00e7ons, ils ont obtenu<strong>\u00a0<\/strong>55 distinctions, dont 32 prix et 23 accessits. Concernant les laur\u00e9ats, ils sont au nombre de 100, dont 53 filles, soit 53%, et 47 gar\u00e7ons, soit 47%.<\/p>\n<p>Cette ann\u00e9e, les \u00e9preuves portaient sur 32 disciplines, dont les langues (l\u2019allemand, le fran\u00e7ais, l\u2019anglais, l\u2019arabe\u2026), la citoyennet\u00e9 et les droits de l\u2019homme, l\u2019\u00e9ducation physique et sportive, l\u2019histoire et la g\u00e9ographie, les math\u00e9matiques, les sciences de la vie et de la terre, la construction m\u00e9canique, la dissertation philosophique, l\u2019\u00e9lectronique et l\u2019\u00e9lectrotechnique, les \u00e9tudes islamiques,\u2026 Entre autres innovations de la c\u00e9r\u00e9monie de distribution des prix, le ministre annonce la mise sur pied d\u2019une plateforme pour retracer tous les laur\u00e9ats du Concours g\u00e9n\u00e9ral depuis la premi\u00e8re \u00e9dition en 1966 \u00e0 nos jours.<\/p>\n<div class='share-to-whatsapp-wrapper'><div class='share-on-whsp'>PARTAGER SUR : <\/div><a data-text='CONCOURS GENERAL 2024 -\u00a0Le Prytan\u00e9e militaire et les Cours priv\u00e9s Racine Scholl tr\u00f4nent en t\u00eate' data-link='https:\/\/www.nettali.com\/2024\/07\/03\/concours-general-2024-le-prytanee-militaire-et-les-cours-prives-racine-scholl-tronent-en-tete\/' class='whatsapp-button whatsapp-share'>WhatsApp<\/a><div class='clear '><\/div><\/div>","protected":false},"excerpt":{"rendered":"<p>NETTALI.COM - Les meilleurs \u00e9l\u00e8ves du Concours g\u00e9n\u00e9ral pour l\u2019ann\u00e9e 2024 sont connus. Le ministre de l\u2019\u00c9ducation nationale, Moustapha Guirassy, a donn\u00e9 les r\u00e9sultats. Dans le classement des laur\u00e9ats des classes de Terminales, c\u2019est Ahmadou Bachir Tour\u00e9, \u00e9l\u00e8ve au Prytan\u00e9e militaire Charles Tchor\u00e9r\u00e9 de Saint-Louis, qui sera honor\u00e9 avec un premier prix de G\u00e9ographie et [&hellip;]<\/p>\n","protected":false},"author":4,"featured_media":69907,"comment_status":"open","ping_status":"open","sticky":false,"template":"","format":"standard","meta":{"_et_pb_use_builder":"","_et_pb_old_content":""},"categories":[3],"tags":[],"yoast_head":"<!-- This site is optimized with the Yoast SEO Premium plugin v17.8 (Yoast SEO v17.8) - https:\/\/yoast.com\/wordpress\/plugins\/seo\/ -->\n<title>CONCOURS GENERAL 2024 -\u00a0Le Prytan\u00e9e militaire et les Cours priv\u00e9s Racine Scholl tr\u00f4nent en t\u00eate | Nettali.com<\/title>\n<meta name=\"robots\" content=\"index, follow, max-snippet:-1, max-image-preview:large, max-video-preview:-1\" \/>\n<link rel=\"canonical\" href=\"https:\/\/www.nettali.com\/2024\/07\/03\/concours-general-2024-le-prytanee-militaire-et-les-cours-prives-racine-scholl-tronent-en-tete\/\" \/>\n<meta property=\"og:locale\" content=\"fr_FR\" \/>\n<meta property=\"og:type\" content=\"article\" \/>\n<meta property=\"og:title\" content=\"CONCOURS GENERAL 2024 -\u00a0Le Prytan\u00e9e militaire et les Cours priv\u00e9s Racine Scholl tr\u00f4nent en t\u00eate\" \/>\n<meta property=\"og:description\" content=\"NETTALI.COM - Les meilleurs \u00e9l\u00e8ves du Concours g\u00e9n\u00e9ral pour l\u2019ann\u00e9e 2024 sont connus. Le ministre de l\u2019\u00c9ducation nationale, Moustapha Guirassy, a donn\u00e9 les r\u00e9sultats. Dans le classement des laur\u00e9ats des classes de Terminales, c\u2019est Ahmadou Bachir Tour\u00e9, \u00e9l\u00e8ve au Prytan\u00e9e militaire Charles Tchor\u00e9r\u00e9 de Saint-Louis, qui sera honor\u00e9 avec un premier prix de G\u00e9ographie et [&hellip;]\" \/>\n<meta property=\"og:url\" content=\"https:\/\/www.nettali.com\/2024\/07\/03\/concours-general-2024-le-prytanee-militaire-et-les-cours-prives-racine-scholl-tronent-en-tete\/\" \/>\n<meta property=\"og:site_name\" content=\"Nettali.com\" \/>\n<meta property=\"article:publisher\" content=\"https:\/\/www.facebook.com\/nettalicom\" \/>\n<meta property=\"article:published_time\" content=\"2024-07-03T08:58:31+00:00\" \/>\n<meta property=\"og:image\" content=\"https:\/\/www.nettali.com\/wp-content\/uploads\/2021\/08\/Prytanee_Militaire_Ndar-10-22-2014_10.22.41_0.jpg\" \/>\n\t<meta property=\"og:image:width\" content=\"800\" \/>\n\t<meta property=\"og:image:height\" content=\"532\" \/>\n<meta name=\"twitter:card\" content=\"summary_large_image\" \/>\n<meta name=\"twitter:label1\" content=\"\u00c9crit par\" \/>\n\t<meta name=\"twitter:data1\" content=\"Daouda\" \/>\n\t<meta name=\"twitter:label2\" content=\"Dur\u00e9e de lecture estim\u00e9e\" \/>\n\t<meta name=\"twitter:data2\" content=\"3 minutes\" \/>\n<script type=\"application\/ld+json\" class=\"yoast-schema-graph\">{\"@context\":\"https:\/\/schema.org\",\"@graph\":[{\"@type\":\"WebSite\",\"@id\":\"https:\/\/www.nettali.com\/#website\",\"url\":\"https:\/\/www.nettali.com\/\",\"name\":\"Nettali.com\",\"description\":\"Le rendez-vous critique du Net\",\"potentialAction\":[{\"@type\":\"SearchAction\",\"target\":{\"@type\":\"EntryPoint\",\"urlTemplate\":\"https:\/\/www.nettali.com\/?s={search_term_string}\"},\"query-input\":\"required name=search_term_string\"}],\"inLanguage\":\"fr-FR\"},{\"@type\":\"ImageObject\",\"@id\":\"https:\/\/www.nettali.com\/2024\/07\/03\/concours-general-2024-le-prytanee-militaire-et-les-cours-prives-racine-scholl-tronent-en-tete\/#primaryimage\",\"inLanguage\":\"fr-FR\",\"url\":\"https:\/\/www.nettali.com\/wp-content\/uploads\/2021\/08\/Prytanee_Militaire_Ndar-10-22-2014_10.22.41_0.jpg\",\"contentUrl\":\"https:\/\/www.nettali.com\/wp-content\/uploads\/2021\/08\/Prytanee_Militaire_Ndar-10-22-2014_10.22.41_0.jpg\",\"width\":800,\"height\":532},{\"@type\":\"WebPage\",\"@id\":\"https:\/\/www.nettali.com\/2024\/07\/03\/concours-general-2024-le-prytanee-militaire-et-les-cours-prives-racine-scholl-tronent-en-tete\/#webpage\",\"url\":\"https:\/\/www.nettali.com\/2024\/07\/03\/concours-general-2024-le-prytanee-militaire-et-les-cours-prives-racine-scholl-tronent-en-tete\/\",\"name\":\"CONCOURS GENERAL 2024 -\\u00a0Le Prytan\\u00e9e militaire et les Cours priv\\u00e9s Racine Scholl tr\\u00f4nent en t\\u00eate | Nettali.com\",\"isPartOf\":{\"@id\":\"https:\/\/www.nettali.com\/#website\"},\"primaryImageOfPage\":{\"@id\":\"https:\/\/www.nettali.com\/2024\/07\/03\/concours-general-2024-le-prytanee-militaire-et-les-cours-prives-racine-scholl-tronent-en-tete\/#primaryimage\"},\"datePublished\":\"2024-07-03T08:58:31+00:00\",\"dateModified\":\"2024-07-03T08:58:31+00:00\",\"author\":{\"@id\":\"https:\/\/www.nettali.com\/#\/schema\/person\/3317e0bb3aa1da309fbf7b2780901bf4\"},\"breadcrumb\":{\"@id\":\"https:\/\/www.nettali.com\/2024\/07\/03\/concours-general-2024-le-prytanee-militaire-et-les-cours-prives-racine-scholl-tronent-en-tete\/#breadcrumb\"},\"inLanguage\":\"fr-FR\",\"potentialAction\":[{\"@type\":\"ReadAction\",\"target\":[\"https:\/\/www.nettali.com\/2024\/07\/03\/concours-general-2024-le-prytanee-militaire-et-les-cours-prives-racine-scholl-tronent-en-tete\/\"]}]},{\"@type\":\"BreadcrumbList\",\"@id\":\"https:\/\/www.nettali.com\/2024\/07\/03\/concours-general-2024-le-prytanee-militaire-et-les-cours-prives-racine-scholl-tronent-en-tete\/#breadcrumb\",\"itemListElement\":[{\"@type\":\"ListItem\",\"position\":1,\"name\":\"Accueil\",\"item\":\"https:\/\/www.nettali.com\/\"},{\"@type\":\"ListItem\",\"position\":2,\"name\":\"CONCOURS GENERAL 2024 -\\u00a0Le Prytan\\u00e9e militaire et les Cours priv\\u00e9s Racine Scholl tr\\u00f4nent en t\\u00eate\"}]},{\"@type\":\"Person\",\"@id\":\"https:\/\/www.nettali.com\/#\/schema\/person\/3317e0bb3aa1da309fbf7b2780901bf4\",\"name\":\"Daouda\",\"image\":{\"@type\":\"ImageObject\",\"@id\":\"https:\/\/www.nettali.com\/#personlogo\",\"inLanguage\":\"fr-FR\",\"url\":\"https:\/\/secure.gravatar.com\/avatar\/8d143b5a49345098ddcfee1c49c2f47c?s=96&d=mm&r=g\",\"contentUrl\":\"https:\/\/secure.gravatar.com\/avatar\/8d143b5a49345098ddcfee1c49c2f47c?s=96&d=mm&r=g\",\"caption\":\"Daouda\"},\"sameAs\":[\"https:\/\/www.nettali.com\"]}]}<\/script>\n<!-- \/ Yoast SEO Premium plugin. -->","yoast_head_json":{"title":"CONCOURS GENERAL 2024 -\u00a0Le Prytan\u00e9e militaire et les Cours priv\u00e9s Racine Scholl tr\u00f4nent en t\u00eate | Nettali.com","robots":{"index":"index","follow":"follow","max-snippet":"max-snippet:-1","max-image-preview":"max-image-preview:large","max-video-preview":"max-video-preview:-1"},"canonical":"https:\/\/www.nettali.com\/2024\/07\/03\/concours-general-2024-le-prytanee-militaire-et-les-cours-prives-racine-scholl-tronent-en-tete\/","og_locale":"fr_FR","og_type":"article","og_title":"CONCOURS GENERAL 2024 -\u00a0Le Prytan\u00e9e militaire et les Cours priv\u00e9s Racine Scholl tr\u00f4nent en t\u00eate","og_description":"NETTALI.COM - Les meilleurs \u00e9l\u00e8ves du Concours g\u00e9n\u00e9ral pour l\u2019ann\u00e9e 2024 sont connus. Le ministre de l\u2019\u00c9ducation nationale, Moustapha Guirassy, a donn\u00e9 les r\u00e9sultats. Dans le classement des laur\u00e9ats des classes de Terminales, c\u2019est Ahmadou Bachir Tour\u00e9, \u00e9l\u00e8ve au Prytan\u00e9e militaire Charles Tchor\u00e9r\u00e9 de Saint-Louis, qui sera honor\u00e9 avec un premier prix de G\u00e9ographie et [&hellip;]","og_url":"https:\/\/www.nettali.com\/2024\/07\/03\/concours-general-2024-le-prytanee-militaire-et-les-cours-prives-racine-scholl-tronent-en-tete\/","og_site_name":"Nettali.com","article_publisher":"https:\/\/www.facebook.com\/nettalicom","article_published_time":"2024-07-03T08:58:31+00:00","og_image":[{"width":800,"height":532,"url":"https:\/\/www.nettali.com\/wp-content\/uploads\/2021\/08\/Prytanee_Militaire_Ndar-10-22-2014_10.22.41_0.jpg","type":"image\/jpeg"}],"twitter_card":"summary_large_image","twitter_misc":{"\u00c9crit par":"Daouda","Dur\u00e9e de lecture estim\u00e9e":"3 minutes"},"schema":{"@context":"https:\/\/schema.org","@graph":[{"@type":"WebSite","@id":"https:\/\/www.nettali.com\/#website","url":"https:\/\/www.nettali.com\/","name":"Nettali.com","description":"Le rendez-vous critique du Net","potentialAction":[{"@type":"SearchAction","target":{"@type":"EntryPoint","urlTemplate":"https:\/\/www.nettali.com\/?s={search_term_string}"},"query-input":"required name=search_term_string"}],"inLanguage":"fr-FR"},{"@type":"ImageObject","@id":"https:\/\/www.nettali.com\/2024\/07\/03\/concours-general-2024-le-prytanee-militaire-et-les-cours-prives-racine-scholl-tronent-en-tete\/#primaryimage","inLanguage":"fr-FR","url":"https:\/\/www.nettali.com\/wp-content\/uploads\/2021\/08\/Prytanee_Militaire_Ndar-10-22-2014_10.22.41_0.jpg","contentUrl":"https:\/\/www.nettali.com\/wp-content\/uploads\/2021\/08\/Prytanee_Militaire_Ndar-10-22-2014_10.22.41_0.jpg","width":800,"height":532},{"@type":"WebPage","@id":"https:\/\/www.nettali.com\/2024\/07\/03\/concours-general-2024-le-prytanee-militaire-et-les-cours-prives-racine-scholl-tronent-en-tete\/#webpage","url":"https:\/\/www.nettali.com\/2024\/07\/03\/concours-general-2024-le-prytanee-militaire-et-les-cours-prives-racine-scholl-tronent-en-tete\/","name":"CONCOURS GENERAL 2024 -\u00a0Le Prytan\u00e9e militaire et les Cours priv\u00e9s Racine Scholl tr\u00f4nent en t\u00eate | Nettali.com","isPartOf":{"@id":"https:\/\/www.nettali.com\/#website"},"primaryImageOfPage":{"@id":"https:\/\/www.nettali.com\/2024\/07\/03\/concours-general-2024-le-prytanee-militaire-et-les-cours-prives-racine-scholl-tronent-en-tete\/#primaryimage"},"datePublished":"2024-07-03T08:58:31+00:00","dateModified":"2024-07-03T08:58:31+00:00","author":{"@id":"https:\/\/www.nettali.com\/#\/schema\/person\/3317e0bb3aa1da309fbf7b2780901bf4"},"breadcrumb":{"@id":"https:\/\/www.nettali.com\/2024\/07\/03\/concours-general-2024-le-prytanee-militaire-et-les-cours-prives-racine-scholl-tronent-en-tete\/#breadcrumb"},"inLanguage":"fr-FR","potentialAction":[{"@type":"ReadAction","target":["https:\/\/www.nettali.com\/2024\/07\/03\/concours-general-2024-le-prytanee-militaire-et-les-cours-prives-racine-scholl-tronent-en-tete\/"]}]},{"@type":"BreadcrumbList","@id":"https:\/\/www.nettali.com\/2024\/07\/03\/concours-general-2024-le-prytanee-militaire-et-les-cours-prives-racine-scholl-tronent-en-tete\/#breadcrumb","itemListElement":[{"@type":"ListItem","position":1,"name":"Accueil","item":"https:\/\/www.nettali.com\/"},{"@type":"ListItem","position":2,"name":"CONCOURS GENERAL 2024 -\u00a0Le Prytan\u00e9e militaire et les Cours priv\u00e9s Racine Scholl tr\u00f4nent en t\u00eate"}]},{"@type":"Person","@id":"https:\/\/www.nettali.com\/#\/schema\/person\/3317e0bb3aa1da309fbf7b2780901bf4","name":"Daouda","image":{"@type":"ImageObject","@id":"https:\/\/www.nettali.com\/#personlogo","inLanguage":"fr-FR","url":"https:\/\/secure.gravatar.com\/avatar\/8d143b5a49345098ddcfee1c49c2f47c?s=96&d=mm&r=g","contentUrl":"https:\/\/secure.gravatar.com\/avatar\/8d143b5a49345098ddcfee1c49c2f47c?s=96&d=mm&r=g","caption":"Daouda"},"sameAs":["https:\/\/www.nettali.com"]}]}},"_links":{"self":[{"href":"https:\/\/www.nettali.com\/rest\/wp\/v2\/posts\/136246"}],"collection":[{"href":"https:\/\/www.nettali.com\/rest\/wp\/v2\/posts"}],"about":[{"href":"https:\/\/www.nettali.com\/rest\/wp\/v2\/types\/post"}],"author":[{"embeddable":true,"href":"https:\/\/www.nettali.com\/rest\/wp\/v2\/users\/4"}],"replies":[{"embeddable":true,"href":"https:\/\/www.nettali.com\/rest\/wp\/v2\/comments?post=136246"}],"version-history":[{"count":1,"href":"https:\/\/www.nettali.com\/rest\/wp\/v2\/posts\/136246\/revisions"}],"predecessor-version":[{"id":136247,"href":"https:\/\/www.nettali.com\/rest\/wp\/v2\/posts\/136246\/revisions\/136247"}],"wp:featuredmedia":[{"embeddable":true,"href":"https:\/\/www.nettali.com\/rest\/wp\/v2\/media\/69907"}],"wp:attachment":[{"href":"https:\/\/www.nettali.com\/rest\/wp\/v2\/media?parent=136246"}],"wp:term":[{"taxonomy":"category","embeddable":true,"href":"https:\/\/www.nettali.com\/rest\/wp\/v2\/categories?post=136246"},{"taxonomy":"post_tag","embeddable":true,"href":"https:\/\/www.nettali.com\/rest\/wp\/v2\/tags?post=136246"}],"curies":[{"name":"wp","href":"https:\/\/api.w.org\/{rel}","templated":true}]}}