{"id":136240,"date":"2024-07-03T08:44:46","date_gmt":"2024-07-03T08:44:46","guid":{"rendered":"https:\/\/www.nettali.com\/?p=136240"},"modified":"2024-07-03T08:44:46","modified_gmt":"2024-07-03T08:44:46","slug":"le-ministre-du-travail-ordonne-la-fin-immediate-des-contrats-de-prestation-de-services-signes-par-le-magasin-exclusive","status":"publish","type":"post","link":"https:\/\/www.nettali.com\/2024\/07\/03\/le-ministre-du-travail-ordonne-la-fin-immediate-des-contrats-de-prestation-de-services-signes-par-le-magasin-exclusive\/","title":{"rendered":"Le ministre du Travail ordonne \"la fin imm\u00e9diate\u2019\u2019 des contrats de prestation de services sign\u00e9s par le magasin Exclusive"},"content":{"rendered":"<p><strong>NETTALI.COM - Le ministre du Travail, de l\u2019Emploi et des Relations avec les institutions, Yankhoba Di\u00e9m\u00e9, a ordonn\u00e9, mardi, \u00ab la fin imm\u00e9diate\u2019\u2019 des contrats de prestation de services offerts \u00e0 des employ\u00e9s par le supermarch\u00e9 Exclusive.<\/strong><\/p>\n<p>Il a pris cette d\u00e9cision \u00e0 l\u2019occasion d\u2019une tourn\u00e9e d\u2019inspection effectu\u00e9e de mani\u00e8re inopin\u00e9e dans quelques entreprises, dont cette enseigne sp\u00e9cialis\u00e9e dans le commerce des produits alimentaires, pour voir si elles respectent ou pas le Code du travail et les r\u00e8gles d\u2019hygi\u00e8ne et de s\u00e9curit\u00e9.<\/p>\n<p>S\u2019exprimant en pr\u00e9sence des responsables de ce supermarch\u00e9, M. Di\u00e9m\u00e9 a exig\u00e9 d\u2019eux \u2018\u2019la fin imm\u00e9diate\u2019\u2019 des contrats de prestation de services offerts \u00e0 des employ\u00e9s. Il juge les contrats en question non conformes \u00e0 la l\u00e9gislation du travail au S\u00e9n\u00e9gal.<\/p>\n<p>Accompagn\u00e9 d\u2019inspecteurs du travail lors de sa visite, Yankhoba Di\u00e9m\u00e9 a recommand\u00e9 aux dirigeants du supermarch\u00e9 de d\u00e9rouler \u00ab\u00a0un plan de r\u00e9gularisation\u2019\u2019 des contrats de certains employ\u00e9s et de \u2018\u2019corriger les impairs\u2019\u2019 signal\u00e9s.<\/p>\n<p>Le ministre du Travail, de l\u2019Emploi et des Relations avec les institutions les invite aussi \u00e0 respecter les droits de leurs quelque 300 employ\u00e9s.<\/p>\n<p>Il leur a demand\u00e9 de lui faire parvenir dans un d\u00e9lai de dix jours les contrats des employ\u00e9s non-s\u00e9n\u00e9galais de l\u2019enseigne. <em>\u00ab\u00a0En vertu de la loi sur le contenu local, je veux recevoir les contrats des expatri\u00e9s dans un d\u00e9lai de dix jours, pour les \u00e9tudier et savoir si les postes concern\u00e9s [sont] facilement trouvables sur le march\u00e9 national ou pas\u2019\u2019<\/em>, a dit Yankhoba Di\u00e9m\u00e9.<\/p>\n<p>Il a salu\u00e9 les \u00ab\u00a0efforts\u2019\u2019 fournis par la m\u00eame entreprise pour le respect de 11 recommandations de l\u2019inspection du travail. Les dirigeants du supermarch\u00e9 Exclusif <em>\u00ab\u00a0ont fait l\u2019effort de r\u00e9gulariser les contrats d\u2019une cinquantaine d\u2019employ\u00e9s sur un total de pr\u00e8s de 300\u2019\u2019<\/em>, a-t-il reconnu.<\/p>\n<ol>\n<li>Di\u00e9m\u00e9 dit avoir not\u00e9 que les heures suppl\u00e9mentaires et les primes d\u2019encouragement sont \u00e9galement pay\u00e9es aux travailleurs de cette enseigne.<\/li>\n<\/ol>\n<p>La directrice des ressources humaines du magasin Exclusif, Nd\u00e8ye Fatou Diouf, assure avoir not\u00e9 les recommandations du ministre et a promis de veiller \u00e0 leur ex\u00e9cution.<\/p>\n<p>L\u2019enseigne est \u00e0 jour, concernant le paiement des heures suppl\u00e9mentaires, a-t-elle dit.<\/p>\n<p><em>\u00abOn va rem\u00e9dier au manque d\u2019eau et veiller \u00e0 ce que les travailleurs aient des chaussures de s\u00e9curit\u00e9 et de tenues de travail\u2019\u2019<\/em>, a promis Mme Diouf en parlant des observations faites par Yankhoba Di\u00e9m\u00e9 et les inspecteurs du travail, en ce qui concerne les normes d\u2019hygi\u00e8ne et de s\u00e9curit\u00e9.<\/p>\n<p>Les contrats des travailleurs non-s\u00e9n\u00e9galais de l\u2019entreprise seront remis au ministre dans le respect du d\u00e9lai indiqu\u00e9 par ce dernier, selon Nd\u00e8ye Fatou Diouf.<\/p>\n<p>Yankhoba Di\u00e9m\u00e9 a rendu visite aussi aux dirigeants du Syndicat des auxiliaires de transport du S\u00e9n\u00e9gal, au Port autonome de Dakar.<\/p>\n<p><em>\u00ab\u00a0On doit r\u00e9soudre ces probl\u00e8mes pour [\u2026] \u00eatre davantage dans la l\u00e9galit\u00e9, pour que les travailleurs puissent s\u2019\u00e9panouir\u2019\u2019<\/em>, a dit le ministre.<\/p>\n<p><em>\u00ab\u00a0On peut mieux faire en termes de s\u00e9curit\u00e9 et d\u2019hygi\u00e8ne. Beaucoup de choses doivent \u00eatre am\u00e9lior\u00e9es, concernant la s\u00e9curit\u00e9 surtout\u2019\u2019<\/em>, a dit Yankhoba Di\u00e9m\u00e9 \u00e0 la suite de son entretien avec les leaders dudit syndicat.<\/p>\n<p>Des ouvriers membres de ce syndicat ont d\u00e9cri\u00e9 leurs conditions de travail.<\/p>\n<p><em>\u00ab\u00a0Nous souffrons le calvaire ici [\u2026] Nous n\u2019avons m\u00eame de mat\u00e9riel de protection. Nous d\u00e9chargeons 42 tonnes en onze jours, une t\u00e2che pr\u00e9vue normalement pour une dur\u00e9e deux \u00e0 trois mois\u2019\u2019<\/em>, s\u2019est alarm\u00e9 un docker membre du Syndicat des auxiliaires de transport du S\u00e9n\u00e9gal.<\/p>\n<p>Daouda Gu\u00e8ye, l\u2019un des dockers, a d\u00e9nonc\u00e9 \u2018\u2019les salaires de mis\u00e8re\u2019\u2019 qui leur sont pay\u00e9s. Ils ne b\u00e9n\u00e9ficient pas d\u2019une prise en charge m\u00e9dicale, selon lui.<\/p>\n<p><em>\u00ab\u00a0L\u2019entreprise qui les emploie n\u2019est pas l\u00e9galement reconnue comme telle\u2019\u2019<\/em>, a signal\u00e9 T\u00e8ne Diouf, l\u2019un des inspecteurs du travail dont \u00e9tait accompagn\u00e9 le ministre du Travail, de l\u2019Emploi et des Relations avec les institutions.<\/p>\n<ol>\n<li>Diouf a recommand\u00e9 \u00e0 l\u2019employeur des dockers de faire les d\u00e9marches n\u00e9cessaires pour faire travailler l\u00e9galement les ouvriers.<\/li>\n<\/ol>\n<p>Yankhoba Di\u00e9m\u00e9 a promis de rendre visite \u00e0 d\u2019autres entreprises et syndicats de travailleurs pour savoir si le Code du travail et les normes d\u2019hygi\u00e8ne et de s\u00e9curit\u00e9 sont respect\u00e9s ou pas.<\/p>\n<p><em>\u00ab\u00a0Nous avons entam\u00e9 des visites aupr\u00e8s des entreprises pour nous assurer de leur conformit\u00e9 avec le Code du travail et les r\u00e8gles d\u2019hygi\u00e8ne et de s\u00e9curit\u00e9\u2019\u2019<\/em>, a-t-il dit aux journalistes.<\/p>\n<p>&nbsp;<\/p>\n<div class='share-to-whatsapp-wrapper'><div class='share-on-whsp'>PARTAGER SUR : <\/div><a data-text='Le ministre du Travail ordonne \"la fin imm\u00e9diate\u2019\u2019 des contrats de prestation de services sign\u00e9s par le magasin Exclusive' data-link='https:\/\/www.nettali.com\/2024\/07\/03\/le-ministre-du-travail-ordonne-la-fin-immediate-des-contrats-de-prestation-de-services-signes-par-le-magasin-exclusive\/' class='whatsapp-button whatsapp-share'>WhatsApp<\/a><div class='clear '><\/div><\/div>","protected":false},"excerpt":{"rendered":"<p>NETTALI.COM - Le ministre du Travail, de l\u2019Emploi et des Relations avec les institutions, Yankhoba Di\u00e9m\u00e9, a ordonn\u00e9, mardi, \u00ab la fin imm\u00e9diate\u2019\u2019 des contrats de prestation de services offerts \u00e0 des employ\u00e9s par le supermarch\u00e9 Exclusive. Il a pris cette d\u00e9cision \u00e0 l\u2019occasion d\u2019une tourn\u00e9e d\u2019inspection effectu\u00e9e de mani\u00e8re inopin\u00e9e dans quelques entreprises, dont [&hellip;]<\/p>\n","protected":false},"author":4,"featured_media":136241,"comment_status":"open","ping_status":"open","sticky":false,"template":"","format":"standard","meta":{"_et_pb_use_builder":"","_et_pb_old_content":""},"categories":[3],"tags":[],"yoast_head":"<!-- This site is optimized with the Yoast SEO Premium plugin v17.8 (Yoast SEO v17.8) - https:\/\/yoast.com\/wordpress\/plugins\/seo\/ -->\n<title>Le ministre du Travail ordonne &quot;la fin imm\u00e9diate\u2019\u2019 des contrats de prestation de services sign\u00e9s par le magasin Exclusive | Nettali.com<\/title>\n<meta name=\"robots\" content=\"index, follow, max-snippet:-1, max-image-preview:large, max-video-preview:-1\" \/>\n<link rel=\"canonical\" href=\"https:\/\/www.nettali.com\/2024\/07\/03\/le-ministre-du-travail-ordonne-la-fin-immediate-des-contrats-de-prestation-de-services-signes-par-le-magasin-exclusive\/\" \/>\n<meta property=\"og:locale\" content=\"fr_FR\" \/>\n<meta property=\"og:type\" content=\"article\" \/>\n<meta property=\"og:title\" content=\"Le ministre du Travail ordonne &quot;la fin imm\u00e9diate\u2019\u2019 des contrats de prestation de services sign\u00e9s par le magasin Exclusive\" \/>\n<meta property=\"og:description\" content=\"NETTALI.COM - Le ministre du Travail, de l\u2019Emploi et des Relations avec les institutions, Yankhoba Di\u00e9m\u00e9, a ordonn\u00e9, mardi, \u00ab la fin imm\u00e9diate\u2019\u2019 des contrats de prestation de services offerts \u00e0 des employ\u00e9s par le supermarch\u00e9 Exclusive. Il a pris cette d\u00e9cision \u00e0 l\u2019occasion d\u2019une tourn\u00e9e d\u2019inspection effectu\u00e9e de mani\u00e8re inopin\u00e9e dans quelques entreprises, dont [&hellip;]\" \/>\n<meta property=\"og:url\" content=\"https:\/\/www.nettali.com\/2024\/07\/03\/le-ministre-du-travail-ordonne-la-fin-immediate-des-contrats-de-prestation-de-services-signes-par-le-magasin-exclusive\/\" \/>\n<meta property=\"og:site_name\" content=\"Nettali.com\" \/>\n<meta property=\"article:publisher\" content=\"https:\/\/www.facebook.com\/nettalicom\" \/>\n<meta property=\"article:published_time\" content=\"2024-07-03T08:44:46+00:00\" \/>\n<meta property=\"og:image\" content=\"https:\/\/www.nettali.com\/wp-content\/uploads\/2024\/07\/hypermarche\u0301-exclusive.jpeg\" \/>\n\t<meta property=\"og:image:width\" content=\"824\" \/>\n\t<meta property=\"og:image:height\" content=\"568\" \/>\n<meta name=\"twitter:card\" content=\"summary_large_image\" \/>\n<meta name=\"twitter:label1\" content=\"\u00c9crit par\" \/>\n\t<meta name=\"twitter:data1\" content=\"Daouda\" \/>\n\t<meta name=\"twitter:label2\" content=\"Dur\u00e9e de lecture estim\u00e9e\" \/>\n\t<meta name=\"twitter:data2\" content=\"4 minutes\" \/>\n<script type=\"application\/ld+json\" class=\"yoast-schema-graph\">{\"@context\":\"https:\/\/schema.org\",\"@graph\":[{\"@type\":\"WebSite\",\"@id\":\"https:\/\/www.nettali.com\/#website\",\"url\":\"https:\/\/www.nettali.com\/\",\"name\":\"Nettali.com\",\"description\":\"Le rendez-vous critique du Net\",\"potentialAction\":[{\"@type\":\"SearchAction\",\"target\":{\"@type\":\"EntryPoint\",\"urlTemplate\":\"https:\/\/www.nettali.com\/?s={search_term_string}\"},\"query-input\":\"required name=search_term_string\"}],\"inLanguage\":\"fr-FR\"},{\"@type\":\"ImageObject\",\"@id\":\"https:\/\/www.nettali.com\/2024\/07\/03\/le-ministre-du-travail-ordonne-la-fin-immediate-des-contrats-de-prestation-de-services-signes-par-le-magasin-exclusive\/#primaryimage\",\"inLanguage\":\"fr-FR\",\"url\":\"https:\/\/www.nettali.com\/wp-content\/uploads\/2024\/07\/hypermarche\\u0301-exclusive.jpeg\",\"contentUrl\":\"https:\/\/www.nettali.com\/wp-content\/uploads\/2024\/07\/hypermarche\\u0301-exclusive.jpeg\",\"width\":824,\"height\":568},{\"@type\":\"WebPage\",\"@id\":\"https:\/\/www.nettali.com\/2024\/07\/03\/le-ministre-du-travail-ordonne-la-fin-immediate-des-contrats-de-prestation-de-services-signes-par-le-magasin-exclusive\/#webpage\",\"url\":\"https:\/\/www.nettali.com\/2024\/07\/03\/le-ministre-du-travail-ordonne-la-fin-immediate-des-contrats-de-prestation-de-services-signes-par-le-magasin-exclusive\/\",\"name\":\"Le ministre du Travail ordonne \\\"la fin imm\\u00e9diate\\u2019\\u2019 des contrats de prestation de services sign\\u00e9s par le magasin Exclusive | Nettali.com\",\"isPartOf\":{\"@id\":\"https:\/\/www.nettali.com\/#website\"},\"primaryImageOfPage\":{\"@id\":\"https:\/\/www.nettali.com\/2024\/07\/03\/le-ministre-du-travail-ordonne-la-fin-immediate-des-contrats-de-prestation-de-services-signes-par-le-magasin-exclusive\/#primaryimage\"},\"datePublished\":\"2024-07-03T08:44:46+00:00\",\"dateModified\":\"2024-07-03T08:44:46+00:00\",\"author\":{\"@id\":\"https:\/\/www.nettali.com\/#\/schema\/person\/3317e0bb3aa1da309fbf7b2780901bf4\"},\"breadcrumb\":{\"@id\":\"https:\/\/www.nettali.com\/2024\/07\/03\/le-ministre-du-travail-ordonne-la-fin-immediate-des-contrats-de-prestation-de-services-signes-par-le-magasin-exclusive\/#breadcrumb\"},\"inLanguage\":\"fr-FR\",\"potentialAction\":[{\"@type\":\"ReadAction\",\"target\":[\"https:\/\/www.nettali.com\/2024\/07\/03\/le-ministre-du-travail-ordonne-la-fin-immediate-des-contrats-de-prestation-de-services-signes-par-le-magasin-exclusive\/\"]}]},{\"@type\":\"BreadcrumbList\",\"@id\":\"https:\/\/www.nettali.com\/2024\/07\/03\/le-ministre-du-travail-ordonne-la-fin-immediate-des-contrats-de-prestation-de-services-signes-par-le-magasin-exclusive\/#breadcrumb\",\"itemListElement\":[{\"@type\":\"ListItem\",\"position\":1,\"name\":\"Accueil\",\"item\":\"https:\/\/www.nettali.com\/\"},{\"@type\":\"ListItem\",\"position\":2,\"name\":\"Le ministre du Travail ordonne \\\"la fin imm\\u00e9diate\\u2019\\u2019 des contrats de prestation de services sign\\u00e9s par le magasin Exclusive\"}]},{\"@type\":\"Person\",\"@id\":\"https:\/\/www.nettali.com\/#\/schema\/person\/3317e0bb3aa1da309fbf7b2780901bf4\",\"name\":\"Daouda\",\"image\":{\"@type\":\"ImageObject\",\"@id\":\"https:\/\/www.nettali.com\/#personlogo\",\"inLanguage\":\"fr-FR\",\"url\":\"https:\/\/secure.gravatar.com\/avatar\/8d143b5a49345098ddcfee1c49c2f47c?s=96&d=mm&r=g\",\"contentUrl\":\"https:\/\/secure.gravatar.com\/avatar\/8d143b5a49345098ddcfee1c49c2f47c?s=96&d=mm&r=g\",\"caption\":\"Daouda\"},\"sameAs\":[\"https:\/\/www.nettali.com\"]}]}<\/script>\n<!-- \/ Yoast SEO Premium plugin. -->","yoast_head_json":{"title":"Le ministre du Travail ordonne \"la fin imm\u00e9diate\u2019\u2019 des contrats de prestation de services sign\u00e9s par le magasin Exclusive | Nettali.com","robots":{"index":"index","follow":"follow","max-snippet":"max-snippet:-1","max-image-preview":"max-image-preview:large","max-video-preview":"max-video-preview:-1"},"canonical":"https:\/\/www.nettali.com\/2024\/07\/03\/le-ministre-du-travail-ordonne-la-fin-immediate-des-contrats-de-prestation-de-services-signes-par-le-magasin-exclusive\/","og_locale":"fr_FR","og_type":"article","og_title":"Le ministre du Travail ordonne \"la fin imm\u00e9diate\u2019\u2019 des contrats de prestation de services sign\u00e9s par le magasin Exclusive","og_description":"NETTALI.COM - Le ministre du Travail, de l\u2019Emploi et des Relations avec les institutions, Yankhoba Di\u00e9m\u00e9, a ordonn\u00e9, mardi, \u00ab la fin imm\u00e9diate\u2019\u2019 des contrats de prestation de services offerts \u00e0 des employ\u00e9s par le supermarch\u00e9 Exclusive. Il a pris cette d\u00e9cision \u00e0 l\u2019occasion d\u2019une tourn\u00e9e d\u2019inspection effectu\u00e9e de mani\u00e8re inopin\u00e9e dans quelques entreprises, dont [&hellip;]","og_url":"https:\/\/www.nettali.com\/2024\/07\/03\/le-ministre-du-travail-ordonne-la-fin-immediate-des-contrats-de-prestation-de-services-signes-par-le-magasin-exclusive\/","og_site_name":"Nettali.com","article_publisher":"https:\/\/www.facebook.com\/nettalicom","article_published_time":"2024-07-03T08:44:46+00:00","og_image":[{"width":824,"height":568,"url":"https:\/\/www.nettali.com\/wp-content\/uploads\/2024\/07\/hypermarche\u0301-exclusive.jpeg","type":"image\/jpeg"}],"twitter_card":"summary_large_image","twitter_misc":{"\u00c9crit par":"Daouda","Dur\u00e9e de lecture estim\u00e9e":"4 minutes"},"schema":{"@context":"https:\/\/schema.org","@graph":[{"@type":"WebSite","@id":"https:\/\/www.nettali.com\/#website","url":"https:\/\/www.nettali.com\/","name":"Nettali.com","description":"Le rendez-vous critique du Net","potentialAction":[{"@type":"SearchAction","target":{"@type":"EntryPoint","urlTemplate":"https:\/\/www.nettali.com\/?s={search_term_string}"},"query-input":"required name=search_term_string"}],"inLanguage":"fr-FR"},{"@type":"ImageObject","@id":"https:\/\/www.nettali.com\/2024\/07\/03\/le-ministre-du-travail-ordonne-la-fin-immediate-des-contrats-de-prestation-de-services-signes-par-le-magasin-exclusive\/#primaryimage","inLanguage":"fr-FR","url":"https:\/\/www.nettali.com\/wp-content\/uploads\/2024\/07\/hypermarche\u0301-exclusive.jpeg","contentUrl":"https:\/\/www.nettali.com\/wp-content\/uploads\/2024\/07\/hypermarche\u0301-exclusive.jpeg","width":824,"height":568},{"@type":"WebPage","@id":"https:\/\/www.nettali.com\/2024\/07\/03\/le-ministre-du-travail-ordonne-la-fin-immediate-des-contrats-de-prestation-de-services-signes-par-le-magasin-exclusive\/#webpage","url":"https:\/\/www.nettali.com\/2024\/07\/03\/le-ministre-du-travail-ordonne-la-fin-immediate-des-contrats-de-prestation-de-services-signes-par-le-magasin-exclusive\/","name":"Le ministre du Travail ordonne \"la fin imm\u00e9diate\u2019\u2019 des contrats de prestation de services sign\u00e9s par le magasin Exclusive | Nettali.com","isPartOf":{"@id":"https:\/\/www.nettali.com\/#website"},"primaryImageOfPage":{"@id":"https:\/\/www.nettali.com\/2024\/07\/03\/le-ministre-du-travail-ordonne-la-fin-immediate-des-contrats-de-prestation-de-services-signes-par-le-magasin-exclusive\/#primaryimage"},"datePublished":"2024-07-03T08:44:46+00:00","dateModified":"2024-07-03T08:44:46+00:00","author":{"@id":"https:\/\/www.nettali.com\/#\/schema\/person\/3317e0bb3aa1da309fbf7b2780901bf4"},"breadcrumb":{"@id":"https:\/\/www.nettali.com\/2024\/07\/03\/le-ministre-du-travail-ordonne-la-fin-immediate-des-contrats-de-prestation-de-services-signes-par-le-magasin-exclusive\/#breadcrumb"},"inLanguage":"fr-FR","potentialAction":[{"@type":"ReadAction","target":["https:\/\/www.nettali.com\/2024\/07\/03\/le-ministre-du-travail-ordonne-la-fin-immediate-des-contrats-de-prestation-de-services-signes-par-le-magasin-exclusive\/"]}]},{"@type":"BreadcrumbList","@id":"https:\/\/www.nettali.com\/2024\/07\/03\/le-ministre-du-travail-ordonne-la-fin-immediate-des-contrats-de-prestation-de-services-signes-par-le-magasin-exclusive\/#breadcrumb","itemListElement":[{"@type":"ListItem","position":1,"name":"Accueil","item":"https:\/\/www.nettali.com\/"},{"@type":"ListItem","position":2,"name":"Le ministre du Travail ordonne \"la fin imm\u00e9diate\u2019\u2019 des contrats de prestation de services sign\u00e9s par le magasin Exclusive"}]},{"@type":"Person","@id":"https:\/\/www.nettali.com\/#\/schema\/person\/3317e0bb3aa1da309fbf7b2780901bf4","name":"Daouda","image":{"@type":"ImageObject","@id":"https:\/\/www.nettali.com\/#personlogo","inLanguage":"fr-FR","url":"https:\/\/secure.gravatar.com\/avatar\/8d143b5a49345098ddcfee1c49c2f47c?s=96&d=mm&r=g","contentUrl":"https:\/\/secure.gravatar.com\/avatar\/8d143b5a49345098ddcfee1c49c2f47c?s=96&d=mm&r=g","caption":"Daouda"},"sameAs":["https:\/\/www.nettali.com"]}]}},"_links":{"self":[{"href":"https:\/\/www.nettali.com\/rest\/wp\/v2\/posts\/136240"}],"collection":[{"href":"https:\/\/www.nettali.com\/rest\/wp\/v2\/posts"}],"about":[{"href":"https:\/\/www.nettali.com\/rest\/wp\/v2\/types\/post"}],"author":[{"embeddable":true,"href":"https:\/\/www.nettali.com\/rest\/wp\/v2\/users\/4"}],"replies":[{"embeddable":true,"href":"https:\/\/www.nettali.com\/rest\/wp\/v2\/comments?post=136240"}],"version-history":[{"count":1,"href":"https:\/\/www.nettali.com\/rest\/wp\/v2\/posts\/136240\/revisions"}],"predecessor-version":[{"id":136242,"href":"https:\/\/www.nettali.com\/rest\/wp\/v2\/posts\/136240\/revisions\/136242"}],"wp:featuredmedia":[{"embeddable":true,"href":"https:\/\/www.nettali.com\/rest\/wp\/v2\/media\/136241"}],"wp:attachment":[{"href":"https:\/\/www.nettali.com\/rest\/wp\/v2\/media?parent=136240"}],"wp:term":[{"taxonomy":"category","embeddable":true,"href":"https:\/\/www.nettali.com\/rest\/wp\/v2\/categories?post=136240"},{"taxonomy":"post_tag","embeddable":true,"href":"https:\/\/www.nettali.com\/rest\/wp\/v2\/tags?post=136240"}],"curies":[{"name":"wp","href":"https:\/\/api.w.org\/{rel}","templated":true}]}}