{"id":136234,"date":"2024-07-03T08:21:54","date_gmt":"2024-07-03T08:21:54","guid":{"rendered":"https:\/\/www.nettali.com\/?p=136234"},"modified":"2024-07-03T08:21:54","modified_gmt":"2024-07-03T08:21:54","slug":"heurts-dapres-election-en-mauritanie-mort-de-3-personnes","status":"publish","type":"post","link":"https:\/\/www.nettali.com\/2024\/07\/03\/heurts-dapres-election-en-mauritanie-mort-de-3-personnes\/","title":{"rendered":"HEURTS D'APRES ELECTION EN MAURITANIE - mort de 3 personnes"},"content":{"rendered":"<div class=\"page\" title=\"Page 2\">\n<div class=\"layoutArea\">\n<div class=\"column\">\n<p><strong>NETTALI.COM -<\/strong> Le ministe\u0300re mauritanien de l\u2019Inte\u0301rieur et de la De\u0301centralisation a annonce\u0301 le de\u0301ce\u0300s de trois personnes en marge de heurts survenus dans la nuit de mardi a\u0300 mercredi, a\u0300 Kae\u0301di, une localite\u0301 du sud du pays, en proie a\u0300 des violences ne\u0301es de la re\u0301e\u0301lection annonce\u0301e du pre\u0301sident Mohamed Ould Chaikh El Ghazouani.<\/p>\n<p>\"<em>Tard dans la nuit du lundi a\u0300 mardi, la ville de Kae\u0301di a e\u0301te\u0301 le the\u0301a\u0302tre d\u2019actes violents de pillage et de vandalisme visant des citoyens pacifiques, des biens, des installations publiques et des forces de se\u0301curite\u0301 dans la ville les obligeant a\u0300 les affronter et a\u0300 arre\u0302ter certains groupes d\u2019e\u0301meutiers en flagrant de\u0301lit<\/em>\", relate le ministe\u0300re mauritanien de l\u2019Inte\u0301rieur dans un communique\u0301 rendu public mardi.<\/p>\n<p>Il souligne qu\u2019en raison de l\u2019effet de surprise, de l\u2019heure tardive et du nombre e\u0301leve\u0301 de manifestants, et dans l\u2019objectif de contro\u0302ler la situation, les unite\u0301s de se\u0301curite\u0301 ont e\u0301te\u0301 force\u0301es de de\u0301tenir les e\u0301meutiers arre\u0302te\u0301s dans les lieux de de\u0301tention disponibles.<\/p>\n<\/div>\n<div class=\"column\">\n<p>\"<em>Dans ces circonstances, trois manifestants sont malheureusement de\u0301ce\u0301de\u0301s, deux d\u2019entre eux en pre\u0301sence de leurs code\u0301tenus et dans le lieu de de\u0301tention, tandis que le troisie\u0300me est de\u0301ce\u0301de\u0301 plus tard a\u0300 l\u2019ho\u0302pital<\/em>\", explique le ministe\u0300re mauritanien de l\u2019Inte\u0301rieur, qui de\u0301plore deux blesse\u0301s graves dans les rangs des forces de l\u2019ordre. Il promet qu\u2019une enque\u0302te transparente et approfondie sera mene\u0301e pour de\u0301terminer les causes et les circonstances des de\u0301ce\u0300s, tout en s\u2019engageant a\u0300 rendre publics les re\u0301sultats dans les meilleurs de\u0301lais.<\/p>\n<p>La Re\u0301publique islamique de Mauritanie est en proie a\u0300 des violences depuis la proclamation par la Commission e\u0301lectorale nationale inde\u0301pendante (CENI) des re\u0301sultats provisoires de l\u2019e\u0301lection pre\u0301sidentielle de samedi. D\u2019apre\u0300s les re\u0301sultats provisoires proclame\u0301s lundi par la CENI, le chef de l\u2019E\u0301tat sortant, candidat a\u0300 sa propre succession, a e\u0301te\u0301 re\u0301e\u0301lu de\u0300s le premier tour, devanc\u0327ant notamment son principal challenger, le militant anti-esclavagiste, Biram Dah Abeid, cre\u0301dite\u0301 de 22, 10 %.<\/p>\n<p>La proclamation de ces re\u0301sultats a notamment e\u0301te\u0301 suivie d\u2019e\u0301chauffoure\u0301es entre les forces de l\u2019ordre et des partisans du principal candidat de l\u2019opposition, dans certains endroits de la capitale.<\/p>\n<p>Lundi, le sie\u0300ge du directoire de campagne de M. Abeid a e\u0301te\u0301 encercle\u0301 par les forces de l\u2019ordre qui ont proce\u0301de\u0301 a\u0300 de nombreuses arrestations. L\u2019opposant a de\u0301clare\u0301 qu\u2019il contestait les re\u0301sultats procla- me\u0301s par la CENI. Il a invite\u0301 ses compatriotes a\u0300 faire de me\u0302me, de manie\u0300re pacifique.<\/p>\n<\/div>\n<\/div>\n<\/div>\n<div class='share-to-whatsapp-wrapper'><div class='share-on-whsp'>PARTAGER SUR : <\/div><a data-text='HEURTS D'APRES ELECTION EN MAURITANIE - mort de 3 personnes' data-link='https:\/\/www.nettali.com\/2024\/07\/03\/heurts-dapres-election-en-mauritanie-mort-de-3-personnes\/' class='whatsapp-button whatsapp-share'>WhatsApp<\/a><div class='clear '><\/div><\/div>","protected":false},"excerpt":{"rendered":"<p>NETTALI.COM - Le ministe\u0300re mauritanien de l\u2019Inte\u0301rieur et de la De\u0301centralisation a annonce\u0301 le de\u0301ce\u0300s de trois personnes en marge de heurts survenus dans la nuit de mardi a\u0300 mercredi, a\u0300 Kae\u0301di, une localite\u0301 du sud du pays, en proie a\u0300 des violences ne\u0301es de la re\u0301e\u0301lection annonce\u0301e du pre\u0301sident Mohamed Ould Chaikh El Ghazouani. [&hellip;]<\/p>\n","protected":false},"author":2,"featured_media":136235,"comment_status":"open","ping_status":"open","sticky":false,"template":"","format":"standard","meta":{"_et_pb_use_builder":"","_et_pb_old_content":""},"categories":[8],"tags":[],"yoast_head":"<!-- This site is optimized with the Yoast SEO Premium plugin v17.8 (Yoast SEO v17.8) - https:\/\/yoast.com\/wordpress\/plugins\/seo\/ -->\n<title>HEURTS D&#039;APRES ELECTION EN MAURITANIE - mort de 3 personnes | Nettali.com<\/title>\n<meta name=\"robots\" content=\"index, follow, max-snippet:-1, max-image-preview:large, max-video-preview:-1\" \/>\n<link rel=\"canonical\" href=\"https:\/\/www.nettali.com\/2024\/07\/03\/heurts-dapres-election-en-mauritanie-mort-de-3-personnes\/\" \/>\n<meta property=\"og:locale\" content=\"fr_FR\" \/>\n<meta property=\"og:type\" content=\"article\" \/>\n<meta property=\"og:title\" content=\"HEURTS D&#039;APRES ELECTION EN MAURITANIE - mort de 3 personnes\" \/>\n<meta property=\"og:description\" content=\"NETTALI.COM - Le ministe\u0300re mauritanien de l\u2019Inte\u0301rieur et de la De\u0301centralisation a annonce\u0301 le de\u0301ce\u0300s de trois personnes en marge de heurts survenus dans la nuit de mardi a\u0300 mercredi, a\u0300 Kae\u0301di, une localite\u0301 du sud du pays, en proie a\u0300 des violences ne\u0301es de la re\u0301e\u0301lection annonce\u0301e du pre\u0301sident Mohamed Ould Chaikh El Ghazouani. [&hellip;]\" \/>\n<meta property=\"og:url\" content=\"https:\/\/www.nettali.com\/2024\/07\/03\/heurts-dapres-election-en-mauritanie-mort-de-3-personnes\/\" \/>\n<meta property=\"og:site_name\" content=\"Nettali.com\" \/>\n<meta property=\"article:publisher\" content=\"https:\/\/www.facebook.com\/nettalicom\" \/>\n<meta property=\"article:published_time\" content=\"2024-07-03T08:21:54+00:00\" \/>\n<meta property=\"og:image\" content=\"https:\/\/www.nettali.com\/wp-content\/uploads\/2024\/07\/police_107510064_mauri3.jpg\" \/>\n\t<meta property=\"og:image:width\" content=\"300\" \/>\n\t<meta property=\"og:image:height\" content=\"200\" \/>\n<meta name=\"twitter:card\" content=\"summary_large_image\" \/>\n<meta name=\"twitter:label1\" content=\"\u00c9crit par\" \/>\n\t<meta name=\"twitter:data1\" content=\"CK\" \/>\n\t<meta name=\"twitter:label2\" content=\"Dur\u00e9e de lecture estim\u00e9e\" \/>\n\t<meta name=\"twitter:data2\" content=\"2 minutes\" \/>\n<script type=\"application\/ld+json\" class=\"yoast-schema-graph\">{\"@context\":\"https:\/\/schema.org\",\"@graph\":[{\"@type\":\"WebSite\",\"@id\":\"https:\/\/www.nettali.com\/#website\",\"url\":\"https:\/\/www.nettali.com\/\",\"name\":\"Nettali.com\",\"description\":\"Le rendez-vous critique du Net\",\"potentialAction\":[{\"@type\":\"SearchAction\",\"target\":{\"@type\":\"EntryPoint\",\"urlTemplate\":\"https:\/\/www.nettali.com\/?s={search_term_string}\"},\"query-input\":\"required name=search_term_string\"}],\"inLanguage\":\"fr-FR\"},{\"@type\":\"ImageObject\",\"@id\":\"https:\/\/www.nettali.com\/2024\/07\/03\/heurts-dapres-election-en-mauritanie-mort-de-3-personnes\/#primaryimage\",\"inLanguage\":\"fr-FR\",\"url\":\"https:\/\/www.nettali.com\/wp-content\/uploads\/2024\/07\/police_107510064_mauri3.jpg\",\"contentUrl\":\"https:\/\/www.nettali.com\/wp-content\/uploads\/2024\/07\/police_107510064_mauri3.jpg\",\"width\":300,\"height\":200},{\"@type\":\"WebPage\",\"@id\":\"https:\/\/www.nettali.com\/2024\/07\/03\/heurts-dapres-election-en-mauritanie-mort-de-3-personnes\/#webpage\",\"url\":\"https:\/\/www.nettali.com\/2024\/07\/03\/heurts-dapres-election-en-mauritanie-mort-de-3-personnes\/\",\"name\":\"HEURTS D'APRES ELECTION EN MAURITANIE - mort de 3 personnes | Nettali.com\",\"isPartOf\":{\"@id\":\"https:\/\/www.nettali.com\/#website\"},\"primaryImageOfPage\":{\"@id\":\"https:\/\/www.nettali.com\/2024\/07\/03\/heurts-dapres-election-en-mauritanie-mort-de-3-personnes\/#primaryimage\"},\"datePublished\":\"2024-07-03T08:21:54+00:00\",\"dateModified\":\"2024-07-03T08:21:54+00:00\",\"author\":{\"@id\":\"https:\/\/www.nettali.com\/#\/schema\/person\/d8ac7b7e27ddad43f1c0d2ef090d7f71\"},\"breadcrumb\":{\"@id\":\"https:\/\/www.nettali.com\/2024\/07\/03\/heurts-dapres-election-en-mauritanie-mort-de-3-personnes\/#breadcrumb\"},\"inLanguage\":\"fr-FR\",\"potentialAction\":[{\"@type\":\"ReadAction\",\"target\":[\"https:\/\/www.nettali.com\/2024\/07\/03\/heurts-dapres-election-en-mauritanie-mort-de-3-personnes\/\"]}]},{\"@type\":\"BreadcrumbList\",\"@id\":\"https:\/\/www.nettali.com\/2024\/07\/03\/heurts-dapres-election-en-mauritanie-mort-de-3-personnes\/#breadcrumb\",\"itemListElement\":[{\"@type\":\"ListItem\",\"position\":1,\"name\":\"Accueil\",\"item\":\"https:\/\/www.nettali.com\/\"},{\"@type\":\"ListItem\",\"position\":2,\"name\":\"HEURTS D'APRES ELECTION EN MAURITANIE - mort de 3 personnes\"}]},{\"@type\":\"Person\",\"@id\":\"https:\/\/www.nettali.com\/#\/schema\/person\/d8ac7b7e27ddad43f1c0d2ef090d7f71\",\"name\":\"CK\",\"image\":{\"@type\":\"ImageObject\",\"@id\":\"https:\/\/www.nettali.com\/#personlogo\",\"inLanguage\":\"fr-FR\",\"url\":\"https:\/\/secure.gravatar.com\/avatar\/1d8d5118b9327d94da7cd4ce7f17fec2?s=96&d=mm&r=g\",\"contentUrl\":\"https:\/\/secure.gravatar.com\/avatar\/1d8d5118b9327d94da7cd4ce7f17fec2?s=96&d=mm&r=g\",\"caption\":\"CK\"},\"sameAs\":[\"https:\/\/www.nettali.com\"]}]}<\/script>\n<!-- \/ Yoast SEO Premium plugin. -->","yoast_head_json":{"title":"HEURTS D'APRES ELECTION EN MAURITANIE - mort de 3 personnes | Nettali.com","robots":{"index":"index","follow":"follow","max-snippet":"max-snippet:-1","max-image-preview":"max-image-preview:large","max-video-preview":"max-video-preview:-1"},"canonical":"https:\/\/www.nettali.com\/2024\/07\/03\/heurts-dapres-election-en-mauritanie-mort-de-3-personnes\/","og_locale":"fr_FR","og_type":"article","og_title":"HEURTS D'APRES ELECTION EN MAURITANIE - mort de 3 personnes","og_description":"NETTALI.COM - Le ministe\u0300re mauritanien de l\u2019Inte\u0301rieur et de la De\u0301centralisation a annonce\u0301 le de\u0301ce\u0300s de trois personnes en marge de heurts survenus dans la nuit de mardi a\u0300 mercredi, a\u0300 Kae\u0301di, une localite\u0301 du sud du pays, en proie a\u0300 des violences ne\u0301es de la re\u0301e\u0301lection annonce\u0301e du pre\u0301sident Mohamed Ould Chaikh El Ghazouani. [&hellip;]","og_url":"https:\/\/www.nettali.com\/2024\/07\/03\/heurts-dapres-election-en-mauritanie-mort-de-3-personnes\/","og_site_name":"Nettali.com","article_publisher":"https:\/\/www.facebook.com\/nettalicom","article_published_time":"2024-07-03T08:21:54+00:00","og_image":[{"width":300,"height":200,"url":"https:\/\/www.nettali.com\/wp-content\/uploads\/2024\/07\/police_107510064_mauri3.jpg","type":"image\/jpeg"}],"twitter_card":"summary_large_image","twitter_misc":{"\u00c9crit par":"CK","Dur\u00e9e de lecture estim\u00e9e":"2 minutes"},"schema":{"@context":"https:\/\/schema.org","@graph":[{"@type":"WebSite","@id":"https:\/\/www.nettali.com\/#website","url":"https:\/\/www.nettali.com\/","name":"Nettali.com","description":"Le rendez-vous critique du Net","potentialAction":[{"@type":"SearchAction","target":{"@type":"EntryPoint","urlTemplate":"https:\/\/www.nettali.com\/?s={search_term_string}"},"query-input":"required name=search_term_string"}],"inLanguage":"fr-FR"},{"@type":"ImageObject","@id":"https:\/\/www.nettali.com\/2024\/07\/03\/heurts-dapres-election-en-mauritanie-mort-de-3-personnes\/#primaryimage","inLanguage":"fr-FR","url":"https:\/\/www.nettali.com\/wp-content\/uploads\/2024\/07\/police_107510064_mauri3.jpg","contentUrl":"https:\/\/www.nettali.com\/wp-content\/uploads\/2024\/07\/police_107510064_mauri3.jpg","width":300,"height":200},{"@type":"WebPage","@id":"https:\/\/www.nettali.com\/2024\/07\/03\/heurts-dapres-election-en-mauritanie-mort-de-3-personnes\/#webpage","url":"https:\/\/www.nettali.com\/2024\/07\/03\/heurts-dapres-election-en-mauritanie-mort-de-3-personnes\/","name":"HEURTS D'APRES ELECTION EN MAURITANIE - mort de 3 personnes | Nettali.com","isPartOf":{"@id":"https:\/\/www.nettali.com\/#website"},"primaryImageOfPage":{"@id":"https:\/\/www.nettali.com\/2024\/07\/03\/heurts-dapres-election-en-mauritanie-mort-de-3-personnes\/#primaryimage"},"datePublished":"2024-07-03T08:21:54+00:00","dateModified":"2024-07-03T08:21:54+00:00","author":{"@id":"https:\/\/www.nettali.com\/#\/schema\/person\/d8ac7b7e27ddad43f1c0d2ef090d7f71"},"breadcrumb":{"@id":"https:\/\/www.nettali.com\/2024\/07\/03\/heurts-dapres-election-en-mauritanie-mort-de-3-personnes\/#breadcrumb"},"inLanguage":"fr-FR","potentialAction":[{"@type":"ReadAction","target":["https:\/\/www.nettali.com\/2024\/07\/03\/heurts-dapres-election-en-mauritanie-mort-de-3-personnes\/"]}]},{"@type":"BreadcrumbList","@id":"https:\/\/www.nettali.com\/2024\/07\/03\/heurts-dapres-election-en-mauritanie-mort-de-3-personnes\/#breadcrumb","itemListElement":[{"@type":"ListItem","position":1,"name":"Accueil","item":"https:\/\/www.nettali.com\/"},{"@type":"ListItem","position":2,"name":"HEURTS D'APRES ELECTION EN MAURITANIE - mort de 3 personnes"}]},{"@type":"Person","@id":"https:\/\/www.nettali.com\/#\/schema\/person\/d8ac7b7e27ddad43f1c0d2ef090d7f71","name":"CK","image":{"@type":"ImageObject","@id":"https:\/\/www.nettali.com\/#personlogo","inLanguage":"fr-FR","url":"https:\/\/secure.gravatar.com\/avatar\/1d8d5118b9327d94da7cd4ce7f17fec2?s=96&d=mm&r=g","contentUrl":"https:\/\/secure.gravatar.com\/avatar\/1d8d5118b9327d94da7cd4ce7f17fec2?s=96&d=mm&r=g","caption":"CK"},"sameAs":["https:\/\/www.nettali.com"]}]}},"_links":{"self":[{"href":"https:\/\/www.nettali.com\/rest\/wp\/v2\/posts\/136234"}],"collection":[{"href":"https:\/\/www.nettali.com\/rest\/wp\/v2\/posts"}],"about":[{"href":"https:\/\/www.nettali.com\/rest\/wp\/v2\/types\/post"}],"author":[{"embeddable":true,"href":"https:\/\/www.nettali.com\/rest\/wp\/v2\/users\/2"}],"replies":[{"embeddable":true,"href":"https:\/\/www.nettali.com\/rest\/wp\/v2\/comments?post=136234"}],"version-history":[{"count":1,"href":"https:\/\/www.nettali.com\/rest\/wp\/v2\/posts\/136234\/revisions"}],"predecessor-version":[{"id":136236,"href":"https:\/\/www.nettali.com\/rest\/wp\/v2\/posts\/136234\/revisions\/136236"}],"wp:featuredmedia":[{"embeddable":true,"href":"https:\/\/www.nettali.com\/rest\/wp\/v2\/media\/136235"}],"wp:attachment":[{"href":"https:\/\/www.nettali.com\/rest\/wp\/v2\/media?parent=136234"}],"wp:term":[{"taxonomy":"category","embeddable":true,"href":"https:\/\/www.nettali.com\/rest\/wp\/v2\/categories?post=136234"},{"taxonomy":"post_tag","embeddable":true,"href":"https:\/\/www.nettali.com\/rest\/wp\/v2\/tags?post=136234"}],"curies":[{"name":"wp","href":"https:\/\/api.w.org\/{rel}","templated":true}]}}