{"id":136162,"date":"2024-07-02T07:56:49","date_gmt":"2024-07-02T07:56:49","guid":{"rendered":"https:\/\/www.nettali.com\/?p=136162"},"modified":"2024-07-02T07:56:49","modified_gmt":"2024-07-02T07:56:49","slug":"assemblee-nationale-lapr-denonce-les-propos-du-premier-ministre-et-appuie-le-blocage-parlementaire","status":"publish","type":"post","link":"https:\/\/www.nettali.com\/2024\/07\/02\/assemblee-nationale-lapr-denonce-les-propos-du-premier-ministre-et-appuie-le-blocage-parlementaire\/","title":{"rendered":"ASSEMBL\u00c9E NATIONALE - L'APR d\u00e9nonce les propos du Premier ministre et appuie le blocage parlementaire"},"content":{"rendered":"<p><strong>NETTALI.COM - Le secr\u00e9tariat ex\u00e9cutif national de l\u2019Alliance pour la R\u00e9publique (APR) a d\u00e9nonc\u00e9 les propos tenus par le Premier ministre \u00e0 l\u2019endroit de l\u2019institution parlementaire.<\/strong><\/p>\n<p>Dans un communiqu\u00e9, le secr\u00e9tariat ex\u00e9cutif national de l\u2019Alliance pour la R\u00e9publique (APR) estime que les propos tenus par le Premier ministre \u00e0 l\u2019endroit de l\u2019h\u00e9micycle \"<em>constituent une menace r\u00e9elle sur le fonctionnement normal des institutions de la R\u00e9publique et la pr\u00e9servation des valeurs r\u00e9publicaines<\/em>\".<\/p>\n<p>Ainsi , il approuve \"<em>sans r\u00e9serve<\/em>\" la d\u00e9marche du groupe parlementaire qui a bloqu\u00e9 samedi le d\u00e9bat d\u2019orientation budg\u00e9taire du ministre des Finances.<\/p>\n<p>Les Aperistes appellent le bureau de l\u2019institution parlementaire \"<em>\u00e0 ne rien c\u00e9der de ses pr\u00e9rogatives constitutionnelles<\/em>\".<\/p>\n<p>Non sans exhorter le groupe parlementaire BBY \u00e0 initier des rencontres avec d\u2019autres groupes parlementaires et d\u2019autres d\u00e9put\u00e9s non-inscrits pour \"faire bloc face aux d\u00e9tracteurs de nos institutions\".<\/p>\n<p>Pour rappel, le Premier ministre avait annonc\u00e9 qu\u2019il ne tiendrait pas sa d\u00e9claration de politique g\u00e9n\u00e9rale \u00e0 moins que le r\u00e8glement int\u00e9rieur de l\u2019Assembl\u00e9e nationale ne soit r\u00e9vis\u00e9. Il envisageait \u00e0 cet effet de contourner le parlement en tenant sa DPG devant un jury populaire.<\/p>\n<div class='share-to-whatsapp-wrapper'><div class='share-on-whsp'>PARTAGER SUR : <\/div><a data-text='ASSEMBL\u00c9E NATIONALE - L'APR d\u00e9nonce les propos du Premier ministre et appuie le blocage parlementaire' data-link='https:\/\/www.nettali.com\/2024\/07\/02\/assemblee-nationale-lapr-denonce-les-propos-du-premier-ministre-et-appuie-le-blocage-parlementaire\/' class='whatsapp-button whatsapp-share'>WhatsApp<\/a><div class='clear '><\/div><\/div>","protected":false},"excerpt":{"rendered":"<p>NETTALI.COM - Le secr\u00e9tariat ex\u00e9cutif national de l\u2019Alliance pour la R\u00e9publique (APR) a d\u00e9nonc\u00e9 les propos tenus par le Premier ministre \u00e0 l\u2019endroit de l\u2019institution parlementaire. Dans un communiqu\u00e9, le secr\u00e9tariat ex\u00e9cutif national de l\u2019Alliance pour la R\u00e9publique (APR) estime que les propos tenus par le Premier ministre \u00e0 l\u2019endroit de l\u2019h\u00e9micycle \"constituent une menace [&hellip;]<\/p>\n","protected":false},"author":5,"featured_media":136160,"comment_status":"open","ping_status":"open","sticky":false,"template":"","format":"standard","meta":{"_et_pb_use_builder":"","_et_pb_old_content":""},"categories":[2],"tags":[],"yoast_head":"<!-- This site is optimized with the Yoast SEO Premium plugin v17.8 (Yoast SEO v17.8) - https:\/\/yoast.com\/wordpress\/plugins\/seo\/ -->\n<title>ASSEMBL\u00c9E NATIONALE - L&#039;APR d\u00e9nonce les propos du Premier ministre et appuie le blocage parlementaire | Nettali.com<\/title>\n<meta name=\"robots\" content=\"index, follow, max-snippet:-1, max-image-preview:large, max-video-preview:-1\" \/>\n<link rel=\"canonical\" href=\"https:\/\/www.nettali.com\/2024\/07\/02\/assemblee-nationale-lapr-denonce-les-propos-du-premier-ministre-et-appuie-le-blocage-parlementaire\/\" \/>\n<meta property=\"og:locale\" content=\"fr_FR\" \/>\n<meta property=\"og:type\" content=\"article\" \/>\n<meta property=\"og:title\" content=\"ASSEMBL\u00c9E NATIONALE - L&#039;APR d\u00e9nonce les propos du Premier ministre et appuie le blocage parlementaire\" \/>\n<meta property=\"og:description\" content=\"NETTALI.COM - Le secr\u00e9tariat ex\u00e9cutif national de l\u2019Alliance pour la R\u00e9publique (APR) a d\u00e9nonc\u00e9 les propos tenus par le Premier ministre \u00e0 l\u2019endroit de l\u2019institution parlementaire. Dans un communiqu\u00e9, le secr\u00e9tariat ex\u00e9cutif national de l\u2019Alliance pour la R\u00e9publique (APR) estime que les propos tenus par le Premier ministre \u00e0 l\u2019endroit de l\u2019h\u00e9micycle &quot;constituent une menace [&hellip;]\" \/>\n<meta property=\"og:url\" content=\"https:\/\/www.nettali.com\/2024\/07\/02\/assemblee-nationale-lapr-denonce-les-propos-du-premier-ministre-et-appuie-le-blocage-parlementaire\/\" \/>\n<meta property=\"og:site_name\" content=\"Nettali.com\" \/>\n<meta property=\"article:publisher\" content=\"https:\/\/www.facebook.com\/nettalicom\" \/>\n<meta property=\"article:published_time\" content=\"2024-07-02T07:56:49+00:00\" \/>\n<meta property=\"og:image\" content=\"https:\/\/www.nettali.com\/wp-content\/uploads\/2024\/07\/75559425-53015798.png\" \/>\n\t<meta property=\"og:image:width\" content=\"673\" \/>\n\t<meta property=\"og:image:height\" content=\"449\" \/>\n<meta name=\"twitter:card\" content=\"summary_large_image\" \/>\n<meta name=\"twitter:label1\" content=\"\u00c9crit par\" \/>\n\t<meta name=\"twitter:data1\" content=\"Ibrahima\" \/>\n\t<meta name=\"twitter:label2\" content=\"Dur\u00e9e de lecture estim\u00e9e\" \/>\n\t<meta name=\"twitter:data2\" content=\"1 minute\" \/>\n<script type=\"application\/ld+json\" class=\"yoast-schema-graph\">{\"@context\":\"https:\/\/schema.org\",\"@graph\":[{\"@type\":\"WebSite\",\"@id\":\"https:\/\/www.nettali.com\/#website\",\"url\":\"https:\/\/www.nettali.com\/\",\"name\":\"Nettali.com\",\"description\":\"Le rendez-vous critique du Net\",\"potentialAction\":[{\"@type\":\"SearchAction\",\"target\":{\"@type\":\"EntryPoint\",\"urlTemplate\":\"https:\/\/www.nettali.com\/?s={search_term_string}\"},\"query-input\":\"required name=search_term_string\"}],\"inLanguage\":\"fr-FR\"},{\"@type\":\"ImageObject\",\"@id\":\"https:\/\/www.nettali.com\/2024\/07\/02\/assemblee-nationale-lapr-denonce-les-propos-du-premier-ministre-et-appuie-le-blocage-parlementaire\/#primaryimage\",\"inLanguage\":\"fr-FR\",\"url\":\"https:\/\/www.nettali.com\/wp-content\/uploads\/2024\/07\/75559425-53015798.png\",\"contentUrl\":\"https:\/\/www.nettali.com\/wp-content\/uploads\/2024\/07\/75559425-53015798.png\",\"width\":673,\"height\":449},{\"@type\":\"WebPage\",\"@id\":\"https:\/\/www.nettali.com\/2024\/07\/02\/assemblee-nationale-lapr-denonce-les-propos-du-premier-ministre-et-appuie-le-blocage-parlementaire\/#webpage\",\"url\":\"https:\/\/www.nettali.com\/2024\/07\/02\/assemblee-nationale-lapr-denonce-les-propos-du-premier-ministre-et-appuie-le-blocage-parlementaire\/\",\"name\":\"ASSEMBL\\u00c9E NATIONALE - L'APR d\\u00e9nonce les propos du Premier ministre et appuie le blocage parlementaire | Nettali.com\",\"isPartOf\":{\"@id\":\"https:\/\/www.nettali.com\/#website\"},\"primaryImageOfPage\":{\"@id\":\"https:\/\/www.nettali.com\/2024\/07\/02\/assemblee-nationale-lapr-denonce-les-propos-du-premier-ministre-et-appuie-le-blocage-parlementaire\/#primaryimage\"},\"datePublished\":\"2024-07-02T07:56:49+00:00\",\"dateModified\":\"2024-07-02T07:56:49+00:00\",\"author\":{\"@id\":\"https:\/\/www.nettali.com\/#\/schema\/person\/bb147657c2986240405a608162b9bb23\"},\"breadcrumb\":{\"@id\":\"https:\/\/www.nettali.com\/2024\/07\/02\/assemblee-nationale-lapr-denonce-les-propos-du-premier-ministre-et-appuie-le-blocage-parlementaire\/#breadcrumb\"},\"inLanguage\":\"fr-FR\",\"potentialAction\":[{\"@type\":\"ReadAction\",\"target\":[\"https:\/\/www.nettali.com\/2024\/07\/02\/assemblee-nationale-lapr-denonce-les-propos-du-premier-ministre-et-appuie-le-blocage-parlementaire\/\"]}]},{\"@type\":\"BreadcrumbList\",\"@id\":\"https:\/\/www.nettali.com\/2024\/07\/02\/assemblee-nationale-lapr-denonce-les-propos-du-premier-ministre-et-appuie-le-blocage-parlementaire\/#breadcrumb\",\"itemListElement\":[{\"@type\":\"ListItem\",\"position\":1,\"name\":\"Accueil\",\"item\":\"https:\/\/www.nettali.com\/\"},{\"@type\":\"ListItem\",\"position\":2,\"name\":\"ASSEMBL\\u00c9E NATIONALE - L'APR d\\u00e9nonce les propos du Premier ministre et appuie le blocage parlementaire\"}]},{\"@type\":\"Person\",\"@id\":\"https:\/\/www.nettali.com\/#\/schema\/person\/bb147657c2986240405a608162b9bb23\",\"name\":\"Ibrahima\",\"image\":{\"@type\":\"ImageObject\",\"@id\":\"https:\/\/www.nettali.com\/#personlogo\",\"inLanguage\":\"fr-FR\",\"url\":\"https:\/\/secure.gravatar.com\/avatar\/26a8a81f09f0dd7624c9d5c36c9ba3a2?s=96&d=mm&r=g\",\"contentUrl\":\"https:\/\/secure.gravatar.com\/avatar\/26a8a81f09f0dd7624c9d5c36c9ba3a2?s=96&d=mm&r=g\",\"caption\":\"Ibrahima\"},\"sameAs\":[\"https:\/\/www.nettali.com\"]}]}<\/script>\n<!-- \/ Yoast SEO Premium plugin. -->","yoast_head_json":{"title":"ASSEMBL\u00c9E NATIONALE - L'APR d\u00e9nonce les propos du Premier ministre et appuie le blocage parlementaire | Nettali.com","robots":{"index":"index","follow":"follow","max-snippet":"max-snippet:-1","max-image-preview":"max-image-preview:large","max-video-preview":"max-video-preview:-1"},"canonical":"https:\/\/www.nettali.com\/2024\/07\/02\/assemblee-nationale-lapr-denonce-les-propos-du-premier-ministre-et-appuie-le-blocage-parlementaire\/","og_locale":"fr_FR","og_type":"article","og_title":"ASSEMBL\u00c9E NATIONALE - L'APR d\u00e9nonce les propos du Premier ministre et appuie le blocage parlementaire","og_description":"NETTALI.COM - Le secr\u00e9tariat ex\u00e9cutif national de l\u2019Alliance pour la R\u00e9publique (APR) a d\u00e9nonc\u00e9 les propos tenus par le Premier ministre \u00e0 l\u2019endroit de l\u2019institution parlementaire. Dans un communiqu\u00e9, le secr\u00e9tariat ex\u00e9cutif national de l\u2019Alliance pour la R\u00e9publique (APR) estime que les propos tenus par le Premier ministre \u00e0 l\u2019endroit de l\u2019h\u00e9micycle \"constituent une menace [&hellip;]","og_url":"https:\/\/www.nettali.com\/2024\/07\/02\/assemblee-nationale-lapr-denonce-les-propos-du-premier-ministre-et-appuie-le-blocage-parlementaire\/","og_site_name":"Nettali.com","article_publisher":"https:\/\/www.facebook.com\/nettalicom","article_published_time":"2024-07-02T07:56:49+00:00","og_image":[{"width":673,"height":449,"url":"https:\/\/www.nettali.com\/wp-content\/uploads\/2024\/07\/75559425-53015798.png","type":"image\/png"}],"twitter_card":"summary_large_image","twitter_misc":{"\u00c9crit par":"Ibrahima","Dur\u00e9e de lecture estim\u00e9e":"1 minute"},"schema":{"@context":"https:\/\/schema.org","@graph":[{"@type":"WebSite","@id":"https:\/\/www.nettali.com\/#website","url":"https:\/\/www.nettali.com\/","name":"Nettali.com","description":"Le rendez-vous critique du Net","potentialAction":[{"@type":"SearchAction","target":{"@type":"EntryPoint","urlTemplate":"https:\/\/www.nettali.com\/?s={search_term_string}"},"query-input":"required name=search_term_string"}],"inLanguage":"fr-FR"},{"@type":"ImageObject","@id":"https:\/\/www.nettali.com\/2024\/07\/02\/assemblee-nationale-lapr-denonce-les-propos-du-premier-ministre-et-appuie-le-blocage-parlementaire\/#primaryimage","inLanguage":"fr-FR","url":"https:\/\/www.nettali.com\/wp-content\/uploads\/2024\/07\/75559425-53015798.png","contentUrl":"https:\/\/www.nettali.com\/wp-content\/uploads\/2024\/07\/75559425-53015798.png","width":673,"height":449},{"@type":"WebPage","@id":"https:\/\/www.nettali.com\/2024\/07\/02\/assemblee-nationale-lapr-denonce-les-propos-du-premier-ministre-et-appuie-le-blocage-parlementaire\/#webpage","url":"https:\/\/www.nettali.com\/2024\/07\/02\/assemblee-nationale-lapr-denonce-les-propos-du-premier-ministre-et-appuie-le-blocage-parlementaire\/","name":"ASSEMBL\u00c9E NATIONALE - L'APR d\u00e9nonce les propos du Premier ministre et appuie le blocage parlementaire | Nettali.com","isPartOf":{"@id":"https:\/\/www.nettali.com\/#website"},"primaryImageOfPage":{"@id":"https:\/\/www.nettali.com\/2024\/07\/02\/assemblee-nationale-lapr-denonce-les-propos-du-premier-ministre-et-appuie-le-blocage-parlementaire\/#primaryimage"},"datePublished":"2024-07-02T07:56:49+00:00","dateModified":"2024-07-02T07:56:49+00:00","author":{"@id":"https:\/\/www.nettali.com\/#\/schema\/person\/bb147657c2986240405a608162b9bb23"},"breadcrumb":{"@id":"https:\/\/www.nettali.com\/2024\/07\/02\/assemblee-nationale-lapr-denonce-les-propos-du-premier-ministre-et-appuie-le-blocage-parlementaire\/#breadcrumb"},"inLanguage":"fr-FR","potentialAction":[{"@type":"ReadAction","target":["https:\/\/www.nettali.com\/2024\/07\/02\/assemblee-nationale-lapr-denonce-les-propos-du-premier-ministre-et-appuie-le-blocage-parlementaire\/"]}]},{"@type":"BreadcrumbList","@id":"https:\/\/www.nettali.com\/2024\/07\/02\/assemblee-nationale-lapr-denonce-les-propos-du-premier-ministre-et-appuie-le-blocage-parlementaire\/#breadcrumb","itemListElement":[{"@type":"ListItem","position":1,"name":"Accueil","item":"https:\/\/www.nettali.com\/"},{"@type":"ListItem","position":2,"name":"ASSEMBL\u00c9E NATIONALE - L'APR d\u00e9nonce les propos du Premier ministre et appuie le blocage parlementaire"}]},{"@type":"Person","@id":"https:\/\/www.nettali.com\/#\/schema\/person\/bb147657c2986240405a608162b9bb23","name":"Ibrahima","image":{"@type":"ImageObject","@id":"https:\/\/www.nettali.com\/#personlogo","inLanguage":"fr-FR","url":"https:\/\/secure.gravatar.com\/avatar\/26a8a81f09f0dd7624c9d5c36c9ba3a2?s=96&d=mm&r=g","contentUrl":"https:\/\/secure.gravatar.com\/avatar\/26a8a81f09f0dd7624c9d5c36c9ba3a2?s=96&d=mm&r=g","caption":"Ibrahima"},"sameAs":["https:\/\/www.nettali.com"]}]}},"_links":{"self":[{"href":"https:\/\/www.nettali.com\/rest\/wp\/v2\/posts\/136162"}],"collection":[{"href":"https:\/\/www.nettali.com\/rest\/wp\/v2\/posts"}],"about":[{"href":"https:\/\/www.nettali.com\/rest\/wp\/v2\/types\/post"}],"author":[{"embeddable":true,"href":"https:\/\/www.nettali.com\/rest\/wp\/v2\/users\/5"}],"replies":[{"embeddable":true,"href":"https:\/\/www.nettali.com\/rest\/wp\/v2\/comments?post=136162"}],"version-history":[{"count":2,"href":"https:\/\/www.nettali.com\/rest\/wp\/v2\/posts\/136162\/revisions"}],"predecessor-version":[{"id":136167,"href":"https:\/\/www.nettali.com\/rest\/wp\/v2\/posts\/136162\/revisions\/136167"}],"wp:featuredmedia":[{"embeddable":true,"href":"https:\/\/www.nettali.com\/rest\/wp\/v2\/media\/136160"}],"wp:attachment":[{"href":"https:\/\/www.nettali.com\/rest\/wp\/v2\/media?parent=136162"}],"wp:term":[{"taxonomy":"category","embeddable":true,"href":"https:\/\/www.nettali.com\/rest\/wp\/v2\/categories?post=136162"},{"taxonomy":"post_tag","embeddable":true,"href":"https:\/\/www.nettali.com\/rest\/wp\/v2\/tags?post=136162"}],"curies":[{"name":"wp","href":"https:\/\/api.w.org\/{rel}","templated":true}]}}