{"id":136094,"date":"2024-07-01T07:45:54","date_gmt":"2024-07-01T07:45:54","guid":{"rendered":"https:\/\/www.nettali.com\/?p=136094"},"modified":"2024-07-01T07:45:54","modified_gmt":"2024-07-01T07:45:54","slug":"mbappe-le-masque-cest-chiant","status":"publish","type":"post","link":"https:\/\/www.nettali.com\/2024\/07\/01\/mbappe-le-masque-cest-chiant\/","title":{"rendered":"MBAPP\u00c9 - \"Le masque, c'est chiant\""},"content":{"rendered":"<p><strong>NETTALI.COM - Pass\u00e9 en conf\u00e9rence de presse avant le 8e de finale de l\u2019Euro contre la Belgique lundi (16h), Kylian Mbapp\u00e9 a \u00e9voqu\u00e9 la difficult\u00e9 de jouer avec un masque de protection. L\u2019attaquant de l\u2019\u00e9quipe de France, victime d\u2019une fracture du nez, ne cache pas sa g\u00eane sur le terrain.<\/strong><\/p>\n<p>\"<em>Je ne pensais pas, mais jouer avec un masque c'est une horreur absolue, a reconnu l\u2019international fran\u00e7ais. J'ai chang\u00e9 de masque parce qu'\u00e0 chaque fois, il y avait quelque chose qui n'allait pas. C'est difficile, c'est vraiment compliqu\u00e9 parce que \u00e7a limite la vision, la sueur reste bloqu\u00e9e, donc il faut toujours l'enlever pour que \u00e7a coule. Dans les premiers jours, j'avais l'impression d'\u00eatre en 3D et que j'\u00e9tais invit\u00e9 \u00e0 l'Euro en VIP. Je voyais les gens et j'avais l'impression que ce n'\u00e9tait pas moi qui jouais. Donc c'est compliqu\u00e9<\/em>.\"<\/p>\n<p>\"<em>D\u00e8s que je pourrai l'enlever, je vais l'enlever. Maintenant je n'ai pas le choix, je ne peux pas jouer sans mais c'est chiant. Vous l'avez vu, j'ai chang\u00e9 de masque cinq fois. Et encore, il n'y a pas toutes les photos, j'ai chang\u00e9 encore plus. Mais ma comp\u00e9tition se fera avec \u00e7a et en aucun cas ce sera une excuse parce que je ne peux jouer que comme \u00e7a, donc je dois dire merci au masque<\/em>\", a relativis\u00e9 Mbapp\u00e9, l'homme aux 48 buts en 81 s\u00e9lections.<\/p>\n<p>A rappeler que le quart de finale France vs Belgique est pr\u00e9vu cet apr\u00e8s-midi \u00e0 16 heures.<\/p>\n<div class='share-to-whatsapp-wrapper'><div class='share-on-whsp'>PARTAGER SUR : <\/div><a data-text='MBAPP\u00c9 - \"Le masque, c'est chiant\"' data-link='https:\/\/www.nettali.com\/2024\/07\/01\/mbappe-le-masque-cest-chiant\/' class='whatsapp-button whatsapp-share'>WhatsApp<\/a><div class='clear '><\/div><\/div>","protected":false},"excerpt":{"rendered":"<p>NETTALI.COM - Pass\u00e9 en conf\u00e9rence de presse avant le 8e de finale de l\u2019Euro contre la Belgique lundi (16h), Kylian Mbapp\u00e9 a \u00e9voqu\u00e9 la difficult\u00e9 de jouer avec un masque de protection. L\u2019attaquant de l\u2019\u00e9quipe de France, victime d\u2019une fracture du nez, ne cache pas sa g\u00eane sur le terrain. \"Je ne pensais pas, mais [&hellip;]<\/p>\n","protected":false},"author":5,"featured_media":136092,"comment_status":"open","ping_status":"open","sticky":false,"template":"","format":"standard","meta":{"_et_pb_use_builder":"","_et_pb_old_content":""},"categories":[6],"tags":[],"yoast_head":"<!-- This site is optimized with the Yoast SEO Premium plugin v17.8 (Yoast SEO v17.8) - https:\/\/yoast.com\/wordpress\/plugins\/seo\/ -->\n<title>MBAPP\u00c9 - &quot;Le masque, c&#039;est chiant&quot; | Nettali.com<\/title>\n<meta name=\"robots\" content=\"index, follow, max-snippet:-1, max-image-preview:large, max-video-preview:-1\" \/>\n<link rel=\"canonical\" href=\"https:\/\/www.nettali.com\/2024\/07\/01\/mbappe-le-masque-cest-chiant\/\" \/>\n<meta property=\"og:locale\" content=\"fr_FR\" \/>\n<meta property=\"og:type\" content=\"article\" \/>\n<meta property=\"og:title\" content=\"MBAPP\u00c9 - &quot;Le masque, c&#039;est chiant&quot;\" \/>\n<meta property=\"og:description\" content=\"NETTALI.COM - Pass\u00e9 en conf\u00e9rence de presse avant le 8e de finale de l\u2019Euro contre la Belgique lundi (16h), Kylian Mbapp\u00e9 a \u00e9voqu\u00e9 la difficult\u00e9 de jouer avec un masque de protection. L\u2019attaquant de l\u2019\u00e9quipe de France, victime d\u2019une fracture du nez, ne cache pas sa g\u00eane sur le terrain. &quot;Je ne pensais pas, mais [&hellip;]\" \/>\n<meta property=\"og:url\" content=\"https:\/\/www.nettali.com\/2024\/07\/01\/mbappe-le-masque-cest-chiant\/\" \/>\n<meta property=\"og:site_name\" content=\"Nettali.com\" \/>\n<meta property=\"article:publisher\" content=\"https:\/\/www.facebook.com\/nettalicom\" \/>\n<meta property=\"article:published_time\" content=\"2024-07-01T07:45:54+00:00\" \/>\n<meta property=\"og:image\" content=\"https:\/\/www.nettali.com\/wp-content\/uploads\/2024\/07\/mbappe-667ac1798a16f840089499.jpg\" \/>\n\t<meta property=\"og:image:width\" content=\"1200\" \/>\n\t<meta property=\"og:image:height\" content=\"900\" \/>\n<meta name=\"twitter:card\" content=\"summary_large_image\" \/>\n<meta name=\"twitter:label1\" content=\"\u00c9crit par\" \/>\n\t<meta name=\"twitter:data1\" content=\"Ibrahima\" \/>\n\t<meta name=\"twitter:label2\" content=\"Dur\u00e9e de lecture estim\u00e9e\" \/>\n\t<meta name=\"twitter:data2\" content=\"2 minutes\" \/>\n<script type=\"application\/ld+json\" class=\"yoast-schema-graph\">{\"@context\":\"https:\/\/schema.org\",\"@graph\":[{\"@type\":\"WebSite\",\"@id\":\"https:\/\/www.nettali.com\/#website\",\"url\":\"https:\/\/www.nettali.com\/\",\"name\":\"Nettali.com\",\"description\":\"Le rendez-vous critique du Net\",\"potentialAction\":[{\"@type\":\"SearchAction\",\"target\":{\"@type\":\"EntryPoint\",\"urlTemplate\":\"https:\/\/www.nettali.com\/?s={search_term_string}\"},\"query-input\":\"required name=search_term_string\"}],\"inLanguage\":\"fr-FR\"},{\"@type\":\"ImageObject\",\"@id\":\"https:\/\/www.nettali.com\/2024\/07\/01\/mbappe-le-masque-cest-chiant\/#primaryimage\",\"inLanguage\":\"fr-FR\",\"url\":\"https:\/\/www.nettali.com\/wp-content\/uploads\/2024\/07\/mbappe-667ac1798a16f840089499.jpg\",\"contentUrl\":\"https:\/\/www.nettali.com\/wp-content\/uploads\/2024\/07\/mbappe-667ac1798a16f840089499.jpg\",\"width\":1200,\"height\":900},{\"@type\":\"WebPage\",\"@id\":\"https:\/\/www.nettali.com\/2024\/07\/01\/mbappe-le-masque-cest-chiant\/#webpage\",\"url\":\"https:\/\/www.nettali.com\/2024\/07\/01\/mbappe-le-masque-cest-chiant\/\",\"name\":\"MBAPP\\u00c9 - \\\"Le masque, c'est chiant\\\" | Nettali.com\",\"isPartOf\":{\"@id\":\"https:\/\/www.nettali.com\/#website\"},\"primaryImageOfPage\":{\"@id\":\"https:\/\/www.nettali.com\/2024\/07\/01\/mbappe-le-masque-cest-chiant\/#primaryimage\"},\"datePublished\":\"2024-07-01T07:45:54+00:00\",\"dateModified\":\"2024-07-01T07:45:54+00:00\",\"author\":{\"@id\":\"https:\/\/www.nettali.com\/#\/schema\/person\/bb147657c2986240405a608162b9bb23\"},\"breadcrumb\":{\"@id\":\"https:\/\/www.nettali.com\/2024\/07\/01\/mbappe-le-masque-cest-chiant\/#breadcrumb\"},\"inLanguage\":\"fr-FR\",\"potentialAction\":[{\"@type\":\"ReadAction\",\"target\":[\"https:\/\/www.nettali.com\/2024\/07\/01\/mbappe-le-masque-cest-chiant\/\"]}]},{\"@type\":\"BreadcrumbList\",\"@id\":\"https:\/\/www.nettali.com\/2024\/07\/01\/mbappe-le-masque-cest-chiant\/#breadcrumb\",\"itemListElement\":[{\"@type\":\"ListItem\",\"position\":1,\"name\":\"Accueil\",\"item\":\"https:\/\/www.nettali.com\/\"},{\"@type\":\"ListItem\",\"position\":2,\"name\":\"MBAPP\\u00c9 - \\\"Le masque, c'est chiant\\\"\"}]},{\"@type\":\"Person\",\"@id\":\"https:\/\/www.nettali.com\/#\/schema\/person\/bb147657c2986240405a608162b9bb23\",\"name\":\"Ibrahima\",\"image\":{\"@type\":\"ImageObject\",\"@id\":\"https:\/\/www.nettali.com\/#personlogo\",\"inLanguage\":\"fr-FR\",\"url\":\"https:\/\/secure.gravatar.com\/avatar\/26a8a81f09f0dd7624c9d5c36c9ba3a2?s=96&d=mm&r=g\",\"contentUrl\":\"https:\/\/secure.gravatar.com\/avatar\/26a8a81f09f0dd7624c9d5c36c9ba3a2?s=96&d=mm&r=g\",\"caption\":\"Ibrahima\"},\"sameAs\":[\"https:\/\/www.nettali.com\"]}]}<\/script>\n<!-- \/ Yoast SEO Premium plugin. -->","yoast_head_json":{"title":"MBAPP\u00c9 - \"Le masque, c'est chiant\" | Nettali.com","robots":{"index":"index","follow":"follow","max-snippet":"max-snippet:-1","max-image-preview":"max-image-preview:large","max-video-preview":"max-video-preview:-1"},"canonical":"https:\/\/www.nettali.com\/2024\/07\/01\/mbappe-le-masque-cest-chiant\/","og_locale":"fr_FR","og_type":"article","og_title":"MBAPP\u00c9 - \"Le masque, c'est chiant\"","og_description":"NETTALI.COM - Pass\u00e9 en conf\u00e9rence de presse avant le 8e de finale de l\u2019Euro contre la Belgique lundi (16h), Kylian Mbapp\u00e9 a \u00e9voqu\u00e9 la difficult\u00e9 de jouer avec un masque de protection. L\u2019attaquant de l\u2019\u00e9quipe de France, victime d\u2019une fracture du nez, ne cache pas sa g\u00eane sur le terrain. \"Je ne pensais pas, mais [&hellip;]","og_url":"https:\/\/www.nettali.com\/2024\/07\/01\/mbappe-le-masque-cest-chiant\/","og_site_name":"Nettali.com","article_publisher":"https:\/\/www.facebook.com\/nettalicom","article_published_time":"2024-07-01T07:45:54+00:00","og_image":[{"width":1200,"height":900,"url":"https:\/\/www.nettali.com\/wp-content\/uploads\/2024\/07\/mbappe-667ac1798a16f840089499.jpg","type":"image\/jpeg"}],"twitter_card":"summary_large_image","twitter_misc":{"\u00c9crit par":"Ibrahima","Dur\u00e9e de lecture estim\u00e9e":"2 minutes"},"schema":{"@context":"https:\/\/schema.org","@graph":[{"@type":"WebSite","@id":"https:\/\/www.nettali.com\/#website","url":"https:\/\/www.nettali.com\/","name":"Nettali.com","description":"Le rendez-vous critique du Net","potentialAction":[{"@type":"SearchAction","target":{"@type":"EntryPoint","urlTemplate":"https:\/\/www.nettali.com\/?s={search_term_string}"},"query-input":"required name=search_term_string"}],"inLanguage":"fr-FR"},{"@type":"ImageObject","@id":"https:\/\/www.nettali.com\/2024\/07\/01\/mbappe-le-masque-cest-chiant\/#primaryimage","inLanguage":"fr-FR","url":"https:\/\/www.nettali.com\/wp-content\/uploads\/2024\/07\/mbappe-667ac1798a16f840089499.jpg","contentUrl":"https:\/\/www.nettali.com\/wp-content\/uploads\/2024\/07\/mbappe-667ac1798a16f840089499.jpg","width":1200,"height":900},{"@type":"WebPage","@id":"https:\/\/www.nettali.com\/2024\/07\/01\/mbappe-le-masque-cest-chiant\/#webpage","url":"https:\/\/www.nettali.com\/2024\/07\/01\/mbappe-le-masque-cest-chiant\/","name":"MBAPP\u00c9 - \"Le masque, c'est chiant\" | Nettali.com","isPartOf":{"@id":"https:\/\/www.nettali.com\/#website"},"primaryImageOfPage":{"@id":"https:\/\/www.nettali.com\/2024\/07\/01\/mbappe-le-masque-cest-chiant\/#primaryimage"},"datePublished":"2024-07-01T07:45:54+00:00","dateModified":"2024-07-01T07:45:54+00:00","author":{"@id":"https:\/\/www.nettali.com\/#\/schema\/person\/bb147657c2986240405a608162b9bb23"},"breadcrumb":{"@id":"https:\/\/www.nettali.com\/2024\/07\/01\/mbappe-le-masque-cest-chiant\/#breadcrumb"},"inLanguage":"fr-FR","potentialAction":[{"@type":"ReadAction","target":["https:\/\/www.nettali.com\/2024\/07\/01\/mbappe-le-masque-cest-chiant\/"]}]},{"@type":"BreadcrumbList","@id":"https:\/\/www.nettali.com\/2024\/07\/01\/mbappe-le-masque-cest-chiant\/#breadcrumb","itemListElement":[{"@type":"ListItem","position":1,"name":"Accueil","item":"https:\/\/www.nettali.com\/"},{"@type":"ListItem","position":2,"name":"MBAPP\u00c9 - \"Le masque, c'est chiant\""}]},{"@type":"Person","@id":"https:\/\/www.nettali.com\/#\/schema\/person\/bb147657c2986240405a608162b9bb23","name":"Ibrahima","image":{"@type":"ImageObject","@id":"https:\/\/www.nettali.com\/#personlogo","inLanguage":"fr-FR","url":"https:\/\/secure.gravatar.com\/avatar\/26a8a81f09f0dd7624c9d5c36c9ba3a2?s=96&d=mm&r=g","contentUrl":"https:\/\/secure.gravatar.com\/avatar\/26a8a81f09f0dd7624c9d5c36c9ba3a2?s=96&d=mm&r=g","caption":"Ibrahima"},"sameAs":["https:\/\/www.nettali.com"]}]}},"_links":{"self":[{"href":"https:\/\/www.nettali.com\/rest\/wp\/v2\/posts\/136094"}],"collection":[{"href":"https:\/\/www.nettali.com\/rest\/wp\/v2\/posts"}],"about":[{"href":"https:\/\/www.nettali.com\/rest\/wp\/v2\/types\/post"}],"author":[{"embeddable":true,"href":"https:\/\/www.nettali.com\/rest\/wp\/v2\/users\/5"}],"replies":[{"embeddable":true,"href":"https:\/\/www.nettali.com\/rest\/wp\/v2\/comments?post=136094"}],"version-history":[{"count":2,"href":"https:\/\/www.nettali.com\/rest\/wp\/v2\/posts\/136094\/revisions"}],"predecessor-version":[{"id":136097,"href":"https:\/\/www.nettali.com\/rest\/wp\/v2\/posts\/136094\/revisions\/136097"}],"wp:featuredmedia":[{"embeddable":true,"href":"https:\/\/www.nettali.com\/rest\/wp\/v2\/media\/136092"}],"wp:attachment":[{"href":"https:\/\/www.nettali.com\/rest\/wp\/v2\/media?parent=136094"}],"wp:term":[{"taxonomy":"category","embeddable":true,"href":"https:\/\/www.nettali.com\/rest\/wp\/v2\/categories?post=136094"},{"taxonomy":"post_tag","embeddable":true,"href":"https:\/\/www.nettali.com\/rest\/wp\/v2\/tags?post=136094"}],"curies":[{"name":"wp","href":"https:\/\/api.w.org\/{rel}","templated":true}]}}