{"id":136069,"date":"2024-06-30T21:35:11","date_gmt":"2024-06-30T21:35:11","guid":{"rendered":"https:\/\/www.nettali.com\/?p=136069"},"modified":"2024-06-30T21:35:11","modified_gmt":"2024-06-30T21:35:11","slug":"polemique-sur-la-dpg-du-pm-lancien-depute-theodore-cherif-monteil-suggere-larbitrage-des-7-sages","status":"publish","type":"post","link":"https:\/\/www.nettali.com\/2024\/06\/30\/polemique-sur-la-dpg-du-pm-lancien-depute-theodore-cherif-monteil-suggere-larbitrage-des-7-sages\/","title":{"rendered":"POL\u00c9MIQUE SUR LA DPG DU PM - L\u2019ancien d\u00e9put\u00e9 Th\u00e9odore Ch\u00e9rif Monteil sugg\u00e8re l'arbitrage des \"7 Sages\""},"content":{"rendered":"<p><strong>NETTALI.COM- Le co-fondateur du parti Union citoyenne\/Bunt-Bi, Th\u00e9odore Ch\u00e9rif Monteil s\u2019est joint au d\u00e9bat concernant la d\u00e9claration de politique g\u00e9n\u00e9ral du premier ministre. Selon l\u2019ancien d\u00e9put\u00e9 qui craint une crise institutionnelle, invite le pr\u00e9sident de la R\u00e9publique \u00e0 faire appel aux \" 7 sages\".<\/strong><\/p>\n<p>Des lendemains sombres pour le S\u00e9n\u00e9gal, c\u2019est ce que pr\u00e9dit Th\u00e9odore Cherif Monteil. Invit\u00e9 sur le plateau de Jury du dimanche, l\u2019ancien parlementaire s\u2019est prononc\u00e9 sur le spectre de la \u00ab crise institutionnelle \u00bb suscit\u00e9 par la pol\u00e9mique sur la D\u00e9claration de politique g\u00e9n\u00e9rale du Premier ministre. R\u00e9agissant sur l'attitude des d\u00e9put\u00e9s de Benno bokk yaakaar qui ont emp\u00each\u00e9, \u00e0 leur tour, la tenue du D\u00e9bat d\u2019orientation budg\u00e9taire (Dob) pr\u00e9vu ce samedi, M. Monteil dira : \u00ab<em> il faut \u00eatre tr\u00e8s inquiet pour le S\u00e9n\u00e9gal. Parce qu\u2019on est en train d\u2019entrer, de fa\u00e7on organis\u00e9e, dans une crise institutionnelle qui ne dit pas son nom. Et la question qu\u2019il faut poser, c\u2019est quels sont les fondements de l\u2019annulation du D\u00e9bat d\u2019orientation budg\u00e9taire (Dob). Car c\u2019est une exigence de la Constitution qui dit qu\u2019au cours de la session, il est organis\u00e9 un Dob. Bas\u00e9 sur le Document de programmation budg\u00e9taire et \u00e9conomique pluriannuel et sur le Document de programmation budg\u00e9taire pluriannuel des d\u00e9penses, il permet de se projeter sur le budget de 2025. Or, s\u2019il n\u2019a pas eu lieu, je ne sais comment on va aller vers le vote de la loi de Finance. Ce bras de fer augure des lendemains sombres pour le S\u00e9n\u00e9gal<\/em> \u00bb.<\/p>\n<p>Pour le co-fondateur du parti Union citoyenne\/Bunt-Bi, le PM peut se pr\u00e9senter devant un jury populaire. Cependant, rel\u00e8ve-t-il, \u00ab <em>ce ne sera pas une d\u00e9claration de politique g\u00e9n\u00e9rale<\/em> \u00bb.<\/p>\n<p>Avant de poursuivre :\u00a0\u00ab <em>comme l\u2019avait fait Abdoulaye Wade en 2000, le PM doit engager des discussions avec la majorit\u00e9 au niveau de l\u2019Assembl\u00e9e pour trouver des compromis. Parce que c\u2019est le pouvoir qui doit engager les discussions, mais pas les opposants. Il doit essayer d\u2019am\u00e9nager des synergies afin de pouvoir faire passer ses r\u00e9formes en vue de d\u00e9ployer son programme. Cela n\u2019a pas \u00e9t\u00e9 fait. Pourtant, au d\u00e9but, Abdou Mbow (Ndlr : Pr\u00e9sident de groupe parlementaire Benno) avait dit que de toute fa\u00e7on, ils vont voter les lois pr\u00e9sent\u00e9es par le pouvoir<\/em> \u00bb.<\/p>\n<p>Ainsi selon l\u2019ancien 1er Vice-pr\u00e9sident de la Commission am\u00e9nagement du territoire, urbanisme, habitat, infrastructures et transports de l\u2019Assembl\u00e9e nationale, la nouvelle \u00e9dition du r\u00e8glement int\u00e9rieur n\u2019est pas dans le Journal officiel du S\u00e9n\u00e9gal depuis la modification des textes qualifi\u00e9s de faux par les d\u00e9put\u00e9s de Yewwi. \u00ab <em>Donc, ce n\u2019est pas un dossier de travail l\u00e9gal. Normalement, quelles que soient les modifications, le r\u00e8glement int\u00e9rieur de l\u2019Assembl\u00e9e devrait \u00eatre pr\u00e9sent\u00e9 en Commission des lois, vot\u00e9 en pl\u00e9ni\u00e8re, transmis au pr\u00e9sident de la R\u00e9publique. Celui-ci demande avis au Conseil constitutionnel pour voir si le document est conforme \u00e0 la Constitution avant d\u2019\u00eatre promulgu\u00e9<\/em> \u00bb, a expliqu\u00e9 l\u2019ancien d\u00e9put\u00e9.<\/p>\n<p>Cependant, il note : \u00ab<em> ce n\u2019est pas une raison valable pour refuser de faire une DPG. Car les deux n\u2019ont rien \u00e0 voir. Le Premier ministre n\u2019a pas \u00e0 se pr\u00e9occuper de ce qui est \u00e9crit ou de ce qui ne l\u2019est pas dans le r\u00e8glement int\u00e9rieur de l\u2019Assembl\u00e9e. Cela ne le concerne pas. Lui, c\u2019est l\u2019Ex\u00e9cutif. Le r\u00e8glement int\u00e9rieur est un document interne qui g\u00e8re le fonctionnement de l\u2019Assembl\u00e9e nationale. Ce qui le lie, c\u2019est l\u2019article 55 de la Constitution qui dit qu\u2019apr\u00e8s sa nomination, il fait sa d\u00e9claration de politique g\u00e9n\u00e9rale. Ce n\u2019est pas \u00e0 l\u2019Assembl\u00e9e de le pr\u00e9voir<\/em> \u00bb.<\/p>\n<div class='share-to-whatsapp-wrapper'><div class='share-on-whsp'>PARTAGER SUR : <\/div><a data-text='POL\u00c9MIQUE SUR LA DPG DU PM - L\u2019ancien d\u00e9put\u00e9 Th\u00e9odore Ch\u00e9rif Monteil sugg\u00e8re l'arbitrage des \"7 Sages\"' data-link='https:\/\/www.nettali.com\/2024\/06\/30\/polemique-sur-la-dpg-du-pm-lancien-depute-theodore-cherif-monteil-suggere-larbitrage-des-7-sages\/' class='whatsapp-button whatsapp-share'>WhatsApp<\/a><div class='clear '><\/div><\/div>","protected":false},"excerpt":{"rendered":"<p>NETTALI.COM- Le co-fondateur du parti Union citoyenne\/Bunt-Bi, Th\u00e9odore Ch\u00e9rif Monteil s\u2019est joint au d\u00e9bat concernant la d\u00e9claration de politique g\u00e9n\u00e9ral du premier ministre. Selon l\u2019ancien d\u00e9put\u00e9 qui craint une crise institutionnelle, invite le pr\u00e9sident de la R\u00e9publique \u00e0 faire appel aux \" 7 sages\". Des lendemains sombres pour le S\u00e9n\u00e9gal, c\u2019est ce que pr\u00e9dit Th\u00e9odore [&hellip;]<\/p>\n","protected":false},"author":6,"featured_media":136074,"comment_status":"open","ping_status":"open","sticky":false,"template":"","format":"standard","meta":{"_et_pb_use_builder":"","_et_pb_old_content":""},"categories":[2],"tags":[],"yoast_head":"<!-- This site is optimized with the Yoast SEO Premium plugin v17.8 (Yoast SEO v17.8) - https:\/\/yoast.com\/wordpress\/plugins\/seo\/ -->\n<title>POL\u00c9MIQUE SUR LA DPG DU PM - L\u2019ancien d\u00e9put\u00e9 Th\u00e9odore Ch\u00e9rif Monteil sugg\u00e8re l&#039;arbitrage des &quot;7 Sages&quot; | Nettali.com<\/title>\n<meta name=\"robots\" content=\"index, follow, max-snippet:-1, max-image-preview:large, max-video-preview:-1\" \/>\n<link rel=\"canonical\" href=\"https:\/\/www.nettali.com\/2024\/06\/30\/polemique-sur-la-dpg-du-pm-lancien-depute-theodore-cherif-monteil-suggere-larbitrage-des-7-sages\/\" \/>\n<meta property=\"og:locale\" content=\"fr_FR\" \/>\n<meta property=\"og:type\" content=\"article\" \/>\n<meta property=\"og:title\" content=\"POL\u00c9MIQUE SUR LA DPG DU PM - L\u2019ancien d\u00e9put\u00e9 Th\u00e9odore Ch\u00e9rif Monteil sugg\u00e8re l&#039;arbitrage des &quot;7 Sages&quot;\" \/>\n<meta property=\"og:description\" content=\"NETTALI.COM- Le co-fondateur du parti Union citoyenne\/Bunt-Bi, Th\u00e9odore Ch\u00e9rif Monteil s\u2019est joint au d\u00e9bat concernant la d\u00e9claration de politique g\u00e9n\u00e9ral du premier ministre. Selon l\u2019ancien d\u00e9put\u00e9 qui craint une crise institutionnelle, invite le pr\u00e9sident de la R\u00e9publique \u00e0 faire appel aux &quot; 7 sages&quot;. Des lendemains sombres pour le S\u00e9n\u00e9gal, c\u2019est ce que pr\u00e9dit Th\u00e9odore [&hellip;]\" \/>\n<meta property=\"og:url\" content=\"https:\/\/www.nettali.com\/2024\/06\/30\/polemique-sur-la-dpg-du-pm-lancien-depute-theodore-cherif-monteil-suggere-larbitrage-des-7-sages\/\" \/>\n<meta property=\"og:site_name\" content=\"Nettali.com\" \/>\n<meta property=\"article:publisher\" content=\"https:\/\/www.facebook.com\/nettalicom\" \/>\n<meta property=\"article:published_time\" content=\"2024-06-30T21:35:11+00:00\" \/>\n<meta property=\"og:image\" content=\"https:\/\/www.nettali.com\/wp-content\/uploads\/2024\/06\/telechargement-5.jpeg\" \/>\n\t<meta property=\"og:image:width\" content=\"322\" \/>\n\t<meta property=\"og:image:height\" content=\"157\" \/>\n<meta name=\"twitter:card\" content=\"summary_large_image\" \/>\n<meta name=\"twitter:label1\" content=\"\u00c9crit par\" \/>\n\t<meta name=\"twitter:data1\" content=\"Fatou\" \/>\n\t<meta name=\"twitter:label2\" content=\"Dur\u00e9e de lecture estim\u00e9e\" \/>\n\t<meta name=\"twitter:data2\" content=\"3 minutes\" \/>\n<script type=\"application\/ld+json\" class=\"yoast-schema-graph\">{\"@context\":\"https:\/\/schema.org\",\"@graph\":[{\"@type\":\"WebSite\",\"@id\":\"https:\/\/www.nettali.com\/#website\",\"url\":\"https:\/\/www.nettali.com\/\",\"name\":\"Nettali.com\",\"description\":\"Le rendez-vous critique du Net\",\"potentialAction\":[{\"@type\":\"SearchAction\",\"target\":{\"@type\":\"EntryPoint\",\"urlTemplate\":\"https:\/\/www.nettali.com\/?s={search_term_string}\"},\"query-input\":\"required name=search_term_string\"}],\"inLanguage\":\"fr-FR\"},{\"@type\":\"ImageObject\",\"@id\":\"https:\/\/www.nettali.com\/2024\/06\/30\/polemique-sur-la-dpg-du-pm-lancien-depute-theodore-cherif-monteil-suggere-larbitrage-des-7-sages\/#primaryimage\",\"inLanguage\":\"fr-FR\",\"url\":\"https:\/\/www.nettali.com\/wp-content\/uploads\/2024\/06\/telechargement-5.jpeg\",\"contentUrl\":\"https:\/\/www.nettali.com\/wp-content\/uploads\/2024\/06\/telechargement-5.jpeg\",\"width\":322,\"height\":157},{\"@type\":\"WebPage\",\"@id\":\"https:\/\/www.nettali.com\/2024\/06\/30\/polemique-sur-la-dpg-du-pm-lancien-depute-theodore-cherif-monteil-suggere-larbitrage-des-7-sages\/#webpage\",\"url\":\"https:\/\/www.nettali.com\/2024\/06\/30\/polemique-sur-la-dpg-du-pm-lancien-depute-theodore-cherif-monteil-suggere-larbitrage-des-7-sages\/\",\"name\":\"POL\\u00c9MIQUE SUR LA DPG DU PM - L\\u2019ancien d\\u00e9put\\u00e9 Th\\u00e9odore Ch\\u00e9rif Monteil sugg\\u00e8re l'arbitrage des \\\"7 Sages\\\" | Nettali.com\",\"isPartOf\":{\"@id\":\"https:\/\/www.nettali.com\/#website\"},\"primaryImageOfPage\":{\"@id\":\"https:\/\/www.nettali.com\/2024\/06\/30\/polemique-sur-la-dpg-du-pm-lancien-depute-theodore-cherif-monteil-suggere-larbitrage-des-7-sages\/#primaryimage\"},\"datePublished\":\"2024-06-30T21:35:11+00:00\",\"dateModified\":\"2024-06-30T21:35:11+00:00\",\"author\":{\"@id\":\"https:\/\/www.nettali.com\/#\/schema\/person\/418274a86bdf87caff7a3ef476bd0bbf\"},\"breadcrumb\":{\"@id\":\"https:\/\/www.nettali.com\/2024\/06\/30\/polemique-sur-la-dpg-du-pm-lancien-depute-theodore-cherif-monteil-suggere-larbitrage-des-7-sages\/#breadcrumb\"},\"inLanguage\":\"fr-FR\",\"potentialAction\":[{\"@type\":\"ReadAction\",\"target\":[\"https:\/\/www.nettali.com\/2024\/06\/30\/polemique-sur-la-dpg-du-pm-lancien-depute-theodore-cherif-monteil-suggere-larbitrage-des-7-sages\/\"]}]},{\"@type\":\"BreadcrumbList\",\"@id\":\"https:\/\/www.nettali.com\/2024\/06\/30\/polemique-sur-la-dpg-du-pm-lancien-depute-theodore-cherif-monteil-suggere-larbitrage-des-7-sages\/#breadcrumb\",\"itemListElement\":[{\"@type\":\"ListItem\",\"position\":1,\"name\":\"Accueil\",\"item\":\"https:\/\/www.nettali.com\/\"},{\"@type\":\"ListItem\",\"position\":2,\"name\":\"POL\\u00c9MIQUE SUR LA DPG DU PM - L\\u2019ancien d\\u00e9put\\u00e9 Th\\u00e9odore Ch\\u00e9rif Monteil sugg\\u00e8re l'arbitrage des \\\"7 Sages\\\"\"}]},{\"@type\":\"Person\",\"@id\":\"https:\/\/www.nettali.com\/#\/schema\/person\/418274a86bdf87caff7a3ef476bd0bbf\",\"name\":\"Fatou\",\"image\":{\"@type\":\"ImageObject\",\"@id\":\"https:\/\/www.nettali.com\/#personlogo\",\"inLanguage\":\"fr-FR\",\"url\":\"https:\/\/secure.gravatar.com\/avatar\/5a9442a2bee7b4dcf167cab035858e9a?s=96&d=mm&r=g\",\"contentUrl\":\"https:\/\/secure.gravatar.com\/avatar\/5a9442a2bee7b4dcf167cab035858e9a?s=96&d=mm&r=g\",\"caption\":\"Fatou\"},\"sameAs\":[\"https:\/\/www.nettali.com\"]}]}<\/script>\n<!-- \/ Yoast SEO Premium plugin. -->","yoast_head_json":{"title":"POL\u00c9MIQUE SUR LA DPG DU PM - L\u2019ancien d\u00e9put\u00e9 Th\u00e9odore Ch\u00e9rif Monteil sugg\u00e8re l'arbitrage des \"7 Sages\" | Nettali.com","robots":{"index":"index","follow":"follow","max-snippet":"max-snippet:-1","max-image-preview":"max-image-preview:large","max-video-preview":"max-video-preview:-1"},"canonical":"https:\/\/www.nettali.com\/2024\/06\/30\/polemique-sur-la-dpg-du-pm-lancien-depute-theodore-cherif-monteil-suggere-larbitrage-des-7-sages\/","og_locale":"fr_FR","og_type":"article","og_title":"POL\u00c9MIQUE SUR LA DPG DU PM - L\u2019ancien d\u00e9put\u00e9 Th\u00e9odore Ch\u00e9rif Monteil sugg\u00e8re l'arbitrage des \"7 Sages\"","og_description":"NETTALI.COM- Le co-fondateur du parti Union citoyenne\/Bunt-Bi, Th\u00e9odore Ch\u00e9rif Monteil s\u2019est joint au d\u00e9bat concernant la d\u00e9claration de politique g\u00e9n\u00e9ral du premier ministre. Selon l\u2019ancien d\u00e9put\u00e9 qui craint une crise institutionnelle, invite le pr\u00e9sident de la R\u00e9publique \u00e0 faire appel aux \" 7 sages\". Des lendemains sombres pour le S\u00e9n\u00e9gal, c\u2019est ce que pr\u00e9dit Th\u00e9odore [&hellip;]","og_url":"https:\/\/www.nettali.com\/2024\/06\/30\/polemique-sur-la-dpg-du-pm-lancien-depute-theodore-cherif-monteil-suggere-larbitrage-des-7-sages\/","og_site_name":"Nettali.com","article_publisher":"https:\/\/www.facebook.com\/nettalicom","article_published_time":"2024-06-30T21:35:11+00:00","og_image":[{"width":322,"height":157,"url":"https:\/\/www.nettali.com\/wp-content\/uploads\/2024\/06\/telechargement-5.jpeg","type":"image\/jpeg"}],"twitter_card":"summary_large_image","twitter_misc":{"\u00c9crit par":"Fatou","Dur\u00e9e de lecture estim\u00e9e":"3 minutes"},"schema":{"@context":"https:\/\/schema.org","@graph":[{"@type":"WebSite","@id":"https:\/\/www.nettali.com\/#website","url":"https:\/\/www.nettali.com\/","name":"Nettali.com","description":"Le rendez-vous critique du Net","potentialAction":[{"@type":"SearchAction","target":{"@type":"EntryPoint","urlTemplate":"https:\/\/www.nettali.com\/?s={search_term_string}"},"query-input":"required name=search_term_string"}],"inLanguage":"fr-FR"},{"@type":"ImageObject","@id":"https:\/\/www.nettali.com\/2024\/06\/30\/polemique-sur-la-dpg-du-pm-lancien-depute-theodore-cherif-monteil-suggere-larbitrage-des-7-sages\/#primaryimage","inLanguage":"fr-FR","url":"https:\/\/www.nettali.com\/wp-content\/uploads\/2024\/06\/telechargement-5.jpeg","contentUrl":"https:\/\/www.nettali.com\/wp-content\/uploads\/2024\/06\/telechargement-5.jpeg","width":322,"height":157},{"@type":"WebPage","@id":"https:\/\/www.nettali.com\/2024\/06\/30\/polemique-sur-la-dpg-du-pm-lancien-depute-theodore-cherif-monteil-suggere-larbitrage-des-7-sages\/#webpage","url":"https:\/\/www.nettali.com\/2024\/06\/30\/polemique-sur-la-dpg-du-pm-lancien-depute-theodore-cherif-monteil-suggere-larbitrage-des-7-sages\/","name":"POL\u00c9MIQUE SUR LA DPG DU PM - L\u2019ancien d\u00e9put\u00e9 Th\u00e9odore Ch\u00e9rif Monteil sugg\u00e8re l'arbitrage des \"7 Sages\" | Nettali.com","isPartOf":{"@id":"https:\/\/www.nettali.com\/#website"},"primaryImageOfPage":{"@id":"https:\/\/www.nettali.com\/2024\/06\/30\/polemique-sur-la-dpg-du-pm-lancien-depute-theodore-cherif-monteil-suggere-larbitrage-des-7-sages\/#primaryimage"},"datePublished":"2024-06-30T21:35:11+00:00","dateModified":"2024-06-30T21:35:11+00:00","author":{"@id":"https:\/\/www.nettali.com\/#\/schema\/person\/418274a86bdf87caff7a3ef476bd0bbf"},"breadcrumb":{"@id":"https:\/\/www.nettali.com\/2024\/06\/30\/polemique-sur-la-dpg-du-pm-lancien-depute-theodore-cherif-monteil-suggere-larbitrage-des-7-sages\/#breadcrumb"},"inLanguage":"fr-FR","potentialAction":[{"@type":"ReadAction","target":["https:\/\/www.nettali.com\/2024\/06\/30\/polemique-sur-la-dpg-du-pm-lancien-depute-theodore-cherif-monteil-suggere-larbitrage-des-7-sages\/"]}]},{"@type":"BreadcrumbList","@id":"https:\/\/www.nettali.com\/2024\/06\/30\/polemique-sur-la-dpg-du-pm-lancien-depute-theodore-cherif-monteil-suggere-larbitrage-des-7-sages\/#breadcrumb","itemListElement":[{"@type":"ListItem","position":1,"name":"Accueil","item":"https:\/\/www.nettali.com\/"},{"@type":"ListItem","position":2,"name":"POL\u00c9MIQUE SUR LA DPG DU PM - L\u2019ancien d\u00e9put\u00e9 Th\u00e9odore Ch\u00e9rif Monteil sugg\u00e8re l'arbitrage des \"7 Sages\""}]},{"@type":"Person","@id":"https:\/\/www.nettali.com\/#\/schema\/person\/418274a86bdf87caff7a3ef476bd0bbf","name":"Fatou","image":{"@type":"ImageObject","@id":"https:\/\/www.nettali.com\/#personlogo","inLanguage":"fr-FR","url":"https:\/\/secure.gravatar.com\/avatar\/5a9442a2bee7b4dcf167cab035858e9a?s=96&d=mm&r=g","contentUrl":"https:\/\/secure.gravatar.com\/avatar\/5a9442a2bee7b4dcf167cab035858e9a?s=96&d=mm&r=g","caption":"Fatou"},"sameAs":["https:\/\/www.nettali.com"]}]}},"_links":{"self":[{"href":"https:\/\/www.nettali.com\/rest\/wp\/v2\/posts\/136069"}],"collection":[{"href":"https:\/\/www.nettali.com\/rest\/wp\/v2\/posts"}],"about":[{"href":"https:\/\/www.nettali.com\/rest\/wp\/v2\/types\/post"}],"author":[{"embeddable":true,"href":"https:\/\/www.nettali.com\/rest\/wp\/v2\/users\/6"}],"replies":[{"embeddable":true,"href":"https:\/\/www.nettali.com\/rest\/wp\/v2\/comments?post=136069"}],"version-history":[{"count":4,"href":"https:\/\/www.nettali.com\/rest\/wp\/v2\/posts\/136069\/revisions"}],"predecessor-version":[{"id":136079,"href":"https:\/\/www.nettali.com\/rest\/wp\/v2\/posts\/136069\/revisions\/136079"}],"wp:featuredmedia":[{"embeddable":true,"href":"https:\/\/www.nettali.com\/rest\/wp\/v2\/media\/136074"}],"wp:attachment":[{"href":"https:\/\/www.nettali.com\/rest\/wp\/v2\/media?parent=136069"}],"wp:term":[{"taxonomy":"category","embeddable":true,"href":"https:\/\/www.nettali.com\/rest\/wp\/v2\/categories?post=136069"},{"taxonomy":"post_tag","embeddable":true,"href":"https:\/\/www.nettali.com\/rest\/wp\/v2\/tags?post=136069"}],"curies":[{"name":"wp","href":"https:\/\/api.w.org\/{rel}","templated":true}]}}