{"id":136057,"date":"2024-06-30T13:46:51","date_gmt":"2024-06-30T13:46:51","guid":{"rendered":"https:\/\/www.nettali.com\/?p=136057"},"modified":"2024-06-30T13:46:51","modified_gmt":"2024-06-30T13:46:51","slug":"senegal-maroc-bassirou-diomaye-faye-profondement-attriste-par-le-deces-de-la-mere-du-roi-du-maroc","status":"publish","type":"post","link":"https:\/\/www.nettali.com\/2024\/06\/30\/senegal-maroc-bassirou-diomaye-faye-profondement-attriste-par-le-deces-de-la-mere-du-roi-du-maroc\/","title":{"rendered":"SENEGAL-MAROC- Bassirou Diomaye Faye \u201cprofond\u00e9ment attrist\u00e9\u201d par le d\u00e9c\u00e8s de la m\u00e8re du roi du Maroc"},"content":{"rendered":"<p><strong>NETTALI.COM - Le pr\u00e9sident de la R\u00e9publique Bassirou Diomaye Faye a exprim\u00e9, samedi, sa \u201cprofonde tristesse\u201d, suite au rappel \u00e0 Dieu de la princesse Lalla Latifa, m\u00e8re du roi du Maroc Mouhamed VI, en pr\u00e9sentant \u00e9galement les \u201ccondol\u00e9ances \u00e9mues\u201d du peuple s\u00e9n\u00e9galais \u00e0 la famille royale et au peuple fr\u00e8re du Maroc.<\/strong><\/p>\n<p><em>\u201cC\u2019est avec une profonde tristesse que j\u2019ai appris le rappel \u00e0 Dieu de Son Altesse Royale, la Princesse Lalla Latifa du Royaume du Maroc\u201d<\/em>, a-t-il r\u00e9agi dans un message publi\u00e9 sur ses r\u00e9seaux sociaux.<\/p>\n<p><em>\u201cAu nom du peuple s\u00e9n\u00e9galais et en mon nom personnel, j\u2019adresse \u00e0 Sa Majest\u00e9 le Roi Mohammed VI, \u00e0 la famille royale et au peuple marocain fr\u00e8re, nos condol\u00e9ances \u00e9mues\u201d<\/em>, a encore \u00e9crit le chef de l\u2019Etat.<\/p>\n<p>Le porte-parole du palais royal marocain a annonc\u00e9, samedi, le d\u00e9c\u00e8s survenu le m\u00eame jour de la princesse Lalla Latifa, m\u00e8re du roi Mouhamed VI.<\/p>\n<p>La princesse Lalla Latifa, n\u00e9e Latifa Amahzoune, est devenue princesse au moment d\u2019\u00e9pouser le roi Hassan II, le 9 novembre 1961.<\/p>\n<p>Avec le roi Hassan II d\u00e9c\u00e9d\u00e9 en juillet 1999, elle aura cinq enfants : les princesses Lalla Meryem, Lalla Asmaa, Lalla Hasnaa, le prince Moulay Rachid et l\u2019actuel roi du Maroc, Mohammed VI.<\/p>\n<div class='share-to-whatsapp-wrapper'><div class='share-on-whsp'>PARTAGER SUR : <\/div><a data-text='SENEGAL-MAROC- Bassirou Diomaye Faye \u201cprofond\u00e9ment attrist\u00e9\u201d par le d\u00e9c\u00e8s de la m\u00e8re du roi du Maroc' data-link='https:\/\/www.nettali.com\/2024\/06\/30\/senegal-maroc-bassirou-diomaye-faye-profondement-attriste-par-le-deces-de-la-mere-du-roi-du-maroc\/' class='whatsapp-button whatsapp-share'>WhatsApp<\/a><div class='clear '><\/div><\/div>","protected":false},"excerpt":{"rendered":"<p>NETTALI.COM - Le pr\u00e9sident de la R\u00e9publique Bassirou Diomaye Faye a exprim\u00e9, samedi, sa \u201cprofonde tristesse\u201d, suite au rappel \u00e0 Dieu de la princesse Lalla Latifa, m\u00e8re du roi du Maroc Mouhamed VI, en pr\u00e9sentant \u00e9galement les \u201ccondol\u00e9ances \u00e9mues\u201d du peuple s\u00e9n\u00e9galais \u00e0 la famille royale et au peuple fr\u00e8re du Maroc. \u201cC\u2019est avec une [&hellip;]<\/p>\n","protected":false},"author":4,"featured_media":132674,"comment_status":"open","ping_status":"open","sticky":false,"template":"","format":"standard","meta":{"_et_pb_use_builder":"","_et_pb_old_content":""},"categories":[3],"tags":[],"yoast_head":"<!-- This site is optimized with the Yoast SEO Premium plugin v17.8 (Yoast SEO v17.8) - https:\/\/yoast.com\/wordpress\/plugins\/seo\/ -->\n<title>SENEGAL-MAROC- Bassirou Diomaye Faye \u201cprofond\u00e9ment attrist\u00e9\u201d par le d\u00e9c\u00e8s de la m\u00e8re du roi du Maroc | Nettali.com<\/title>\n<meta name=\"robots\" content=\"index, follow, max-snippet:-1, max-image-preview:large, max-video-preview:-1\" \/>\n<link rel=\"canonical\" href=\"https:\/\/www.nettali.com\/2024\/06\/30\/senegal-maroc-bassirou-diomaye-faye-profondement-attriste-par-le-deces-de-la-mere-du-roi-du-maroc\/\" \/>\n<meta property=\"og:locale\" content=\"fr_FR\" \/>\n<meta property=\"og:type\" content=\"article\" \/>\n<meta property=\"og:title\" content=\"SENEGAL-MAROC- Bassirou Diomaye Faye \u201cprofond\u00e9ment attrist\u00e9\u201d par le d\u00e9c\u00e8s de la m\u00e8re du roi du Maroc\" \/>\n<meta property=\"og:description\" content=\"NETTALI.COM - Le pr\u00e9sident de la R\u00e9publique Bassirou Diomaye Faye a exprim\u00e9, samedi, sa \u201cprofonde tristesse\u201d, suite au rappel \u00e0 Dieu de la princesse Lalla Latifa, m\u00e8re du roi du Maroc Mouhamed VI, en pr\u00e9sentant \u00e9galement les \u201ccondol\u00e9ances \u00e9mues\u201d du peuple s\u00e9n\u00e9galais \u00e0 la famille royale et au peuple fr\u00e8re du Maroc. \u201cC\u2019est avec une [&hellip;]\" \/>\n<meta property=\"og:url\" content=\"https:\/\/www.nettali.com\/2024\/06\/30\/senegal-maroc-bassirou-diomaye-faye-profondement-attriste-par-le-deces-de-la-mere-du-roi-du-maroc\/\" \/>\n<meta property=\"og:site_name\" content=\"Nettali.com\" \/>\n<meta property=\"article:publisher\" content=\"https:\/\/www.facebook.com\/nettalicom\" \/>\n<meta property=\"article:published_time\" content=\"2024-06-30T13:46:51+00:00\" \/>\n<meta property=\"og:image\" content=\"https:\/\/www.nettali.com\/wp-content\/uploads\/2024\/05\/Fete-de-Korite-2024-President-de-la-Republique-Bassirou-Diomaye-Faye-1-768x512-1.jpg\" \/>\n\t<meta property=\"og:image:width\" content=\"768\" \/>\n\t<meta property=\"og:image:height\" content=\"512\" \/>\n<meta name=\"twitter:card\" content=\"summary_large_image\" \/>\n<meta name=\"twitter:label1\" content=\"\u00c9crit par\" \/>\n\t<meta name=\"twitter:data1\" content=\"Daouda\" \/>\n\t<meta name=\"twitter:label2\" content=\"Dur\u00e9e de lecture estim\u00e9e\" \/>\n\t<meta name=\"twitter:data2\" content=\"2 minutes\" \/>\n<script type=\"application\/ld+json\" class=\"yoast-schema-graph\">{\"@context\":\"https:\/\/schema.org\",\"@graph\":[{\"@type\":\"WebSite\",\"@id\":\"https:\/\/www.nettali.com\/#website\",\"url\":\"https:\/\/www.nettali.com\/\",\"name\":\"Nettali.com\",\"description\":\"Le rendez-vous critique du Net\",\"potentialAction\":[{\"@type\":\"SearchAction\",\"target\":{\"@type\":\"EntryPoint\",\"urlTemplate\":\"https:\/\/www.nettali.com\/?s={search_term_string}\"},\"query-input\":\"required name=search_term_string\"}],\"inLanguage\":\"fr-FR\"},{\"@type\":\"ImageObject\",\"@id\":\"https:\/\/www.nettali.com\/2024\/06\/30\/senegal-maroc-bassirou-diomaye-faye-profondement-attriste-par-le-deces-de-la-mere-du-roi-du-maroc\/#primaryimage\",\"inLanguage\":\"fr-FR\",\"url\":\"https:\/\/www.nettali.com\/wp-content\/uploads\/2024\/05\/Fete-de-Korite-2024-President-de-la-Republique-Bassirou-Diomaye-Faye-1-768x512-1.jpg\",\"contentUrl\":\"https:\/\/www.nettali.com\/wp-content\/uploads\/2024\/05\/Fete-de-Korite-2024-President-de-la-Republique-Bassirou-Diomaye-Faye-1-768x512-1.jpg\",\"width\":768,\"height\":512},{\"@type\":\"WebPage\",\"@id\":\"https:\/\/www.nettali.com\/2024\/06\/30\/senegal-maroc-bassirou-diomaye-faye-profondement-attriste-par-le-deces-de-la-mere-du-roi-du-maroc\/#webpage\",\"url\":\"https:\/\/www.nettali.com\/2024\/06\/30\/senegal-maroc-bassirou-diomaye-faye-profondement-attriste-par-le-deces-de-la-mere-du-roi-du-maroc\/\",\"name\":\"SENEGAL-MAROC- Bassirou Diomaye Faye \\u201cprofond\\u00e9ment attrist\\u00e9\\u201d par le d\\u00e9c\\u00e8s de la m\\u00e8re du roi du Maroc | Nettali.com\",\"isPartOf\":{\"@id\":\"https:\/\/www.nettali.com\/#website\"},\"primaryImageOfPage\":{\"@id\":\"https:\/\/www.nettali.com\/2024\/06\/30\/senegal-maroc-bassirou-diomaye-faye-profondement-attriste-par-le-deces-de-la-mere-du-roi-du-maroc\/#primaryimage\"},\"datePublished\":\"2024-06-30T13:46:51+00:00\",\"dateModified\":\"2024-06-30T13:46:51+00:00\",\"author\":{\"@id\":\"https:\/\/www.nettali.com\/#\/schema\/person\/3317e0bb3aa1da309fbf7b2780901bf4\"},\"breadcrumb\":{\"@id\":\"https:\/\/www.nettali.com\/2024\/06\/30\/senegal-maroc-bassirou-diomaye-faye-profondement-attriste-par-le-deces-de-la-mere-du-roi-du-maroc\/#breadcrumb\"},\"inLanguage\":\"fr-FR\",\"potentialAction\":[{\"@type\":\"ReadAction\",\"target\":[\"https:\/\/www.nettali.com\/2024\/06\/30\/senegal-maroc-bassirou-diomaye-faye-profondement-attriste-par-le-deces-de-la-mere-du-roi-du-maroc\/\"]}]},{\"@type\":\"BreadcrumbList\",\"@id\":\"https:\/\/www.nettali.com\/2024\/06\/30\/senegal-maroc-bassirou-diomaye-faye-profondement-attriste-par-le-deces-de-la-mere-du-roi-du-maroc\/#breadcrumb\",\"itemListElement\":[{\"@type\":\"ListItem\",\"position\":1,\"name\":\"Accueil\",\"item\":\"https:\/\/www.nettali.com\/\"},{\"@type\":\"ListItem\",\"position\":2,\"name\":\"SENEGAL-MAROC- Bassirou Diomaye Faye \\u201cprofond\\u00e9ment attrist\\u00e9\\u201d par le d\\u00e9c\\u00e8s de la m\\u00e8re du roi du Maroc\"}]},{\"@type\":\"Person\",\"@id\":\"https:\/\/www.nettali.com\/#\/schema\/person\/3317e0bb3aa1da309fbf7b2780901bf4\",\"name\":\"Daouda\",\"image\":{\"@type\":\"ImageObject\",\"@id\":\"https:\/\/www.nettali.com\/#personlogo\",\"inLanguage\":\"fr-FR\",\"url\":\"https:\/\/secure.gravatar.com\/avatar\/8d143b5a49345098ddcfee1c49c2f47c?s=96&d=mm&r=g\",\"contentUrl\":\"https:\/\/secure.gravatar.com\/avatar\/8d143b5a49345098ddcfee1c49c2f47c?s=96&d=mm&r=g\",\"caption\":\"Daouda\"},\"sameAs\":[\"https:\/\/www.nettali.com\"]}]}<\/script>\n<!-- \/ Yoast SEO Premium plugin. -->","yoast_head_json":{"title":"SENEGAL-MAROC- Bassirou Diomaye Faye \u201cprofond\u00e9ment attrist\u00e9\u201d par le d\u00e9c\u00e8s de la m\u00e8re du roi du Maroc | Nettali.com","robots":{"index":"index","follow":"follow","max-snippet":"max-snippet:-1","max-image-preview":"max-image-preview:large","max-video-preview":"max-video-preview:-1"},"canonical":"https:\/\/www.nettali.com\/2024\/06\/30\/senegal-maroc-bassirou-diomaye-faye-profondement-attriste-par-le-deces-de-la-mere-du-roi-du-maroc\/","og_locale":"fr_FR","og_type":"article","og_title":"SENEGAL-MAROC- Bassirou Diomaye Faye \u201cprofond\u00e9ment attrist\u00e9\u201d par le d\u00e9c\u00e8s de la m\u00e8re du roi du Maroc","og_description":"NETTALI.COM - Le pr\u00e9sident de la R\u00e9publique Bassirou Diomaye Faye a exprim\u00e9, samedi, sa \u201cprofonde tristesse\u201d, suite au rappel \u00e0 Dieu de la princesse Lalla Latifa, m\u00e8re du roi du Maroc Mouhamed VI, en pr\u00e9sentant \u00e9galement les \u201ccondol\u00e9ances \u00e9mues\u201d du peuple s\u00e9n\u00e9galais \u00e0 la famille royale et au peuple fr\u00e8re du Maroc. \u201cC\u2019est avec une [&hellip;]","og_url":"https:\/\/www.nettali.com\/2024\/06\/30\/senegal-maroc-bassirou-diomaye-faye-profondement-attriste-par-le-deces-de-la-mere-du-roi-du-maroc\/","og_site_name":"Nettali.com","article_publisher":"https:\/\/www.facebook.com\/nettalicom","article_published_time":"2024-06-30T13:46:51+00:00","og_image":[{"width":768,"height":512,"url":"https:\/\/www.nettali.com\/wp-content\/uploads\/2024\/05\/Fete-de-Korite-2024-President-de-la-Republique-Bassirou-Diomaye-Faye-1-768x512-1.jpg","type":"image\/jpeg"}],"twitter_card":"summary_large_image","twitter_misc":{"\u00c9crit par":"Daouda","Dur\u00e9e de lecture estim\u00e9e":"2 minutes"},"schema":{"@context":"https:\/\/schema.org","@graph":[{"@type":"WebSite","@id":"https:\/\/www.nettali.com\/#website","url":"https:\/\/www.nettali.com\/","name":"Nettali.com","description":"Le rendez-vous critique du Net","potentialAction":[{"@type":"SearchAction","target":{"@type":"EntryPoint","urlTemplate":"https:\/\/www.nettali.com\/?s={search_term_string}"},"query-input":"required name=search_term_string"}],"inLanguage":"fr-FR"},{"@type":"ImageObject","@id":"https:\/\/www.nettali.com\/2024\/06\/30\/senegal-maroc-bassirou-diomaye-faye-profondement-attriste-par-le-deces-de-la-mere-du-roi-du-maroc\/#primaryimage","inLanguage":"fr-FR","url":"https:\/\/www.nettali.com\/wp-content\/uploads\/2024\/05\/Fete-de-Korite-2024-President-de-la-Republique-Bassirou-Diomaye-Faye-1-768x512-1.jpg","contentUrl":"https:\/\/www.nettali.com\/wp-content\/uploads\/2024\/05\/Fete-de-Korite-2024-President-de-la-Republique-Bassirou-Diomaye-Faye-1-768x512-1.jpg","width":768,"height":512},{"@type":"WebPage","@id":"https:\/\/www.nettali.com\/2024\/06\/30\/senegal-maroc-bassirou-diomaye-faye-profondement-attriste-par-le-deces-de-la-mere-du-roi-du-maroc\/#webpage","url":"https:\/\/www.nettali.com\/2024\/06\/30\/senegal-maroc-bassirou-diomaye-faye-profondement-attriste-par-le-deces-de-la-mere-du-roi-du-maroc\/","name":"SENEGAL-MAROC- Bassirou Diomaye Faye \u201cprofond\u00e9ment attrist\u00e9\u201d par le d\u00e9c\u00e8s de la m\u00e8re du roi du Maroc | Nettali.com","isPartOf":{"@id":"https:\/\/www.nettali.com\/#website"},"primaryImageOfPage":{"@id":"https:\/\/www.nettali.com\/2024\/06\/30\/senegal-maroc-bassirou-diomaye-faye-profondement-attriste-par-le-deces-de-la-mere-du-roi-du-maroc\/#primaryimage"},"datePublished":"2024-06-30T13:46:51+00:00","dateModified":"2024-06-30T13:46:51+00:00","author":{"@id":"https:\/\/www.nettali.com\/#\/schema\/person\/3317e0bb3aa1da309fbf7b2780901bf4"},"breadcrumb":{"@id":"https:\/\/www.nettali.com\/2024\/06\/30\/senegal-maroc-bassirou-diomaye-faye-profondement-attriste-par-le-deces-de-la-mere-du-roi-du-maroc\/#breadcrumb"},"inLanguage":"fr-FR","potentialAction":[{"@type":"ReadAction","target":["https:\/\/www.nettali.com\/2024\/06\/30\/senegal-maroc-bassirou-diomaye-faye-profondement-attriste-par-le-deces-de-la-mere-du-roi-du-maroc\/"]}]},{"@type":"BreadcrumbList","@id":"https:\/\/www.nettali.com\/2024\/06\/30\/senegal-maroc-bassirou-diomaye-faye-profondement-attriste-par-le-deces-de-la-mere-du-roi-du-maroc\/#breadcrumb","itemListElement":[{"@type":"ListItem","position":1,"name":"Accueil","item":"https:\/\/www.nettali.com\/"},{"@type":"ListItem","position":2,"name":"SENEGAL-MAROC- Bassirou Diomaye Faye \u201cprofond\u00e9ment attrist\u00e9\u201d par le d\u00e9c\u00e8s de la m\u00e8re du roi du Maroc"}]},{"@type":"Person","@id":"https:\/\/www.nettali.com\/#\/schema\/person\/3317e0bb3aa1da309fbf7b2780901bf4","name":"Daouda","image":{"@type":"ImageObject","@id":"https:\/\/www.nettali.com\/#personlogo","inLanguage":"fr-FR","url":"https:\/\/secure.gravatar.com\/avatar\/8d143b5a49345098ddcfee1c49c2f47c?s=96&d=mm&r=g","contentUrl":"https:\/\/secure.gravatar.com\/avatar\/8d143b5a49345098ddcfee1c49c2f47c?s=96&d=mm&r=g","caption":"Daouda"},"sameAs":["https:\/\/www.nettali.com"]}]}},"_links":{"self":[{"href":"https:\/\/www.nettali.com\/rest\/wp\/v2\/posts\/136057"}],"collection":[{"href":"https:\/\/www.nettali.com\/rest\/wp\/v2\/posts"}],"about":[{"href":"https:\/\/www.nettali.com\/rest\/wp\/v2\/types\/post"}],"author":[{"embeddable":true,"href":"https:\/\/www.nettali.com\/rest\/wp\/v2\/users\/4"}],"replies":[{"embeddable":true,"href":"https:\/\/www.nettali.com\/rest\/wp\/v2\/comments?post=136057"}],"version-history":[{"count":1,"href":"https:\/\/www.nettali.com\/rest\/wp\/v2\/posts\/136057\/revisions"}],"predecessor-version":[{"id":136058,"href":"https:\/\/www.nettali.com\/rest\/wp\/v2\/posts\/136057\/revisions\/136058"}],"wp:featuredmedia":[{"embeddable":true,"href":"https:\/\/www.nettali.com\/rest\/wp\/v2\/media\/132674"}],"wp:attachment":[{"href":"https:\/\/www.nettali.com\/rest\/wp\/v2\/media?parent=136057"}],"wp:term":[{"taxonomy":"category","embeddable":true,"href":"https:\/\/www.nettali.com\/rest\/wp\/v2\/categories?post=136057"},{"taxonomy":"post_tag","embeddable":true,"href":"https:\/\/www.nettali.com\/rest\/wp\/v2\/tags?post=136057"}],"curies":[{"name":"wp","href":"https:\/\/api.w.org\/{rel}","templated":true}]}}